{"id":94055,"date":"2022-07-09T14:22:29","date_gmt":"2022-07-09T17:22:29","guid":{"rendered":"http:\/\/infoecos.com.ar\/?p=94055"},"modified":"2022-07-10T12:48:24","modified_gmt":"2022-07-10T15:48:24","slug":"los-mas-destacados-plateros-y-sogueros-del-pais-exhiben-obras-hasta-el-domingo-31-de-julio-en-trenque-lauquen","status":"publish","type":"post","link":"https:\/\/infoecos.com.ar\/index.php\/los-mas-destacados-plateros-y-sogueros-del-pais-exhiben-obras-hasta-el-domingo-31-de-julio-en-trenque-lauquen\/","title":{"rendered":"Los m\u00e1s destacados plateros y sogueros del pa\u00eds exhiben obras hasta el domingo 31 de Julio en Trenque Lauquen"},"content":{"rendered":"\n<p>La muestra de orfebrer\u00eda \u201cPlateros del Libertador\u201d, una atractiva y valiosa exposici\u00f3n de piezas de los m\u00e1s destacados plateros del pa\u00eds y que por primera vez incorpora trabajos de sogueros, qued\u00f3 inaugurada el viernes en el Museo de la Comandancia de Trenque Lauquen y permanecer\u00e1 abierta hasta el domingo 31 de julio.<\/p>\n\n\n\n<p>La apertura de la muestra, <strong>se\u00f1ala la informaci\u00f3n oficial<\/strong>, cont\u00f3 con la presencia del Intendente municipal, Miguel Fern\u00e1ndez; del diputado provincial, Valent\u00edn Miranda; de concejales; y tambi\u00e9n participaron orfebres, sogueros y artistas vinculados a la exposici\u00f3n.<\/p>\n\n\n\n<figure class=\"wp-block-image size-large\"><img loading=\"lazy\" decoding=\"async\" width=\"920\" height=\"518\" src=\"http:\/\/infoecos.com.ar\/wp-content\/uploads\/2022\/07\/Expo-Plateria-2-920x518.jpg\" alt=\"\" class=\"wp-image-94056\" srcset=\"https:\/\/infoecos.com.ar\/wp-content\/uploads\/2022\/07\/Expo-Plateria-2-920x518.jpg 920w, https:\/\/infoecos.com.ar\/wp-content\/uploads\/2022\/07\/Expo-Plateria-2-460x259.jpg 460w, https:\/\/infoecos.com.ar\/wp-content\/uploads\/2022\/07\/Expo-Plateria-2-768x432.jpg 768w, https:\/\/infoecos.com.ar\/wp-content\/uploads\/2022\/07\/Expo-Plateria-2-1536x864.jpg 1536w, https:\/\/infoecos.com.ar\/wp-content\/uploads\/2022\/07\/Expo-Plateria-2-1024x576.jpg 1024w, https:\/\/infoecos.com.ar\/wp-content\/uploads\/2022\/07\/Expo-Plateria-2.jpg 1920w\" sizes=\"(max-width: 920px) 100vw, 920px\" \/><\/figure>\n\n\n\n<p>Adem\u00e1s, estuvieron el director de Cultura y Educaci\u00f3n, Guillermo Ruiz, y otros funcionarios del equipo municipal; representantes de instituciones de la comunidad, invitados especiales y p\u00fablico en general.<\/p>\n\n\n\n<p>La muestra fue declarada de Inter\u00e9s P\u00fablico y Municipal y est\u00e1 compuesta por trabajos realizados en alpaca y plata por destacados plateros, que plasman en sus trabajos su visi\u00f3n del General Jos\u00e9 de San Mart\u00edn y su gesta emancipadora.&nbsp; Ellos son: Mauro Sabbatini, Dante Conti, Enrique Braver, Estela Evangelista, Gabriel Condurso, Gustavo Nawel, Jos\u00e9 Luis Ar\u00e1oz, Mart\u00edn Bignoli, Pablo Gonz\u00e1lez, Pamela Vitale, Santiago Marsili, V\u00edctor Moras, Andr\u00e9s Popeo y Casa G\u00fcido.<\/p>\n\n\n\n<figure class=\"wp-block-image size-large\"><img loading=\"lazy\" decoding=\"async\" width=\"920\" height=\"518\" src=\"http:\/\/infoecos.com.ar\/wp-content\/uploads\/2022\/07\/Expo-Plateria-5-920x518.jpg\" alt=\"\" class=\"wp-image-94057\" srcset=\"https:\/\/infoecos.com.ar\/wp-content\/uploads\/2022\/07\/Expo-Plateria-5-920x518.jpg 920w, https:\/\/infoecos.com.ar\/wp-content\/uploads\/2022\/07\/Expo-Plateria-5-460x259.jpg 460w, https:\/\/infoecos.com.ar\/wp-content\/uploads\/2022\/07\/Expo-Plateria-5-768x432.jpg 768w, https:\/\/infoecos.com.ar\/wp-content\/uploads\/2022\/07\/Expo-Plateria-5-1536x864.jpg 1536w, https:\/\/infoecos.com.ar\/wp-content\/uploads\/2022\/07\/Expo-Plateria-5-1024x576.jpg 1024w, https:\/\/infoecos.com.ar\/wp-content\/uploads\/2022\/07\/Expo-Plateria-5.jpg 1920w\" sizes=\"(max-width: 920px) 100vw, 920px\" \/><\/figure>\n\n\n\n<p>El platero Mauro Sabbatini, impulsor de la iniciativa, fue el encargado de agradecer en nombre del grupo \u201cPlateros del Libertador\u201d, \u00abal Intendente Fern\u00e1ndez y al director de Cultura y Educaci\u00f3n por darnos el espacio, y a Laura Belardo por ayudarnos a gestionar todo esto\u201d.<\/p>\n\n\n\n<p>Asimismo, record\u00f3 c\u00f3mo lleg\u00f3 a Trenque Lauquen donde empez\u00f3 a delinearse este proyecto se\u00f1alando que \u201cfue trav\u00e9s de mi ahijado Felipe, que llegu\u00e9 para el bautismo, y agradezco a Susana, Silvina y a Luis Vera que me llamaron para empezar con todos estos proyectos de los cursos y empezamos a crecer con este tema y esta muestra\u201d.<\/p>\n\n\n\n<figure class=\"wp-block-image size-large\"><img loading=\"lazy\" decoding=\"async\" width=\"920\" height=\"518\" src=\"http:\/\/infoecos.com.ar\/wp-content\/uploads\/2022\/07\/Expo-Plateria-6-920x518.jpg\" alt=\"\" class=\"wp-image-94058\" srcset=\"https:\/\/infoecos.com.ar\/wp-content\/uploads\/2022\/07\/Expo-Plateria-6-920x518.jpg 920w, https:\/\/infoecos.com.ar\/wp-content\/uploads\/2022\/07\/Expo-Plateria-6-460x259.jpg 460w, https:\/\/infoecos.com.ar\/wp-content\/uploads\/2022\/07\/Expo-Plateria-6-768x432.jpg 768w, https:\/\/infoecos.com.ar\/wp-content\/uploads\/2022\/07\/Expo-Plateria-6-1536x864.jpg 1536w, https:\/\/infoecos.com.ar\/wp-content\/uploads\/2022\/07\/Expo-Plateria-6-1024x576.jpg 1024w, https:\/\/infoecos.com.ar\/wp-content\/uploads\/2022\/07\/Expo-Plateria-6.jpg 1920w\" sizes=\"(max-width: 920px) 100vw, 920px\" \/><\/figure>\n\n\n\n<p>A continuaci\u00f3n, el director de Cultura y Educaci\u00f3n, Guillermo Ruiz, agradeci\u00f3 a Mauro Sabbatini \u201cpor estar en Trenque Lauquen con esta hermosa muestra\u201d y dijo que \u201cpara nosotros signific\u00f3 cambiar un poco la rutina y la cotidianeidad porque nuestro lugar habitual de trabajo, lo vimos en pocas horas transformado en esta exposici\u00f3n, que tenerla en Trenque Lauquen es un privilegio\u201d.<\/p>\n\n\n\n<p>Adem\u00e1s, destac\u00f3 el v\u00ednculo que se gener\u00f3 con el orfebre a partir de los cursos que se est\u00e1n dictando en Trenque Lauquen y agradeci\u00f3 a todos los expositores y artesanos trenquelauquenses, que siempre colaboran con distintas actividades.<\/p>\n\n\n\n<figure class=\"wp-block-image size-large\"><img loading=\"lazy\" decoding=\"async\" width=\"920\" height=\"518\" src=\"http:\/\/infoecos.com.ar\/wp-content\/uploads\/2022\/07\/Expo-Plateria-7-920x518.jpg\" alt=\"\" class=\"wp-image-94059\" srcset=\"https:\/\/infoecos.com.ar\/wp-content\/uploads\/2022\/07\/Expo-Plateria-7-920x518.jpg 920w, https:\/\/infoecos.com.ar\/wp-content\/uploads\/2022\/07\/Expo-Plateria-7-460x259.jpg 460w, https:\/\/infoecos.com.ar\/wp-content\/uploads\/2022\/07\/Expo-Plateria-7-768x432.jpg 768w, https:\/\/infoecos.com.ar\/wp-content\/uploads\/2022\/07\/Expo-Plateria-7-1536x864.jpg 1536w, https:\/\/infoecos.com.ar\/wp-content\/uploads\/2022\/07\/Expo-Plateria-7-1024x576.jpg 1024w, https:\/\/infoecos.com.ar\/wp-content\/uploads\/2022\/07\/Expo-Plateria-7.jpg 1920w\" sizes=\"(max-width: 920px) 100vw, 920px\" \/><\/figure>\n\n\n\n<p>Tambi\u00e9n invit\u00f3 a los presentes a recorrer la muestra y a observar c\u00f3mo trabajan los maestros orfebres, quienes tambi\u00e9n est\u00e1n trabajando hoy durante el acto aniversario de la Escuela Municipal de Trenque Lauquen.<\/p>\n\n\n\n<p>Como parte del acto de apertura, Mauro Sabbatini entreg\u00f3 un presente a uno de los hijos del destacado artista pl\u00e1stico \u201cCalalo\u201d Bossi\u00e9, en homenaje al trabajo desarrollado por su padre, recientemente fallecido, y tambi\u00e9n en forma simb\u00f3lica se entregaron certificados a tres de los expositores: Estela Evangelista, Andr\u00e9s Popeo y V\u00edctor Moras.<\/p>\n\n\n\n<p>Para dejar inaugurada la muestra, fueron convocados el Intendente Fern\u00e1ndez y concejales presentes a realizar golpes de cincel al Escudo de la Municipalidad de Trenque Lauquen, que se est\u00e1 realizando en el marco del curso de plater\u00eda criolla que se dicta en el Centro Cultural \u00d1ochic\u00e1n y que contar\u00e1 con la intervenci\u00f3n del p\u00fablico.<\/p>\n\n\n\n<p>\u00abLa plater\u00eda no es m\u00e1s que golpes de cincel que hechos en el lugar correcto, convierten el metal en una manera de expresi\u00f3n\u00bb, se\u00f1al\u00f3 el locutor del acto para dejar inaugurada la muestra de plater\u00eda.<\/p>\n","protected":false},"excerpt":{"rendered":"<p>La muestra de orfebrer\u00eda \u201cPlateros del Libertador\u00bb qued\u00f3 inaugurada el viernes en el Museo de la Comandancia de Trenque Lauquen y permanecer\u00e1 abierta hasta el domingo 31 de julio<\/p>\n","protected":false},"author":2,"featured_media":94057,"comment_status":"closed","ping_status":"open","sticky":false,"template":"","format":"standard","meta":{"footnotes":""},"categories":[198],"tags":[6255],"class_list":["post-94055","post","type-post","status-publish","format-standard","has-post-thumbnail","hentry","category-c1nota5","tag-de-interes-publico-y-municipal"],"yoast_head":"<!-- This site is optimized with the Yoast SEO plugin v23.4 - https:\/\/yoast.com\/wordpress\/plugins\/seo\/ -->\n<title>Los m\u00e1s destacados plateros y sogueros del pa\u00eds exhiben obras hasta el domingo 31 de Julio en Trenque Lauquen - Infoecos<\/title>\n<meta name=\"robots\" content=\"index, follow, max-snippet:-1, max-image-preview:large, max-video-preview:-1\" \/>\n<link rel=\"canonical\" href=\"https:\/\/infoecos.com.ar\/index.php\/los-mas-destacados-plateros-y-sogueros-del-pais-exhiben-obras-hasta-el-domingo-31-de-julio-en-trenque-lauquen\/\" \/>\n<meta property=\"og:locale\" content=\"es_ES\" \/>\n<meta property=\"og:type\" content=\"article\" \/>\n<meta property=\"og:title\" content=\"Los m\u00e1s destacados plateros y sogueros del pa\u00eds exhiben obras hasta el domingo 31 de Julio en Trenque Lauquen - Infoecos\" \/>\n<meta property=\"og:description\" content=\"La muestra de orfebrer\u00eda \u201cPlateros del Libertador&quot; qued\u00f3 inaugurada el viernes en el Museo de la Comandancia de Trenque Lauquen y permanecer\u00e1 abierta hasta el domingo 31 de julio\" \/>\n<meta property=\"og:url\" content=\"https:\/\/infoecos.com.ar\/index.php\/los-mas-destacados-plateros-y-sogueros-del-pais-exhiben-obras-hasta-el-domingo-31-de-julio-en-trenque-lauquen\/\" \/>\n<meta property=\"og:site_name\" content=\"Infoecos\" \/>\n<meta property=\"article:publisher\" content=\"https:\/\/www.facebook.com\/profile.php?id=100063200290284\" \/>\n<meta property=\"article:published_time\" content=\"2022-07-09T17:22:29+00:00\" \/>\n<meta property=\"article:modified_time\" content=\"2022-07-10T15:48:24+00:00\" \/>\n<meta property=\"og:image\" content=\"https:\/\/infoecos.com.ar\/wp-content\/uploads\/2022\/07\/Expo-Plateria-5.jpg\" \/>\n\t<meta property=\"og:image:width\" content=\"1920\" \/>\n\t<meta property=\"og:image:height\" content=\"1080\" \/>\n\t<meta property=\"og:image:type\" content=\"image\/jpeg\" \/>\n<meta name=\"author\" content=\"Jorge Matheus\" \/>\n<meta name=\"twitter:card\" content=\"summary_large_image\" \/>\n<meta name=\"twitter:creator\" content=\"@infoecos\" \/>\n<meta name=\"twitter:site\" content=\"@infoecos\" \/>\n<meta name=\"twitter:label1\" content=\"Escrito por\" \/>\n\t<meta name=\"twitter:data1\" content=\"Jorge Matheus\" \/>\n\t<meta name=\"twitter:label2\" content=\"Tiempo de lectura\" \/>\n\t<meta name=\"twitter:data2\" content=\"3 minutos\" \/>\n<script type=\"application\/ld+json\" class=\"yoast-schema-graph\">{\"@context\":\"https:\/\/schema.org\",\"@graph\":[{\"@type\":\"Article\",\"@id\":\"https:\/\/infoecos.com.ar\/index.php\/los-mas-destacados-plateros-y-sogueros-del-pais-exhiben-obras-hasta-el-domingo-31-de-julio-en-trenque-lauquen\/#article\",\"isPartOf\":{\"@id\":\"https:\/\/infoecos.com.ar\/index.php\/los-mas-destacados-plateros-y-sogueros-del-pais-exhiben-obras-hasta-el-domingo-31-de-julio-en-trenque-lauquen\/\"},\"author\":{\"name\":\"Jorge Matheus\",\"@id\":\"https:\/\/infoecos.com.ar\/#\/schema\/person\/8f5ace5ce73b4b4aac4b7245aee6f191\"},\"headline\":\"Los m\u00e1s destacados plateros y sogueros del pa\u00eds exhiben obras hasta el domingo 31 de Julio en Trenque Lauquen\",\"datePublished\":\"2022-07-09T17:22:29+00:00\",\"dateModified\":\"2022-07-10T15:48:24+00:00\",\"mainEntityOfPage\":{\"@id\":\"https:\/\/infoecos.com.ar\/index.php\/los-mas-destacados-plateros-y-sogueros-del-pais-exhiben-obras-hasta-el-domingo-31-de-julio-en-trenque-lauquen\/\"},\"wordCount\":632,\"publisher\":{\"@id\":\"https:\/\/infoecos.com.ar\/#organization\"},\"image\":{\"@id\":\"https:\/\/infoecos.com.ar\/index.php\/los-mas-destacados-plateros-y-sogueros-del-pais-exhiben-obras-hasta-el-domingo-31-de-julio-en-trenque-lauquen\/#primaryimage\"},\"thumbnailUrl\":\"https:\/\/infoecos.com.ar\/wp-content\/uploads\/2022\/07\/Expo-Plateria-5.jpg\",\"keywords\":[\"de inter\u00e9s p\u00fablico y municipal\"],\"articleSection\":[\"C1 nota 5\"],\"inLanguage\":\"es\"},{\"@type\":\"WebPage\",\"@id\":\"https:\/\/infoecos.com.ar\/index.php\/los-mas-destacados-plateros-y-sogueros-del-pais-exhiben-obras-hasta-el-domingo-31-de-julio-en-trenque-lauquen\/\",\"url\":\"https:\/\/infoecos.com.ar\/index.php\/los-mas-destacados-plateros-y-sogueros-del-pais-exhiben-obras-hasta-el-domingo-31-de-julio-en-trenque-lauquen\/\",\"name\":\"Los m\u00e1s destacados plateros y sogueros del pa\u00eds exhiben obras hasta el domingo 31 de Julio en Trenque Lauquen - Infoecos\",\"isPartOf\":{\"@id\":\"https:\/\/infoecos.com.ar\/#website\"},\"primaryImageOfPage\":{\"@id\":\"https:\/\/infoecos.com.ar\/index.php\/los-mas-destacados-plateros-y-sogueros-del-pais-exhiben-obras-hasta-el-domingo-31-de-julio-en-trenque-lauquen\/#primaryimage\"},\"image\":{\"@id\":\"https:\/\/infoecos.com.ar\/index.php\/los-mas-destacados-plateros-y-sogueros-del-pais-exhiben-obras-hasta-el-domingo-31-de-julio-en-trenque-lauquen\/#primaryimage\"},\"thumbnailUrl\":\"https:\/\/infoecos.com.ar\/wp-content\/uploads\/2022\/07\/Expo-Plateria-5.jpg\",\"datePublished\":\"2022-07-09T17:22:29+00:00\",\"dateModified\":\"2022-07-10T15:48:24+00:00\",\"breadcrumb\":{\"@id\":\"https:\/\/infoecos.com.ar\/index.php\/los-mas-destacados-plateros-y-sogueros-del-pais-exhiben-obras-hasta-el-domingo-31-de-julio-en-trenque-lauquen\/#breadcrumb\"},\"inLanguage\":\"es\",\"potentialAction\":[{\"@type\":\"ReadAction\",\"target\":[\"https:\/\/infoecos.com.ar\/index.php\/los-mas-destacados-plateros-y-sogueros-del-pais-exhiben-obras-hasta-el-domingo-31-de-julio-en-trenque-lauquen\/\"]}]},{\"@type\":\"ImageObject\",\"inLanguage\":\"es\",\"@id\":\"https:\/\/infoecos.com.ar\/index.php\/los-mas-destacados-plateros-y-sogueros-del-pais-exhiben-obras-hasta-el-domingo-31-de-julio-en-trenque-lauquen\/#primaryimage\",\"url\":\"https:\/\/infoecos.com.ar\/wp-content\/uploads\/2022\/07\/Expo-Plateria-5.jpg\",\"contentUrl\":\"https:\/\/infoecos.com.ar\/wp-content\/uploads\/2022\/07\/Expo-Plateria-5.jpg\",\"width\":1920,\"height\":1080},{\"@type\":\"BreadcrumbList\",\"@id\":\"https:\/\/infoecos.com.ar\/index.php\/los-mas-destacados-plateros-y-sogueros-del-pais-exhiben-obras-hasta-el-domingo-31-de-julio-en-trenque-lauquen\/#breadcrumb\",\"itemListElement\":[{\"@type\":\"ListItem\",\"position\":1,\"name\":\"Portada\",\"item\":\"https:\/\/infoecos.com.ar\/\"},{\"@type\":\"ListItem\",\"position\":2,\"name\":\"Los m\u00e1s destacados plateros y sogueros del pa\u00eds exhiben obras hasta el domingo 31 de Julio en Trenque Lauquen\"}]},{\"@type\":\"WebSite\",\"@id\":\"https:\/\/infoecos.com.ar\/#website\",\"url\":\"https:\/\/infoecos.com.ar\/\",\"name\":\"Infoecos\",\"description\":\"Noticias de trenque lauquen y la zona\",\"publisher\":{\"@id\":\"https:\/\/infoecos.com.ar\/#organization\"},\"alternateName\":\"Noticias\",\"potentialAction\":[{\"@type\":\"SearchAction\",\"target\":{\"@type\":\"EntryPoint\",\"urlTemplate\":\"https:\/\/infoecos.com.ar\/?s={search_term_string}\"},\"query-input\":{\"@type\":\"PropertyValueSpecification\",\"valueRequired\":true,\"valueName\":\"search_term_string\"}}],\"inLanguage\":\"es\"},{\"@type\":\"Organization\",\"@id\":\"https:\/\/infoecos.com.ar\/#organization\",\"name\":\"Infoecos\",\"alternateName\":\"Noticias\",\"url\":\"https:\/\/infoecos.com.ar\/\",\"logo\":{\"@type\":\"ImageObject\",\"inLanguage\":\"es\",\"@id\":\"https:\/\/infoecos.com.ar\/#\/schema\/logo\/image\/\",\"url\":\"https:\/\/infoecos.com.ar\/wp-content\/uploads\/2024\/03\/cropped-logo.png\",\"contentUrl\":\"https:\/\/infoecos.com.ar\/wp-content\/uploads\/2024\/03\/cropped-logo.png\",\"width\":374,\"height\":90,\"caption\":\"Infoecos\"},\"image\":{\"@id\":\"https:\/\/infoecos.com.ar\/#\/schema\/logo\/image\/\"},\"sameAs\":[\"https:\/\/www.facebook.com\/profile.php?id=100063200290284\",\"https:\/\/x.com\/infoecos\"]},{\"@type\":\"Person\",\"@id\":\"https:\/\/infoecos.com.ar\/#\/schema\/person\/8f5ace5ce73b4b4aac4b7245aee6f191\",\"name\":\"Jorge Matheus\",\"url\":\"https:\/\/infoecos.com.ar\/index.php\/author\/jomatheus\/\"}]}<\/script>\n<!-- \/ Yoast SEO plugin. -->","yoast_head_json":{"title":"Los m\u00e1s destacados plateros y sogueros del pa\u00eds exhiben obras hasta el domingo 31 de Julio en Trenque Lauquen - Infoecos","robots":{"index":"index","follow":"follow","max-snippet":"max-snippet:-1","max-image-preview":"max-image-preview:large","max-video-preview":"max-video-preview:-1"},"canonical":"https:\/\/infoecos.com.ar\/index.php\/los-mas-destacados-plateros-y-sogueros-del-pais-exhiben-obras-hasta-el-domingo-31-de-julio-en-trenque-lauquen\/","og_locale":"es_ES","og_type":"article","og_title":"Los m\u00e1s destacados plateros y sogueros del pa\u00eds exhiben obras hasta el domingo 31 de Julio en Trenque Lauquen - Infoecos","og_description":"La muestra de orfebrer\u00eda \u201cPlateros del Libertador\" qued\u00f3 inaugurada el viernes en el Museo de la Comandancia de Trenque Lauquen y permanecer\u00e1 abierta hasta el domingo 31 de julio","og_url":"https:\/\/infoecos.com.ar\/index.php\/los-mas-destacados-plateros-y-sogueros-del-pais-exhiben-obras-hasta-el-domingo-31-de-julio-en-trenque-lauquen\/","og_site_name":"Infoecos","article_publisher":"https:\/\/www.facebook.com\/profile.php?id=100063200290284","article_published_time":"2022-07-09T17:22:29+00:00","article_modified_time":"2022-07-10T15:48:24+00:00","og_image":[{"width":1920,"height":1080,"url":"https:\/\/infoecos.com.ar\/wp-content\/uploads\/2022\/07\/Expo-Plateria-5.jpg","type":"image\/jpeg"}],"author":"Jorge Matheus","twitter_card":"summary_large_image","twitter_creator":"@infoecos","twitter_site":"@infoecos","twitter_misc":{"Escrito por":"Jorge Matheus","Tiempo de lectura":"3 minutos"},"schema":{"@context":"https:\/\/schema.org","@graph":[{"@type":"Article","@id":"https:\/\/infoecos.com.ar\/index.php\/los-mas-destacados-plateros-y-sogueros-del-pais-exhiben-obras-hasta-el-domingo-31-de-julio-en-trenque-lauquen\/#article","isPartOf":{"@id":"https:\/\/infoecos.com.ar\/index.php\/los-mas-destacados-plateros-y-sogueros-del-pais-exhiben-obras-hasta-el-domingo-31-de-julio-en-trenque-lauquen\/"},"author":{"name":"Jorge Matheus","@id":"https:\/\/infoecos.com.ar\/#\/schema\/person\/8f5ace5ce73b4b4aac4b7245aee6f191"},"headline":"Los m\u00e1s destacados plateros y sogueros del pa\u00eds exhiben obras hasta el domingo 31 de Julio en Trenque Lauquen","datePublished":"2022-07-09T17:22:29+00:00","dateModified":"2022-07-10T15:48:24+00:00","mainEntityOfPage":{"@id":"https:\/\/infoecos.com.ar\/index.php\/los-mas-destacados-plateros-y-sogueros-del-pais-exhiben-obras-hasta-el-domingo-31-de-julio-en-trenque-lauquen\/"},"wordCount":632,"publisher":{"@id":"https:\/\/infoecos.com.ar\/#organization"},"image":{"@id":"https:\/\/infoecos.com.ar\/index.php\/los-mas-destacados-plateros-y-sogueros-del-pais-exhiben-obras-hasta-el-domingo-31-de-julio-en-trenque-lauquen\/#primaryimage"},"thumbnailUrl":"https:\/\/infoecos.com.ar\/wp-content\/uploads\/2022\/07\/Expo-Plateria-5.jpg","keywords":["de inter\u00e9s p\u00fablico y municipal"],"articleSection":["C1 nota 5"],"inLanguage":"es"},{"@type":"WebPage","@id":"https:\/\/infoecos.com.ar\/index.php\/los-mas-destacados-plateros-y-sogueros-del-pais-exhiben-obras-hasta-el-domingo-31-de-julio-en-trenque-lauquen\/","url":"https:\/\/infoecos.com.ar\/index.php\/los-mas-destacados-plateros-y-sogueros-del-pais-exhiben-obras-hasta-el-domingo-31-de-julio-en-trenque-lauquen\/","name":"Los m\u00e1s destacados plateros y sogueros del pa\u00eds exhiben obras hasta el domingo 31 de Julio en Trenque Lauquen - Infoecos","isPartOf":{"@id":"https:\/\/infoecos.com.ar\/#website"},"primaryImageOfPage":{"@id":"https:\/\/infoecos.com.ar\/index.php\/los-mas-destacados-plateros-y-sogueros-del-pais-exhiben-obras-hasta-el-domingo-31-de-julio-en-trenque-lauquen\/#primaryimage"},"image":{"@id":"https:\/\/infoecos.com.ar\/index.php\/los-mas-destacados-plateros-y-sogueros-del-pais-exhiben-obras-hasta-el-domingo-31-de-julio-en-trenque-lauquen\/#primaryimage"},"thumbnailUrl":"https:\/\/infoecos.com.ar\/wp-content\/uploads\/2022\/07\/Expo-Plateria-5.jpg","datePublished":"2022-07-09T17:22:29+00:00","dateModified":"2022-07-10T15:48:24+00:00","breadcrumb":{"@id":"https:\/\/infoecos.com.ar\/index.php\/los-mas-destacados-plateros-y-sogueros-del-pais-exhiben-obras-hasta-el-domingo-31-de-julio-en-trenque-lauquen\/#breadcrumb"},"inLanguage":"es","potentialAction":[{"@type":"ReadAction","target":["https:\/\/infoecos.com.ar\/index.php\/los-mas-destacados-plateros-y-sogueros-del-pais-exhiben-obras-hasta-el-domingo-31-de-julio-en-trenque-lauquen\/"]}]},{"@type":"ImageObject","inLanguage":"es","@id":"https:\/\/infoecos.com.ar\/index.php\/los-mas-destacados-plateros-y-sogueros-del-pais-exhiben-obras-hasta-el-domingo-31-de-julio-en-trenque-lauquen\/#primaryimage","url":"https:\/\/infoecos.com.ar\/wp-content\/uploads\/2022\/07\/Expo-Plateria-5.jpg","contentUrl":"https:\/\/infoecos.com.ar\/wp-content\/uploads\/2022\/07\/Expo-Plateria-5.jpg","width":1920,"height":1080},{"@type":"BreadcrumbList","@id":"https:\/\/infoecos.com.ar\/index.php\/los-mas-destacados-plateros-y-sogueros-del-pais-exhiben-obras-hasta-el-domingo-31-de-julio-en-trenque-lauquen\/#breadcrumb","itemListElement":[{"@type":"ListItem","position":1,"name":"Portada","item":"https:\/\/infoecos.com.ar\/"},{"@type":"ListItem","position":2,"name":"Los m\u00e1s destacados plateros y sogueros del pa\u00eds exhiben obras hasta el domingo 31 de Julio en Trenque Lauquen"}]},{"@type":"WebSite","@id":"https:\/\/infoecos.com.ar\/#website","url":"https:\/\/infoecos.com.ar\/","name":"Infoecos","description":"Noticias de trenque lauquen y la zona","publisher":{"@id":"https:\/\/infoecos.com.ar\/#organization"},"alternateName":"Noticias","potentialAction":[{"@type":"SearchAction","target":{"@type":"EntryPoint","urlTemplate":"https:\/\/infoecos.com.ar\/?s={search_term_string}"},"query-input":{"@type":"PropertyValueSpecification","valueRequired":true,"valueName":"search_term_string"}}],"inLanguage":"es"},{"@type":"Organization","@id":"https:\/\/infoecos.com.ar\/#organization","name":"Infoecos","alternateName":"Noticias","url":"https:\/\/infoecos.com.ar\/","logo":{"@type":"ImageObject","inLanguage":"es","@id":"https:\/\/infoecos.com.ar\/#\/schema\/logo\/image\/","url":"https:\/\/infoecos.com.ar\/wp-content\/uploads\/2024\/03\/cropped-logo.png","contentUrl":"https:\/\/infoecos.com.ar\/wp-content\/uploads\/2024\/03\/cropped-logo.png","width":374,"height":90,"caption":"Infoecos"},"image":{"@id":"https:\/\/infoecos.com.ar\/#\/schema\/logo\/image\/"},"sameAs":["https:\/\/www.facebook.com\/profile.php?id=100063200290284","https:\/\/x.com\/infoecos"]},{"@type":"Person","@id":"https:\/\/infoecos.com.ar\/#\/schema\/person\/8f5ace5ce73b4b4aac4b7245aee6f191","name":"Jorge Matheus","url":"https:\/\/infoecos.com.ar\/index.php\/author\/jomatheus\/"}]}},"featured_image_urls":{"full":["https:\/\/infoecos.com.ar\/wp-content\/uploads\/2022\/07\/Expo-Plateria-5.jpg",1920,1080,false],"thumbnail":["https:\/\/infoecos.com.ar\/wp-content\/uploads\/2022\/07\/Expo-Plateria-5-150x150.jpg",150,150,true],"medium":["https:\/\/infoecos.com.ar\/wp-content\/uploads\/2022\/07\/Expo-Plateria-5-460x259.jpg",460,259,true],"medium_large":["https:\/\/infoecos.com.ar\/wp-content\/uploads\/2022\/07\/Expo-Plateria-5-768x432.jpg",640,360,true],"large":["https:\/\/infoecos.com.ar\/wp-content\/uploads\/2022\/07\/Expo-Plateria-5-920x518.jpg",640,360,true],"1536x1536":["https:\/\/infoecos.com.ar\/wp-content\/uploads\/2022\/07\/Expo-Plateria-5-1536x864.jpg",1536,864,true],"2048x2048":["https:\/\/infoecos.com.ar\/wp-content\/uploads\/2022\/07\/Expo-Plateria-5.jpg",1920,1080,false],"covernews-slider-full":["https:\/\/infoecos.com.ar\/wp-content\/uploads\/2022\/07\/Expo-Plateria-5-1536x1020.jpg",1077,715,true],"covernews-slider-center":["https:\/\/infoecos.com.ar\/wp-content\/uploads\/2022\/07\/Expo-Plateria-5-936x897.jpg",522,500,true],"covernews-featured":["https:\/\/infoecos.com.ar\/wp-content\/uploads\/2022\/07\/Expo-Plateria-5-1024x576.jpg",1024,576,true],"covernews-medium":["https:\/\/infoecos.com.ar\/wp-content\/uploads\/2022\/07\/Expo-Plateria-5-720x380.jpg",540,285,true],"covernews-medium-square":["https:\/\/infoecos.com.ar\/wp-content\/uploads\/2022\/07\/Expo-Plateria-5-675x450.jpg",375,250,true]},"author_info":{"info":["Jorge Matheus"]},"category_info":"<a href=\"https:\/\/infoecos.com.ar\/index.php\/category\/c1nota5\/\" rel=\"category tag\">C1 nota 5<\/a>","tag_info":"C1 nota 5","comment_count":"0","_links":{"self":[{"href":"https:\/\/infoecos.com.ar\/index.php\/wp-json\/wp\/v2\/posts\/94055"}],"collection":[{"href":"https:\/\/infoecos.com.ar\/index.php\/wp-json\/wp\/v2\/posts"}],"about":[{"href":"https:\/\/infoecos.com.ar\/index.php\/wp-json\/wp\/v2\/types\/post"}],"author":[{"embeddable":true,"href":"https:\/\/infoecos.com.ar\/index.php\/wp-json\/wp\/v2\/users\/2"}],"replies":[{"embeddable":true,"href":"https:\/\/infoecos.com.ar\/index.php\/wp-json\/wp\/v2\/comments?post=94055"}],"version-history":[{"count":1,"href":"https:\/\/infoecos.com.ar\/index.php\/wp-json\/wp\/v2\/posts\/94055\/revisions"}],"predecessor-version":[{"id":94060,"href":"https:\/\/infoecos.com.ar\/index.php\/wp-json\/wp\/v2\/posts\/94055\/revisions\/94060"}],"wp:featuredmedia":[{"embeddable":true,"href":"https:\/\/infoecos.com.ar\/index.php\/wp-json\/wp\/v2\/media\/94057"}],"wp:attachment":[{"href":"https:\/\/infoecos.com.ar\/index.php\/wp-json\/wp\/v2\/media?parent=94055"}],"wp:term":[{"taxonomy":"category","embeddable":true,"href":"https:\/\/infoecos.com.ar\/index.php\/wp-json\/wp\/v2\/categories?post=94055"},{"taxonomy":"post_tag","embeddable":true,"href":"https:\/\/infoecos.com.ar\/index.php\/wp-json\/wp\/v2\/tags?post=94055"}],"curies":[{"name":"wp","href":"https:\/\/api.w.org\/{rel}","templated":true}]}}