{"id":94111,"date":"2022-07-10T02:58:22","date_gmt":"2022-07-10T05:58:22","guid":{"rendered":"http:\/\/infoecos.com.ar\/?p=94111"},"modified":"2022-07-12T02:32:16","modified_gmt":"2022-07-12T05:32:16","slug":"la-sequia-es-una-de-las-principales-preocupaciones-de-los-dirigentes-del-campo-en-la-pampa","status":"publish","type":"post","link":"https:\/\/infoecos.com.ar\/index.php\/la-sequia-es-una-de-las-principales-preocupaciones-de-los-dirigentes-del-campo-en-la-pampa\/","title":{"rendered":"La sequ\u00eda es una de las principales preocupaciones de los dirigentes del campo en La Pampa"},"content":{"rendered":"\n<p>Convocada por el Gobierno de La Pampa se realiz\u00f3 el pasado viernes una reuni\u00f3n de trabajo de la Mesa Agropecuaria Provincial.<strong>&nbsp;<\/strong>&nbsp;Se present\u00f3 un informe t\u00e9cnico sobre la situaci\u00f3n rural de la Provincia realizado por la Subsecretar\u00eda de Asuntos Agrarios y el INTA. &nbsp;<\/p>\n\n\n\n<p>\u00abHay que prever estrategias para ayudar al productor a pasar este invierno\u201d, dijeron los funcionarios provinciales. La sequ\u00eda es una de las principales preocupaciones de los dirigentes del campo.<\/p>\n\n\n\n<figure class=\"wp-block-image size-large\"><img loading=\"lazy\" decoding=\"async\" width=\"920\" height=\"614\" src=\"http:\/\/infoecos.com.ar\/wp-content\/uploads\/2022\/07\/reunionproducto-920x614.jpg\" alt=\"\" class=\"wp-image-94112\" srcset=\"https:\/\/infoecos.com.ar\/wp-content\/uploads\/2022\/07\/reunionproducto-920x614.jpg 920w, https:\/\/infoecos.com.ar\/wp-content\/uploads\/2022\/07\/reunionproducto-460x307.jpg 460w, https:\/\/infoecos.com.ar\/wp-content\/uploads\/2022\/07\/reunionproducto-768x513.jpg 768w, https:\/\/infoecos.com.ar\/wp-content\/uploads\/2022\/07\/reunionproducto-1536x1025.jpg 1536w, https:\/\/infoecos.com.ar\/wp-content\/uploads\/2022\/07\/reunionproducto-2048x1367.jpg 2048w, https:\/\/infoecos.com.ar\/wp-content\/uploads\/2022\/07\/reunionproducto-1024x684.jpg 1024w, https:\/\/infoecos.com.ar\/wp-content\/uploads\/2022\/07\/reunionproducto-675x450.jpg 675w\" sizes=\"(max-width: 920px) 100vw, 920px\" \/><\/figure>\n\n\n\n<p>La directora de Agricultura, Natalia Ovando, afirm\u00f3 que los referentes rurales y de organismos t\u00e9cnicos presentes coincidieron en el diagn\u00f3stico: \u00ab<strong>Comparten nuestra visi\u00f3n de que la Provincia est\u00e1 ingresando en una estaci\u00f3n seca, que es una condici\u00f3n normal de la zona, pero que en la misma hay que prever estrategias para ayudar al productor a pasar este invierno\u201d.<\/strong><br><\/p>\n\n\n\n<p>En esta oportunidad la ministra de la Producci\u00f3n, Fernanda Gonz\u00e1lez estuvo acompa\u00f1ada por funcionarios y el equipo t\u00e9cnico de la Subsecretar\u00eda de Asuntos Agrarios recibieron a Edgardo Adema (INTA), Pablo V\u00e1squez, (INTA), Mar\u00eda Laura Belmonte (INTA), Ariel Toselli, (FAA), Mariano L\u00f3pez Alducin (SRA), Luis Colla, (CARBAP), Mart\u00edn Navarro (CARBAP), Ezequiel Fern\u00e1ndez (SENASA), Nicol\u00e1s Nervi (CONINAGRO) y Santiago Chaer (Vialidad Provincial).<\/p>\n","protected":false},"excerpt":{"rendered":"<p>Convocada por el Gobierno de La Pampa se realiz\u00f3 el pasado viernes una reuni\u00f3n de trabajo de la Mesa Agropecuaria Provincial<\/p>\n","protected":false},"author":2,"featured_media":94112,"comment_status":"closed","ping_status":"open","sticky":false,"template":"","format":"standard","meta":{"footnotes":""},"categories":[198],"tags":[1721],"class_list":["post-94111","post","type-post","status-publish","format-standard","has-post-thumbnail","hentry","category-c1nota5","tag-economia-agropecuaria-2"],"yoast_head":"<!-- This site is optimized with the Yoast SEO plugin v23.4 - https:\/\/yoast.com\/wordpress\/plugins\/seo\/ -->\n<title>La sequ\u00eda es una de las principales preocupaciones de los dirigentes del campo en La Pampa - Infoecos<\/title>\n<meta name=\"robots\" content=\"index, follow, max-snippet:-1, max-image-preview:large, max-video-preview:-1\" \/>\n<link rel=\"canonical\" href=\"https:\/\/infoecos.com.ar\/index.php\/la-sequia-es-una-de-las-principales-preocupaciones-de-los-dirigentes-del-campo-en-la-pampa\/\" \/>\n<meta property=\"og:locale\" content=\"es_ES\" \/>\n<meta property=\"og:type\" content=\"article\" \/>\n<meta property=\"og:title\" content=\"La sequ\u00eda es una de las principales preocupaciones de los dirigentes del campo en La Pampa - Infoecos\" \/>\n<meta property=\"og:description\" content=\"Convocada por el Gobierno de La Pampa se realiz\u00f3 el pasado viernes una reuni\u00f3n de trabajo de la Mesa Agropecuaria Provincial\" \/>\n<meta property=\"og:url\" content=\"https:\/\/infoecos.com.ar\/index.php\/la-sequia-es-una-de-las-principales-preocupaciones-de-los-dirigentes-del-campo-en-la-pampa\/\" \/>\n<meta property=\"og:site_name\" content=\"Infoecos\" \/>\n<meta property=\"article:publisher\" content=\"https:\/\/www.facebook.com\/profile.php?id=100063200290284\" \/>\n<meta property=\"article:published_time\" content=\"2022-07-10T05:58:22+00:00\" \/>\n<meta property=\"article:modified_time\" content=\"2022-07-12T05:32:16+00:00\" \/>\n<meta property=\"og:image\" content=\"https:\/\/infoecos.com.ar\/wp-content\/uploads\/2022\/07\/reunionproducto-scaled.jpg\" \/>\n\t<meta property=\"og:image:width\" content=\"2560\" \/>\n\t<meta property=\"og:image:height\" content=\"1709\" \/>\n\t<meta property=\"og:image:type\" content=\"image\/jpeg\" \/>\n<meta name=\"author\" content=\"Jorge Matheus\" \/>\n<meta name=\"twitter:card\" content=\"summary_large_image\" \/>\n<meta name=\"twitter:creator\" content=\"@infoecos\" \/>\n<meta name=\"twitter:site\" content=\"@infoecos\" \/>\n<meta name=\"twitter:label1\" content=\"Escrito por\" \/>\n\t<meta name=\"twitter:data1\" content=\"Jorge Matheus\" \/>\n\t<meta name=\"twitter:label2\" content=\"Tiempo de lectura\" \/>\n\t<meta name=\"twitter:data2\" content=\"1 minuto\" \/>\n<script type=\"application\/ld+json\" class=\"yoast-schema-graph\">{\"@context\":\"https:\/\/schema.org\",\"@graph\":[{\"@type\":\"Article\",\"@id\":\"https:\/\/infoecos.com.ar\/index.php\/la-sequia-es-una-de-las-principales-preocupaciones-de-los-dirigentes-del-campo-en-la-pampa\/#article\",\"isPartOf\":{\"@id\":\"https:\/\/infoecos.com.ar\/index.php\/la-sequia-es-una-de-las-principales-preocupaciones-de-los-dirigentes-del-campo-en-la-pampa\/\"},\"author\":{\"name\":\"Jorge Matheus\",\"@id\":\"https:\/\/infoecos.com.ar\/#\/schema\/person\/8f5ace5ce73b4b4aac4b7245aee6f191\"},\"headline\":\"La sequ\u00eda es una de las principales preocupaciones de los dirigentes del campo en La Pampa\",\"datePublished\":\"2022-07-10T05:58:22+00:00\",\"dateModified\":\"2022-07-12T05:32:16+00:00\",\"mainEntityOfPage\":{\"@id\":\"https:\/\/infoecos.com.ar\/index.php\/la-sequia-es-una-de-las-principales-preocupaciones-de-los-dirigentes-del-campo-en-la-pampa\/\"},\"wordCount\":231,\"publisher\":{\"@id\":\"https:\/\/infoecos.com.ar\/#organization\"},\"image\":{\"@id\":\"https:\/\/infoecos.com.ar\/index.php\/la-sequia-es-una-de-las-principales-preocupaciones-de-los-dirigentes-del-campo-en-la-pampa\/#primaryimage\"},\"thumbnailUrl\":\"https:\/\/infoecos.com.ar\/wp-content\/uploads\/2022\/07\/reunionproducto-scaled.jpg\",\"keywords\":[\"ECONOM\u00cdA AGROPECUARIA\"],\"articleSection\":[\"C1 nota 5\"],\"inLanguage\":\"es\"},{\"@type\":\"WebPage\",\"@id\":\"https:\/\/infoecos.com.ar\/index.php\/la-sequia-es-una-de-las-principales-preocupaciones-de-los-dirigentes-del-campo-en-la-pampa\/\",\"url\":\"https:\/\/infoecos.com.ar\/index.php\/la-sequia-es-una-de-las-principales-preocupaciones-de-los-dirigentes-del-campo-en-la-pampa\/\",\"name\":\"La sequ\u00eda es una de las principales preocupaciones de los dirigentes del campo en La Pampa - Infoecos\",\"isPartOf\":{\"@id\":\"https:\/\/infoecos.com.ar\/#website\"},\"primaryImageOfPage\":{\"@id\":\"https:\/\/infoecos.com.ar\/index.php\/la-sequia-es-una-de-las-principales-preocupaciones-de-los-dirigentes-del-campo-en-la-pampa\/#primaryimage\"},\"image\":{\"@id\":\"https:\/\/infoecos.com.ar\/index.php\/la-sequia-es-una-de-las-principales-preocupaciones-de-los-dirigentes-del-campo-en-la-pampa\/#primaryimage\"},\"thumbnailUrl\":\"https:\/\/infoecos.com.ar\/wp-content\/uploads\/2022\/07\/reunionproducto-scaled.jpg\",\"datePublished\":\"2022-07-10T05:58:22+00:00\",\"dateModified\":\"2022-07-12T05:32:16+00:00\",\"breadcrumb\":{\"@id\":\"https:\/\/infoecos.com.ar\/index.php\/la-sequia-es-una-de-las-principales-preocupaciones-de-los-dirigentes-del-campo-en-la-pampa\/#breadcrumb\"},\"inLanguage\":\"es\",\"potentialAction\":[{\"@type\":\"ReadAction\",\"target\":[\"https:\/\/infoecos.com.ar\/index.php\/la-sequia-es-una-de-las-principales-preocupaciones-de-los-dirigentes-del-campo-en-la-pampa\/\"]}]},{\"@type\":\"ImageObject\",\"inLanguage\":\"es\",\"@id\":\"https:\/\/infoecos.com.ar\/index.php\/la-sequia-es-una-de-las-principales-preocupaciones-de-los-dirigentes-del-campo-en-la-pampa\/#primaryimage\",\"url\":\"https:\/\/infoecos.com.ar\/wp-content\/uploads\/2022\/07\/reunionproducto-scaled.jpg\",\"contentUrl\":\"https:\/\/infoecos.com.ar\/wp-content\/uploads\/2022\/07\/reunionproducto-scaled.jpg\",\"width\":2560,\"height\":1709},{\"@type\":\"BreadcrumbList\",\"@id\":\"https:\/\/infoecos.com.ar\/index.php\/la-sequia-es-una-de-las-principales-preocupaciones-de-los-dirigentes-del-campo-en-la-pampa\/#breadcrumb\",\"itemListElement\":[{\"@type\":\"ListItem\",\"position\":1,\"name\":\"Portada\",\"item\":\"https:\/\/infoecos.com.ar\/\"},{\"@type\":\"ListItem\",\"position\":2,\"name\":\"La sequ\u00eda es una de las principales preocupaciones de los dirigentes del campo en La Pampa\"}]},{\"@type\":\"WebSite\",\"@id\":\"https:\/\/infoecos.com.ar\/#website\",\"url\":\"https:\/\/infoecos.com.ar\/\",\"name\":\"Infoecos\",\"description\":\"Noticias de trenque lauquen y la zona\",\"publisher\":{\"@id\":\"https:\/\/infoecos.com.ar\/#organization\"},\"alternateName\":\"Noticias\",\"potentialAction\":[{\"@type\":\"SearchAction\",\"target\":{\"@type\":\"EntryPoint\",\"urlTemplate\":\"https:\/\/infoecos.com.ar\/?s={search_term_string}\"},\"query-input\":{\"@type\":\"PropertyValueSpecification\",\"valueRequired\":true,\"valueName\":\"search_term_string\"}}],\"inLanguage\":\"es\"},{\"@type\":\"Organization\",\"@id\":\"https:\/\/infoecos.com.ar\/#organization\",\"name\":\"Infoecos\",\"alternateName\":\"Noticias\",\"url\":\"https:\/\/infoecos.com.ar\/\",\"logo\":{\"@type\":\"ImageObject\",\"inLanguage\":\"es\",\"@id\":\"https:\/\/infoecos.com.ar\/#\/schema\/logo\/image\/\",\"url\":\"https:\/\/infoecos.com.ar\/wp-content\/uploads\/2024\/03\/cropped-logo.png\",\"contentUrl\":\"https:\/\/infoecos.com.ar\/wp-content\/uploads\/2024\/03\/cropped-logo.png\",\"width\":374,\"height\":90,\"caption\":\"Infoecos\"},\"image\":{\"@id\":\"https:\/\/infoecos.com.ar\/#\/schema\/logo\/image\/\"},\"sameAs\":[\"https:\/\/www.facebook.com\/profile.php?id=100063200290284\",\"https:\/\/x.com\/infoecos\"]},{\"@type\":\"Person\",\"@id\":\"https:\/\/infoecos.com.ar\/#\/schema\/person\/8f5ace5ce73b4b4aac4b7245aee6f191\",\"name\":\"Jorge Matheus\",\"url\":\"https:\/\/infoecos.com.ar\/index.php\/author\/jomatheus\/\"}]}<\/script>\n<!-- \/ Yoast SEO plugin. -->","yoast_head_json":{"title":"La sequ\u00eda es una de las principales preocupaciones de los dirigentes del campo en La Pampa - Infoecos","robots":{"index":"index","follow":"follow","max-snippet":"max-snippet:-1","max-image-preview":"max-image-preview:large","max-video-preview":"max-video-preview:-1"},"canonical":"https:\/\/infoecos.com.ar\/index.php\/la-sequia-es-una-de-las-principales-preocupaciones-de-los-dirigentes-del-campo-en-la-pampa\/","og_locale":"es_ES","og_type":"article","og_title":"La sequ\u00eda es una de las principales preocupaciones de los dirigentes del campo en La Pampa - Infoecos","og_description":"Convocada por el Gobierno de La Pampa se realiz\u00f3 el pasado viernes una reuni\u00f3n de trabajo de la Mesa Agropecuaria Provincial","og_url":"https:\/\/infoecos.com.ar\/index.php\/la-sequia-es-una-de-las-principales-preocupaciones-de-los-dirigentes-del-campo-en-la-pampa\/","og_site_name":"Infoecos","article_publisher":"https:\/\/www.facebook.com\/profile.php?id=100063200290284","article_published_time":"2022-07-10T05:58:22+00:00","article_modified_time":"2022-07-12T05:32:16+00:00","og_image":[{"width":2560,"height":1709,"url":"https:\/\/infoecos.com.ar\/wp-content\/uploads\/2022\/07\/reunionproducto-scaled.jpg","type":"image\/jpeg"}],"author":"Jorge Matheus","twitter_card":"summary_large_image","twitter_creator":"@infoecos","twitter_site":"@infoecos","twitter_misc":{"Escrito por":"Jorge Matheus","Tiempo de lectura":"1 minuto"},"schema":{"@context":"https:\/\/schema.org","@graph":[{"@type":"Article","@id":"https:\/\/infoecos.com.ar\/index.php\/la-sequia-es-una-de-las-principales-preocupaciones-de-los-dirigentes-del-campo-en-la-pampa\/#article","isPartOf":{"@id":"https:\/\/infoecos.com.ar\/index.php\/la-sequia-es-una-de-las-principales-preocupaciones-de-los-dirigentes-del-campo-en-la-pampa\/"},"author":{"name":"Jorge Matheus","@id":"https:\/\/infoecos.com.ar\/#\/schema\/person\/8f5ace5ce73b4b4aac4b7245aee6f191"},"headline":"La sequ\u00eda es una de las principales preocupaciones de los dirigentes del campo en La Pampa","datePublished":"2022-07-10T05:58:22+00:00","dateModified":"2022-07-12T05:32:16+00:00","mainEntityOfPage":{"@id":"https:\/\/infoecos.com.ar\/index.php\/la-sequia-es-una-de-las-principales-preocupaciones-de-los-dirigentes-del-campo-en-la-pampa\/"},"wordCount":231,"publisher":{"@id":"https:\/\/infoecos.com.ar\/#organization"},"image":{"@id":"https:\/\/infoecos.com.ar\/index.php\/la-sequia-es-una-de-las-principales-preocupaciones-de-los-dirigentes-del-campo-en-la-pampa\/#primaryimage"},"thumbnailUrl":"https:\/\/infoecos.com.ar\/wp-content\/uploads\/2022\/07\/reunionproducto-scaled.jpg","keywords":["ECONOM\u00cdA AGROPECUARIA"],"articleSection":["C1 nota 5"],"inLanguage":"es"},{"@type":"WebPage","@id":"https:\/\/infoecos.com.ar\/index.php\/la-sequia-es-una-de-las-principales-preocupaciones-de-los-dirigentes-del-campo-en-la-pampa\/","url":"https:\/\/infoecos.com.ar\/index.php\/la-sequia-es-una-de-las-principales-preocupaciones-de-los-dirigentes-del-campo-en-la-pampa\/","name":"La sequ\u00eda es una de las principales preocupaciones de los dirigentes del campo en La Pampa - Infoecos","isPartOf":{"@id":"https:\/\/infoecos.com.ar\/#website"},"primaryImageOfPage":{"@id":"https:\/\/infoecos.com.ar\/index.php\/la-sequia-es-una-de-las-principales-preocupaciones-de-los-dirigentes-del-campo-en-la-pampa\/#primaryimage"},"image":{"@id":"https:\/\/infoecos.com.ar\/index.php\/la-sequia-es-una-de-las-principales-preocupaciones-de-los-dirigentes-del-campo-en-la-pampa\/#primaryimage"},"thumbnailUrl":"https:\/\/infoecos.com.ar\/wp-content\/uploads\/2022\/07\/reunionproducto-scaled.jpg","datePublished":"2022-07-10T05:58:22+00:00","dateModified":"2022-07-12T05:32:16+00:00","breadcrumb":{"@id":"https:\/\/infoecos.com.ar\/index.php\/la-sequia-es-una-de-las-principales-preocupaciones-de-los-dirigentes-del-campo-en-la-pampa\/#breadcrumb"},"inLanguage":"es","potentialAction":[{"@type":"ReadAction","target":["https:\/\/infoecos.com.ar\/index.php\/la-sequia-es-una-de-las-principales-preocupaciones-de-los-dirigentes-del-campo-en-la-pampa\/"]}]},{"@type":"ImageObject","inLanguage":"es","@id":"https:\/\/infoecos.com.ar\/index.php\/la-sequia-es-una-de-las-principales-preocupaciones-de-los-dirigentes-del-campo-en-la-pampa\/#primaryimage","url":"https:\/\/infoecos.com.ar\/wp-content\/uploads\/2022\/07\/reunionproducto-scaled.jpg","contentUrl":"https:\/\/infoecos.com.ar\/wp-content\/uploads\/2022\/07\/reunionproducto-scaled.jpg","width":2560,"height":1709},{"@type":"BreadcrumbList","@id":"https:\/\/infoecos.com.ar\/index.php\/la-sequia-es-una-de-las-principales-preocupaciones-de-los-dirigentes-del-campo-en-la-pampa\/#breadcrumb","itemListElement":[{"@type":"ListItem","position":1,"name":"Portada","item":"https:\/\/infoecos.com.ar\/"},{"@type":"ListItem","position":2,"name":"La sequ\u00eda es una de las principales preocupaciones de los dirigentes del campo en La Pampa"}]},{"@type":"WebSite","@id":"https:\/\/infoecos.com.ar\/#website","url":"https:\/\/infoecos.com.ar\/","name":"Infoecos","description":"Noticias de trenque lauquen y la zona","publisher":{"@id":"https:\/\/infoecos.com.ar\/#organization"},"alternateName":"Noticias","potentialAction":[{"@type":"SearchAction","target":{"@type":"EntryPoint","urlTemplate":"https:\/\/infoecos.com.ar\/?s={search_term_string}"},"query-input":{"@type":"PropertyValueSpecification","valueRequired":true,"valueName":"search_term_string"}}],"inLanguage":"es"},{"@type":"Organization","@id":"https:\/\/infoecos.com.ar\/#organization","name":"Infoecos","alternateName":"Noticias","url":"https:\/\/infoecos.com.ar\/","logo":{"@type":"ImageObject","inLanguage":"es","@id":"https:\/\/infoecos.com.ar\/#\/schema\/logo\/image\/","url":"https:\/\/infoecos.com.ar\/wp-content\/uploads\/2024\/03\/cropped-logo.png","contentUrl":"https:\/\/infoecos.com.ar\/wp-content\/uploads\/2024\/03\/cropped-logo.png","width":374,"height":90,"caption":"Infoecos"},"image":{"@id":"https:\/\/infoecos.com.ar\/#\/schema\/logo\/image\/"},"sameAs":["https:\/\/www.facebook.com\/profile.php?id=100063200290284","https:\/\/x.com\/infoecos"]},{"@type":"Person","@id":"https:\/\/infoecos.com.ar\/#\/schema\/person\/8f5ace5ce73b4b4aac4b7245aee6f191","name":"Jorge Matheus","url":"https:\/\/infoecos.com.ar\/index.php\/author\/jomatheus\/"}]}},"featured_image_urls":{"full":["https:\/\/infoecos.com.ar\/wp-content\/uploads\/2022\/07\/reunionproducto-scaled.jpg",2560,1709,false],"thumbnail":["https:\/\/infoecos.com.ar\/wp-content\/uploads\/2022\/07\/reunionproducto-150x150.jpg",150,150,true],"medium":["https:\/\/infoecos.com.ar\/wp-content\/uploads\/2022\/07\/reunionproducto-460x307.jpg",460,307,true],"medium_large":["https:\/\/infoecos.com.ar\/wp-content\/uploads\/2022\/07\/reunionproducto-768x513.jpg",640,428,true],"large":["https:\/\/infoecos.com.ar\/wp-content\/uploads\/2022\/07\/reunionproducto-920x614.jpg",640,427,true],"1536x1536":["https:\/\/infoecos.com.ar\/wp-content\/uploads\/2022\/07\/reunionproducto-1536x1025.jpg",1536,1025,true],"2048x2048":["https:\/\/infoecos.com.ar\/wp-content\/uploads\/2022\/07\/reunionproducto-2048x1367.jpg",2048,1367,true],"covernews-slider-full":["https:\/\/infoecos.com.ar\/wp-content\/uploads\/2022\/07\/reunionproducto-1536x1020.jpg",1077,715,true],"covernews-slider-center":["https:\/\/infoecos.com.ar\/wp-content\/uploads\/2022\/07\/reunionproducto-936x897.jpg",522,500,true],"covernews-featured":["https:\/\/infoecos.com.ar\/wp-content\/uploads\/2022\/07\/reunionproducto-1024x684.jpg",1024,684,true],"covernews-medium":["https:\/\/infoecos.com.ar\/wp-content\/uploads\/2022\/07\/reunionproducto-720x380.jpg",540,285,true],"covernews-medium-square":["https:\/\/infoecos.com.ar\/wp-content\/uploads\/2022\/07\/reunionproducto-675x450.jpg",375,250,true]},"author_info":{"info":["Jorge Matheus"]},"category_info":"<a href=\"https:\/\/infoecos.com.ar\/index.php\/category\/c1nota5\/\" rel=\"category tag\">C1 nota 5<\/a>","tag_info":"C1 nota 5","comment_count":"0","_links":{"self":[{"href":"https:\/\/infoecos.com.ar\/index.php\/wp-json\/wp\/v2\/posts\/94111"}],"collection":[{"href":"https:\/\/infoecos.com.ar\/index.php\/wp-json\/wp\/v2\/posts"}],"about":[{"href":"https:\/\/infoecos.com.ar\/index.php\/wp-json\/wp\/v2\/types\/post"}],"author":[{"embeddable":true,"href":"https:\/\/infoecos.com.ar\/index.php\/wp-json\/wp\/v2\/users\/2"}],"replies":[{"embeddable":true,"href":"https:\/\/infoecos.com.ar\/index.php\/wp-json\/wp\/v2\/comments?post=94111"}],"version-history":[{"count":2,"href":"https:\/\/infoecos.com.ar\/index.php\/wp-json\/wp\/v2\/posts\/94111\/revisions"}],"predecessor-version":[{"id":94280,"href":"https:\/\/infoecos.com.ar\/index.php\/wp-json\/wp\/v2\/posts\/94111\/revisions\/94280"}],"wp:featuredmedia":[{"embeddable":true,"href":"https:\/\/infoecos.com.ar\/index.php\/wp-json\/wp\/v2\/media\/94112"}],"wp:attachment":[{"href":"https:\/\/infoecos.com.ar\/index.php\/wp-json\/wp\/v2\/media?parent=94111"}],"wp:term":[{"taxonomy":"category","embeddable":true,"href":"https:\/\/infoecos.com.ar\/index.php\/wp-json\/wp\/v2\/categories?post=94111"},{"taxonomy":"post_tag","embeddable":true,"href":"https:\/\/infoecos.com.ar\/index.php\/wp-json\/wp\/v2\/tags?post=94111"}],"curies":[{"name":"wp","href":"https:\/\/api.w.org\/{rel}","templated":true}]}}