{"id":94231,"date":"2022-07-11T13:44:30","date_gmt":"2022-07-11T16:44:30","guid":{"rendered":"http:\/\/infoecos.com.ar\/?p=94231"},"modified":"2022-07-12T10:44:15","modified_gmt":"2022-07-12T13:44:15","slug":"multitudinaria-concentracion-en-interseccion-de-las-rutas-5-y-provincial-30-autovia-ya","status":"publish","type":"post","link":"https:\/\/infoecos.com.ar\/index.php\/multitudinaria-concentracion-en-interseccion-de-las-rutas-5-y-provincial-30-autovia-ya\/","title":{"rendered":"Multitudinaria concentraci\u00f3n en intersecci\u00f3n de las rutas 5 y provincial 30: \u00abAutov\u00eda Ya\u00bb"},"content":{"rendered":"\n<p>En la rotonda de las rutas 5 y 30, jurisdicci\u00f3n de Chivilcoy, se concret\u00f3 este domingo una multitudinaria concentraci\u00f3n de ciudadanos convocada por el Grupo de Autoconvocados \u00abAutov\u00eda Ya\u00bb.  <\/p>\n\n\n\n<p>Participaron vecinos de la ciudad anfitriona, Carlos Casares, Bragado y Mercedes.<\/p>\n\n\n\n<p>\u00abHagamos que nos escuchen; es inevitable: la fuerza est\u00e1 en el conjunto\u00bb, expres\u00f3&nbsp;<strong>Francisco Jos\u00e9 Falabela<\/strong>, uno de los impulsores locales de la protesta.<\/p>\n\n\n\n<p>\u00abEstamos aqu\u00ed manifest\u00e1ndonos, haciendo visible nuestro reclamo con nuestros amigos de Chivilcoy quienes armaron y convocaron a su ciudad, a todas las ciudades vecinas a reclamar, exigir por ruta 5, Autov\u00eda ya\u00bb dijo, por su parte,&nbsp;<strong>Daniel Ferreyra<\/strong>.<\/p>\n\n\n\n<figure class=\"wp-block-image aligncenter size-full\"><img loading=\"lazy\" decoding=\"async\" width=\"700\" height=\"235\" src=\"http:\/\/infoecos.com.ar\/wp-content\/uploads\/2022\/07\/image-3.png\" alt=\"\" class=\"wp-image-94232\" srcset=\"https:\/\/infoecos.com.ar\/wp-content\/uploads\/2022\/07\/image-3.png 700w, https:\/\/infoecos.com.ar\/wp-content\/uploads\/2022\/07\/image-3-460x154.png 460w\" sizes=\"(max-width: 700px) 100vw, 700px\" \/><\/figure>\n\n\n\n<p>\u00abBasta de muertes, basta de personas mutiladas; basta de familias destruidas\u00bb, agreg\u00f3 como fundamento del reclamo.<\/p>\n\n\n\n<p>\u00abAnte los reiterados siniestros viales que se producen todas las semanas y que si bien uno reconoce que muchos son por imprudencia, tambi\u00e9n es real que el choque frontal que tiene como saldo la muerte o lesiones grav\u00edsimas. se evita solo de esta manera, teniendo por fin la autov\u00eda que vienen prometiendo y anunciando desde el 2003 por lo menos\u00bb indicaron los manifestantes.<\/p>\n\n\n\n<p>\u00abEs imperioso reclamar a las autoridades nacionales y provinciales su reanudaci\u00f3n inmediata, la extensi\u00f3n de las obras desde Mercedes hasta Santa Rosa, y su realizaci\u00f3n a un ritmo m\u00e1s acelerado que el previsto en la licitaci\u00f3n para construir el tramo Mercedes \u2013 Suipacha\u201d, agregaron.<\/p>\n\n\n\n<figure class=\"wp-block-image aligncenter size-large is-resized\"><img loading=\"lazy\" decoding=\"async\" src=\"http:\/\/infoecos.com.ar\/wp-content\/uploads\/2022\/07\/auto-40-1024x768-1-920x690.jpg\" alt=\"\" class=\"wp-image-94233\" width=\"561\" height=\"421\" srcset=\"https:\/\/infoecos.com.ar\/wp-content\/uploads\/2022\/07\/auto-40-1024x768-1-920x690.jpg 920w, https:\/\/infoecos.com.ar\/wp-content\/uploads\/2022\/07\/auto-40-1024x768-1-460x345.jpg 460w, https:\/\/infoecos.com.ar\/wp-content\/uploads\/2022\/07\/auto-40-1024x768-1-768x576.jpg 768w, https:\/\/infoecos.com.ar\/wp-content\/uploads\/2022\/07\/auto-40-1024x768-1.jpg 1024w\" sizes=\"(max-width: 561px) 100vw, 561px\" \/><\/figure>\n\n\n\n<p>En este sentido, destacaron que estaban expectantes sobre la repercusi\u00f3n y participaci\u00f3n de los vecinos, porque \u00abvemos que por redes sociales adhiere y se manifiesta mucha cantidad de gente, pero ha pasado que luego no se acercan a plasmar el reclamo. Necesitamos acciones y hechos de nuestros gobernantes porque promesas hemos escuchado innumerable cantidad de veces. En el 2003 la autov\u00eda por contrato ten\u00eda que estar construida hasta Santa Rosa y han pasado casi 20 a\u00f1os. Han creado impuestos y tasas para volcar lo recaudado a las rutas y nunca han cumplido\u00bb.<\/p>\n\n\n\n<p>\u00abEl gobierno nacional, el mismo Presidente invit\u00f3 al asumir que salgamos a la calle a reclamar si algo hac\u00edan mal o no hac\u00edan, ac\u00e1 estamos pidiendo lo que nos corresponde. Cansados de vivir angustiados cuando tenemos que viajar o un familiar nuestro hasta que nos avisan que han llegado\u00bb, expresaron tambi\u00e9n.<\/p>\n\n\n\n<p>Para finalizar, destacaron: \u00abOjal\u00e1 se concrete por el bien de todos y que \u00e9sta manifestaci\u00f3n llame la atenci\u00f3n de los gobernantes y entiendan que no se puede esperar m\u00e1s\u00bb.<\/p>\n\n\n\n<p><strong><mark style=\"background-color:rgba(0, 0, 0, 0)\" class=\"has-inline-color has-black-color\">Aportes como fuentes: <\/mark><mark style=\"background-color:rgba(0, 0, 0, 0)\" class=\"has-inline-color has-vivid-red-color\">hoychivilcoy.com; chivilcoydigital.com; latrochadigital.com.ar; larazondechivilcoy.com.ar<\/mark><\/strong><\/p>\n","protected":false},"excerpt":{"rendered":"<p>Los manifestantes destacaron que \u00abOjal\u00e1 se concrete por el bien de todos y que \u00e9sta manifestaci\u00f3n llame la atenci\u00f3n de los gobernantes y entiendan que no se puede esperar m\u00e1s\u00bb<\/p>\n","protected":false},"author":2,"featured_media":94233,"comment_status":"closed","ping_status":"open","sticky":false,"template":"","format":"standard","meta":{"footnotes":""},"categories":[49,1613],"tags":[6271],"class_list":["post-94231","post","type-post","status-publish","format-standard","has-post-thumbnail","hentry","category-c3nota3","category-noticia-secundaria","tag-se-amplifica-el-reclamo"],"yoast_head":"<!-- This site is optimized with the Yoast SEO plugin v23.4 - https:\/\/yoast.com\/wordpress\/plugins\/seo\/ -->\n<title>Multitudinaria concentraci\u00f3n en intersecci\u00f3n de las rutas 5 y provincial 30: &quot;Autov\u00eda Ya&quot; - Infoecos<\/title>\n<meta name=\"robots\" content=\"index, follow, max-snippet:-1, max-image-preview:large, max-video-preview:-1\" \/>\n<link rel=\"canonical\" href=\"https:\/\/infoecos.com.ar\/index.php\/multitudinaria-concentracion-en-interseccion-de-las-rutas-5-y-provincial-30-autovia-ya\/\" \/>\n<meta property=\"og:locale\" content=\"es_ES\" \/>\n<meta property=\"og:type\" content=\"article\" \/>\n<meta property=\"og:title\" content=\"Multitudinaria concentraci\u00f3n en intersecci\u00f3n de las rutas 5 y provincial 30: &quot;Autov\u00eda Ya&quot; - Infoecos\" \/>\n<meta property=\"og:description\" content=\"Los manifestantes destacaron que &quot;Ojal\u00e1 se concrete por el bien de todos y que \u00e9sta manifestaci\u00f3n llame la atenci\u00f3n de los gobernantes y entiendan que no se puede esperar m\u00e1s&quot;\" \/>\n<meta property=\"og:url\" content=\"https:\/\/infoecos.com.ar\/index.php\/multitudinaria-concentracion-en-interseccion-de-las-rutas-5-y-provincial-30-autovia-ya\/\" \/>\n<meta property=\"og:site_name\" content=\"Infoecos\" \/>\n<meta property=\"article:publisher\" content=\"https:\/\/www.facebook.com\/profile.php?id=100063200290284\" \/>\n<meta property=\"article:published_time\" content=\"2022-07-11T16:44:30+00:00\" \/>\n<meta property=\"article:modified_time\" content=\"2022-07-12T13:44:15+00:00\" \/>\n<meta property=\"og:image\" content=\"https:\/\/infoecos.com.ar\/wp-content\/uploads\/2022\/07\/auto-40-1024x768-1.jpg\" \/>\n\t<meta property=\"og:image:width\" content=\"1024\" \/>\n\t<meta property=\"og:image:height\" content=\"768\" \/>\n\t<meta property=\"og:image:type\" content=\"image\/jpeg\" \/>\n<meta name=\"author\" content=\"Jorge Matheus\" \/>\n<meta name=\"twitter:card\" content=\"summary_large_image\" \/>\n<meta name=\"twitter:creator\" content=\"@infoecos\" \/>\n<meta name=\"twitter:site\" content=\"@infoecos\" \/>\n<meta name=\"twitter:label1\" content=\"Escrito por\" \/>\n\t<meta name=\"twitter:data1\" content=\"Jorge Matheus\" \/>\n\t<meta name=\"twitter:label2\" content=\"Tiempo de lectura\" \/>\n\t<meta name=\"twitter:data2\" content=\"2 minutos\" \/>\n<script type=\"application\/ld+json\" class=\"yoast-schema-graph\">{\"@context\":\"https:\/\/schema.org\",\"@graph\":[{\"@type\":\"Article\",\"@id\":\"https:\/\/infoecos.com.ar\/index.php\/multitudinaria-concentracion-en-interseccion-de-las-rutas-5-y-provincial-30-autovia-ya\/#article\",\"isPartOf\":{\"@id\":\"https:\/\/infoecos.com.ar\/index.php\/multitudinaria-concentracion-en-interseccion-de-las-rutas-5-y-provincial-30-autovia-ya\/\"},\"author\":{\"name\":\"Jorge Matheus\",\"@id\":\"https:\/\/infoecos.com.ar\/#\/schema\/person\/8f5ace5ce73b4b4aac4b7245aee6f191\"},\"headline\":\"Multitudinaria concentraci\u00f3n en intersecci\u00f3n de las rutas 5 y provincial 30: \u00abAutov\u00eda Ya\u00bb\",\"datePublished\":\"2022-07-11T16:44:30+00:00\",\"dateModified\":\"2022-07-12T13:44:15+00:00\",\"mainEntityOfPage\":{\"@id\":\"https:\/\/infoecos.com.ar\/index.php\/multitudinaria-concentracion-en-interseccion-de-las-rutas-5-y-provincial-30-autovia-ya\/\"},\"wordCount\":443,\"publisher\":{\"@id\":\"https:\/\/infoecos.com.ar\/#organization\"},\"image\":{\"@id\":\"https:\/\/infoecos.com.ar\/index.php\/multitudinaria-concentracion-en-interseccion-de-las-rutas-5-y-provincial-30-autovia-ya\/#primaryimage\"},\"thumbnailUrl\":\"https:\/\/infoecos.com.ar\/wp-content\/uploads\/2022\/07\/auto-40-1024x768-1.jpg\",\"keywords\":[\"SE AMPLIFICA EL RECLAMO\"],\"articleSection\":[\"C3 N3\",\"Noticia Secundaria\"],\"inLanguage\":\"es\"},{\"@type\":\"WebPage\",\"@id\":\"https:\/\/infoecos.com.ar\/index.php\/multitudinaria-concentracion-en-interseccion-de-las-rutas-5-y-provincial-30-autovia-ya\/\",\"url\":\"https:\/\/infoecos.com.ar\/index.php\/multitudinaria-concentracion-en-interseccion-de-las-rutas-5-y-provincial-30-autovia-ya\/\",\"name\":\"Multitudinaria concentraci\u00f3n en intersecci\u00f3n de las rutas 5 y provincial 30: \\\"Autov\u00eda Ya\\\" - Infoecos\",\"isPartOf\":{\"@id\":\"https:\/\/infoecos.com.ar\/#website\"},\"primaryImageOfPage\":{\"@id\":\"https:\/\/infoecos.com.ar\/index.php\/multitudinaria-concentracion-en-interseccion-de-las-rutas-5-y-provincial-30-autovia-ya\/#primaryimage\"},\"image\":{\"@id\":\"https:\/\/infoecos.com.ar\/index.php\/multitudinaria-concentracion-en-interseccion-de-las-rutas-5-y-provincial-30-autovia-ya\/#primaryimage\"},\"thumbnailUrl\":\"https:\/\/infoecos.com.ar\/wp-content\/uploads\/2022\/07\/auto-40-1024x768-1.jpg\",\"datePublished\":\"2022-07-11T16:44:30+00:00\",\"dateModified\":\"2022-07-12T13:44:15+00:00\",\"breadcrumb\":{\"@id\":\"https:\/\/infoecos.com.ar\/index.php\/multitudinaria-concentracion-en-interseccion-de-las-rutas-5-y-provincial-30-autovia-ya\/#breadcrumb\"},\"inLanguage\":\"es\",\"potentialAction\":[{\"@type\":\"ReadAction\",\"target\":[\"https:\/\/infoecos.com.ar\/index.php\/multitudinaria-concentracion-en-interseccion-de-las-rutas-5-y-provincial-30-autovia-ya\/\"]}]},{\"@type\":\"ImageObject\",\"inLanguage\":\"es\",\"@id\":\"https:\/\/infoecos.com.ar\/index.php\/multitudinaria-concentracion-en-interseccion-de-las-rutas-5-y-provincial-30-autovia-ya\/#primaryimage\",\"url\":\"https:\/\/infoecos.com.ar\/wp-content\/uploads\/2022\/07\/auto-40-1024x768-1.jpg\",\"contentUrl\":\"https:\/\/infoecos.com.ar\/wp-content\/uploads\/2022\/07\/auto-40-1024x768-1.jpg\",\"width\":1024,\"height\":768},{\"@type\":\"BreadcrumbList\",\"@id\":\"https:\/\/infoecos.com.ar\/index.php\/multitudinaria-concentracion-en-interseccion-de-las-rutas-5-y-provincial-30-autovia-ya\/#breadcrumb\",\"itemListElement\":[{\"@type\":\"ListItem\",\"position\":1,\"name\":\"Portada\",\"item\":\"https:\/\/infoecos.com.ar\/\"},{\"@type\":\"ListItem\",\"position\":2,\"name\":\"Multitudinaria concentraci\u00f3n en intersecci\u00f3n de las rutas 5 y provincial 30: \u00abAutov\u00eda Ya\u00bb\"}]},{\"@type\":\"WebSite\",\"@id\":\"https:\/\/infoecos.com.ar\/#website\",\"url\":\"https:\/\/infoecos.com.ar\/\",\"name\":\"Infoecos\",\"description\":\"Noticias de trenque lauquen y la zona\",\"publisher\":{\"@id\":\"https:\/\/infoecos.com.ar\/#organization\"},\"alternateName\":\"Noticias\",\"potentialAction\":[{\"@type\":\"SearchAction\",\"target\":{\"@type\":\"EntryPoint\",\"urlTemplate\":\"https:\/\/infoecos.com.ar\/?s={search_term_string}\"},\"query-input\":{\"@type\":\"PropertyValueSpecification\",\"valueRequired\":true,\"valueName\":\"search_term_string\"}}],\"inLanguage\":\"es\"},{\"@type\":\"Organization\",\"@id\":\"https:\/\/infoecos.com.ar\/#organization\",\"name\":\"Infoecos\",\"alternateName\":\"Noticias\",\"url\":\"https:\/\/infoecos.com.ar\/\",\"logo\":{\"@type\":\"ImageObject\",\"inLanguage\":\"es\",\"@id\":\"https:\/\/infoecos.com.ar\/#\/schema\/logo\/image\/\",\"url\":\"https:\/\/infoecos.com.ar\/wp-content\/uploads\/2024\/03\/cropped-logo.png\",\"contentUrl\":\"https:\/\/infoecos.com.ar\/wp-content\/uploads\/2024\/03\/cropped-logo.png\",\"width\":374,\"height\":90,\"caption\":\"Infoecos\"},\"image\":{\"@id\":\"https:\/\/infoecos.com.ar\/#\/schema\/logo\/image\/\"},\"sameAs\":[\"https:\/\/www.facebook.com\/profile.php?id=100063200290284\",\"https:\/\/x.com\/infoecos\"]},{\"@type\":\"Person\",\"@id\":\"https:\/\/infoecos.com.ar\/#\/schema\/person\/8f5ace5ce73b4b4aac4b7245aee6f191\",\"name\":\"Jorge Matheus\",\"url\":\"https:\/\/infoecos.com.ar\/index.php\/author\/jomatheus\/\"}]}<\/script>\n<!-- \/ Yoast SEO plugin. -->","yoast_head_json":{"title":"Multitudinaria concentraci\u00f3n en intersecci\u00f3n de las rutas 5 y provincial 30: \"Autov\u00eda Ya\" - Infoecos","robots":{"index":"index","follow":"follow","max-snippet":"max-snippet:-1","max-image-preview":"max-image-preview:large","max-video-preview":"max-video-preview:-1"},"canonical":"https:\/\/infoecos.com.ar\/index.php\/multitudinaria-concentracion-en-interseccion-de-las-rutas-5-y-provincial-30-autovia-ya\/","og_locale":"es_ES","og_type":"article","og_title":"Multitudinaria concentraci\u00f3n en intersecci\u00f3n de las rutas 5 y provincial 30: \"Autov\u00eda Ya\" - Infoecos","og_description":"Los manifestantes destacaron que \"Ojal\u00e1 se concrete por el bien de todos y que \u00e9sta manifestaci\u00f3n llame la atenci\u00f3n de los gobernantes y entiendan que no se puede esperar m\u00e1s\"","og_url":"https:\/\/infoecos.com.ar\/index.php\/multitudinaria-concentracion-en-interseccion-de-las-rutas-5-y-provincial-30-autovia-ya\/","og_site_name":"Infoecos","article_publisher":"https:\/\/www.facebook.com\/profile.php?id=100063200290284","article_published_time":"2022-07-11T16:44:30+00:00","article_modified_time":"2022-07-12T13:44:15+00:00","og_image":[{"width":1024,"height":768,"url":"https:\/\/infoecos.com.ar\/wp-content\/uploads\/2022\/07\/auto-40-1024x768-1.jpg","type":"image\/jpeg"}],"author":"Jorge Matheus","twitter_card":"summary_large_image","twitter_creator":"@infoecos","twitter_site":"@infoecos","twitter_misc":{"Escrito por":"Jorge Matheus","Tiempo de lectura":"2 minutos"},"schema":{"@context":"https:\/\/schema.org","@graph":[{"@type":"Article","@id":"https:\/\/infoecos.com.ar\/index.php\/multitudinaria-concentracion-en-interseccion-de-las-rutas-5-y-provincial-30-autovia-ya\/#article","isPartOf":{"@id":"https:\/\/infoecos.com.ar\/index.php\/multitudinaria-concentracion-en-interseccion-de-las-rutas-5-y-provincial-30-autovia-ya\/"},"author":{"name":"Jorge Matheus","@id":"https:\/\/infoecos.com.ar\/#\/schema\/person\/8f5ace5ce73b4b4aac4b7245aee6f191"},"headline":"Multitudinaria concentraci\u00f3n en intersecci\u00f3n de las rutas 5 y provincial 30: \u00abAutov\u00eda Ya\u00bb","datePublished":"2022-07-11T16:44:30+00:00","dateModified":"2022-07-12T13:44:15+00:00","mainEntityOfPage":{"@id":"https:\/\/infoecos.com.ar\/index.php\/multitudinaria-concentracion-en-interseccion-de-las-rutas-5-y-provincial-30-autovia-ya\/"},"wordCount":443,"publisher":{"@id":"https:\/\/infoecos.com.ar\/#organization"},"image":{"@id":"https:\/\/infoecos.com.ar\/index.php\/multitudinaria-concentracion-en-interseccion-de-las-rutas-5-y-provincial-30-autovia-ya\/#primaryimage"},"thumbnailUrl":"https:\/\/infoecos.com.ar\/wp-content\/uploads\/2022\/07\/auto-40-1024x768-1.jpg","keywords":["SE AMPLIFICA EL RECLAMO"],"articleSection":["C3 N3","Noticia Secundaria"],"inLanguage":"es"},{"@type":"WebPage","@id":"https:\/\/infoecos.com.ar\/index.php\/multitudinaria-concentracion-en-interseccion-de-las-rutas-5-y-provincial-30-autovia-ya\/","url":"https:\/\/infoecos.com.ar\/index.php\/multitudinaria-concentracion-en-interseccion-de-las-rutas-5-y-provincial-30-autovia-ya\/","name":"Multitudinaria concentraci\u00f3n en intersecci\u00f3n de las rutas 5 y provincial 30: \"Autov\u00eda Ya\" - Infoecos","isPartOf":{"@id":"https:\/\/infoecos.com.ar\/#website"},"primaryImageOfPage":{"@id":"https:\/\/infoecos.com.ar\/index.php\/multitudinaria-concentracion-en-interseccion-de-las-rutas-5-y-provincial-30-autovia-ya\/#primaryimage"},"image":{"@id":"https:\/\/infoecos.com.ar\/index.php\/multitudinaria-concentracion-en-interseccion-de-las-rutas-5-y-provincial-30-autovia-ya\/#primaryimage"},"thumbnailUrl":"https:\/\/infoecos.com.ar\/wp-content\/uploads\/2022\/07\/auto-40-1024x768-1.jpg","datePublished":"2022-07-11T16:44:30+00:00","dateModified":"2022-07-12T13:44:15+00:00","breadcrumb":{"@id":"https:\/\/infoecos.com.ar\/index.php\/multitudinaria-concentracion-en-interseccion-de-las-rutas-5-y-provincial-30-autovia-ya\/#breadcrumb"},"inLanguage":"es","potentialAction":[{"@type":"ReadAction","target":["https:\/\/infoecos.com.ar\/index.php\/multitudinaria-concentracion-en-interseccion-de-las-rutas-5-y-provincial-30-autovia-ya\/"]}]},{"@type":"ImageObject","inLanguage":"es","@id":"https:\/\/infoecos.com.ar\/index.php\/multitudinaria-concentracion-en-interseccion-de-las-rutas-5-y-provincial-30-autovia-ya\/#primaryimage","url":"https:\/\/infoecos.com.ar\/wp-content\/uploads\/2022\/07\/auto-40-1024x768-1.jpg","contentUrl":"https:\/\/infoecos.com.ar\/wp-content\/uploads\/2022\/07\/auto-40-1024x768-1.jpg","width":1024,"height":768},{"@type":"BreadcrumbList","@id":"https:\/\/infoecos.com.ar\/index.php\/multitudinaria-concentracion-en-interseccion-de-las-rutas-5-y-provincial-30-autovia-ya\/#breadcrumb","itemListElement":[{"@type":"ListItem","position":1,"name":"Portada","item":"https:\/\/infoecos.com.ar\/"},{"@type":"ListItem","position":2,"name":"Multitudinaria concentraci\u00f3n en intersecci\u00f3n de las rutas 5 y provincial 30: \u00abAutov\u00eda Ya\u00bb"}]},{"@type":"WebSite","@id":"https:\/\/infoecos.com.ar\/#website","url":"https:\/\/infoecos.com.ar\/","name":"Infoecos","description":"Noticias de trenque lauquen y la zona","publisher":{"@id":"https:\/\/infoecos.com.ar\/#organization"},"alternateName":"Noticias","potentialAction":[{"@type":"SearchAction","target":{"@type":"EntryPoint","urlTemplate":"https:\/\/infoecos.com.ar\/?s={search_term_string}"},"query-input":{"@type":"PropertyValueSpecification","valueRequired":true,"valueName":"search_term_string"}}],"inLanguage":"es"},{"@type":"Organization","@id":"https:\/\/infoecos.com.ar\/#organization","name":"Infoecos","alternateName":"Noticias","url":"https:\/\/infoecos.com.ar\/","logo":{"@type":"ImageObject","inLanguage":"es","@id":"https:\/\/infoecos.com.ar\/#\/schema\/logo\/image\/","url":"https:\/\/infoecos.com.ar\/wp-content\/uploads\/2024\/03\/cropped-logo.png","contentUrl":"https:\/\/infoecos.com.ar\/wp-content\/uploads\/2024\/03\/cropped-logo.png","width":374,"height":90,"caption":"Infoecos"},"image":{"@id":"https:\/\/infoecos.com.ar\/#\/schema\/logo\/image\/"},"sameAs":["https:\/\/www.facebook.com\/profile.php?id=100063200290284","https:\/\/x.com\/infoecos"]},{"@type":"Person","@id":"https:\/\/infoecos.com.ar\/#\/schema\/person\/8f5ace5ce73b4b4aac4b7245aee6f191","name":"Jorge Matheus","url":"https:\/\/infoecos.com.ar\/index.php\/author\/jomatheus\/"}]}},"featured_image_urls":{"full":["https:\/\/infoecos.com.ar\/wp-content\/uploads\/2022\/07\/auto-40-1024x768-1.jpg",1024,768,false],"thumbnail":["https:\/\/infoecos.com.ar\/wp-content\/uploads\/2022\/07\/auto-40-1024x768-1-150x150.jpg",150,150,true],"medium":["https:\/\/infoecos.com.ar\/wp-content\/uploads\/2022\/07\/auto-40-1024x768-1-460x345.jpg",460,345,true],"medium_large":["https:\/\/infoecos.com.ar\/wp-content\/uploads\/2022\/07\/auto-40-1024x768-1-768x576.jpg",640,480,true],"large":["https:\/\/infoecos.com.ar\/wp-content\/uploads\/2022\/07\/auto-40-1024x768-1-920x690.jpg",640,480,true],"1536x1536":["https:\/\/infoecos.com.ar\/wp-content\/uploads\/2022\/07\/auto-40-1024x768-1.jpg",1024,768,false],"2048x2048":["https:\/\/infoecos.com.ar\/wp-content\/uploads\/2022\/07\/auto-40-1024x768-1.jpg",1024,768,false],"covernews-slider-full":["https:\/\/infoecos.com.ar\/wp-content\/uploads\/2022\/07\/auto-40-1024x768-1.jpg",953,715,false],"covernews-slider-center":["https:\/\/infoecos.com.ar\/wp-content\/uploads\/2022\/07\/auto-40-1024x768-1-936x768.jpg",609,500,true],"covernews-featured":["https:\/\/infoecos.com.ar\/wp-content\/uploads\/2022\/07\/auto-40-1024x768-1.jpg",1024,768,false],"covernews-medium":["https:\/\/infoecos.com.ar\/wp-content\/uploads\/2022\/07\/auto-40-1024x768-1-720x380.jpg",540,285,true],"covernews-medium-square":["https:\/\/infoecos.com.ar\/wp-content\/uploads\/2022\/07\/auto-40-1024x768-1-675x450.jpg",375,250,true]},"author_info":{"info":["Jorge Matheus"]},"category_info":"<a href=\"https:\/\/infoecos.com.ar\/index.php\/category\/c3nota3\/\" rel=\"category tag\">C3 N3<\/a> <a href=\"https:\/\/infoecos.com.ar\/index.php\/category\/noticia-secundaria\/\" rel=\"category tag\">Noticia Secundaria<\/a>","tag_info":"Noticia Secundaria","comment_count":"0","_links":{"self":[{"href":"https:\/\/infoecos.com.ar\/index.php\/wp-json\/wp\/v2\/posts\/94231"}],"collection":[{"href":"https:\/\/infoecos.com.ar\/index.php\/wp-json\/wp\/v2\/posts"}],"about":[{"href":"https:\/\/infoecos.com.ar\/index.php\/wp-json\/wp\/v2\/types\/post"}],"author":[{"embeddable":true,"href":"https:\/\/infoecos.com.ar\/index.php\/wp-json\/wp\/v2\/users\/2"}],"replies":[{"embeddable":true,"href":"https:\/\/infoecos.com.ar\/index.php\/wp-json\/wp\/v2\/comments?post=94231"}],"version-history":[{"count":2,"href":"https:\/\/infoecos.com.ar\/index.php\/wp-json\/wp\/v2\/posts\/94231\/revisions"}],"predecessor-version":[{"id":94291,"href":"https:\/\/infoecos.com.ar\/index.php\/wp-json\/wp\/v2\/posts\/94231\/revisions\/94291"}],"wp:featuredmedia":[{"embeddable":true,"href":"https:\/\/infoecos.com.ar\/index.php\/wp-json\/wp\/v2\/media\/94233"}],"wp:attachment":[{"href":"https:\/\/infoecos.com.ar\/index.php\/wp-json\/wp\/v2\/media?parent=94231"}],"wp:term":[{"taxonomy":"category","embeddable":true,"href":"https:\/\/infoecos.com.ar\/index.php\/wp-json\/wp\/v2\/categories?post=94231"},{"taxonomy":"post_tag","embeddable":true,"href":"https:\/\/infoecos.com.ar\/index.php\/wp-json\/wp\/v2\/tags?post=94231"}],"curies":[{"name":"wp","href":"https:\/\/api.w.org\/{rel}","templated":true}]}}