{"id":94256,"date":"2022-07-12T01:28:32","date_gmt":"2022-07-12T04:28:32","guid":{"rendered":"http:\/\/infoecos.com.ar\/?p=94256"},"modified":"2022-07-12T01:28:33","modified_gmt":"2022-07-12T04:28:33","slug":"iguacel-ex-titular-de-vialidad-nacional-y-actual-intendente-de-capitan-sarmiento-promueve-su-candidatura-a-gobernador-bonaerense","status":"publish","type":"post","link":"https:\/\/infoecos.com.ar\/index.php\/iguacel-ex-titular-de-vialidad-nacional-y-actual-intendente-de-capitan-sarmiento-promueve-su-candidatura-a-gobernador-bonaerense\/","title":{"rendered":"Iguacel, ex titular de Vialidad Nacional y actual intendente de Capit\u00e1n Sarmiento promueve su candidatura a gobernador bonaerense"},"content":{"rendered":"\n<p>Javier Iguacel, que fuera titular de Vialidad Nacional y actualmente es el intendente municipal de Capit\u00e1n Sarmiento recorre la provincia. D\u00edas pasados estuvo en General Villegas. Se reuni\u00f3 con dirigentes y estuvo en el municipio, donde se encontr\u00f3 con su par, Eduardo Campana y funcionarios del gobierno.  <\/p>\n\n\n\n<figure class=\"wp-block-image aligncenter size-full is-resized\"><img loading=\"lazy\" decoding=\"async\" src=\"http:\/\/infoecos.com.ar\/wp-content\/uploads\/2022\/07\/cf6be88c-5.jpg\" alt=\"\" class=\"wp-image-94257\" width=\"507\" height=\"380\" srcset=\"https:\/\/infoecos.com.ar\/wp-content\/uploads\/2022\/07\/cf6be88c-5.jpg 800w, https:\/\/infoecos.com.ar\/wp-content\/uploads\/2022\/07\/cf6be88c-5-460x345.jpg 460w, https:\/\/infoecos.com.ar\/wp-content\/uploads\/2022\/07\/cf6be88c-5-768x576.jpg 768w\" sizes=\"(max-width: 507px) 100vw, 507px\" \/><figcaption>Javier Iguacel en General Villegas<\/figcaption><\/figure>\n\n\n\n<p>Iguacel hizo hincapi\u00e9, en sus contactos, en la autonom\u00eda de los municipios. Consider\u00f3 que \u201cse puede gestionar desde la autonom\u00eda y desde ese lugar quiero avanzar. Como dice nuestra Constituci\u00f3n, a pesar de eso seguimos con un decreto ley de las dictaduras que regula a los municipios, as\u00ed que estamos trabajando en un proyecto que le permita tener m\u00e1s autonom\u00eda a los municipios y evite esas cuestiones\u201d.<\/p>\n\n\n\n<p>Iguacel que fue tambi\u00e9n ministro de Energ\u00eda del gobierno de Macri, refiri\u00e9ndose a su futuro, indic\u00f3 que  \u201ctenemos ganas de progresar y la visi\u00f3n hacia adelante para construir una provincia y una Patria distinta. Creo que la provincia puede y tiene que ser la locomotora del cambio en la Argentina y no m\u00e1s el furg\u00f3n descarrilado que le pesa y con un conurbano complejo\u201d.<\/p>\n\n\n\n<figure class=\"wp-block-image aligncenter size-full is-resized\"><img loading=\"lazy\" decoding=\"async\" src=\"http:\/\/infoecos.com.ar\/wp-content\/uploads\/2022\/07\/0964fdcc-4.jpg\" alt=\"\" class=\"wp-image-94258\" width=\"506\" height=\"380\" srcset=\"https:\/\/infoecos.com.ar\/wp-content\/uploads\/2022\/07\/0964fdcc-4.jpg 800w, https:\/\/infoecos.com.ar\/wp-content\/uploads\/2022\/07\/0964fdcc-4-460x345.jpg 460w, https:\/\/infoecos.com.ar\/wp-content\/uploads\/2022\/07\/0964fdcc-4-768x576.jpg 768w\" sizes=\"(max-width: 506px) 100vw, 506px\" \/><figcaption>Iguacel en el despacho con Campana<\/figcaption><\/figure>\n\n\n\n<p>\u201cTenemos la fuerza, la capacidad de convertir los planes en trabajo y ser una provincia tranquila, segura como es Villegas y que tambi\u00e9n puede ser La Matanza. Muchos lo han conseguido, por supuesto que hay intereses que hay que cortar, que son de los vivos que viven de los que laburan\u201d, consider\u00f3.<\/p>\n","protected":false},"excerpt":{"rendered":"<p>Iguacel hizo hincapi\u00e9, en sus contactos, en la autonom\u00eda de los municipios. Consider\u00f3 que \u201cse puede gestionar desde la autonom\u00eda y desde ese lugar quiero avanzar\u00bb<\/p>\n","protected":false},"author":2,"featured_media":94259,"comment_status":"closed","ping_status":"open","sticky":false,"template":"","format":"standard","meta":{"footnotes":""},"categories":[46],"tags":[6265],"class_list":["post-94256","post","type-post","status-publish","format-standard","has-post-thumbnail","hentry","category-c2nota2","tag-camino-al-2023"],"yoast_head":"<!-- This site is optimized with the Yoast SEO plugin v23.4 - https:\/\/yoast.com\/wordpress\/plugins\/seo\/ -->\n<title>Iguacel, ex titular de Vialidad Nacional y actual intendente de Capit\u00e1n Sarmiento promueve su candidatura a gobernador bonaerense - Infoecos<\/title>\n<meta name=\"robots\" content=\"index, follow, max-snippet:-1, max-image-preview:large, max-video-preview:-1\" \/>\n<link rel=\"canonical\" href=\"https:\/\/infoecos.com.ar\/index.php\/iguacel-ex-titular-de-vialidad-nacional-y-actual-intendente-de-capitan-sarmiento-promueve-su-candidatura-a-gobernador-bonaerense\/\" \/>\n<meta property=\"og:locale\" content=\"es_ES\" \/>\n<meta property=\"og:type\" content=\"article\" \/>\n<meta property=\"og:title\" content=\"Iguacel, ex titular de Vialidad Nacional y actual intendente de Capit\u00e1n Sarmiento promueve su candidatura a gobernador bonaerense - Infoecos\" \/>\n<meta property=\"og:description\" content=\"Iguacel hizo hincapi\u00e9, en sus contactos, en la autonom\u00eda de los municipios. Consider\u00f3 que \u201cse puede gestionar desde la autonom\u00eda y desde ese lugar quiero avanzar&quot;\" \/>\n<meta property=\"og:url\" content=\"https:\/\/infoecos.com.ar\/index.php\/iguacel-ex-titular-de-vialidad-nacional-y-actual-intendente-de-capitan-sarmiento-promueve-su-candidatura-a-gobernador-bonaerense\/\" \/>\n<meta property=\"og:site_name\" content=\"Infoecos\" \/>\n<meta property=\"article:publisher\" content=\"https:\/\/www.facebook.com\/profile.php?id=100063200290284\" \/>\n<meta property=\"article:published_time\" content=\"2022-07-12T04:28:32+00:00\" \/>\n<meta property=\"article:modified_time\" content=\"2022-07-12T04:28:33+00:00\" \/>\n<meta property=\"og:image\" content=\"https:\/\/infoecos.com.ar\/wp-content\/uploads\/2022\/07\/0b325a95-2.jpg\" \/>\n\t<meta property=\"og:image:width\" content=\"800\" \/>\n\t<meta property=\"og:image:height\" content=\"1067\" \/>\n\t<meta property=\"og:image:type\" content=\"image\/jpeg\" \/>\n<meta name=\"author\" content=\"Jorge Matheus\" \/>\n<meta name=\"twitter:card\" content=\"summary_large_image\" \/>\n<meta name=\"twitter:creator\" content=\"@infoecos\" \/>\n<meta name=\"twitter:site\" content=\"@infoecos\" \/>\n<meta name=\"twitter:label1\" content=\"Escrito por\" \/>\n\t<meta name=\"twitter:data1\" content=\"Jorge Matheus\" \/>\n\t<meta name=\"twitter:label2\" content=\"Tiempo de lectura\" \/>\n\t<meta name=\"twitter:data2\" content=\"1 minuto\" \/>\n<script type=\"application\/ld+json\" class=\"yoast-schema-graph\">{\"@context\":\"https:\/\/schema.org\",\"@graph\":[{\"@type\":\"Article\",\"@id\":\"https:\/\/infoecos.com.ar\/index.php\/iguacel-ex-titular-de-vialidad-nacional-y-actual-intendente-de-capitan-sarmiento-promueve-su-candidatura-a-gobernador-bonaerense\/#article\",\"isPartOf\":{\"@id\":\"https:\/\/infoecos.com.ar\/index.php\/iguacel-ex-titular-de-vialidad-nacional-y-actual-intendente-de-capitan-sarmiento-promueve-su-candidatura-a-gobernador-bonaerense\/\"},\"author\":{\"name\":\"Jorge Matheus\",\"@id\":\"https:\/\/infoecos.com.ar\/#\/schema\/person\/8f5ace5ce73b4b4aac4b7245aee6f191\"},\"headline\":\"Iguacel, ex titular de Vialidad Nacional y actual intendente de Capit\u00e1n Sarmiento promueve su candidatura a gobernador bonaerense\",\"datePublished\":\"2022-07-12T04:28:32+00:00\",\"dateModified\":\"2022-07-12T04:28:33+00:00\",\"mainEntityOfPage\":{\"@id\":\"https:\/\/infoecos.com.ar\/index.php\/iguacel-ex-titular-de-vialidad-nacional-y-actual-intendente-de-capitan-sarmiento-promueve-su-candidatura-a-gobernador-bonaerense\/\"},\"wordCount\":274,\"publisher\":{\"@id\":\"https:\/\/infoecos.com.ar\/#organization\"},\"image\":{\"@id\":\"https:\/\/infoecos.com.ar\/index.php\/iguacel-ex-titular-de-vialidad-nacional-y-actual-intendente-de-capitan-sarmiento-promueve-su-candidatura-a-gobernador-bonaerense\/#primaryimage\"},\"thumbnailUrl\":\"https:\/\/infoecos.com.ar\/wp-content\/uploads\/2022\/07\/0b325a95-2.jpg\",\"keywords\":[\"CAMINO AL 2023\"],\"articleSection\":[\"C2 N2\"],\"inLanguage\":\"es\"},{\"@type\":\"WebPage\",\"@id\":\"https:\/\/infoecos.com.ar\/index.php\/iguacel-ex-titular-de-vialidad-nacional-y-actual-intendente-de-capitan-sarmiento-promueve-su-candidatura-a-gobernador-bonaerense\/\",\"url\":\"https:\/\/infoecos.com.ar\/index.php\/iguacel-ex-titular-de-vialidad-nacional-y-actual-intendente-de-capitan-sarmiento-promueve-su-candidatura-a-gobernador-bonaerense\/\",\"name\":\"Iguacel, ex titular de Vialidad Nacional y actual intendente de Capit\u00e1n Sarmiento promueve su candidatura a gobernador bonaerense - Infoecos\",\"isPartOf\":{\"@id\":\"https:\/\/infoecos.com.ar\/#website\"},\"primaryImageOfPage\":{\"@id\":\"https:\/\/infoecos.com.ar\/index.php\/iguacel-ex-titular-de-vialidad-nacional-y-actual-intendente-de-capitan-sarmiento-promueve-su-candidatura-a-gobernador-bonaerense\/#primaryimage\"},\"image\":{\"@id\":\"https:\/\/infoecos.com.ar\/index.php\/iguacel-ex-titular-de-vialidad-nacional-y-actual-intendente-de-capitan-sarmiento-promueve-su-candidatura-a-gobernador-bonaerense\/#primaryimage\"},\"thumbnailUrl\":\"https:\/\/infoecos.com.ar\/wp-content\/uploads\/2022\/07\/0b325a95-2.jpg\",\"datePublished\":\"2022-07-12T04:28:32+00:00\",\"dateModified\":\"2022-07-12T04:28:33+00:00\",\"breadcrumb\":{\"@id\":\"https:\/\/infoecos.com.ar\/index.php\/iguacel-ex-titular-de-vialidad-nacional-y-actual-intendente-de-capitan-sarmiento-promueve-su-candidatura-a-gobernador-bonaerense\/#breadcrumb\"},\"inLanguage\":\"es\",\"potentialAction\":[{\"@type\":\"ReadAction\",\"target\":[\"https:\/\/infoecos.com.ar\/index.php\/iguacel-ex-titular-de-vialidad-nacional-y-actual-intendente-de-capitan-sarmiento-promueve-su-candidatura-a-gobernador-bonaerense\/\"]}]},{\"@type\":\"ImageObject\",\"inLanguage\":\"es\",\"@id\":\"https:\/\/infoecos.com.ar\/index.php\/iguacel-ex-titular-de-vialidad-nacional-y-actual-intendente-de-capitan-sarmiento-promueve-su-candidatura-a-gobernador-bonaerense\/#primaryimage\",\"url\":\"https:\/\/infoecos.com.ar\/wp-content\/uploads\/2022\/07\/0b325a95-2.jpg\",\"contentUrl\":\"https:\/\/infoecos.com.ar\/wp-content\/uploads\/2022\/07\/0b325a95-2.jpg\",\"width\":800,\"height\":1067},{\"@type\":\"BreadcrumbList\",\"@id\":\"https:\/\/infoecos.com.ar\/index.php\/iguacel-ex-titular-de-vialidad-nacional-y-actual-intendente-de-capitan-sarmiento-promueve-su-candidatura-a-gobernador-bonaerense\/#breadcrumb\",\"itemListElement\":[{\"@type\":\"ListItem\",\"position\":1,\"name\":\"Portada\",\"item\":\"https:\/\/infoecos.com.ar\/\"},{\"@type\":\"ListItem\",\"position\":2,\"name\":\"Iguacel, ex titular de Vialidad Nacional y actual intendente de Capit\u00e1n Sarmiento promueve su candidatura a gobernador bonaerense\"}]},{\"@type\":\"WebSite\",\"@id\":\"https:\/\/infoecos.com.ar\/#website\",\"url\":\"https:\/\/infoecos.com.ar\/\",\"name\":\"Infoecos\",\"description\":\"Noticias de trenque lauquen y la zona\",\"publisher\":{\"@id\":\"https:\/\/infoecos.com.ar\/#organization\"},\"alternateName\":\"Noticias\",\"potentialAction\":[{\"@type\":\"SearchAction\",\"target\":{\"@type\":\"EntryPoint\",\"urlTemplate\":\"https:\/\/infoecos.com.ar\/?s={search_term_string}\"},\"query-input\":{\"@type\":\"PropertyValueSpecification\",\"valueRequired\":true,\"valueName\":\"search_term_string\"}}],\"inLanguage\":\"es\"},{\"@type\":\"Organization\",\"@id\":\"https:\/\/infoecos.com.ar\/#organization\",\"name\":\"Infoecos\",\"alternateName\":\"Noticias\",\"url\":\"https:\/\/infoecos.com.ar\/\",\"logo\":{\"@type\":\"ImageObject\",\"inLanguage\":\"es\",\"@id\":\"https:\/\/infoecos.com.ar\/#\/schema\/logo\/image\/\",\"url\":\"https:\/\/infoecos.com.ar\/wp-content\/uploads\/2024\/03\/cropped-logo.png\",\"contentUrl\":\"https:\/\/infoecos.com.ar\/wp-content\/uploads\/2024\/03\/cropped-logo.png\",\"width\":374,\"height\":90,\"caption\":\"Infoecos\"},\"image\":{\"@id\":\"https:\/\/infoecos.com.ar\/#\/schema\/logo\/image\/\"},\"sameAs\":[\"https:\/\/www.facebook.com\/profile.php?id=100063200290284\",\"https:\/\/x.com\/infoecos\"]},{\"@type\":\"Person\",\"@id\":\"https:\/\/infoecos.com.ar\/#\/schema\/person\/8f5ace5ce73b4b4aac4b7245aee6f191\",\"name\":\"Jorge Matheus\",\"url\":\"https:\/\/infoecos.com.ar\/index.php\/author\/jomatheus\/\"}]}<\/script>\n<!-- \/ Yoast SEO plugin. -->","yoast_head_json":{"title":"Iguacel, ex titular de Vialidad Nacional y actual intendente de Capit\u00e1n Sarmiento promueve su candidatura a gobernador bonaerense - Infoecos","robots":{"index":"index","follow":"follow","max-snippet":"max-snippet:-1","max-image-preview":"max-image-preview:large","max-video-preview":"max-video-preview:-1"},"canonical":"https:\/\/infoecos.com.ar\/index.php\/iguacel-ex-titular-de-vialidad-nacional-y-actual-intendente-de-capitan-sarmiento-promueve-su-candidatura-a-gobernador-bonaerense\/","og_locale":"es_ES","og_type":"article","og_title":"Iguacel, ex titular de Vialidad Nacional y actual intendente de Capit\u00e1n Sarmiento promueve su candidatura a gobernador bonaerense - Infoecos","og_description":"Iguacel hizo hincapi\u00e9, en sus contactos, en la autonom\u00eda de los municipios. Consider\u00f3 que \u201cse puede gestionar desde la autonom\u00eda y desde ese lugar quiero avanzar\"","og_url":"https:\/\/infoecos.com.ar\/index.php\/iguacel-ex-titular-de-vialidad-nacional-y-actual-intendente-de-capitan-sarmiento-promueve-su-candidatura-a-gobernador-bonaerense\/","og_site_name":"Infoecos","article_publisher":"https:\/\/www.facebook.com\/profile.php?id=100063200290284","article_published_time":"2022-07-12T04:28:32+00:00","article_modified_time":"2022-07-12T04:28:33+00:00","og_image":[{"width":800,"height":1067,"url":"https:\/\/infoecos.com.ar\/wp-content\/uploads\/2022\/07\/0b325a95-2.jpg","type":"image\/jpeg"}],"author":"Jorge Matheus","twitter_card":"summary_large_image","twitter_creator":"@infoecos","twitter_site":"@infoecos","twitter_misc":{"Escrito por":"Jorge Matheus","Tiempo de lectura":"1 minuto"},"schema":{"@context":"https:\/\/schema.org","@graph":[{"@type":"Article","@id":"https:\/\/infoecos.com.ar\/index.php\/iguacel-ex-titular-de-vialidad-nacional-y-actual-intendente-de-capitan-sarmiento-promueve-su-candidatura-a-gobernador-bonaerense\/#article","isPartOf":{"@id":"https:\/\/infoecos.com.ar\/index.php\/iguacel-ex-titular-de-vialidad-nacional-y-actual-intendente-de-capitan-sarmiento-promueve-su-candidatura-a-gobernador-bonaerense\/"},"author":{"name":"Jorge Matheus","@id":"https:\/\/infoecos.com.ar\/#\/schema\/person\/8f5ace5ce73b4b4aac4b7245aee6f191"},"headline":"Iguacel, ex titular de Vialidad Nacional y actual intendente de Capit\u00e1n Sarmiento promueve su candidatura a gobernador bonaerense","datePublished":"2022-07-12T04:28:32+00:00","dateModified":"2022-07-12T04:28:33+00:00","mainEntityOfPage":{"@id":"https:\/\/infoecos.com.ar\/index.php\/iguacel-ex-titular-de-vialidad-nacional-y-actual-intendente-de-capitan-sarmiento-promueve-su-candidatura-a-gobernador-bonaerense\/"},"wordCount":274,"publisher":{"@id":"https:\/\/infoecos.com.ar\/#organization"},"image":{"@id":"https:\/\/infoecos.com.ar\/index.php\/iguacel-ex-titular-de-vialidad-nacional-y-actual-intendente-de-capitan-sarmiento-promueve-su-candidatura-a-gobernador-bonaerense\/#primaryimage"},"thumbnailUrl":"https:\/\/infoecos.com.ar\/wp-content\/uploads\/2022\/07\/0b325a95-2.jpg","keywords":["CAMINO AL 2023"],"articleSection":["C2 N2"],"inLanguage":"es"},{"@type":"WebPage","@id":"https:\/\/infoecos.com.ar\/index.php\/iguacel-ex-titular-de-vialidad-nacional-y-actual-intendente-de-capitan-sarmiento-promueve-su-candidatura-a-gobernador-bonaerense\/","url":"https:\/\/infoecos.com.ar\/index.php\/iguacel-ex-titular-de-vialidad-nacional-y-actual-intendente-de-capitan-sarmiento-promueve-su-candidatura-a-gobernador-bonaerense\/","name":"Iguacel, ex titular de Vialidad Nacional y actual intendente de Capit\u00e1n Sarmiento promueve su candidatura a gobernador bonaerense - Infoecos","isPartOf":{"@id":"https:\/\/infoecos.com.ar\/#website"},"primaryImageOfPage":{"@id":"https:\/\/infoecos.com.ar\/index.php\/iguacel-ex-titular-de-vialidad-nacional-y-actual-intendente-de-capitan-sarmiento-promueve-su-candidatura-a-gobernador-bonaerense\/#primaryimage"},"image":{"@id":"https:\/\/infoecos.com.ar\/index.php\/iguacel-ex-titular-de-vialidad-nacional-y-actual-intendente-de-capitan-sarmiento-promueve-su-candidatura-a-gobernador-bonaerense\/#primaryimage"},"thumbnailUrl":"https:\/\/infoecos.com.ar\/wp-content\/uploads\/2022\/07\/0b325a95-2.jpg","datePublished":"2022-07-12T04:28:32+00:00","dateModified":"2022-07-12T04:28:33+00:00","breadcrumb":{"@id":"https:\/\/infoecos.com.ar\/index.php\/iguacel-ex-titular-de-vialidad-nacional-y-actual-intendente-de-capitan-sarmiento-promueve-su-candidatura-a-gobernador-bonaerense\/#breadcrumb"},"inLanguage":"es","potentialAction":[{"@type":"ReadAction","target":["https:\/\/infoecos.com.ar\/index.php\/iguacel-ex-titular-de-vialidad-nacional-y-actual-intendente-de-capitan-sarmiento-promueve-su-candidatura-a-gobernador-bonaerense\/"]}]},{"@type":"ImageObject","inLanguage":"es","@id":"https:\/\/infoecos.com.ar\/index.php\/iguacel-ex-titular-de-vialidad-nacional-y-actual-intendente-de-capitan-sarmiento-promueve-su-candidatura-a-gobernador-bonaerense\/#primaryimage","url":"https:\/\/infoecos.com.ar\/wp-content\/uploads\/2022\/07\/0b325a95-2.jpg","contentUrl":"https:\/\/infoecos.com.ar\/wp-content\/uploads\/2022\/07\/0b325a95-2.jpg","width":800,"height":1067},{"@type":"BreadcrumbList","@id":"https:\/\/infoecos.com.ar\/index.php\/iguacel-ex-titular-de-vialidad-nacional-y-actual-intendente-de-capitan-sarmiento-promueve-su-candidatura-a-gobernador-bonaerense\/#breadcrumb","itemListElement":[{"@type":"ListItem","position":1,"name":"Portada","item":"https:\/\/infoecos.com.ar\/"},{"@type":"ListItem","position":2,"name":"Iguacel, ex titular de Vialidad Nacional y actual intendente de Capit\u00e1n Sarmiento promueve su candidatura a gobernador bonaerense"}]},{"@type":"WebSite","@id":"https:\/\/infoecos.com.ar\/#website","url":"https:\/\/infoecos.com.ar\/","name":"Infoecos","description":"Noticias de trenque lauquen y la zona","publisher":{"@id":"https:\/\/infoecos.com.ar\/#organization"},"alternateName":"Noticias","potentialAction":[{"@type":"SearchAction","target":{"@type":"EntryPoint","urlTemplate":"https:\/\/infoecos.com.ar\/?s={search_term_string}"},"query-input":{"@type":"PropertyValueSpecification","valueRequired":true,"valueName":"search_term_string"}}],"inLanguage":"es"},{"@type":"Organization","@id":"https:\/\/infoecos.com.ar\/#organization","name":"Infoecos","alternateName":"Noticias","url":"https:\/\/infoecos.com.ar\/","logo":{"@type":"ImageObject","inLanguage":"es","@id":"https:\/\/infoecos.com.ar\/#\/schema\/logo\/image\/","url":"https:\/\/infoecos.com.ar\/wp-content\/uploads\/2024\/03\/cropped-logo.png","contentUrl":"https:\/\/infoecos.com.ar\/wp-content\/uploads\/2024\/03\/cropped-logo.png","width":374,"height":90,"caption":"Infoecos"},"image":{"@id":"https:\/\/infoecos.com.ar\/#\/schema\/logo\/image\/"},"sameAs":["https:\/\/www.facebook.com\/profile.php?id=100063200290284","https:\/\/x.com\/infoecos"]},{"@type":"Person","@id":"https:\/\/infoecos.com.ar\/#\/schema\/person\/8f5ace5ce73b4b4aac4b7245aee6f191","name":"Jorge Matheus","url":"https:\/\/infoecos.com.ar\/index.php\/author\/jomatheus\/"}]}},"featured_image_urls":{"full":["https:\/\/infoecos.com.ar\/wp-content\/uploads\/2022\/07\/0b325a95-2.jpg",800,1067,false],"thumbnail":["https:\/\/infoecos.com.ar\/wp-content\/uploads\/2022\/07\/0b325a95-2-150x150.jpg",150,150,true],"medium":["https:\/\/infoecos.com.ar\/wp-content\/uploads\/2022\/07\/0b325a95-2-345x460.jpg",345,460,true],"medium_large":["https:\/\/infoecos.com.ar\/wp-content\/uploads\/2022\/07\/0b325a95-2-768x1024.jpg",640,853,true],"large":["https:\/\/infoecos.com.ar\/wp-content\/uploads\/2022\/07\/0b325a95-2-690x920.jpg",640,853,true],"1536x1536":["https:\/\/infoecos.com.ar\/wp-content\/uploads\/2022\/07\/0b325a95-2.jpg",800,1067,false],"2048x2048":["https:\/\/infoecos.com.ar\/wp-content\/uploads\/2022\/07\/0b325a95-2.jpg",800,1067,false],"covernews-slider-full":["https:\/\/infoecos.com.ar\/wp-content\/uploads\/2022\/07\/0b325a95-2-800x1020.jpg",561,715,true],"covernews-slider-center":["https:\/\/infoecos.com.ar\/wp-content\/uploads\/2022\/07\/0b325a95-2-800x897.jpg",446,500,true],"covernews-featured":["https:\/\/infoecos.com.ar\/wp-content\/uploads\/2022\/07\/0b325a95-2.jpg",800,1067,false],"covernews-medium":["https:\/\/infoecos.com.ar\/wp-content\/uploads\/2022\/07\/0b325a95-2-720x380.jpg",540,285,true],"covernews-medium-square":["https:\/\/infoecos.com.ar\/wp-content\/uploads\/2022\/07\/0b325a95-2-675x450.jpg",375,250,true]},"author_info":{"info":["Jorge Matheus"]},"category_info":"<a href=\"https:\/\/infoecos.com.ar\/index.php\/category\/c2nota2\/\" rel=\"category tag\">C2 N2<\/a>","tag_info":"C2 N2","comment_count":"0","_links":{"self":[{"href":"https:\/\/infoecos.com.ar\/index.php\/wp-json\/wp\/v2\/posts\/94256"}],"collection":[{"href":"https:\/\/infoecos.com.ar\/index.php\/wp-json\/wp\/v2\/posts"}],"about":[{"href":"https:\/\/infoecos.com.ar\/index.php\/wp-json\/wp\/v2\/types\/post"}],"author":[{"embeddable":true,"href":"https:\/\/infoecos.com.ar\/index.php\/wp-json\/wp\/v2\/users\/2"}],"replies":[{"embeddable":true,"href":"https:\/\/infoecos.com.ar\/index.php\/wp-json\/wp\/v2\/comments?post=94256"}],"version-history":[{"count":1,"href":"https:\/\/infoecos.com.ar\/index.php\/wp-json\/wp\/v2\/posts\/94256\/revisions"}],"predecessor-version":[{"id":94260,"href":"https:\/\/infoecos.com.ar\/index.php\/wp-json\/wp\/v2\/posts\/94256\/revisions\/94260"}],"wp:featuredmedia":[{"embeddable":true,"href":"https:\/\/infoecos.com.ar\/index.php\/wp-json\/wp\/v2\/media\/94259"}],"wp:attachment":[{"href":"https:\/\/infoecos.com.ar\/index.php\/wp-json\/wp\/v2\/media?parent=94256"}],"wp:term":[{"taxonomy":"category","embeddable":true,"href":"https:\/\/infoecos.com.ar\/index.php\/wp-json\/wp\/v2\/categories?post=94256"},{"taxonomy":"post_tag","embeddable":true,"href":"https:\/\/infoecos.com.ar\/index.php\/wp-json\/wp\/v2\/tags?post=94256"}],"curies":[{"name":"wp","href":"https:\/\/api.w.org\/{rel}","templated":true}]}}