{"id":94261,"date":"2022-07-12T01:34:49","date_gmt":"2022-07-12T04:34:49","guid":{"rendered":"http:\/\/infoecos.com.ar\/?p=94261"},"modified":"2022-07-12T01:34:50","modified_gmt":"2022-07-12T04:34:50","slug":"comenzaran-las-primeras-obras-del-gasoducto-trenque-lauquen-america","status":"publish","type":"post","link":"https:\/\/infoecos.com.ar\/index.php\/comenzaran-las-primeras-obras-del-gasoducto-trenque-lauquen-america\/","title":{"rendered":"Comenzar\u00e1n las primeras obras del gasoducto Trenque Lauquen &#8211; Am\u00e9rica"},"content":{"rendered":"\n<p>El Intendente Municipal de Rivadavia, Javier Reynoso, anunci\u00f3 el comienzo de las primeras obras para la construcci\u00f3n del gasoducto en Am\u00e9rica. <\/p>\n\n\n\n<p>La obra de gasoducto Trenque Lauquen &#8211; Am\u00e9rica tendr\u00e1 una longitud de 72 kil\u00f3metros, y ser\u00e1 construida a la vera de la Ruta Nacional N\u00b033. Adem\u00e1s, se edificar\u00e1n dos estaciones de reducci\u00f3n.<\/p>\n\n\n\n<figure class=\"wp-block-image aligncenter size-large\"><img loading=\"lazy\" decoding=\"async\" width=\"920\" height=\"517\" src=\"http:\/\/infoecos.com.ar\/wp-content\/uploads\/2022\/07\/gasoducto-920x517.jpg\" alt=\"\" class=\"wp-image-94262\" srcset=\"https:\/\/infoecos.com.ar\/wp-content\/uploads\/2022\/07\/gasoducto-920x517.jpg 920w, https:\/\/infoecos.com.ar\/wp-content\/uploads\/2022\/07\/gasoducto-460x258.jpg 460w, https:\/\/infoecos.com.ar\/wp-content\/uploads\/2022\/07\/gasoducto-768x431.jpg 768w, https:\/\/infoecos.com.ar\/wp-content\/uploads\/2022\/07\/gasoducto-1024x575.jpg 1024w, https:\/\/infoecos.com.ar\/wp-content\/uploads\/2022\/07\/gasoducto.jpg 1280w\" sizes=\"(max-width: 920px) 100vw, 920px\" \/><figcaption>Foto: www.masternews.com.ar<\/figcaption><\/figure>\n\n\n\n<p>Reynoso dijo que ya se est\u00e1n readecuando los programas municipales para poder brindar a los vecinos los recursos econ\u00f3micos y humanos que posibiliten la conexi\u00f3n al servicio. En primera instancia, se abrir\u00e1 una l\u00ednea de asistencia dentro del Banco Municipal de Desarrollo Humano, para la instalaci\u00f3n domiciliaria del servicio. Por otra parte, el Centro de Formaci\u00f3n Laboral brindar\u00e1 la capacitaci\u00f3n para ser gasista matriculado.<\/p>\n\n\n\n<p>Hasta el momento, la planta es abastecida por camiones que, en momentos de uso pico, llegan a ser 14 por d\u00eda (el 50% del consumo de la regi\u00f3n). Con esta obra, esos camiones podr\u00e1n abastecer a otras localidades del distrito. <\/p>\n","protected":false},"excerpt":{"rendered":"<p>Tendr\u00e1 una longitud de 72 kil\u00f3metros, y ser\u00e1 construida a la vera de la Ruta Nacional N\u00b033. Adem\u00e1s, se edificar\u00e1n dos estaciones de reducci\u00f3n<\/p>\n","protected":false},"author":2,"featured_media":94262,"comment_status":"closed","ping_status":"open","sticky":false,"template":"","format":"standard","meta":{"footnotes":""},"categories":[47],"tags":[6266],"class_list":["post-94261","post","type-post","status-publish","format-standard","has-post-thumbnail","hentry","category-c3nota2","tag-conferencia-de-prensa-de-reynoso"],"yoast_head":"<!-- This site is optimized with the Yoast SEO plugin v23.4 - https:\/\/yoast.com\/wordpress\/plugins\/seo\/ -->\n<title>Comenzar\u00e1n las primeras obras del gasoducto Trenque Lauquen - Am\u00e9rica - Infoecos<\/title>\n<meta name=\"robots\" content=\"index, follow, max-snippet:-1, max-image-preview:large, max-video-preview:-1\" \/>\n<link rel=\"canonical\" href=\"https:\/\/infoecos.com.ar\/index.php\/comenzaran-las-primeras-obras-del-gasoducto-trenque-lauquen-america\/\" \/>\n<meta property=\"og:locale\" content=\"es_ES\" \/>\n<meta property=\"og:type\" content=\"article\" \/>\n<meta property=\"og:title\" content=\"Comenzar\u00e1n las primeras obras del gasoducto Trenque Lauquen - Am\u00e9rica - Infoecos\" \/>\n<meta property=\"og:description\" content=\"Tendr\u00e1 una longitud de 72 kil\u00f3metros, y ser\u00e1 construida a la vera de la Ruta Nacional N\u00b033. Adem\u00e1s, se edificar\u00e1n dos estaciones de reducci\u00f3n\" \/>\n<meta property=\"og:url\" content=\"https:\/\/infoecos.com.ar\/index.php\/comenzaran-las-primeras-obras-del-gasoducto-trenque-lauquen-america\/\" \/>\n<meta property=\"og:site_name\" content=\"Infoecos\" \/>\n<meta property=\"article:publisher\" content=\"https:\/\/www.facebook.com\/profile.php?id=100063200290284\" \/>\n<meta property=\"article:published_time\" content=\"2022-07-12T04:34:49+00:00\" \/>\n<meta property=\"article:modified_time\" content=\"2022-07-12T04:34:50+00:00\" \/>\n<meta property=\"og:image\" content=\"https:\/\/infoecos.com.ar\/wp-content\/uploads\/2022\/07\/gasoducto.jpg\" \/>\n\t<meta property=\"og:image:width\" content=\"1280\" \/>\n\t<meta property=\"og:image:height\" content=\"719\" \/>\n\t<meta property=\"og:image:type\" content=\"image\/jpeg\" \/>\n<meta name=\"author\" content=\"Jorge Matheus\" \/>\n<meta name=\"twitter:card\" content=\"summary_large_image\" \/>\n<meta name=\"twitter:creator\" content=\"@infoecos\" \/>\n<meta name=\"twitter:site\" content=\"@infoecos\" \/>\n<meta name=\"twitter:label1\" content=\"Escrito por\" \/>\n\t<meta name=\"twitter:data1\" content=\"Jorge Matheus\" \/>\n\t<meta name=\"twitter:label2\" content=\"Tiempo de lectura\" \/>\n\t<meta name=\"twitter:data2\" content=\"1 minuto\" \/>\n<script type=\"application\/ld+json\" class=\"yoast-schema-graph\">{\"@context\":\"https:\/\/schema.org\",\"@graph\":[{\"@type\":\"Article\",\"@id\":\"https:\/\/infoecos.com.ar\/index.php\/comenzaran-las-primeras-obras-del-gasoducto-trenque-lauquen-america\/#article\",\"isPartOf\":{\"@id\":\"https:\/\/infoecos.com.ar\/index.php\/comenzaran-las-primeras-obras-del-gasoducto-trenque-lauquen-america\/\"},\"author\":{\"name\":\"Jorge Matheus\",\"@id\":\"https:\/\/infoecos.com.ar\/#\/schema\/person\/8f5ace5ce73b4b4aac4b7245aee6f191\"},\"headline\":\"Comenzar\u00e1n las primeras obras del gasoducto Trenque Lauquen &#8211; Am\u00e9rica\",\"datePublished\":\"2022-07-12T04:34:49+00:00\",\"dateModified\":\"2022-07-12T04:34:50+00:00\",\"mainEntityOfPage\":{\"@id\":\"https:\/\/infoecos.com.ar\/index.php\/comenzaran-las-primeras-obras-del-gasoducto-trenque-lauquen-america\/\"},\"wordCount\":188,\"publisher\":{\"@id\":\"https:\/\/infoecos.com.ar\/#organization\"},\"image\":{\"@id\":\"https:\/\/infoecos.com.ar\/index.php\/comenzaran-las-primeras-obras-del-gasoducto-trenque-lauquen-america\/#primaryimage\"},\"thumbnailUrl\":\"https:\/\/infoecos.com.ar\/wp-content\/uploads\/2022\/07\/gasoducto.jpg\",\"keywords\":[\"CONFERENCIA DE PRENSA DE REYNOSO\"],\"articleSection\":[\"C3 N2\"],\"inLanguage\":\"es\"},{\"@type\":\"WebPage\",\"@id\":\"https:\/\/infoecos.com.ar\/index.php\/comenzaran-las-primeras-obras-del-gasoducto-trenque-lauquen-america\/\",\"url\":\"https:\/\/infoecos.com.ar\/index.php\/comenzaran-las-primeras-obras-del-gasoducto-trenque-lauquen-america\/\",\"name\":\"Comenzar\u00e1n las primeras obras del gasoducto Trenque Lauquen - Am\u00e9rica - Infoecos\",\"isPartOf\":{\"@id\":\"https:\/\/infoecos.com.ar\/#website\"},\"primaryImageOfPage\":{\"@id\":\"https:\/\/infoecos.com.ar\/index.php\/comenzaran-las-primeras-obras-del-gasoducto-trenque-lauquen-america\/#primaryimage\"},\"image\":{\"@id\":\"https:\/\/infoecos.com.ar\/index.php\/comenzaran-las-primeras-obras-del-gasoducto-trenque-lauquen-america\/#primaryimage\"},\"thumbnailUrl\":\"https:\/\/infoecos.com.ar\/wp-content\/uploads\/2022\/07\/gasoducto.jpg\",\"datePublished\":\"2022-07-12T04:34:49+00:00\",\"dateModified\":\"2022-07-12T04:34:50+00:00\",\"breadcrumb\":{\"@id\":\"https:\/\/infoecos.com.ar\/index.php\/comenzaran-las-primeras-obras-del-gasoducto-trenque-lauquen-america\/#breadcrumb\"},\"inLanguage\":\"es\",\"potentialAction\":[{\"@type\":\"ReadAction\",\"target\":[\"https:\/\/infoecos.com.ar\/index.php\/comenzaran-las-primeras-obras-del-gasoducto-trenque-lauquen-america\/\"]}]},{\"@type\":\"ImageObject\",\"inLanguage\":\"es\",\"@id\":\"https:\/\/infoecos.com.ar\/index.php\/comenzaran-las-primeras-obras-del-gasoducto-trenque-lauquen-america\/#primaryimage\",\"url\":\"https:\/\/infoecos.com.ar\/wp-content\/uploads\/2022\/07\/gasoducto.jpg\",\"contentUrl\":\"https:\/\/infoecos.com.ar\/wp-content\/uploads\/2022\/07\/gasoducto.jpg\",\"width\":1280,\"height\":719},{\"@type\":\"BreadcrumbList\",\"@id\":\"https:\/\/infoecos.com.ar\/index.php\/comenzaran-las-primeras-obras-del-gasoducto-trenque-lauquen-america\/#breadcrumb\",\"itemListElement\":[{\"@type\":\"ListItem\",\"position\":1,\"name\":\"Portada\",\"item\":\"https:\/\/infoecos.com.ar\/\"},{\"@type\":\"ListItem\",\"position\":2,\"name\":\"Comenzar\u00e1n las primeras obras del gasoducto Trenque Lauquen &#8211; Am\u00e9rica\"}]},{\"@type\":\"WebSite\",\"@id\":\"https:\/\/infoecos.com.ar\/#website\",\"url\":\"https:\/\/infoecos.com.ar\/\",\"name\":\"Infoecos\",\"description\":\"Noticias de trenque lauquen y la zona\",\"publisher\":{\"@id\":\"https:\/\/infoecos.com.ar\/#organization\"},\"alternateName\":\"Noticias\",\"potentialAction\":[{\"@type\":\"SearchAction\",\"target\":{\"@type\":\"EntryPoint\",\"urlTemplate\":\"https:\/\/infoecos.com.ar\/?s={search_term_string}\"},\"query-input\":{\"@type\":\"PropertyValueSpecification\",\"valueRequired\":true,\"valueName\":\"search_term_string\"}}],\"inLanguage\":\"es\"},{\"@type\":\"Organization\",\"@id\":\"https:\/\/infoecos.com.ar\/#organization\",\"name\":\"Infoecos\",\"alternateName\":\"Noticias\",\"url\":\"https:\/\/infoecos.com.ar\/\",\"logo\":{\"@type\":\"ImageObject\",\"inLanguage\":\"es\",\"@id\":\"https:\/\/infoecos.com.ar\/#\/schema\/logo\/image\/\",\"url\":\"https:\/\/infoecos.com.ar\/wp-content\/uploads\/2024\/03\/cropped-logo.png\",\"contentUrl\":\"https:\/\/infoecos.com.ar\/wp-content\/uploads\/2024\/03\/cropped-logo.png\",\"width\":374,\"height\":90,\"caption\":\"Infoecos\"},\"image\":{\"@id\":\"https:\/\/infoecos.com.ar\/#\/schema\/logo\/image\/\"},\"sameAs\":[\"https:\/\/www.facebook.com\/profile.php?id=100063200290284\",\"https:\/\/x.com\/infoecos\"]},{\"@type\":\"Person\",\"@id\":\"https:\/\/infoecos.com.ar\/#\/schema\/person\/8f5ace5ce73b4b4aac4b7245aee6f191\",\"name\":\"Jorge Matheus\",\"url\":\"https:\/\/infoecos.com.ar\/index.php\/author\/jomatheus\/\"}]}<\/script>\n<!-- \/ Yoast SEO plugin. -->","yoast_head_json":{"title":"Comenzar\u00e1n las primeras obras del gasoducto Trenque Lauquen - Am\u00e9rica - Infoecos","robots":{"index":"index","follow":"follow","max-snippet":"max-snippet:-1","max-image-preview":"max-image-preview:large","max-video-preview":"max-video-preview:-1"},"canonical":"https:\/\/infoecos.com.ar\/index.php\/comenzaran-las-primeras-obras-del-gasoducto-trenque-lauquen-america\/","og_locale":"es_ES","og_type":"article","og_title":"Comenzar\u00e1n las primeras obras del gasoducto Trenque Lauquen - Am\u00e9rica - Infoecos","og_description":"Tendr\u00e1 una longitud de 72 kil\u00f3metros, y ser\u00e1 construida a la vera de la Ruta Nacional N\u00b033. Adem\u00e1s, se edificar\u00e1n dos estaciones de reducci\u00f3n","og_url":"https:\/\/infoecos.com.ar\/index.php\/comenzaran-las-primeras-obras-del-gasoducto-trenque-lauquen-america\/","og_site_name":"Infoecos","article_publisher":"https:\/\/www.facebook.com\/profile.php?id=100063200290284","article_published_time":"2022-07-12T04:34:49+00:00","article_modified_time":"2022-07-12T04:34:50+00:00","og_image":[{"width":1280,"height":719,"url":"https:\/\/infoecos.com.ar\/wp-content\/uploads\/2022\/07\/gasoducto.jpg","type":"image\/jpeg"}],"author":"Jorge Matheus","twitter_card":"summary_large_image","twitter_creator":"@infoecos","twitter_site":"@infoecos","twitter_misc":{"Escrito por":"Jorge Matheus","Tiempo de lectura":"1 minuto"},"schema":{"@context":"https:\/\/schema.org","@graph":[{"@type":"Article","@id":"https:\/\/infoecos.com.ar\/index.php\/comenzaran-las-primeras-obras-del-gasoducto-trenque-lauquen-america\/#article","isPartOf":{"@id":"https:\/\/infoecos.com.ar\/index.php\/comenzaran-las-primeras-obras-del-gasoducto-trenque-lauquen-america\/"},"author":{"name":"Jorge Matheus","@id":"https:\/\/infoecos.com.ar\/#\/schema\/person\/8f5ace5ce73b4b4aac4b7245aee6f191"},"headline":"Comenzar\u00e1n las primeras obras del gasoducto Trenque Lauquen &#8211; Am\u00e9rica","datePublished":"2022-07-12T04:34:49+00:00","dateModified":"2022-07-12T04:34:50+00:00","mainEntityOfPage":{"@id":"https:\/\/infoecos.com.ar\/index.php\/comenzaran-las-primeras-obras-del-gasoducto-trenque-lauquen-america\/"},"wordCount":188,"publisher":{"@id":"https:\/\/infoecos.com.ar\/#organization"},"image":{"@id":"https:\/\/infoecos.com.ar\/index.php\/comenzaran-las-primeras-obras-del-gasoducto-trenque-lauquen-america\/#primaryimage"},"thumbnailUrl":"https:\/\/infoecos.com.ar\/wp-content\/uploads\/2022\/07\/gasoducto.jpg","keywords":["CONFERENCIA DE PRENSA DE REYNOSO"],"articleSection":["C3 N2"],"inLanguage":"es"},{"@type":"WebPage","@id":"https:\/\/infoecos.com.ar\/index.php\/comenzaran-las-primeras-obras-del-gasoducto-trenque-lauquen-america\/","url":"https:\/\/infoecos.com.ar\/index.php\/comenzaran-las-primeras-obras-del-gasoducto-trenque-lauquen-america\/","name":"Comenzar\u00e1n las primeras obras del gasoducto Trenque Lauquen - Am\u00e9rica - Infoecos","isPartOf":{"@id":"https:\/\/infoecos.com.ar\/#website"},"primaryImageOfPage":{"@id":"https:\/\/infoecos.com.ar\/index.php\/comenzaran-las-primeras-obras-del-gasoducto-trenque-lauquen-america\/#primaryimage"},"image":{"@id":"https:\/\/infoecos.com.ar\/index.php\/comenzaran-las-primeras-obras-del-gasoducto-trenque-lauquen-america\/#primaryimage"},"thumbnailUrl":"https:\/\/infoecos.com.ar\/wp-content\/uploads\/2022\/07\/gasoducto.jpg","datePublished":"2022-07-12T04:34:49+00:00","dateModified":"2022-07-12T04:34:50+00:00","breadcrumb":{"@id":"https:\/\/infoecos.com.ar\/index.php\/comenzaran-las-primeras-obras-del-gasoducto-trenque-lauquen-america\/#breadcrumb"},"inLanguage":"es","potentialAction":[{"@type":"ReadAction","target":["https:\/\/infoecos.com.ar\/index.php\/comenzaran-las-primeras-obras-del-gasoducto-trenque-lauquen-america\/"]}]},{"@type":"ImageObject","inLanguage":"es","@id":"https:\/\/infoecos.com.ar\/index.php\/comenzaran-las-primeras-obras-del-gasoducto-trenque-lauquen-america\/#primaryimage","url":"https:\/\/infoecos.com.ar\/wp-content\/uploads\/2022\/07\/gasoducto.jpg","contentUrl":"https:\/\/infoecos.com.ar\/wp-content\/uploads\/2022\/07\/gasoducto.jpg","width":1280,"height":719},{"@type":"BreadcrumbList","@id":"https:\/\/infoecos.com.ar\/index.php\/comenzaran-las-primeras-obras-del-gasoducto-trenque-lauquen-america\/#breadcrumb","itemListElement":[{"@type":"ListItem","position":1,"name":"Portada","item":"https:\/\/infoecos.com.ar\/"},{"@type":"ListItem","position":2,"name":"Comenzar\u00e1n las primeras obras del gasoducto Trenque Lauquen &#8211; Am\u00e9rica"}]},{"@type":"WebSite","@id":"https:\/\/infoecos.com.ar\/#website","url":"https:\/\/infoecos.com.ar\/","name":"Infoecos","description":"Noticias de trenque lauquen y la zona","publisher":{"@id":"https:\/\/infoecos.com.ar\/#organization"},"alternateName":"Noticias","potentialAction":[{"@type":"SearchAction","target":{"@type":"EntryPoint","urlTemplate":"https:\/\/infoecos.com.ar\/?s={search_term_string}"},"query-input":{"@type":"PropertyValueSpecification","valueRequired":true,"valueName":"search_term_string"}}],"inLanguage":"es"},{"@type":"Organization","@id":"https:\/\/infoecos.com.ar\/#organization","name":"Infoecos","alternateName":"Noticias","url":"https:\/\/infoecos.com.ar\/","logo":{"@type":"ImageObject","inLanguage":"es","@id":"https:\/\/infoecos.com.ar\/#\/schema\/logo\/image\/","url":"https:\/\/infoecos.com.ar\/wp-content\/uploads\/2024\/03\/cropped-logo.png","contentUrl":"https:\/\/infoecos.com.ar\/wp-content\/uploads\/2024\/03\/cropped-logo.png","width":374,"height":90,"caption":"Infoecos"},"image":{"@id":"https:\/\/infoecos.com.ar\/#\/schema\/logo\/image\/"},"sameAs":["https:\/\/www.facebook.com\/profile.php?id=100063200290284","https:\/\/x.com\/infoecos"]},{"@type":"Person","@id":"https:\/\/infoecos.com.ar\/#\/schema\/person\/8f5ace5ce73b4b4aac4b7245aee6f191","name":"Jorge Matheus","url":"https:\/\/infoecos.com.ar\/index.php\/author\/jomatheus\/"}]}},"featured_image_urls":{"full":["https:\/\/infoecos.com.ar\/wp-content\/uploads\/2022\/07\/gasoducto.jpg",1280,719,false],"thumbnail":["https:\/\/infoecos.com.ar\/wp-content\/uploads\/2022\/07\/gasoducto-150x150.jpg",150,150,true],"medium":["https:\/\/infoecos.com.ar\/wp-content\/uploads\/2022\/07\/gasoducto-460x258.jpg",460,258,true],"medium_large":["https:\/\/infoecos.com.ar\/wp-content\/uploads\/2022\/07\/gasoducto-768x431.jpg",640,359,true],"large":["https:\/\/infoecos.com.ar\/wp-content\/uploads\/2022\/07\/gasoducto-920x517.jpg",640,360,true],"1536x1536":["https:\/\/infoecos.com.ar\/wp-content\/uploads\/2022\/07\/gasoducto.jpg",1280,719,false],"2048x2048":["https:\/\/infoecos.com.ar\/wp-content\/uploads\/2022\/07\/gasoducto.jpg",1280,719,false],"covernews-slider-full":["https:\/\/infoecos.com.ar\/wp-content\/uploads\/2022\/07\/gasoducto.jpg",1115,626,false],"covernews-slider-center":["https:\/\/infoecos.com.ar\/wp-content\/uploads\/2022\/07\/gasoducto-936x719.jpg",651,500,true],"covernews-featured":["https:\/\/infoecos.com.ar\/wp-content\/uploads\/2022\/07\/gasoducto-1024x575.jpg",1024,575,true],"covernews-medium":["https:\/\/infoecos.com.ar\/wp-content\/uploads\/2022\/07\/gasoducto-720x380.jpg",540,285,true],"covernews-medium-square":["https:\/\/infoecos.com.ar\/wp-content\/uploads\/2022\/07\/gasoducto-675x450.jpg",375,250,true]},"author_info":{"info":["Jorge Matheus"]},"category_info":"<a href=\"https:\/\/infoecos.com.ar\/index.php\/category\/c3nota2\/\" rel=\"category tag\">C3 N2<\/a>","tag_info":"C3 N2","comment_count":"0","_links":{"self":[{"href":"https:\/\/infoecos.com.ar\/index.php\/wp-json\/wp\/v2\/posts\/94261"}],"collection":[{"href":"https:\/\/infoecos.com.ar\/index.php\/wp-json\/wp\/v2\/posts"}],"about":[{"href":"https:\/\/infoecos.com.ar\/index.php\/wp-json\/wp\/v2\/types\/post"}],"author":[{"embeddable":true,"href":"https:\/\/infoecos.com.ar\/index.php\/wp-json\/wp\/v2\/users\/2"}],"replies":[{"embeddable":true,"href":"https:\/\/infoecos.com.ar\/index.php\/wp-json\/wp\/v2\/comments?post=94261"}],"version-history":[{"count":1,"href":"https:\/\/infoecos.com.ar\/index.php\/wp-json\/wp\/v2\/posts\/94261\/revisions"}],"predecessor-version":[{"id":94263,"href":"https:\/\/infoecos.com.ar\/index.php\/wp-json\/wp\/v2\/posts\/94261\/revisions\/94263"}],"wp:featuredmedia":[{"embeddable":true,"href":"https:\/\/infoecos.com.ar\/index.php\/wp-json\/wp\/v2\/media\/94262"}],"wp:attachment":[{"href":"https:\/\/infoecos.com.ar\/index.php\/wp-json\/wp\/v2\/media?parent=94261"}],"wp:term":[{"taxonomy":"category","embeddable":true,"href":"https:\/\/infoecos.com.ar\/index.php\/wp-json\/wp\/v2\/categories?post=94261"},{"taxonomy":"post_tag","embeddable":true,"href":"https:\/\/infoecos.com.ar\/index.php\/wp-json\/wp\/v2\/tags?post=94261"}],"curies":[{"name":"wp","href":"https:\/\/api.w.org\/{rel}","templated":true}]}}