{"id":94273,"date":"2022-07-12T02:23:35","date_gmt":"2022-07-12T05:23:35","guid":{"rendered":"http:\/\/infoecos.com.ar\/?p=94273"},"modified":"2022-07-12T02:23:35","modified_gmt":"2022-07-12T05:23:35","slug":"dirigentes-agropecuarios-preocupados-por-la-posibilidad-de-un-revaluo-inmobiliario","status":"publish","type":"post","link":"https:\/\/infoecos.com.ar\/index.php\/dirigentes-agropecuarios-preocupados-por-la-posibilidad-de-un-revaluo-inmobiliario\/","title":{"rendered":"Dirigentes agropecuarios preocupados por la posibilidad de un reval\u00fao inmobiliario"},"content":{"rendered":"\n<p>Entre<a rel=\"noreferrer noopener\" href=\"https:\/\/tn.com.ar\/economia\/2022\/07\/11\/silvina-batakis-anuncia-nuevas-medidas-cambiarias-y-financieras\/\" target=\"_blank\">\u00a0las medidas\u00a0<\/a>que tom\u00f3 este lunes, la flamante ministra de Econom\u00eda de la Naci\u00f3n,\u00a0<strong>Silvina Batakis<\/strong>, inform\u00f3 que el organismo fiscal de evaluaciones inmobiliarias pasar\u00e1 a depender de su cartera, para\u00a0<strong>homogeneizar las valuaciones\u00a0<\/strong>que actualmente var\u00edan seg\u00fan las provincias. Esa medida genera preocupaci\u00f3n en el sector agropecuario. Sobre todo, si se tiene en cuenta que\u00a0<strong>Batakis ya impuls\u00f3 un fuerte reval\u00fao fiscal sobre los campos, cuando era ministra del entonces gobernador bonaerense Daniel Scioli,\u00a0<\/strong>entre otras acciones que aumentaron la carga tributaria a los productores.<\/p>\n\n\n\n<figure class=\"wp-block-image size-large\"><img loading=\"lazy\" decoding=\"async\" width=\"920\" height=\"920\" src=\"http:\/\/infoecos.com.ar\/wp-content\/uploads\/2022\/07\/image-5-920x920.png\" alt=\"\" class=\"wp-image-94275\" srcset=\"https:\/\/infoecos.com.ar\/wp-content\/uploads\/2022\/07\/image-5-920x920.png 920w, https:\/\/infoecos.com.ar\/wp-content\/uploads\/2022\/07\/image-5-460x460.png 460w, https:\/\/infoecos.com.ar\/wp-content\/uploads\/2022\/07\/image-5-150x150.png 150w, https:\/\/infoecos.com.ar\/wp-content\/uploads\/2022\/07\/image-5-768x768.png 768w, https:\/\/infoecos.com.ar\/wp-content\/uploads\/2022\/07\/image-5-1024x1024.png 1024w, https:\/\/infoecos.com.ar\/wp-content\/uploads\/2022\/07\/image-5.png 1440w\" sizes=\"(max-width: 920px) 100vw, 920px\" \/><\/figure>\n\n\n\n<p>Consultado por<strong>\u00a0TN<\/strong>, el presidente de la Sociedad Rural Argentina (SRA),\u00a0<strong>Nicol\u00e1s Pino<\/strong>, se refiri\u00f3 a las declaraciones de la funcionaria. \u201cNos hubiera gustado escuchar medidas que fomenten el desarrollo econ\u00f3mico, la capacidad instalada y generen reglas claras para la inversi\u00f3n que el campo necesita.\u00a0<strong>Batakis, cuando era ministra de la provincia de Buenos Aires, implement\u00f3 un reval\u00fao fiscal desmesurado. Esperemos que, en esta oportunidad, no genere el marco para que los gobernadores hagan lo mismo\u201d<\/strong>, asegur\u00f3 el l\u00edder de la gremial que integra la\u00a0<strong>mesa de enlace<\/strong>\u00a0junto a la Federaci\u00f3n Agraria Argentina (FAA), Confederaciones Rurales Argentinas (CRA) y Coninagro.<\/p>\n\n\n\n<p>Estas 4 entidades, junto a productores autoconvocados y otros representantes de la agroindustria, realizar\u00e1n<strong>\u00a0este pr\u00f3ximo mi\u00e9rcoles 13 de julio un<\/strong><a rel=\"noreferrer noopener\" href=\"https:\/\/tn.com.ar\/campo\/2022\/06\/29\/en-plena-crisis-por-el-gasoil-la-mesa-de-enlace-se-reune-y-evalua-medidas-de-protesta\/\" target=\"_blank\"><strong>\u00a0cese de comercializaci\u00f3n<\/strong>\u00a0<\/a>para protestar por la\u00a0<a rel=\"noreferrer noopener\" href=\"https:\/\/tn.com.ar\/campo\/2022\/07\/07\/el-gobierno-asegura-que-el-abastecimiento-de-gasoil-tiende-a-normalizarse\/\" target=\"_blank\">falta de gasoil\u00a0<\/a>y la alta carga impositiva, entre otras cr\u00edticas a la pol\u00edtica oficial.<\/p>\n\n\n\n<figure class=\"wp-block-image size-large\"><img loading=\"lazy\" decoding=\"async\" width=\"920\" height=\"920\" src=\"http:\/\/infoecos.com.ar\/wp-content\/uploads\/2022\/07\/image-4-920x920.png\" alt=\"\" class=\"wp-image-94274\" srcset=\"https:\/\/infoecos.com.ar\/wp-content\/uploads\/2022\/07\/image-4-920x920.png 920w, https:\/\/infoecos.com.ar\/wp-content\/uploads\/2022\/07\/image-4-460x460.png 460w, https:\/\/infoecos.com.ar\/wp-content\/uploads\/2022\/07\/image-4-150x150.png 150w, https:\/\/infoecos.com.ar\/wp-content\/uploads\/2022\/07\/image-4-768x768.png 768w, https:\/\/infoecos.com.ar\/wp-content\/uploads\/2022\/07\/image-4-1024x1024.png 1024w, https:\/\/infoecos.com.ar\/wp-content\/uploads\/2022\/07\/image-4.png 1440w\" sizes=\"(max-width: 920px) 100vw, 920px\" \/><\/figure>\n\n\n\n<p>En di\u00e1logo con\u00a0<strong>TN<\/strong>, el presidente de la Confederaci\u00f3n de Asociaciones Rurales de Buenos Aires y La Pampa (CARBAP),<strong>\u00a0Horacio Salaverri,<\/strong>\u00a0record\u00f3 que \u201cfue muy tensa\u201d la relaci\u00f3n de Batakis con el agro cuando era la responsable del \u00e1rea econ\u00f3mica en el Gobierno bonaerense.<\/p>\n\n\n\n<p>\u201cElla hizo un reval\u00fao tremendo en 2012, que en promedio fue del 2000%. Nosotros nos movilizamos a La Plata y lo frenamos en la C\u00e1mara de Diputados de la provincia, pero finalmente lo sac\u00f3 Scioli por decreto. Durante su gesti\u00f3n, cre\u00f3 el impuesto inmobiliario complementario y a la transferencia gratuita de bienes, que claramente afectaron al sector. Grav\u00f3 todo\u201d, asegur\u00f3 el l\u00edder de esta entidad bonaerense, que se encuentra nucleada dentro de CRA.<\/p>\n","protected":false},"excerpt":{"rendered":"<p>Fuente: tn.com.ar. El presidente de la Confederaci\u00f3n de Asociaciones Rurales de Buenos Aires y La Pampa (CARBAP),\u00a0Horacio Salaverri,\u00a0record\u00f3 que \u201cfue muy tensa\u201d la relaci\u00f3n de Batakis con el agro cuando era la responsable del \u00e1rea econ\u00f3mica en el Gobierno bonaerense<\/p>\n","protected":false},"author":2,"featured_media":94274,"comment_status":"closed","ping_status":"open","sticky":false,"template":"","format":"standard","meta":{"footnotes":""},"categories":[197],"tags":[6269],"class_list":["post-94273","post","type-post","status-publish","format-standard","has-post-thumbnail","hentry","category-c3nota4","tag-a-raiz-de-los-anuncios-de-batakis"],"yoast_head":"<!-- This site is optimized with the Yoast SEO plugin v23.4 - https:\/\/yoast.com\/wordpress\/plugins\/seo\/ -->\n<title>Dirigentes agropecuarios preocupados por la posibilidad de un reval\u00fao inmobiliario - Infoecos<\/title>\n<meta name=\"robots\" content=\"index, follow, max-snippet:-1, max-image-preview:large, max-video-preview:-1\" \/>\n<link rel=\"canonical\" href=\"https:\/\/infoecos.com.ar\/index.php\/dirigentes-agropecuarios-preocupados-por-la-posibilidad-de-un-revaluo-inmobiliario\/\" \/>\n<meta property=\"og:locale\" content=\"es_ES\" \/>\n<meta property=\"og:type\" content=\"article\" \/>\n<meta property=\"og:title\" content=\"Dirigentes agropecuarios preocupados por la posibilidad de un reval\u00fao inmobiliario - Infoecos\" \/>\n<meta property=\"og:description\" content=\"Fuente: tn.com.ar. El presidente de la Confederaci\u00f3n de Asociaciones Rurales de Buenos Aires y La Pampa (CARBAP),\u00a0Horacio Salaverri,\u00a0record\u00f3 que \u201cfue muy tensa\u201d la relaci\u00f3n de Batakis con el agro cuando era la responsable del \u00e1rea econ\u00f3mica en el Gobierno bonaerense\" \/>\n<meta property=\"og:url\" content=\"https:\/\/infoecos.com.ar\/index.php\/dirigentes-agropecuarios-preocupados-por-la-posibilidad-de-un-revaluo-inmobiliario\/\" \/>\n<meta property=\"og:site_name\" content=\"Infoecos\" \/>\n<meta property=\"article:publisher\" content=\"https:\/\/www.facebook.com\/profile.php?id=100063200290284\" \/>\n<meta property=\"article:published_time\" content=\"2022-07-12T05:23:35+00:00\" \/>\n<meta property=\"og:image\" content=\"https:\/\/infoecos.com.ar\/wp-content\/uploads\/2022\/07\/image-4.png\" \/>\n\t<meta property=\"og:image:width\" content=\"1440\" \/>\n\t<meta property=\"og:image:height\" content=\"1440\" \/>\n\t<meta property=\"og:image:type\" content=\"image\/png\" \/>\n<meta name=\"author\" content=\"Jorge Matheus\" \/>\n<meta name=\"twitter:card\" content=\"summary_large_image\" \/>\n<meta name=\"twitter:creator\" content=\"@infoecos\" \/>\n<meta name=\"twitter:site\" content=\"@infoecos\" \/>\n<meta name=\"twitter:label1\" content=\"Escrito por\" \/>\n\t<meta name=\"twitter:data1\" content=\"Jorge Matheus\" \/>\n\t<meta name=\"twitter:label2\" content=\"Tiempo de lectura\" \/>\n\t<meta name=\"twitter:data2\" content=\"2 minutos\" \/>\n<script type=\"application\/ld+json\" class=\"yoast-schema-graph\">{\"@context\":\"https:\/\/schema.org\",\"@graph\":[{\"@type\":\"Article\",\"@id\":\"https:\/\/infoecos.com.ar\/index.php\/dirigentes-agropecuarios-preocupados-por-la-posibilidad-de-un-revaluo-inmobiliario\/#article\",\"isPartOf\":{\"@id\":\"https:\/\/infoecos.com.ar\/index.php\/dirigentes-agropecuarios-preocupados-por-la-posibilidad-de-un-revaluo-inmobiliario\/\"},\"author\":{\"name\":\"Jorge Matheus\",\"@id\":\"https:\/\/infoecos.com.ar\/#\/schema\/person\/8f5ace5ce73b4b4aac4b7245aee6f191\"},\"headline\":\"Dirigentes agropecuarios preocupados por la posibilidad de un reval\u00fao inmobiliario\",\"datePublished\":\"2022-07-12T05:23:35+00:00\",\"dateModified\":\"2022-07-12T05:23:35+00:00\",\"mainEntityOfPage\":{\"@id\":\"https:\/\/infoecos.com.ar\/index.php\/dirigentes-agropecuarios-preocupados-por-la-posibilidad-de-un-revaluo-inmobiliario\/\"},\"wordCount\":381,\"publisher\":{\"@id\":\"https:\/\/infoecos.com.ar\/#organization\"},\"image\":{\"@id\":\"https:\/\/infoecos.com.ar\/index.php\/dirigentes-agropecuarios-preocupados-por-la-posibilidad-de-un-revaluo-inmobiliario\/#primaryimage\"},\"thumbnailUrl\":\"https:\/\/infoecos.com.ar\/wp-content\/uploads\/2022\/07\/image-4.png\",\"keywords\":[\"A RA\u00cdZ DE LOS ANUNCIOS DE BATAKIS\"],\"articleSection\":[\"C3 N4\"],\"inLanguage\":\"es\"},{\"@type\":\"WebPage\",\"@id\":\"https:\/\/infoecos.com.ar\/index.php\/dirigentes-agropecuarios-preocupados-por-la-posibilidad-de-un-revaluo-inmobiliario\/\",\"url\":\"https:\/\/infoecos.com.ar\/index.php\/dirigentes-agropecuarios-preocupados-por-la-posibilidad-de-un-revaluo-inmobiliario\/\",\"name\":\"Dirigentes agropecuarios preocupados por la posibilidad de un reval\u00fao inmobiliario - Infoecos\",\"isPartOf\":{\"@id\":\"https:\/\/infoecos.com.ar\/#website\"},\"primaryImageOfPage\":{\"@id\":\"https:\/\/infoecos.com.ar\/index.php\/dirigentes-agropecuarios-preocupados-por-la-posibilidad-de-un-revaluo-inmobiliario\/#primaryimage\"},\"image\":{\"@id\":\"https:\/\/infoecos.com.ar\/index.php\/dirigentes-agropecuarios-preocupados-por-la-posibilidad-de-un-revaluo-inmobiliario\/#primaryimage\"},\"thumbnailUrl\":\"https:\/\/infoecos.com.ar\/wp-content\/uploads\/2022\/07\/image-4.png\",\"datePublished\":\"2022-07-12T05:23:35+00:00\",\"dateModified\":\"2022-07-12T05:23:35+00:00\",\"breadcrumb\":{\"@id\":\"https:\/\/infoecos.com.ar\/index.php\/dirigentes-agropecuarios-preocupados-por-la-posibilidad-de-un-revaluo-inmobiliario\/#breadcrumb\"},\"inLanguage\":\"es\",\"potentialAction\":[{\"@type\":\"ReadAction\",\"target\":[\"https:\/\/infoecos.com.ar\/index.php\/dirigentes-agropecuarios-preocupados-por-la-posibilidad-de-un-revaluo-inmobiliario\/\"]}]},{\"@type\":\"ImageObject\",\"inLanguage\":\"es\",\"@id\":\"https:\/\/infoecos.com.ar\/index.php\/dirigentes-agropecuarios-preocupados-por-la-posibilidad-de-un-revaluo-inmobiliario\/#primaryimage\",\"url\":\"https:\/\/infoecos.com.ar\/wp-content\/uploads\/2022\/07\/image-4.png\",\"contentUrl\":\"https:\/\/infoecos.com.ar\/wp-content\/uploads\/2022\/07\/image-4.png\",\"width\":1440,\"height\":1440},{\"@type\":\"BreadcrumbList\",\"@id\":\"https:\/\/infoecos.com.ar\/index.php\/dirigentes-agropecuarios-preocupados-por-la-posibilidad-de-un-revaluo-inmobiliario\/#breadcrumb\",\"itemListElement\":[{\"@type\":\"ListItem\",\"position\":1,\"name\":\"Portada\",\"item\":\"https:\/\/infoecos.com.ar\/\"},{\"@type\":\"ListItem\",\"position\":2,\"name\":\"Dirigentes agropecuarios preocupados por la posibilidad de un reval\u00fao inmobiliario\"}]},{\"@type\":\"WebSite\",\"@id\":\"https:\/\/infoecos.com.ar\/#website\",\"url\":\"https:\/\/infoecos.com.ar\/\",\"name\":\"Infoecos\",\"description\":\"Noticias de trenque lauquen y la zona\",\"publisher\":{\"@id\":\"https:\/\/infoecos.com.ar\/#organization\"},\"alternateName\":\"Noticias\",\"potentialAction\":[{\"@type\":\"SearchAction\",\"target\":{\"@type\":\"EntryPoint\",\"urlTemplate\":\"https:\/\/infoecos.com.ar\/?s={search_term_string}\"},\"query-input\":{\"@type\":\"PropertyValueSpecification\",\"valueRequired\":true,\"valueName\":\"search_term_string\"}}],\"inLanguage\":\"es\"},{\"@type\":\"Organization\",\"@id\":\"https:\/\/infoecos.com.ar\/#organization\",\"name\":\"Infoecos\",\"alternateName\":\"Noticias\",\"url\":\"https:\/\/infoecos.com.ar\/\",\"logo\":{\"@type\":\"ImageObject\",\"inLanguage\":\"es\",\"@id\":\"https:\/\/infoecos.com.ar\/#\/schema\/logo\/image\/\",\"url\":\"https:\/\/infoecos.com.ar\/wp-content\/uploads\/2024\/03\/cropped-logo.png\",\"contentUrl\":\"https:\/\/infoecos.com.ar\/wp-content\/uploads\/2024\/03\/cropped-logo.png\",\"width\":374,\"height\":90,\"caption\":\"Infoecos\"},\"image\":{\"@id\":\"https:\/\/infoecos.com.ar\/#\/schema\/logo\/image\/\"},\"sameAs\":[\"https:\/\/www.facebook.com\/profile.php?id=100063200290284\",\"https:\/\/x.com\/infoecos\"]},{\"@type\":\"Person\",\"@id\":\"https:\/\/infoecos.com.ar\/#\/schema\/person\/8f5ace5ce73b4b4aac4b7245aee6f191\",\"name\":\"Jorge Matheus\",\"url\":\"https:\/\/infoecos.com.ar\/index.php\/author\/jomatheus\/\"}]}<\/script>\n<!-- \/ Yoast SEO plugin. -->","yoast_head_json":{"title":"Dirigentes agropecuarios preocupados por la posibilidad de un reval\u00fao inmobiliario - Infoecos","robots":{"index":"index","follow":"follow","max-snippet":"max-snippet:-1","max-image-preview":"max-image-preview:large","max-video-preview":"max-video-preview:-1"},"canonical":"https:\/\/infoecos.com.ar\/index.php\/dirigentes-agropecuarios-preocupados-por-la-posibilidad-de-un-revaluo-inmobiliario\/","og_locale":"es_ES","og_type":"article","og_title":"Dirigentes agropecuarios preocupados por la posibilidad de un reval\u00fao inmobiliario - Infoecos","og_description":"Fuente: tn.com.ar. El presidente de la Confederaci\u00f3n de Asociaciones Rurales de Buenos Aires y La Pampa (CARBAP),\u00a0Horacio Salaverri,\u00a0record\u00f3 que \u201cfue muy tensa\u201d la relaci\u00f3n de Batakis con el agro cuando era la responsable del \u00e1rea econ\u00f3mica en el Gobierno bonaerense","og_url":"https:\/\/infoecos.com.ar\/index.php\/dirigentes-agropecuarios-preocupados-por-la-posibilidad-de-un-revaluo-inmobiliario\/","og_site_name":"Infoecos","article_publisher":"https:\/\/www.facebook.com\/profile.php?id=100063200290284","article_published_time":"2022-07-12T05:23:35+00:00","og_image":[{"width":1440,"height":1440,"url":"https:\/\/infoecos.com.ar\/wp-content\/uploads\/2022\/07\/image-4.png","type":"image\/png"}],"author":"Jorge Matheus","twitter_card":"summary_large_image","twitter_creator":"@infoecos","twitter_site":"@infoecos","twitter_misc":{"Escrito por":"Jorge Matheus","Tiempo de lectura":"2 minutos"},"schema":{"@context":"https:\/\/schema.org","@graph":[{"@type":"Article","@id":"https:\/\/infoecos.com.ar\/index.php\/dirigentes-agropecuarios-preocupados-por-la-posibilidad-de-un-revaluo-inmobiliario\/#article","isPartOf":{"@id":"https:\/\/infoecos.com.ar\/index.php\/dirigentes-agropecuarios-preocupados-por-la-posibilidad-de-un-revaluo-inmobiliario\/"},"author":{"name":"Jorge Matheus","@id":"https:\/\/infoecos.com.ar\/#\/schema\/person\/8f5ace5ce73b4b4aac4b7245aee6f191"},"headline":"Dirigentes agropecuarios preocupados por la posibilidad de un reval\u00fao inmobiliario","datePublished":"2022-07-12T05:23:35+00:00","dateModified":"2022-07-12T05:23:35+00:00","mainEntityOfPage":{"@id":"https:\/\/infoecos.com.ar\/index.php\/dirigentes-agropecuarios-preocupados-por-la-posibilidad-de-un-revaluo-inmobiliario\/"},"wordCount":381,"publisher":{"@id":"https:\/\/infoecos.com.ar\/#organization"},"image":{"@id":"https:\/\/infoecos.com.ar\/index.php\/dirigentes-agropecuarios-preocupados-por-la-posibilidad-de-un-revaluo-inmobiliario\/#primaryimage"},"thumbnailUrl":"https:\/\/infoecos.com.ar\/wp-content\/uploads\/2022\/07\/image-4.png","keywords":["A RA\u00cdZ DE LOS ANUNCIOS DE BATAKIS"],"articleSection":["C3 N4"],"inLanguage":"es"},{"@type":"WebPage","@id":"https:\/\/infoecos.com.ar\/index.php\/dirigentes-agropecuarios-preocupados-por-la-posibilidad-de-un-revaluo-inmobiliario\/","url":"https:\/\/infoecos.com.ar\/index.php\/dirigentes-agropecuarios-preocupados-por-la-posibilidad-de-un-revaluo-inmobiliario\/","name":"Dirigentes agropecuarios preocupados por la posibilidad de un reval\u00fao inmobiliario - Infoecos","isPartOf":{"@id":"https:\/\/infoecos.com.ar\/#website"},"primaryImageOfPage":{"@id":"https:\/\/infoecos.com.ar\/index.php\/dirigentes-agropecuarios-preocupados-por-la-posibilidad-de-un-revaluo-inmobiliario\/#primaryimage"},"image":{"@id":"https:\/\/infoecos.com.ar\/index.php\/dirigentes-agropecuarios-preocupados-por-la-posibilidad-de-un-revaluo-inmobiliario\/#primaryimage"},"thumbnailUrl":"https:\/\/infoecos.com.ar\/wp-content\/uploads\/2022\/07\/image-4.png","datePublished":"2022-07-12T05:23:35+00:00","dateModified":"2022-07-12T05:23:35+00:00","breadcrumb":{"@id":"https:\/\/infoecos.com.ar\/index.php\/dirigentes-agropecuarios-preocupados-por-la-posibilidad-de-un-revaluo-inmobiliario\/#breadcrumb"},"inLanguage":"es","potentialAction":[{"@type":"ReadAction","target":["https:\/\/infoecos.com.ar\/index.php\/dirigentes-agropecuarios-preocupados-por-la-posibilidad-de-un-revaluo-inmobiliario\/"]}]},{"@type":"ImageObject","inLanguage":"es","@id":"https:\/\/infoecos.com.ar\/index.php\/dirigentes-agropecuarios-preocupados-por-la-posibilidad-de-un-revaluo-inmobiliario\/#primaryimage","url":"https:\/\/infoecos.com.ar\/wp-content\/uploads\/2022\/07\/image-4.png","contentUrl":"https:\/\/infoecos.com.ar\/wp-content\/uploads\/2022\/07\/image-4.png","width":1440,"height":1440},{"@type":"BreadcrumbList","@id":"https:\/\/infoecos.com.ar\/index.php\/dirigentes-agropecuarios-preocupados-por-la-posibilidad-de-un-revaluo-inmobiliario\/#breadcrumb","itemListElement":[{"@type":"ListItem","position":1,"name":"Portada","item":"https:\/\/infoecos.com.ar\/"},{"@type":"ListItem","position":2,"name":"Dirigentes agropecuarios preocupados por la posibilidad de un reval\u00fao inmobiliario"}]},{"@type":"WebSite","@id":"https:\/\/infoecos.com.ar\/#website","url":"https:\/\/infoecos.com.ar\/","name":"Infoecos","description":"Noticias de trenque lauquen y la zona","publisher":{"@id":"https:\/\/infoecos.com.ar\/#organization"},"alternateName":"Noticias","potentialAction":[{"@type":"SearchAction","target":{"@type":"EntryPoint","urlTemplate":"https:\/\/infoecos.com.ar\/?s={search_term_string}"},"query-input":{"@type":"PropertyValueSpecification","valueRequired":true,"valueName":"search_term_string"}}],"inLanguage":"es"},{"@type":"Organization","@id":"https:\/\/infoecos.com.ar\/#organization","name":"Infoecos","alternateName":"Noticias","url":"https:\/\/infoecos.com.ar\/","logo":{"@type":"ImageObject","inLanguage":"es","@id":"https:\/\/infoecos.com.ar\/#\/schema\/logo\/image\/","url":"https:\/\/infoecos.com.ar\/wp-content\/uploads\/2024\/03\/cropped-logo.png","contentUrl":"https:\/\/infoecos.com.ar\/wp-content\/uploads\/2024\/03\/cropped-logo.png","width":374,"height":90,"caption":"Infoecos"},"image":{"@id":"https:\/\/infoecos.com.ar\/#\/schema\/logo\/image\/"},"sameAs":["https:\/\/www.facebook.com\/profile.php?id=100063200290284","https:\/\/x.com\/infoecos"]},{"@type":"Person","@id":"https:\/\/infoecos.com.ar\/#\/schema\/person\/8f5ace5ce73b4b4aac4b7245aee6f191","name":"Jorge Matheus","url":"https:\/\/infoecos.com.ar\/index.php\/author\/jomatheus\/"}]}},"featured_image_urls":{"full":["https:\/\/infoecos.com.ar\/wp-content\/uploads\/2022\/07\/image-4.png",1440,1440,false],"thumbnail":["https:\/\/infoecos.com.ar\/wp-content\/uploads\/2022\/07\/image-4-150x150.png",150,150,true],"medium":["https:\/\/infoecos.com.ar\/wp-content\/uploads\/2022\/07\/image-4-460x460.png",460,460,true],"medium_large":["https:\/\/infoecos.com.ar\/wp-content\/uploads\/2022\/07\/image-4-768x768.png",640,640,true],"large":["https:\/\/infoecos.com.ar\/wp-content\/uploads\/2022\/07\/image-4-920x920.png",640,640,true],"1536x1536":["https:\/\/infoecos.com.ar\/wp-content\/uploads\/2022\/07\/image-4.png",1440,1440,false],"2048x2048":["https:\/\/infoecos.com.ar\/wp-content\/uploads\/2022\/07\/image-4.png",1440,1440,false],"covernews-slider-full":["https:\/\/infoecos.com.ar\/wp-content\/uploads\/2022\/07\/image-4-1440x1020.png",1009,715,true],"covernews-slider-center":["https:\/\/infoecos.com.ar\/wp-content\/uploads\/2022\/07\/image-4-936x897.png",522,500,true],"covernews-featured":["https:\/\/infoecos.com.ar\/wp-content\/uploads\/2022\/07\/image-4-1024x1024.png",1024,1024,true],"covernews-medium":["https:\/\/infoecos.com.ar\/wp-content\/uploads\/2022\/07\/image-4-720x380.png",540,285,true],"covernews-medium-square":["https:\/\/infoecos.com.ar\/wp-content\/uploads\/2022\/07\/image-4-675x450.png",375,250,true]},"author_info":{"info":["Jorge Matheus"]},"category_info":"<a href=\"https:\/\/infoecos.com.ar\/index.php\/category\/c3nota4\/\" rel=\"category tag\">C3 N4<\/a>","tag_info":"C3 N4","comment_count":"0","_links":{"self":[{"href":"https:\/\/infoecos.com.ar\/index.php\/wp-json\/wp\/v2\/posts\/94273"}],"collection":[{"href":"https:\/\/infoecos.com.ar\/index.php\/wp-json\/wp\/v2\/posts"}],"about":[{"href":"https:\/\/infoecos.com.ar\/index.php\/wp-json\/wp\/v2\/types\/post"}],"author":[{"embeddable":true,"href":"https:\/\/infoecos.com.ar\/index.php\/wp-json\/wp\/v2\/users\/2"}],"replies":[{"embeddable":true,"href":"https:\/\/infoecos.com.ar\/index.php\/wp-json\/wp\/v2\/comments?post=94273"}],"version-history":[{"count":1,"href":"https:\/\/infoecos.com.ar\/index.php\/wp-json\/wp\/v2\/posts\/94273\/revisions"}],"predecessor-version":[{"id":94276,"href":"https:\/\/infoecos.com.ar\/index.php\/wp-json\/wp\/v2\/posts\/94273\/revisions\/94276"}],"wp:featuredmedia":[{"embeddable":true,"href":"https:\/\/infoecos.com.ar\/index.php\/wp-json\/wp\/v2\/media\/94274"}],"wp:attachment":[{"href":"https:\/\/infoecos.com.ar\/index.php\/wp-json\/wp\/v2\/media?parent=94273"}],"wp:term":[{"taxonomy":"category","embeddable":true,"href":"https:\/\/infoecos.com.ar\/index.php\/wp-json\/wp\/v2\/categories?post=94273"},{"taxonomy":"post_tag","embeddable":true,"href":"https:\/\/infoecos.com.ar\/index.php\/wp-json\/wp\/v2\/tags?post=94273"}],"curies":[{"name":"wp","href":"https:\/\/api.w.org\/{rel}","templated":true}]}}