{"id":94338,"date":"2022-07-13T03:01:46","date_gmt":"2022-07-13T06:01:46","guid":{"rendered":"http:\/\/infoecos.com.ar\/?p=94338"},"modified":"2022-07-13T03:01:47","modified_gmt":"2022-07-13T06:01:47","slug":"este-sabado-y-domingo-trenque-se-enciende-en-las-vacaciones-de-julio","status":"publish","type":"post","link":"https:\/\/infoecos.com.ar\/index.php\/este-sabado-y-domingo-trenque-se-enciende-en-las-vacaciones-de-julio\/","title":{"rendered":"Este s\u00e1bado y domingo: \u201cTrenque se enciende en las vacaciones de Julio\u201d"},"content":{"rendered":"\n<p>M\u00e1s de 200 artesanos y emprendedores de Trenque Lauquen y la regi\u00f3n estar\u00e1n en la Feria de Invierno que tendr\u00e1 lugar el pr\u00f3ximo s\u00e1bado y domingo en Plaza San Mart\u00edn, en el marco de la propuesta denominada <strong>\u201cTrenque se enciende en las vacaciones de Julio\u201d<\/strong><em>.<\/em><\/p>\n\n\n\n<figure class=\"wp-block-image aligncenter size-full is-resized\"><img loading=\"lazy\" decoding=\"async\" src=\"http:\/\/infoecos.com.ar\/wp-content\/uploads\/2022\/07\/Feria-en-la-Plaza.jpg\" alt=\"\" class=\"wp-image-94339\" width=\"596\" height=\"397\" srcset=\"https:\/\/infoecos.com.ar\/wp-content\/uploads\/2022\/07\/Feria-en-la-Plaza.jpg 900w, https:\/\/infoecos.com.ar\/wp-content\/uploads\/2022\/07\/Feria-en-la-Plaza-460x307.jpg 460w, https:\/\/infoecos.com.ar\/wp-content\/uploads\/2022\/07\/Feria-en-la-Plaza-768x512.jpg 768w, https:\/\/infoecos.com.ar\/wp-content\/uploads\/2022\/07\/Feria-en-la-Plaza-675x450.jpg 675w\" sizes=\"(max-width: 596px) 100vw, 596px\" \/><\/figure>\n\n\n\n<p>\u201cAquel compromiso que asumimos en la Feria del 12 de Abril (aniversario de Trenque Lauquen) se est\u00e1 cumpliendo con muy buenos resultados teniendo en cuenta la cantidad de\u00a0 inscriptos que tenemos: hasta el momento hay 204 artesanos y emprendedores anotados de Trenque Lauquen y la regi\u00f3n, as\u00ed que la plaza San Mart\u00edn va a estar repleta de opciones para que todos los vecinos\/as la disfruten y la recorran\u201d, coment\u00f3 la subsecretaria de Producci\u00f3n y Desarrollo Econ\u00f3mico, Clarisa Fabris. (en Facebook video en cuenta: Matheus Noticias)<\/p>\n\n\n\n<p>\u201cEl s\u00e1bado y domingo a partir de las 11 de la ma\u00f1ana los artesanos y emprendedores van a estar montando sus puestos y a partir de las 14 habr\u00e1 diferentes propuestas culturales\u201d, adelant\u00f3 Fabris.<\/p>\n\n\n\n<p>En la agenda est\u00e1n programadas la presentaci\u00f3n de academias de baile, un show circense denominado \u201cAlambrando\u201d, propuestas de circo callejero, batucadas, mu\u00f1ecos que se estar\u00e1n sacando fotos con los chicos\/as, inflables, una biblioteca ambulante, la pista de conducci\u00f3n para explicarle a los chicos\/as las normas de tr\u00e1nsito y Viv\u00ed Trenque en Bici, entre otras actividades.<\/p>\n\n\n\n<p>A todo esto se sumar\u00e1 el Patio de Comidas, que es un espacio habitual para todas estas actividades, que en el caso del pr\u00f3ximo fin de semana se desarrollar\u00e1n durante gran parte de la tarde.<\/p>\n\n\n\n<p>La Escuela Municipal de Apoyo Educativo y Formaci\u00f3n Laboral tambi\u00e9n participar\u00e1&nbsp; de la Feria de Invierno, desde las 14 hs. La Escuela, que depende de la direcci\u00f3n de Cultura y Educaci\u00f3n del Municipio, pondr\u00e1 a disposici\u00f3n de los y las vecinas un espacio a cargo del Programa Clases de Apoyo, donde ni\u00f1os y ni\u00f1as podr\u00e1n realizar actividades l\u00fadicas y recreativas, y tambi\u00e9n se brindar\u00e1 informaci\u00f3n acerca del programa de Educaci\u00f3n a Distancia UBA XXI.<\/p>\n","protected":false},"excerpt":{"rendered":"<p>M\u00e1s de 200 artesanos y emprendedores de Trenque Lauquen y la regi\u00f3n estar\u00e1n en la feria que tendr\u00e1 lugar en Plaza San Mart\u00edn<\/p>\n","protected":false},"author":2,"featured_media":94339,"comment_status":"closed","ping_status":"open","sticky":false,"template":"","format":"standard","meta":{"footnotes":""},"categories":[48],"tags":[6280],"class_list":["post-94338","post","type-post","status-publish","format-standard","has-post-thumbnail","hentry","category-c2nota3","tag-ya-hay-mas-de-200-artesanos-inscriptos"],"yoast_head":"<!-- This site is optimized with the Yoast SEO plugin v23.4 - https:\/\/yoast.com\/wordpress\/plugins\/seo\/ -->\n<title>Este s\u00e1bado y domingo: \u201cTrenque se enciende en las vacaciones de Julio\u201d - Infoecos<\/title>\n<meta name=\"robots\" content=\"index, follow, max-snippet:-1, max-image-preview:large, max-video-preview:-1\" \/>\n<link rel=\"canonical\" href=\"https:\/\/infoecos.com.ar\/index.php\/este-sabado-y-domingo-trenque-se-enciende-en-las-vacaciones-de-julio\/\" \/>\n<meta property=\"og:locale\" content=\"es_ES\" \/>\n<meta property=\"og:type\" content=\"article\" \/>\n<meta property=\"og:title\" content=\"Este s\u00e1bado y domingo: \u201cTrenque se enciende en las vacaciones de Julio\u201d - Infoecos\" \/>\n<meta property=\"og:description\" content=\"M\u00e1s de 200 artesanos y emprendedores de Trenque Lauquen y la regi\u00f3n estar\u00e1n en la feria que tendr\u00e1 lugar en Plaza San Mart\u00edn\" \/>\n<meta property=\"og:url\" content=\"https:\/\/infoecos.com.ar\/index.php\/este-sabado-y-domingo-trenque-se-enciende-en-las-vacaciones-de-julio\/\" \/>\n<meta property=\"og:site_name\" content=\"Infoecos\" \/>\n<meta property=\"article:publisher\" content=\"https:\/\/www.facebook.com\/profile.php?id=100063200290284\" \/>\n<meta property=\"article:published_time\" content=\"2022-07-13T06:01:46+00:00\" \/>\n<meta property=\"article:modified_time\" content=\"2022-07-13T06:01:47+00:00\" \/>\n<meta property=\"og:image\" content=\"https:\/\/infoecos.com.ar\/wp-content\/uploads\/2022\/07\/Feria-en-la-Plaza.jpg\" \/>\n\t<meta property=\"og:image:width\" content=\"900\" \/>\n\t<meta property=\"og:image:height\" content=\"600\" \/>\n\t<meta property=\"og:image:type\" content=\"image\/jpeg\" \/>\n<meta name=\"author\" content=\"Jorge Matheus\" \/>\n<meta name=\"twitter:card\" content=\"summary_large_image\" \/>\n<meta name=\"twitter:creator\" content=\"@infoecos\" \/>\n<meta name=\"twitter:site\" content=\"@infoecos\" \/>\n<meta name=\"twitter:label1\" content=\"Escrito por\" \/>\n\t<meta name=\"twitter:data1\" content=\"Jorge Matheus\" \/>\n\t<meta name=\"twitter:label2\" content=\"Tiempo de lectura\" \/>\n\t<meta name=\"twitter:data2\" content=\"2 minutos\" \/>\n<script type=\"application\/ld+json\" class=\"yoast-schema-graph\">{\"@context\":\"https:\/\/schema.org\",\"@graph\":[{\"@type\":\"Article\",\"@id\":\"https:\/\/infoecos.com.ar\/index.php\/este-sabado-y-domingo-trenque-se-enciende-en-las-vacaciones-de-julio\/#article\",\"isPartOf\":{\"@id\":\"https:\/\/infoecos.com.ar\/index.php\/este-sabado-y-domingo-trenque-se-enciende-en-las-vacaciones-de-julio\/\"},\"author\":{\"name\":\"Jorge Matheus\",\"@id\":\"https:\/\/infoecos.com.ar\/#\/schema\/person\/8f5ace5ce73b4b4aac4b7245aee6f191\"},\"headline\":\"Este s\u00e1bado y domingo: \u201cTrenque se enciende en las vacaciones de Julio\u201d\",\"datePublished\":\"2022-07-13T06:01:46+00:00\",\"dateModified\":\"2022-07-13T06:01:47+00:00\",\"mainEntityOfPage\":{\"@id\":\"https:\/\/infoecos.com.ar\/index.php\/este-sabado-y-domingo-trenque-se-enciende-en-las-vacaciones-de-julio\/\"},\"wordCount\":371,\"publisher\":{\"@id\":\"https:\/\/infoecos.com.ar\/#organization\"},\"image\":{\"@id\":\"https:\/\/infoecos.com.ar\/index.php\/este-sabado-y-domingo-trenque-se-enciende-en-las-vacaciones-de-julio\/#primaryimage\"},\"thumbnailUrl\":\"https:\/\/infoecos.com.ar\/wp-content\/uploads\/2022\/07\/Feria-en-la-Plaza.jpg\",\"keywords\":[\"yA HAY MAS DE 200 ARTESANOS INSCRIPTOS\"],\"articleSection\":[\"C2 N3\"],\"inLanguage\":\"es\"},{\"@type\":\"WebPage\",\"@id\":\"https:\/\/infoecos.com.ar\/index.php\/este-sabado-y-domingo-trenque-se-enciende-en-las-vacaciones-de-julio\/\",\"url\":\"https:\/\/infoecos.com.ar\/index.php\/este-sabado-y-domingo-trenque-se-enciende-en-las-vacaciones-de-julio\/\",\"name\":\"Este s\u00e1bado y domingo: \u201cTrenque se enciende en las vacaciones de Julio\u201d - Infoecos\",\"isPartOf\":{\"@id\":\"https:\/\/infoecos.com.ar\/#website\"},\"primaryImageOfPage\":{\"@id\":\"https:\/\/infoecos.com.ar\/index.php\/este-sabado-y-domingo-trenque-se-enciende-en-las-vacaciones-de-julio\/#primaryimage\"},\"image\":{\"@id\":\"https:\/\/infoecos.com.ar\/index.php\/este-sabado-y-domingo-trenque-se-enciende-en-las-vacaciones-de-julio\/#primaryimage\"},\"thumbnailUrl\":\"https:\/\/infoecos.com.ar\/wp-content\/uploads\/2022\/07\/Feria-en-la-Plaza.jpg\",\"datePublished\":\"2022-07-13T06:01:46+00:00\",\"dateModified\":\"2022-07-13T06:01:47+00:00\",\"breadcrumb\":{\"@id\":\"https:\/\/infoecos.com.ar\/index.php\/este-sabado-y-domingo-trenque-se-enciende-en-las-vacaciones-de-julio\/#breadcrumb\"},\"inLanguage\":\"es\",\"potentialAction\":[{\"@type\":\"ReadAction\",\"target\":[\"https:\/\/infoecos.com.ar\/index.php\/este-sabado-y-domingo-trenque-se-enciende-en-las-vacaciones-de-julio\/\"]}]},{\"@type\":\"ImageObject\",\"inLanguage\":\"es\",\"@id\":\"https:\/\/infoecos.com.ar\/index.php\/este-sabado-y-domingo-trenque-se-enciende-en-las-vacaciones-de-julio\/#primaryimage\",\"url\":\"https:\/\/infoecos.com.ar\/wp-content\/uploads\/2022\/07\/Feria-en-la-Plaza.jpg\",\"contentUrl\":\"https:\/\/infoecos.com.ar\/wp-content\/uploads\/2022\/07\/Feria-en-la-Plaza.jpg\",\"width\":900,\"height\":600},{\"@type\":\"BreadcrumbList\",\"@id\":\"https:\/\/infoecos.com.ar\/index.php\/este-sabado-y-domingo-trenque-se-enciende-en-las-vacaciones-de-julio\/#breadcrumb\",\"itemListElement\":[{\"@type\":\"ListItem\",\"position\":1,\"name\":\"Portada\",\"item\":\"https:\/\/infoecos.com.ar\/\"},{\"@type\":\"ListItem\",\"position\":2,\"name\":\"Este s\u00e1bado y domingo: \u201cTrenque se enciende en las vacaciones de Julio\u201d\"}]},{\"@type\":\"WebSite\",\"@id\":\"https:\/\/infoecos.com.ar\/#website\",\"url\":\"https:\/\/infoecos.com.ar\/\",\"name\":\"Infoecos\",\"description\":\"Noticias de trenque lauquen y la zona\",\"publisher\":{\"@id\":\"https:\/\/infoecos.com.ar\/#organization\"},\"alternateName\":\"Noticias\",\"potentialAction\":[{\"@type\":\"SearchAction\",\"target\":{\"@type\":\"EntryPoint\",\"urlTemplate\":\"https:\/\/infoecos.com.ar\/?s={search_term_string}\"},\"query-input\":{\"@type\":\"PropertyValueSpecification\",\"valueRequired\":true,\"valueName\":\"search_term_string\"}}],\"inLanguage\":\"es\"},{\"@type\":\"Organization\",\"@id\":\"https:\/\/infoecos.com.ar\/#organization\",\"name\":\"Infoecos\",\"alternateName\":\"Noticias\",\"url\":\"https:\/\/infoecos.com.ar\/\",\"logo\":{\"@type\":\"ImageObject\",\"inLanguage\":\"es\",\"@id\":\"https:\/\/infoecos.com.ar\/#\/schema\/logo\/image\/\",\"url\":\"https:\/\/infoecos.com.ar\/wp-content\/uploads\/2024\/03\/cropped-logo.png\",\"contentUrl\":\"https:\/\/infoecos.com.ar\/wp-content\/uploads\/2024\/03\/cropped-logo.png\",\"width\":374,\"height\":90,\"caption\":\"Infoecos\"},\"image\":{\"@id\":\"https:\/\/infoecos.com.ar\/#\/schema\/logo\/image\/\"},\"sameAs\":[\"https:\/\/www.facebook.com\/profile.php?id=100063200290284\",\"https:\/\/x.com\/infoecos\"]},{\"@type\":\"Person\",\"@id\":\"https:\/\/infoecos.com.ar\/#\/schema\/person\/8f5ace5ce73b4b4aac4b7245aee6f191\",\"name\":\"Jorge Matheus\",\"url\":\"https:\/\/infoecos.com.ar\/index.php\/author\/jomatheus\/\"}]}<\/script>\n<!-- \/ Yoast SEO plugin. -->","yoast_head_json":{"title":"Este s\u00e1bado y domingo: \u201cTrenque se enciende en las vacaciones de Julio\u201d - Infoecos","robots":{"index":"index","follow":"follow","max-snippet":"max-snippet:-1","max-image-preview":"max-image-preview:large","max-video-preview":"max-video-preview:-1"},"canonical":"https:\/\/infoecos.com.ar\/index.php\/este-sabado-y-domingo-trenque-se-enciende-en-las-vacaciones-de-julio\/","og_locale":"es_ES","og_type":"article","og_title":"Este s\u00e1bado y domingo: \u201cTrenque se enciende en las vacaciones de Julio\u201d - Infoecos","og_description":"M\u00e1s de 200 artesanos y emprendedores de Trenque Lauquen y la regi\u00f3n estar\u00e1n en la feria que tendr\u00e1 lugar en Plaza San Mart\u00edn","og_url":"https:\/\/infoecos.com.ar\/index.php\/este-sabado-y-domingo-trenque-se-enciende-en-las-vacaciones-de-julio\/","og_site_name":"Infoecos","article_publisher":"https:\/\/www.facebook.com\/profile.php?id=100063200290284","article_published_time":"2022-07-13T06:01:46+00:00","article_modified_time":"2022-07-13T06:01:47+00:00","og_image":[{"width":900,"height":600,"url":"https:\/\/infoecos.com.ar\/wp-content\/uploads\/2022\/07\/Feria-en-la-Plaza.jpg","type":"image\/jpeg"}],"author":"Jorge Matheus","twitter_card":"summary_large_image","twitter_creator":"@infoecos","twitter_site":"@infoecos","twitter_misc":{"Escrito por":"Jorge Matheus","Tiempo de lectura":"2 minutos"},"schema":{"@context":"https:\/\/schema.org","@graph":[{"@type":"Article","@id":"https:\/\/infoecos.com.ar\/index.php\/este-sabado-y-domingo-trenque-se-enciende-en-las-vacaciones-de-julio\/#article","isPartOf":{"@id":"https:\/\/infoecos.com.ar\/index.php\/este-sabado-y-domingo-trenque-se-enciende-en-las-vacaciones-de-julio\/"},"author":{"name":"Jorge Matheus","@id":"https:\/\/infoecos.com.ar\/#\/schema\/person\/8f5ace5ce73b4b4aac4b7245aee6f191"},"headline":"Este s\u00e1bado y domingo: \u201cTrenque se enciende en las vacaciones de Julio\u201d","datePublished":"2022-07-13T06:01:46+00:00","dateModified":"2022-07-13T06:01:47+00:00","mainEntityOfPage":{"@id":"https:\/\/infoecos.com.ar\/index.php\/este-sabado-y-domingo-trenque-se-enciende-en-las-vacaciones-de-julio\/"},"wordCount":371,"publisher":{"@id":"https:\/\/infoecos.com.ar\/#organization"},"image":{"@id":"https:\/\/infoecos.com.ar\/index.php\/este-sabado-y-domingo-trenque-se-enciende-en-las-vacaciones-de-julio\/#primaryimage"},"thumbnailUrl":"https:\/\/infoecos.com.ar\/wp-content\/uploads\/2022\/07\/Feria-en-la-Plaza.jpg","keywords":["yA HAY MAS DE 200 ARTESANOS INSCRIPTOS"],"articleSection":["C2 N3"],"inLanguage":"es"},{"@type":"WebPage","@id":"https:\/\/infoecos.com.ar\/index.php\/este-sabado-y-domingo-trenque-se-enciende-en-las-vacaciones-de-julio\/","url":"https:\/\/infoecos.com.ar\/index.php\/este-sabado-y-domingo-trenque-se-enciende-en-las-vacaciones-de-julio\/","name":"Este s\u00e1bado y domingo: \u201cTrenque se enciende en las vacaciones de Julio\u201d - Infoecos","isPartOf":{"@id":"https:\/\/infoecos.com.ar\/#website"},"primaryImageOfPage":{"@id":"https:\/\/infoecos.com.ar\/index.php\/este-sabado-y-domingo-trenque-se-enciende-en-las-vacaciones-de-julio\/#primaryimage"},"image":{"@id":"https:\/\/infoecos.com.ar\/index.php\/este-sabado-y-domingo-trenque-se-enciende-en-las-vacaciones-de-julio\/#primaryimage"},"thumbnailUrl":"https:\/\/infoecos.com.ar\/wp-content\/uploads\/2022\/07\/Feria-en-la-Plaza.jpg","datePublished":"2022-07-13T06:01:46+00:00","dateModified":"2022-07-13T06:01:47+00:00","breadcrumb":{"@id":"https:\/\/infoecos.com.ar\/index.php\/este-sabado-y-domingo-trenque-se-enciende-en-las-vacaciones-de-julio\/#breadcrumb"},"inLanguage":"es","potentialAction":[{"@type":"ReadAction","target":["https:\/\/infoecos.com.ar\/index.php\/este-sabado-y-domingo-trenque-se-enciende-en-las-vacaciones-de-julio\/"]}]},{"@type":"ImageObject","inLanguage":"es","@id":"https:\/\/infoecos.com.ar\/index.php\/este-sabado-y-domingo-trenque-se-enciende-en-las-vacaciones-de-julio\/#primaryimage","url":"https:\/\/infoecos.com.ar\/wp-content\/uploads\/2022\/07\/Feria-en-la-Plaza.jpg","contentUrl":"https:\/\/infoecos.com.ar\/wp-content\/uploads\/2022\/07\/Feria-en-la-Plaza.jpg","width":900,"height":600},{"@type":"BreadcrumbList","@id":"https:\/\/infoecos.com.ar\/index.php\/este-sabado-y-domingo-trenque-se-enciende-en-las-vacaciones-de-julio\/#breadcrumb","itemListElement":[{"@type":"ListItem","position":1,"name":"Portada","item":"https:\/\/infoecos.com.ar\/"},{"@type":"ListItem","position":2,"name":"Este s\u00e1bado y domingo: \u201cTrenque se enciende en las vacaciones de Julio\u201d"}]},{"@type":"WebSite","@id":"https:\/\/infoecos.com.ar\/#website","url":"https:\/\/infoecos.com.ar\/","name":"Infoecos","description":"Noticias de trenque lauquen y la zona","publisher":{"@id":"https:\/\/infoecos.com.ar\/#organization"},"alternateName":"Noticias","potentialAction":[{"@type":"SearchAction","target":{"@type":"EntryPoint","urlTemplate":"https:\/\/infoecos.com.ar\/?s={search_term_string}"},"query-input":{"@type":"PropertyValueSpecification","valueRequired":true,"valueName":"search_term_string"}}],"inLanguage":"es"},{"@type":"Organization","@id":"https:\/\/infoecos.com.ar\/#organization","name":"Infoecos","alternateName":"Noticias","url":"https:\/\/infoecos.com.ar\/","logo":{"@type":"ImageObject","inLanguage":"es","@id":"https:\/\/infoecos.com.ar\/#\/schema\/logo\/image\/","url":"https:\/\/infoecos.com.ar\/wp-content\/uploads\/2024\/03\/cropped-logo.png","contentUrl":"https:\/\/infoecos.com.ar\/wp-content\/uploads\/2024\/03\/cropped-logo.png","width":374,"height":90,"caption":"Infoecos"},"image":{"@id":"https:\/\/infoecos.com.ar\/#\/schema\/logo\/image\/"},"sameAs":["https:\/\/www.facebook.com\/profile.php?id=100063200290284","https:\/\/x.com\/infoecos"]},{"@type":"Person","@id":"https:\/\/infoecos.com.ar\/#\/schema\/person\/8f5ace5ce73b4b4aac4b7245aee6f191","name":"Jorge Matheus","url":"https:\/\/infoecos.com.ar\/index.php\/author\/jomatheus\/"}]}},"featured_image_urls":{"full":["https:\/\/infoecos.com.ar\/wp-content\/uploads\/2022\/07\/Feria-en-la-Plaza.jpg",900,600,false],"thumbnail":["https:\/\/infoecos.com.ar\/wp-content\/uploads\/2022\/07\/Feria-en-la-Plaza-150x150.jpg",150,150,true],"medium":["https:\/\/infoecos.com.ar\/wp-content\/uploads\/2022\/07\/Feria-en-la-Plaza-460x307.jpg",460,307,true],"medium_large":["https:\/\/infoecos.com.ar\/wp-content\/uploads\/2022\/07\/Feria-en-la-Plaza-768x512.jpg",640,427,true],"large":["https:\/\/infoecos.com.ar\/wp-content\/uploads\/2022\/07\/Feria-en-la-Plaza.jpg",640,427,false],"1536x1536":["https:\/\/infoecos.com.ar\/wp-content\/uploads\/2022\/07\/Feria-en-la-Plaza.jpg",900,600,false],"2048x2048":["https:\/\/infoecos.com.ar\/wp-content\/uploads\/2022\/07\/Feria-en-la-Plaza.jpg",900,600,false],"covernews-slider-full":["https:\/\/infoecos.com.ar\/wp-content\/uploads\/2022\/07\/Feria-en-la-Plaza.jpg",900,600,false],"covernews-slider-center":["https:\/\/infoecos.com.ar\/wp-content\/uploads\/2022\/07\/Feria-en-la-Plaza.jpg",750,500,false],"covernews-featured":["https:\/\/infoecos.com.ar\/wp-content\/uploads\/2022\/07\/Feria-en-la-Plaza.jpg",900,600,false],"covernews-medium":["https:\/\/infoecos.com.ar\/wp-content\/uploads\/2022\/07\/Feria-en-la-Plaza-720x380.jpg",540,285,true],"covernews-medium-square":["https:\/\/infoecos.com.ar\/wp-content\/uploads\/2022\/07\/Feria-en-la-Plaza-675x450.jpg",375,250,true]},"author_info":{"info":["Jorge Matheus"]},"category_info":"<a href=\"https:\/\/infoecos.com.ar\/index.php\/category\/c2nota3\/\" rel=\"category tag\">C2 N3<\/a>","tag_info":"C2 N3","comment_count":"0","_links":{"self":[{"href":"https:\/\/infoecos.com.ar\/index.php\/wp-json\/wp\/v2\/posts\/94338"}],"collection":[{"href":"https:\/\/infoecos.com.ar\/index.php\/wp-json\/wp\/v2\/posts"}],"about":[{"href":"https:\/\/infoecos.com.ar\/index.php\/wp-json\/wp\/v2\/types\/post"}],"author":[{"embeddable":true,"href":"https:\/\/infoecos.com.ar\/index.php\/wp-json\/wp\/v2\/users\/2"}],"replies":[{"embeddable":true,"href":"https:\/\/infoecos.com.ar\/index.php\/wp-json\/wp\/v2\/comments?post=94338"}],"version-history":[{"count":1,"href":"https:\/\/infoecos.com.ar\/index.php\/wp-json\/wp\/v2\/posts\/94338\/revisions"}],"predecessor-version":[{"id":94340,"href":"https:\/\/infoecos.com.ar\/index.php\/wp-json\/wp\/v2\/posts\/94338\/revisions\/94340"}],"wp:featuredmedia":[{"embeddable":true,"href":"https:\/\/infoecos.com.ar\/index.php\/wp-json\/wp\/v2\/media\/94339"}],"wp:attachment":[{"href":"https:\/\/infoecos.com.ar\/index.php\/wp-json\/wp\/v2\/media?parent=94338"}],"wp:term":[{"taxonomy":"category","embeddable":true,"href":"https:\/\/infoecos.com.ar\/index.php\/wp-json\/wp\/v2\/categories?post=94338"},{"taxonomy":"post_tag","embeddable":true,"href":"https:\/\/infoecos.com.ar\/index.php\/wp-json\/wp\/v2\/tags?post=94338"}],"curies":[{"name":"wp","href":"https:\/\/api.w.org\/{rel}","templated":true}]}}