{"id":94352,"date":"2022-07-13T03:54:30","date_gmt":"2022-07-13T06:54:30","guid":{"rendered":"http:\/\/infoecos.com.ar\/?p=94352"},"modified":"2022-07-14T03:24:13","modified_gmt":"2022-07-14T06:24:13","slug":"kicillof-presidio-en-pigue-el-lanzamiento-del-plan-puentes-de-integracion-territorial-universitaria","status":"publish","type":"post","link":"https:\/\/infoecos.com.ar\/index.php\/kicillof-presidio-en-pigue-el-lanzamiento-del-plan-puentes-de-integracion-territorial-universitaria\/","title":{"rendered":"Kicillof presidi\u00f3 en Pig\u00fc\u00e9 el lanzamiento del Plan Puentes de Integraci\u00f3n Territorial Universitaria"},"content":{"rendered":"\n<p>Se present\u00f3  en la sede Pig\u00fc\u00e9 de la Universidad Provincial del Sudoeste, el Plan Puentes, de Integraci\u00f3n Territorial Universitaria.<\/p>\n\n\n\n<p>Se firmaron convenios con 16 municipios para el otorgamiento de subsidios destinados a la refacci\u00f3n y creaci\u00f3n de centros universitarios y compra de equipamiento para la creaci\u00f3n de aulas bimodales.<\/p>\n\n\n\n<figure class=\"wp-block-image aligncenter size-large is-resized\"><img loading=\"lazy\" decoding=\"async\" src=\"http:\/\/infoecos.com.ar\/wp-content\/uploads\/2022\/07\/DSC_5195-768x1149-1-615x920.jpg\" alt=\"\" class=\"wp-image-94353\" width=\"442\" height=\"661\" srcset=\"https:\/\/infoecos.com.ar\/wp-content\/uploads\/2022\/07\/DSC_5195-768x1149-1-615x920.jpg 615w, https:\/\/infoecos.com.ar\/wp-content\/uploads\/2022\/07\/DSC_5195-768x1149-1-307x460.jpg 307w, https:\/\/infoecos.com.ar\/wp-content\/uploads\/2022\/07\/DSC_5195-768x1149-1.jpg 768w\" sizes=\"(max-width: 442px) 100vw, 442px\" \/><\/figure>\n\n\n\n<p>Para la r\u00fabrica estuvieron presentes los intendentes de Coronel Su\u00e1rez, Bol\u00edvar, Las Flores (interino) Daireaux, Lober\u00eda, 25 de Mayo, Puan, Pellegrini, Leandro N. Alem y General La Madrid.<\/p>\n\n\n\n<p>El plan Puentes, compromete a 25 universidades nacionales y provinciales con asiento en la provincia e impacta en 82 municipios que tienen hasta 200 mil habitantes y se encuentran a una distancias mayor a 50 kil\u00f3metros de una sede universitaria.<\/p>\n\n\n\n<p>Brinda oferta acad\u00e9mica presencial, semipresencial y virtual, con tutor\u00edas y seminarios para diplomaturas, tecnicaturas y licenciaturas.<\/p>\n\n\n\n<p>Sobre la apertura de universidades en la provincia el gobernador Axel Kicillof subray\u00f3 \u201cHay quienes piensan que haber abierto 19 universidades en el conurbano de la provincia de Buenos Aires fue un gasto innecesario, excesivo, un desperdicio recursos. Eso vino despu\u00e9s complementado con otra idea que es que a las universidades estas y a la universidad p\u00fablica en general, no llegaban los trabajadores, los sectores humildes y populares\u201d.<\/p>\n\n\n\n<figure class=\"wp-block-image aligncenter size-large is-resized\"><img loading=\"lazy\" decoding=\"async\" src=\"http:\/\/infoecos.com.ar\/wp-content\/uploads\/2022\/07\/DSC_5169-1068x714-1-920x615.jpg\" alt=\"\" class=\"wp-image-94354\" width=\"575\" height=\"384\" srcset=\"https:\/\/infoecos.com.ar\/wp-content\/uploads\/2022\/07\/DSC_5169-1068x714-1-920x615.jpg 920w, https:\/\/infoecos.com.ar\/wp-content\/uploads\/2022\/07\/DSC_5169-1068x714-1-460x308.jpg 460w, https:\/\/infoecos.com.ar\/wp-content\/uploads\/2022\/07\/DSC_5169-1068x714-1-768x513.jpg 768w, https:\/\/infoecos.com.ar\/wp-content\/uploads\/2022\/07\/DSC_5169-1068x714-1-1024x685.jpg 1024w, https:\/\/infoecos.com.ar\/wp-content\/uploads\/2022\/07\/DSC_5169-1068x714-1-675x450.jpg 675w, https:\/\/infoecos.com.ar\/wp-content\/uploads\/2022\/07\/DSC_5169-1068x714-1.jpg 1068w\" sizes=\"(max-width: 575px) 100vw, 575px\" \/><\/figure>\n\n\n\n<p>\u201cTal vez es producto de la ignorancia, el desinter\u00e9s o la chicana de decir por decir, o tal vez porque no quer\u00edan invertir en eso y tuvieron la necesidad de despreciar o menospreciarlo porque sino era dif\u00edcil justificar que no hubiera fondos\u201d a\u00f1adi\u00f3 Kicillof.<\/p>\n\n\n\n<p>Sobre la apertura de universidades en la provincia el gobernador Axel Kicillof subray\u00f3 \u201cHay quienes piensan que haber abierto 19 universidades en el conurbano de la provincia de Buenos Aires fue un gasto innecesario, excesivo, un desperdicio recursos. Eso vino despu\u00e9s complementado con otra idea que es que a las universidades estas y a la universidad p\u00fablica en general, no llegaban los trabajadores, los sectores humildes y populares\u201d.<\/p>\n\n\n\n<p>\u201cTal vez es producto de la ignorancia, el desinter\u00e9s o la chicana de decir por decir, o tal vez porque no quer\u00edan invertir en eso y tuvieron la necesidad de despreciar o menospreciarlo porque sino era dif\u00edcil justificar que no hubiera fondos\u201d a\u00f1adi\u00f3 Kicillof.<\/p>\n","protected":false},"excerpt":{"rendered":"<p>Para la r\u00fabrica estuvieron presentes los intendentes de Coronel Su\u00e1rez, Bol\u00edvar, Las Flores (interino) Daireaux, Lober\u00eda, 25 de Mayo, Puan, Pellegrini, Leandro N. Alem y General La Madrid<\/p>\n","protected":false},"author":2,"featured_media":94354,"comment_status":"closed","ping_status":"open","sticky":false,"template":"","format":"standard","meta":{"footnotes":""},"categories":[198],"tags":[6282],"class_list":["post-94352","post","type-post","status-publish","format-standard","has-post-thumbnail","hentry","category-c1nota5","tag-anoche-en-la-sede-de-la-upso"],"yoast_head":"<!-- This site is optimized with the Yoast SEO plugin v23.4 - https:\/\/yoast.com\/wordpress\/plugins\/seo\/ -->\n<title>Kicillof presidi\u00f3 en Pig\u00fc\u00e9 el lanzamiento del Plan Puentes de Integraci\u00f3n Territorial Universitaria - Infoecos<\/title>\n<meta name=\"robots\" content=\"index, follow, max-snippet:-1, max-image-preview:large, max-video-preview:-1\" \/>\n<link rel=\"canonical\" href=\"https:\/\/infoecos.com.ar\/index.php\/kicillof-presidio-en-pigue-el-lanzamiento-del-plan-puentes-de-integracion-territorial-universitaria\/\" \/>\n<meta property=\"og:locale\" content=\"es_ES\" \/>\n<meta property=\"og:type\" content=\"article\" \/>\n<meta property=\"og:title\" content=\"Kicillof presidi\u00f3 en Pig\u00fc\u00e9 el lanzamiento del Plan Puentes de Integraci\u00f3n Territorial Universitaria - Infoecos\" \/>\n<meta property=\"og:description\" content=\"Para la r\u00fabrica estuvieron presentes los intendentes de Coronel Su\u00e1rez, Bol\u00edvar, Las Flores (interino) Daireaux, Lober\u00eda, 25 de Mayo, Puan, Pellegrini, Leandro N. Alem y General La Madrid\" \/>\n<meta property=\"og:url\" content=\"https:\/\/infoecos.com.ar\/index.php\/kicillof-presidio-en-pigue-el-lanzamiento-del-plan-puentes-de-integracion-territorial-universitaria\/\" \/>\n<meta property=\"og:site_name\" content=\"Infoecos\" \/>\n<meta property=\"article:publisher\" content=\"https:\/\/www.facebook.com\/profile.php?id=100063200290284\" \/>\n<meta property=\"article:published_time\" content=\"2022-07-13T06:54:30+00:00\" \/>\n<meta property=\"article:modified_time\" content=\"2022-07-14T06:24:13+00:00\" \/>\n<meta property=\"og:image\" content=\"https:\/\/infoecos.com.ar\/wp-content\/uploads\/2022\/07\/DSC_5169-1068x714-1.jpg\" \/>\n\t<meta property=\"og:image:width\" content=\"1068\" \/>\n\t<meta property=\"og:image:height\" content=\"714\" \/>\n\t<meta property=\"og:image:type\" content=\"image\/jpeg\" \/>\n<meta name=\"author\" content=\"Jorge Matheus\" \/>\n<meta name=\"twitter:card\" content=\"summary_large_image\" \/>\n<meta name=\"twitter:creator\" content=\"@infoecos\" \/>\n<meta name=\"twitter:site\" content=\"@infoecos\" \/>\n<meta name=\"twitter:label1\" content=\"Escrito por\" \/>\n\t<meta name=\"twitter:data1\" content=\"Jorge Matheus\" \/>\n\t<meta name=\"twitter:label2\" content=\"Tiempo de lectura\" \/>\n\t<meta name=\"twitter:data2\" content=\"2 minutos\" \/>\n<script type=\"application\/ld+json\" class=\"yoast-schema-graph\">{\"@context\":\"https:\/\/schema.org\",\"@graph\":[{\"@type\":\"Article\",\"@id\":\"https:\/\/infoecos.com.ar\/index.php\/kicillof-presidio-en-pigue-el-lanzamiento-del-plan-puentes-de-integracion-territorial-universitaria\/#article\",\"isPartOf\":{\"@id\":\"https:\/\/infoecos.com.ar\/index.php\/kicillof-presidio-en-pigue-el-lanzamiento-del-plan-puentes-de-integracion-territorial-universitaria\/\"},\"author\":{\"name\":\"Jorge Matheus\",\"@id\":\"https:\/\/infoecos.com.ar\/#\/schema\/person\/8f5ace5ce73b4b4aac4b7245aee6f191\"},\"headline\":\"Kicillof presidi\u00f3 en Pig\u00fc\u00e9 el lanzamiento del Plan Puentes de Integraci\u00f3n Territorial Universitaria\",\"datePublished\":\"2022-07-13T06:54:30+00:00\",\"dateModified\":\"2022-07-14T06:24:13+00:00\",\"mainEntityOfPage\":{\"@id\":\"https:\/\/infoecos.com.ar\/index.php\/kicillof-presidio-en-pigue-el-lanzamiento-del-plan-puentes-de-integracion-territorial-universitaria\/\"},\"wordCount\":386,\"publisher\":{\"@id\":\"https:\/\/infoecos.com.ar\/#organization\"},\"image\":{\"@id\":\"https:\/\/infoecos.com.ar\/index.php\/kicillof-presidio-en-pigue-el-lanzamiento-del-plan-puentes-de-integracion-territorial-universitaria\/#primaryimage\"},\"thumbnailUrl\":\"https:\/\/infoecos.com.ar\/wp-content\/uploads\/2022\/07\/DSC_5169-1068x714-1.jpg\",\"keywords\":[\"ANOCHE EN LA SEDE DE LA UPSO\"],\"articleSection\":[\"C1 nota 5\"],\"inLanguage\":\"es\"},{\"@type\":\"WebPage\",\"@id\":\"https:\/\/infoecos.com.ar\/index.php\/kicillof-presidio-en-pigue-el-lanzamiento-del-plan-puentes-de-integracion-territorial-universitaria\/\",\"url\":\"https:\/\/infoecos.com.ar\/index.php\/kicillof-presidio-en-pigue-el-lanzamiento-del-plan-puentes-de-integracion-territorial-universitaria\/\",\"name\":\"Kicillof presidi\u00f3 en Pig\u00fc\u00e9 el lanzamiento del Plan Puentes de Integraci\u00f3n Territorial Universitaria - Infoecos\",\"isPartOf\":{\"@id\":\"https:\/\/infoecos.com.ar\/#website\"},\"primaryImageOfPage\":{\"@id\":\"https:\/\/infoecos.com.ar\/index.php\/kicillof-presidio-en-pigue-el-lanzamiento-del-plan-puentes-de-integracion-territorial-universitaria\/#primaryimage\"},\"image\":{\"@id\":\"https:\/\/infoecos.com.ar\/index.php\/kicillof-presidio-en-pigue-el-lanzamiento-del-plan-puentes-de-integracion-territorial-universitaria\/#primaryimage\"},\"thumbnailUrl\":\"https:\/\/infoecos.com.ar\/wp-content\/uploads\/2022\/07\/DSC_5169-1068x714-1.jpg\",\"datePublished\":\"2022-07-13T06:54:30+00:00\",\"dateModified\":\"2022-07-14T06:24:13+00:00\",\"breadcrumb\":{\"@id\":\"https:\/\/infoecos.com.ar\/index.php\/kicillof-presidio-en-pigue-el-lanzamiento-del-plan-puentes-de-integracion-territorial-universitaria\/#breadcrumb\"},\"inLanguage\":\"es\",\"potentialAction\":[{\"@type\":\"ReadAction\",\"target\":[\"https:\/\/infoecos.com.ar\/index.php\/kicillof-presidio-en-pigue-el-lanzamiento-del-plan-puentes-de-integracion-territorial-universitaria\/\"]}]},{\"@type\":\"ImageObject\",\"inLanguage\":\"es\",\"@id\":\"https:\/\/infoecos.com.ar\/index.php\/kicillof-presidio-en-pigue-el-lanzamiento-del-plan-puentes-de-integracion-territorial-universitaria\/#primaryimage\",\"url\":\"https:\/\/infoecos.com.ar\/wp-content\/uploads\/2022\/07\/DSC_5169-1068x714-1.jpg\",\"contentUrl\":\"https:\/\/infoecos.com.ar\/wp-content\/uploads\/2022\/07\/DSC_5169-1068x714-1.jpg\",\"width\":1068,\"height\":714},{\"@type\":\"BreadcrumbList\",\"@id\":\"https:\/\/infoecos.com.ar\/index.php\/kicillof-presidio-en-pigue-el-lanzamiento-del-plan-puentes-de-integracion-territorial-universitaria\/#breadcrumb\",\"itemListElement\":[{\"@type\":\"ListItem\",\"position\":1,\"name\":\"Portada\",\"item\":\"https:\/\/infoecos.com.ar\/\"},{\"@type\":\"ListItem\",\"position\":2,\"name\":\"Kicillof presidi\u00f3 en Pig\u00fc\u00e9 el lanzamiento del Plan Puentes de Integraci\u00f3n Territorial Universitaria\"}]},{\"@type\":\"WebSite\",\"@id\":\"https:\/\/infoecos.com.ar\/#website\",\"url\":\"https:\/\/infoecos.com.ar\/\",\"name\":\"Infoecos\",\"description\":\"Noticias de trenque lauquen y la zona\",\"publisher\":{\"@id\":\"https:\/\/infoecos.com.ar\/#organization\"},\"alternateName\":\"Noticias\",\"potentialAction\":[{\"@type\":\"SearchAction\",\"target\":{\"@type\":\"EntryPoint\",\"urlTemplate\":\"https:\/\/infoecos.com.ar\/?s={search_term_string}\"},\"query-input\":{\"@type\":\"PropertyValueSpecification\",\"valueRequired\":true,\"valueName\":\"search_term_string\"}}],\"inLanguage\":\"es\"},{\"@type\":\"Organization\",\"@id\":\"https:\/\/infoecos.com.ar\/#organization\",\"name\":\"Infoecos\",\"alternateName\":\"Noticias\",\"url\":\"https:\/\/infoecos.com.ar\/\",\"logo\":{\"@type\":\"ImageObject\",\"inLanguage\":\"es\",\"@id\":\"https:\/\/infoecos.com.ar\/#\/schema\/logo\/image\/\",\"url\":\"https:\/\/infoecos.com.ar\/wp-content\/uploads\/2024\/03\/cropped-logo.png\",\"contentUrl\":\"https:\/\/infoecos.com.ar\/wp-content\/uploads\/2024\/03\/cropped-logo.png\",\"width\":374,\"height\":90,\"caption\":\"Infoecos\"},\"image\":{\"@id\":\"https:\/\/infoecos.com.ar\/#\/schema\/logo\/image\/\"},\"sameAs\":[\"https:\/\/www.facebook.com\/profile.php?id=100063200290284\",\"https:\/\/x.com\/infoecos\"]},{\"@type\":\"Person\",\"@id\":\"https:\/\/infoecos.com.ar\/#\/schema\/person\/8f5ace5ce73b4b4aac4b7245aee6f191\",\"name\":\"Jorge Matheus\",\"url\":\"https:\/\/infoecos.com.ar\/index.php\/author\/jomatheus\/\"}]}<\/script>\n<!-- \/ Yoast SEO plugin. -->","yoast_head_json":{"title":"Kicillof presidi\u00f3 en Pig\u00fc\u00e9 el lanzamiento del Plan Puentes de Integraci\u00f3n Territorial Universitaria - Infoecos","robots":{"index":"index","follow":"follow","max-snippet":"max-snippet:-1","max-image-preview":"max-image-preview:large","max-video-preview":"max-video-preview:-1"},"canonical":"https:\/\/infoecos.com.ar\/index.php\/kicillof-presidio-en-pigue-el-lanzamiento-del-plan-puentes-de-integracion-territorial-universitaria\/","og_locale":"es_ES","og_type":"article","og_title":"Kicillof presidi\u00f3 en Pig\u00fc\u00e9 el lanzamiento del Plan Puentes de Integraci\u00f3n Territorial Universitaria - Infoecos","og_description":"Para la r\u00fabrica estuvieron presentes los intendentes de Coronel Su\u00e1rez, Bol\u00edvar, Las Flores (interino) Daireaux, Lober\u00eda, 25 de Mayo, Puan, Pellegrini, Leandro N. Alem y General La Madrid","og_url":"https:\/\/infoecos.com.ar\/index.php\/kicillof-presidio-en-pigue-el-lanzamiento-del-plan-puentes-de-integracion-territorial-universitaria\/","og_site_name":"Infoecos","article_publisher":"https:\/\/www.facebook.com\/profile.php?id=100063200290284","article_published_time":"2022-07-13T06:54:30+00:00","article_modified_time":"2022-07-14T06:24:13+00:00","og_image":[{"width":1068,"height":714,"url":"https:\/\/infoecos.com.ar\/wp-content\/uploads\/2022\/07\/DSC_5169-1068x714-1.jpg","type":"image\/jpeg"}],"author":"Jorge Matheus","twitter_card":"summary_large_image","twitter_creator":"@infoecos","twitter_site":"@infoecos","twitter_misc":{"Escrito por":"Jorge Matheus","Tiempo de lectura":"2 minutos"},"schema":{"@context":"https:\/\/schema.org","@graph":[{"@type":"Article","@id":"https:\/\/infoecos.com.ar\/index.php\/kicillof-presidio-en-pigue-el-lanzamiento-del-plan-puentes-de-integracion-territorial-universitaria\/#article","isPartOf":{"@id":"https:\/\/infoecos.com.ar\/index.php\/kicillof-presidio-en-pigue-el-lanzamiento-del-plan-puentes-de-integracion-territorial-universitaria\/"},"author":{"name":"Jorge Matheus","@id":"https:\/\/infoecos.com.ar\/#\/schema\/person\/8f5ace5ce73b4b4aac4b7245aee6f191"},"headline":"Kicillof presidi\u00f3 en Pig\u00fc\u00e9 el lanzamiento del Plan Puentes de Integraci\u00f3n Territorial Universitaria","datePublished":"2022-07-13T06:54:30+00:00","dateModified":"2022-07-14T06:24:13+00:00","mainEntityOfPage":{"@id":"https:\/\/infoecos.com.ar\/index.php\/kicillof-presidio-en-pigue-el-lanzamiento-del-plan-puentes-de-integracion-territorial-universitaria\/"},"wordCount":386,"publisher":{"@id":"https:\/\/infoecos.com.ar\/#organization"},"image":{"@id":"https:\/\/infoecos.com.ar\/index.php\/kicillof-presidio-en-pigue-el-lanzamiento-del-plan-puentes-de-integracion-territorial-universitaria\/#primaryimage"},"thumbnailUrl":"https:\/\/infoecos.com.ar\/wp-content\/uploads\/2022\/07\/DSC_5169-1068x714-1.jpg","keywords":["ANOCHE EN LA SEDE DE LA UPSO"],"articleSection":["C1 nota 5"],"inLanguage":"es"},{"@type":"WebPage","@id":"https:\/\/infoecos.com.ar\/index.php\/kicillof-presidio-en-pigue-el-lanzamiento-del-plan-puentes-de-integracion-territorial-universitaria\/","url":"https:\/\/infoecos.com.ar\/index.php\/kicillof-presidio-en-pigue-el-lanzamiento-del-plan-puentes-de-integracion-territorial-universitaria\/","name":"Kicillof presidi\u00f3 en Pig\u00fc\u00e9 el lanzamiento del Plan Puentes de Integraci\u00f3n Territorial Universitaria - Infoecos","isPartOf":{"@id":"https:\/\/infoecos.com.ar\/#website"},"primaryImageOfPage":{"@id":"https:\/\/infoecos.com.ar\/index.php\/kicillof-presidio-en-pigue-el-lanzamiento-del-plan-puentes-de-integracion-territorial-universitaria\/#primaryimage"},"image":{"@id":"https:\/\/infoecos.com.ar\/index.php\/kicillof-presidio-en-pigue-el-lanzamiento-del-plan-puentes-de-integracion-territorial-universitaria\/#primaryimage"},"thumbnailUrl":"https:\/\/infoecos.com.ar\/wp-content\/uploads\/2022\/07\/DSC_5169-1068x714-1.jpg","datePublished":"2022-07-13T06:54:30+00:00","dateModified":"2022-07-14T06:24:13+00:00","breadcrumb":{"@id":"https:\/\/infoecos.com.ar\/index.php\/kicillof-presidio-en-pigue-el-lanzamiento-del-plan-puentes-de-integracion-territorial-universitaria\/#breadcrumb"},"inLanguage":"es","potentialAction":[{"@type":"ReadAction","target":["https:\/\/infoecos.com.ar\/index.php\/kicillof-presidio-en-pigue-el-lanzamiento-del-plan-puentes-de-integracion-territorial-universitaria\/"]}]},{"@type":"ImageObject","inLanguage":"es","@id":"https:\/\/infoecos.com.ar\/index.php\/kicillof-presidio-en-pigue-el-lanzamiento-del-plan-puentes-de-integracion-territorial-universitaria\/#primaryimage","url":"https:\/\/infoecos.com.ar\/wp-content\/uploads\/2022\/07\/DSC_5169-1068x714-1.jpg","contentUrl":"https:\/\/infoecos.com.ar\/wp-content\/uploads\/2022\/07\/DSC_5169-1068x714-1.jpg","width":1068,"height":714},{"@type":"BreadcrumbList","@id":"https:\/\/infoecos.com.ar\/index.php\/kicillof-presidio-en-pigue-el-lanzamiento-del-plan-puentes-de-integracion-territorial-universitaria\/#breadcrumb","itemListElement":[{"@type":"ListItem","position":1,"name":"Portada","item":"https:\/\/infoecos.com.ar\/"},{"@type":"ListItem","position":2,"name":"Kicillof presidi\u00f3 en Pig\u00fc\u00e9 el lanzamiento del Plan Puentes de Integraci\u00f3n Territorial Universitaria"}]},{"@type":"WebSite","@id":"https:\/\/infoecos.com.ar\/#website","url":"https:\/\/infoecos.com.ar\/","name":"Infoecos","description":"Noticias de trenque lauquen y la zona","publisher":{"@id":"https:\/\/infoecos.com.ar\/#organization"},"alternateName":"Noticias","potentialAction":[{"@type":"SearchAction","target":{"@type":"EntryPoint","urlTemplate":"https:\/\/infoecos.com.ar\/?s={search_term_string}"},"query-input":{"@type":"PropertyValueSpecification","valueRequired":true,"valueName":"search_term_string"}}],"inLanguage":"es"},{"@type":"Organization","@id":"https:\/\/infoecos.com.ar\/#organization","name":"Infoecos","alternateName":"Noticias","url":"https:\/\/infoecos.com.ar\/","logo":{"@type":"ImageObject","inLanguage":"es","@id":"https:\/\/infoecos.com.ar\/#\/schema\/logo\/image\/","url":"https:\/\/infoecos.com.ar\/wp-content\/uploads\/2024\/03\/cropped-logo.png","contentUrl":"https:\/\/infoecos.com.ar\/wp-content\/uploads\/2024\/03\/cropped-logo.png","width":374,"height":90,"caption":"Infoecos"},"image":{"@id":"https:\/\/infoecos.com.ar\/#\/schema\/logo\/image\/"},"sameAs":["https:\/\/www.facebook.com\/profile.php?id=100063200290284","https:\/\/x.com\/infoecos"]},{"@type":"Person","@id":"https:\/\/infoecos.com.ar\/#\/schema\/person\/8f5ace5ce73b4b4aac4b7245aee6f191","name":"Jorge Matheus","url":"https:\/\/infoecos.com.ar\/index.php\/author\/jomatheus\/"}]}},"featured_image_urls":{"full":["https:\/\/infoecos.com.ar\/wp-content\/uploads\/2022\/07\/DSC_5169-1068x714-1.jpg",1068,714,false],"thumbnail":["https:\/\/infoecos.com.ar\/wp-content\/uploads\/2022\/07\/DSC_5169-1068x714-1-150x150.jpg",150,150,true],"medium":["https:\/\/infoecos.com.ar\/wp-content\/uploads\/2022\/07\/DSC_5169-1068x714-1-460x308.jpg",460,308,true],"medium_large":["https:\/\/infoecos.com.ar\/wp-content\/uploads\/2022\/07\/DSC_5169-1068x714-1-768x513.jpg",640,428,true],"large":["https:\/\/infoecos.com.ar\/wp-content\/uploads\/2022\/07\/DSC_5169-1068x714-1-920x615.jpg",640,428,true],"1536x1536":["https:\/\/infoecos.com.ar\/wp-content\/uploads\/2022\/07\/DSC_5169-1068x714-1.jpg",1068,714,false],"2048x2048":["https:\/\/infoecos.com.ar\/wp-content\/uploads\/2022\/07\/DSC_5169-1068x714-1.jpg",1068,714,false],"covernews-slider-full":["https:\/\/infoecos.com.ar\/wp-content\/uploads\/2022\/07\/DSC_5169-1068x714-1.jpg",1068,714,false],"covernews-slider-center":["https:\/\/infoecos.com.ar\/wp-content\/uploads\/2022\/07\/DSC_5169-1068x714-1-936x714.jpg",655,500,true],"covernews-featured":["https:\/\/infoecos.com.ar\/wp-content\/uploads\/2022\/07\/DSC_5169-1068x714-1-1024x685.jpg",1024,685,true],"covernews-medium":["https:\/\/infoecos.com.ar\/wp-content\/uploads\/2022\/07\/DSC_5169-1068x714-1-720x380.jpg",540,285,true],"covernews-medium-square":["https:\/\/infoecos.com.ar\/wp-content\/uploads\/2022\/07\/DSC_5169-1068x714-1-675x450.jpg",375,250,true]},"author_info":{"info":["Jorge Matheus"]},"category_info":"<a href=\"https:\/\/infoecos.com.ar\/index.php\/category\/c1nota5\/\" rel=\"category tag\">C1 nota 5<\/a>","tag_info":"C1 nota 5","comment_count":"0","_links":{"self":[{"href":"https:\/\/infoecos.com.ar\/index.php\/wp-json\/wp\/v2\/posts\/94352"}],"collection":[{"href":"https:\/\/infoecos.com.ar\/index.php\/wp-json\/wp\/v2\/posts"}],"about":[{"href":"https:\/\/infoecos.com.ar\/index.php\/wp-json\/wp\/v2\/types\/post"}],"author":[{"embeddable":true,"href":"https:\/\/infoecos.com.ar\/index.php\/wp-json\/wp\/v2\/users\/2"}],"replies":[{"embeddable":true,"href":"https:\/\/infoecos.com.ar\/index.php\/wp-json\/wp\/v2\/comments?post=94352"}],"version-history":[{"count":1,"href":"https:\/\/infoecos.com.ar\/index.php\/wp-json\/wp\/v2\/posts\/94352\/revisions"}],"predecessor-version":[{"id":94355,"href":"https:\/\/infoecos.com.ar\/index.php\/wp-json\/wp\/v2\/posts\/94352\/revisions\/94355"}],"wp:featuredmedia":[{"embeddable":true,"href":"https:\/\/infoecos.com.ar\/index.php\/wp-json\/wp\/v2\/media\/94354"}],"wp:attachment":[{"href":"https:\/\/infoecos.com.ar\/index.php\/wp-json\/wp\/v2\/media?parent=94352"}],"wp:term":[{"taxonomy":"category","embeddable":true,"href":"https:\/\/infoecos.com.ar\/index.php\/wp-json\/wp\/v2\/categories?post=94352"},{"taxonomy":"post_tag","embeddable":true,"href":"https:\/\/infoecos.com.ar\/index.php\/wp-json\/wp\/v2\/tags?post=94352"}],"curies":[{"name":"wp","href":"https:\/\/api.w.org\/{rel}","templated":true}]}}