{"id":94380,"date":"2022-07-14T01:41:35","date_gmt":"2022-07-14T04:41:35","guid":{"rendered":"http:\/\/infoecos.com.ar\/?p=94380"},"modified":"2022-07-15T02:41:25","modified_gmt":"2022-07-15T05:41:25","slug":"dias-no-laborables-y-feriado-en-general-villegas-16-y-28-de-julio","status":"publish","type":"post","link":"https:\/\/infoecos.com.ar\/index.php\/dias-no-laborables-y-feriado-en-general-villegas-16-y-28-de-julio\/","title":{"rendered":"D\u00edas no laborables y feriado en General Villegas: 16 y 28 de Julio"},"content":{"rendered":"\n<p>D\u00eda no laborable este 16 de julio de 2022 en General Villegas y Villa Saboya. El motivo: la festividad de la Santa Patrona \u00abNuestra Se\u00f1ora del Carmen\u00bb. Id\u00e9ntica situaci\u00f3n el pr\u00f3ximo 28 de julio de 2022 en todo el partido de General Villegas, por celebrarse un nuevo aniversario de su creaci\u00f3n.<\/p>\n\n\n\n<figure class=\"wp-block-image aligncenter size-full is-resized\"><img loading=\"lazy\" decoding=\"async\" src=\"http:\/\/infoecos.com.ar\/wp-content\/uploads\/33.jpg\" alt=\"General Villegas - Palacio Municipal\" class=\"wp-image-21484\" width=\"424\" height=\"318\"\/><figcaption>General Villegas &#8211; Palacio Municipal<\/figcaption><\/figure>\n\n\n\n<p>Los d\u00edas apuntados ser\u00e1n no laborables para la Administraci\u00f3n P\u00fablica Municipal, y feriado optativo para los Bancos, la Industria, el Comercio y dem\u00e1s actividades.<\/p>\n","protected":false},"excerpt":{"rendered":"<p>Los d\u00edas apuntados ser\u00e1n no laborables para la Administraci\u00f3n P\u00fablica Municipal, y feriado optativo para los Bancos, la Industria, el Comercio y dem\u00e1s actividades<\/p>\n","protected":false},"author":2,"featured_media":21484,"comment_status":"closed","ping_status":"open","sticky":false,"template":"","format":"standard","meta":{"footnotes":""},"categories":[1331],"tags":[6289],"class_list":["post-94380","post","type-post","status-publish","format-standard","has-post-thumbnail","hentry","category-inferior11","tag-santa-patrona-y-creacion-del-distrito"],"yoast_head":"<!-- This site is optimized with the Yoast SEO plugin v23.4 - https:\/\/yoast.com\/wordpress\/plugins\/seo\/ -->\n<title>D\u00edas no laborables y feriado en General Villegas: 16 y 28 de Julio - Infoecos<\/title>\n<meta name=\"robots\" content=\"index, follow, max-snippet:-1, max-image-preview:large, max-video-preview:-1\" \/>\n<link rel=\"canonical\" href=\"https:\/\/infoecos.com.ar\/index.php\/dias-no-laborables-y-feriado-en-general-villegas-16-y-28-de-julio\/\" \/>\n<meta property=\"og:locale\" content=\"es_ES\" \/>\n<meta property=\"og:type\" content=\"article\" \/>\n<meta property=\"og:title\" content=\"D\u00edas no laborables y feriado en General Villegas: 16 y 28 de Julio - Infoecos\" \/>\n<meta property=\"og:description\" content=\"Los d\u00edas apuntados ser\u00e1n no laborables para la Administraci\u00f3n P\u00fablica Municipal, y feriado optativo para los Bancos, la Industria, el Comercio y dem\u00e1s actividades\" \/>\n<meta property=\"og:url\" content=\"https:\/\/infoecos.com.ar\/index.php\/dias-no-laborables-y-feriado-en-general-villegas-16-y-28-de-julio\/\" \/>\n<meta property=\"og:site_name\" content=\"Infoecos\" \/>\n<meta property=\"article:publisher\" content=\"https:\/\/www.facebook.com\/profile.php?id=100063200290284\" \/>\n<meta property=\"article:published_time\" content=\"2022-07-14T04:41:35+00:00\" \/>\n<meta property=\"article:modified_time\" content=\"2022-07-15T05:41:25+00:00\" \/>\n<meta property=\"og:image\" content=\"https:\/\/infoecos.com.ar\/wp-content\/uploads\/33.jpg\" \/>\n\t<meta property=\"og:image:width\" content=\"650\" \/>\n\t<meta property=\"og:image:height\" content=\"488\" \/>\n\t<meta property=\"og:image:type\" content=\"image\/jpeg\" \/>\n<meta name=\"author\" content=\"Jorge Matheus\" \/>\n<meta name=\"twitter:card\" content=\"summary_large_image\" \/>\n<meta name=\"twitter:creator\" content=\"@infoecos\" \/>\n<meta name=\"twitter:site\" content=\"@infoecos\" \/>\n<meta name=\"twitter:label1\" content=\"Escrito por\" \/>\n\t<meta name=\"twitter:data1\" content=\"Jorge Matheus\" \/>\n<script type=\"application\/ld+json\" class=\"yoast-schema-graph\">{\"@context\":\"https:\/\/schema.org\",\"@graph\":[{\"@type\":\"Article\",\"@id\":\"https:\/\/infoecos.com.ar\/index.php\/dias-no-laborables-y-feriado-en-general-villegas-16-y-28-de-julio\/#article\",\"isPartOf\":{\"@id\":\"https:\/\/infoecos.com.ar\/index.php\/dias-no-laborables-y-feriado-en-general-villegas-16-y-28-de-julio\/\"},\"author\":{\"name\":\"Jorge Matheus\",\"@id\":\"https:\/\/infoecos.com.ar\/#\/schema\/person\/8f5ace5ce73b4b4aac4b7245aee6f191\"},\"headline\":\"D\u00edas no laborables y feriado en General Villegas: 16 y 28 de Julio\",\"datePublished\":\"2022-07-14T04:41:35+00:00\",\"dateModified\":\"2022-07-15T05:41:25+00:00\",\"mainEntityOfPage\":{\"@id\":\"https:\/\/infoecos.com.ar\/index.php\/dias-no-laborables-y-feriado-en-general-villegas-16-y-28-de-julio\/\"},\"wordCount\":99,\"publisher\":{\"@id\":\"https:\/\/infoecos.com.ar\/#organization\"},\"image\":{\"@id\":\"https:\/\/infoecos.com.ar\/index.php\/dias-no-laborables-y-feriado-en-general-villegas-16-y-28-de-julio\/#primaryimage\"},\"thumbnailUrl\":\"\",\"keywords\":[\"SANTA PATRONA Y CREACI\u00d3N DEL DISTRITO\"],\"articleSection\":[\"Bloque inferior - 11\"],\"inLanguage\":\"es\"},{\"@type\":\"WebPage\",\"@id\":\"https:\/\/infoecos.com.ar\/index.php\/dias-no-laborables-y-feriado-en-general-villegas-16-y-28-de-julio\/\",\"url\":\"https:\/\/infoecos.com.ar\/index.php\/dias-no-laborables-y-feriado-en-general-villegas-16-y-28-de-julio\/\",\"name\":\"D\u00edas no laborables y feriado en General Villegas: 16 y 28 de Julio - Infoecos\",\"isPartOf\":{\"@id\":\"https:\/\/infoecos.com.ar\/#website\"},\"primaryImageOfPage\":{\"@id\":\"https:\/\/infoecos.com.ar\/index.php\/dias-no-laborables-y-feriado-en-general-villegas-16-y-28-de-julio\/#primaryimage\"},\"image\":{\"@id\":\"https:\/\/infoecos.com.ar\/index.php\/dias-no-laborables-y-feriado-en-general-villegas-16-y-28-de-julio\/#primaryimage\"},\"thumbnailUrl\":\"\",\"datePublished\":\"2022-07-14T04:41:35+00:00\",\"dateModified\":\"2022-07-15T05:41:25+00:00\",\"breadcrumb\":{\"@id\":\"https:\/\/infoecos.com.ar\/index.php\/dias-no-laborables-y-feriado-en-general-villegas-16-y-28-de-julio\/#breadcrumb\"},\"inLanguage\":\"es\",\"potentialAction\":[{\"@type\":\"ReadAction\",\"target\":[\"https:\/\/infoecos.com.ar\/index.php\/dias-no-laborables-y-feriado-en-general-villegas-16-y-28-de-julio\/\"]}]},{\"@type\":\"ImageObject\",\"inLanguage\":\"es\",\"@id\":\"https:\/\/infoecos.com.ar\/index.php\/dias-no-laborables-y-feriado-en-general-villegas-16-y-28-de-julio\/#primaryimage\",\"url\":\"\",\"contentUrl\":\"\"},{\"@type\":\"BreadcrumbList\",\"@id\":\"https:\/\/infoecos.com.ar\/index.php\/dias-no-laborables-y-feriado-en-general-villegas-16-y-28-de-julio\/#breadcrumb\",\"itemListElement\":[{\"@type\":\"ListItem\",\"position\":1,\"name\":\"Portada\",\"item\":\"https:\/\/infoecos.com.ar\/\"},{\"@type\":\"ListItem\",\"position\":2,\"name\":\"D\u00edas no laborables y feriado en General Villegas: 16 y 28 de Julio\"}]},{\"@type\":\"WebSite\",\"@id\":\"https:\/\/infoecos.com.ar\/#website\",\"url\":\"https:\/\/infoecos.com.ar\/\",\"name\":\"Infoecos\",\"description\":\"Noticias de trenque lauquen y la zona\",\"publisher\":{\"@id\":\"https:\/\/infoecos.com.ar\/#organization\"},\"alternateName\":\"Noticias\",\"potentialAction\":[{\"@type\":\"SearchAction\",\"target\":{\"@type\":\"EntryPoint\",\"urlTemplate\":\"https:\/\/infoecos.com.ar\/?s={search_term_string}\"},\"query-input\":{\"@type\":\"PropertyValueSpecification\",\"valueRequired\":true,\"valueName\":\"search_term_string\"}}],\"inLanguage\":\"es\"},{\"@type\":\"Organization\",\"@id\":\"https:\/\/infoecos.com.ar\/#organization\",\"name\":\"Infoecos\",\"alternateName\":\"Noticias\",\"url\":\"https:\/\/infoecos.com.ar\/\",\"logo\":{\"@type\":\"ImageObject\",\"inLanguage\":\"es\",\"@id\":\"https:\/\/infoecos.com.ar\/#\/schema\/logo\/image\/\",\"url\":\"https:\/\/infoecos.com.ar\/wp-content\/uploads\/2024\/03\/cropped-logo.png\",\"contentUrl\":\"https:\/\/infoecos.com.ar\/wp-content\/uploads\/2024\/03\/cropped-logo.png\",\"width\":374,\"height\":90,\"caption\":\"Infoecos\"},\"image\":{\"@id\":\"https:\/\/infoecos.com.ar\/#\/schema\/logo\/image\/\"},\"sameAs\":[\"https:\/\/www.facebook.com\/profile.php?id=100063200290284\",\"https:\/\/x.com\/infoecos\"]},{\"@type\":\"Person\",\"@id\":\"https:\/\/infoecos.com.ar\/#\/schema\/person\/8f5ace5ce73b4b4aac4b7245aee6f191\",\"name\":\"Jorge Matheus\",\"url\":\"https:\/\/infoecos.com.ar\/index.php\/author\/jomatheus\/\"}]}<\/script>\n<!-- \/ Yoast SEO plugin. -->","yoast_head_json":{"title":"D\u00edas no laborables y feriado en General Villegas: 16 y 28 de Julio - Infoecos","robots":{"index":"index","follow":"follow","max-snippet":"max-snippet:-1","max-image-preview":"max-image-preview:large","max-video-preview":"max-video-preview:-1"},"canonical":"https:\/\/infoecos.com.ar\/index.php\/dias-no-laborables-y-feriado-en-general-villegas-16-y-28-de-julio\/","og_locale":"es_ES","og_type":"article","og_title":"D\u00edas no laborables y feriado en General Villegas: 16 y 28 de Julio - Infoecos","og_description":"Los d\u00edas apuntados ser\u00e1n no laborables para la Administraci\u00f3n P\u00fablica Municipal, y feriado optativo para los Bancos, la Industria, el Comercio y dem\u00e1s actividades","og_url":"https:\/\/infoecos.com.ar\/index.php\/dias-no-laborables-y-feriado-en-general-villegas-16-y-28-de-julio\/","og_site_name":"Infoecos","article_publisher":"https:\/\/www.facebook.com\/profile.php?id=100063200290284","article_published_time":"2022-07-14T04:41:35+00:00","article_modified_time":"2022-07-15T05:41:25+00:00","og_image":[{"width":650,"height":488,"url":"https:\/\/infoecos.com.ar\/wp-content\/uploads\/33.jpg","type":"image\/jpeg"}],"author":"Jorge Matheus","twitter_card":"summary_large_image","twitter_creator":"@infoecos","twitter_site":"@infoecos","twitter_misc":{"Escrito por":"Jorge Matheus"},"schema":{"@context":"https:\/\/schema.org","@graph":[{"@type":"Article","@id":"https:\/\/infoecos.com.ar\/index.php\/dias-no-laborables-y-feriado-en-general-villegas-16-y-28-de-julio\/#article","isPartOf":{"@id":"https:\/\/infoecos.com.ar\/index.php\/dias-no-laborables-y-feriado-en-general-villegas-16-y-28-de-julio\/"},"author":{"name":"Jorge Matheus","@id":"https:\/\/infoecos.com.ar\/#\/schema\/person\/8f5ace5ce73b4b4aac4b7245aee6f191"},"headline":"D\u00edas no laborables y feriado en General Villegas: 16 y 28 de Julio","datePublished":"2022-07-14T04:41:35+00:00","dateModified":"2022-07-15T05:41:25+00:00","mainEntityOfPage":{"@id":"https:\/\/infoecos.com.ar\/index.php\/dias-no-laborables-y-feriado-en-general-villegas-16-y-28-de-julio\/"},"wordCount":99,"publisher":{"@id":"https:\/\/infoecos.com.ar\/#organization"},"image":{"@id":"https:\/\/infoecos.com.ar\/index.php\/dias-no-laborables-y-feriado-en-general-villegas-16-y-28-de-julio\/#primaryimage"},"thumbnailUrl":"","keywords":["SANTA PATRONA Y CREACI\u00d3N DEL DISTRITO"],"articleSection":["Bloque inferior - 11"],"inLanguage":"es"},{"@type":"WebPage","@id":"https:\/\/infoecos.com.ar\/index.php\/dias-no-laborables-y-feriado-en-general-villegas-16-y-28-de-julio\/","url":"https:\/\/infoecos.com.ar\/index.php\/dias-no-laborables-y-feriado-en-general-villegas-16-y-28-de-julio\/","name":"D\u00edas no laborables y feriado en General Villegas: 16 y 28 de Julio - Infoecos","isPartOf":{"@id":"https:\/\/infoecos.com.ar\/#website"},"primaryImageOfPage":{"@id":"https:\/\/infoecos.com.ar\/index.php\/dias-no-laborables-y-feriado-en-general-villegas-16-y-28-de-julio\/#primaryimage"},"image":{"@id":"https:\/\/infoecos.com.ar\/index.php\/dias-no-laborables-y-feriado-en-general-villegas-16-y-28-de-julio\/#primaryimage"},"thumbnailUrl":"","datePublished":"2022-07-14T04:41:35+00:00","dateModified":"2022-07-15T05:41:25+00:00","breadcrumb":{"@id":"https:\/\/infoecos.com.ar\/index.php\/dias-no-laborables-y-feriado-en-general-villegas-16-y-28-de-julio\/#breadcrumb"},"inLanguage":"es","potentialAction":[{"@type":"ReadAction","target":["https:\/\/infoecos.com.ar\/index.php\/dias-no-laborables-y-feriado-en-general-villegas-16-y-28-de-julio\/"]}]},{"@type":"ImageObject","inLanguage":"es","@id":"https:\/\/infoecos.com.ar\/index.php\/dias-no-laborables-y-feriado-en-general-villegas-16-y-28-de-julio\/#primaryimage","url":"","contentUrl":""},{"@type":"BreadcrumbList","@id":"https:\/\/infoecos.com.ar\/index.php\/dias-no-laborables-y-feriado-en-general-villegas-16-y-28-de-julio\/#breadcrumb","itemListElement":[{"@type":"ListItem","position":1,"name":"Portada","item":"https:\/\/infoecos.com.ar\/"},{"@type":"ListItem","position":2,"name":"D\u00edas no laborables y feriado en General Villegas: 16 y 28 de Julio"}]},{"@type":"WebSite","@id":"https:\/\/infoecos.com.ar\/#website","url":"https:\/\/infoecos.com.ar\/","name":"Infoecos","description":"Noticias de trenque lauquen y la zona","publisher":{"@id":"https:\/\/infoecos.com.ar\/#organization"},"alternateName":"Noticias","potentialAction":[{"@type":"SearchAction","target":{"@type":"EntryPoint","urlTemplate":"https:\/\/infoecos.com.ar\/?s={search_term_string}"},"query-input":{"@type":"PropertyValueSpecification","valueRequired":true,"valueName":"search_term_string"}}],"inLanguage":"es"},{"@type":"Organization","@id":"https:\/\/infoecos.com.ar\/#organization","name":"Infoecos","alternateName":"Noticias","url":"https:\/\/infoecos.com.ar\/","logo":{"@type":"ImageObject","inLanguage":"es","@id":"https:\/\/infoecos.com.ar\/#\/schema\/logo\/image\/","url":"https:\/\/infoecos.com.ar\/wp-content\/uploads\/2024\/03\/cropped-logo.png","contentUrl":"https:\/\/infoecos.com.ar\/wp-content\/uploads\/2024\/03\/cropped-logo.png","width":374,"height":90,"caption":"Infoecos"},"image":{"@id":"https:\/\/infoecos.com.ar\/#\/schema\/logo\/image\/"},"sameAs":["https:\/\/www.facebook.com\/profile.php?id=100063200290284","https:\/\/x.com\/infoecos"]},{"@type":"Person","@id":"https:\/\/infoecos.com.ar\/#\/schema\/person\/8f5ace5ce73b4b4aac4b7245aee6f191","name":"Jorge Matheus","url":"https:\/\/infoecos.com.ar\/index.php\/author\/jomatheus\/"}]}},"featured_image_urls":{"full":"","thumbnail":"","medium":"","medium_large":"","large":"","1536x1536":"","2048x2048":"","covernews-slider-full":"","covernews-slider-center":"","covernews-featured":"","covernews-medium":"","covernews-medium-square":""},"author_info":{"info":["Jorge Matheus"]},"category_info":"<a href=\"https:\/\/infoecos.com.ar\/index.php\/category\/inferior11\/\" rel=\"category tag\">Bloque inferior - 11<\/a>","tag_info":"Bloque inferior - 11","comment_count":"0","_links":{"self":[{"href":"https:\/\/infoecos.com.ar\/index.php\/wp-json\/wp\/v2\/posts\/94380"}],"collection":[{"href":"https:\/\/infoecos.com.ar\/index.php\/wp-json\/wp\/v2\/posts"}],"about":[{"href":"https:\/\/infoecos.com.ar\/index.php\/wp-json\/wp\/v2\/types\/post"}],"author":[{"embeddable":true,"href":"https:\/\/infoecos.com.ar\/index.php\/wp-json\/wp\/v2\/users\/2"}],"replies":[{"embeddable":true,"href":"https:\/\/infoecos.com.ar\/index.php\/wp-json\/wp\/v2\/comments?post=94380"}],"version-history":[{"count":1,"href":"https:\/\/infoecos.com.ar\/index.php\/wp-json\/wp\/v2\/posts\/94380\/revisions"}],"predecessor-version":[{"id":94381,"href":"https:\/\/infoecos.com.ar\/index.php\/wp-json\/wp\/v2\/posts\/94380\/revisions\/94381"}],"wp:featuredmedia":[{"embeddable":true,"href":"https:\/\/infoecos.com.ar\/index.php\/wp-json\/"}],"wp:attachment":[{"href":"https:\/\/infoecos.com.ar\/index.php\/wp-json\/wp\/v2\/media?parent=94380"}],"wp:term":[{"taxonomy":"category","embeddable":true,"href":"https:\/\/infoecos.com.ar\/index.php\/wp-json\/wp\/v2\/categories?post=94380"},{"taxonomy":"post_tag","embeddable":true,"href":"https:\/\/infoecos.com.ar\/index.php\/wp-json\/wp\/v2\/tags?post=94380"}],"curies":[{"name":"wp","href":"https:\/\/api.w.org\/{rel}","templated":true}]}}