{"id":94383,"date":"2022-07-14T01:53:39","date_gmt":"2022-07-14T04:53:39","guid":{"rendered":"http:\/\/infoecos.com.ar\/?p=94383"},"modified":"2022-07-15T02:38:57","modified_gmt":"2022-07-15T05:38:57","slug":"acto-de-graduacion-2022-de-la-facultad-regional-de-la-utn-trenque-lauquen","status":"publish","type":"post","link":"https:\/\/infoecos.com.ar\/index.php\/acto-de-graduacion-2022-de-la-facultad-regional-de-la-utn-trenque-lauquen\/","title":{"rendered":"Acto de graduaci\u00f3n 2022 de la Facultad Regional de la UTN Trenque Lauquen"},"content":{"rendered":"\n<p>Se realizar\u00e1 hoy, desde las 20 horas, en el Teatro Espa\u00f1ol de Trenque Lauquen el acto de graduaci\u00f3n 2022 de alumnos de la Facultad Regional de la Universidad Tecnol\u00f3gica Nacional., <\/p>\n\n\n\n<p>Los nuevos profesionales egresan de Ingenier\u00eda Industrial, Analista en Sistemas, Bromotalog\u00eda y Medio Ambiente, Administraci\u00f3n Rural, Negociaci\u00f3n de Bienes, T\u00e9cnico en Administraci\u00f3n Rural e Industrias Alimentarias. <\/p>\n\n\n\n<figure class=\"wp-block-image aligncenter size-large\"><img loading=\"lazy\" decoding=\"async\" width=\"650\" height=\"920\" src=\"http:\/\/infoecos.com.ar\/wp-content\/uploads\/2022\/07\/unnamed-1-650x920.png\" alt=\"\" class=\"wp-image-94384\" srcset=\"https:\/\/infoecos.com.ar\/wp-content\/uploads\/2022\/07\/unnamed-1-650x920.png 650w, https:\/\/infoecos.com.ar\/wp-content\/uploads\/2022\/07\/unnamed-1-325x460.png 325w, https:\/\/infoecos.com.ar\/wp-content\/uploads\/2022\/07\/unnamed-1-768x1086.png 768w, https:\/\/infoecos.com.ar\/wp-content\/uploads\/2022\/07\/unnamed-1-1086x1536.png 1086w, https:\/\/infoecos.com.ar\/wp-content\/uploads\/2022\/07\/unnamed-1-1024x1448.png 1024w, https:\/\/infoecos.com.ar\/wp-content\/uploads\/2022\/07\/unnamed-1.png 1414w\" sizes=\"(max-width: 650px) 100vw, 650px\" \/><\/figure>\n","protected":false},"excerpt":{"rendered":"<p>Los nuevos profesionales egresan de Ingenier\u00eda Industrial, Analista en Sistemas, Bromotalog\u00eda y Medio Ambiente, Administraci\u00f3n Rural, Negociaci\u00f3n de Bienes, T\u00e9cnico en Administraci\u00f3n Rural e Industrias Alimentarias<\/p>\n","protected":false},"author":2,"featured_media":48506,"comment_status":"closed","ping_status":"open","sticky":false,"template":"","format":"standard","meta":{"footnotes":""},"categories":[41],"tags":[6290],"class_list":["post-94383","post","type-post","status-publish","format-standard","has-post-thumbnail","hentry","category-inferior2","tag-hoy-en-el-teatro-espanol"],"yoast_head":"<!-- This site is optimized with the Yoast SEO plugin v23.4 - https:\/\/yoast.com\/wordpress\/plugins\/seo\/ -->\n<title>Acto de graduaci\u00f3n 2022 de la Facultad Regional de la UTN Trenque Lauquen - Infoecos<\/title>\n<meta name=\"robots\" content=\"index, follow, max-snippet:-1, max-image-preview:large, max-video-preview:-1\" \/>\n<link rel=\"canonical\" href=\"https:\/\/infoecos.com.ar\/index.php\/acto-de-graduacion-2022-de-la-facultad-regional-de-la-utn-trenque-lauquen\/\" \/>\n<meta property=\"og:locale\" content=\"es_ES\" \/>\n<meta property=\"og:type\" content=\"article\" \/>\n<meta property=\"og:title\" content=\"Acto de graduaci\u00f3n 2022 de la Facultad Regional de la UTN Trenque Lauquen - Infoecos\" \/>\n<meta property=\"og:description\" content=\"Los nuevos profesionales egresan de Ingenier\u00eda Industrial, Analista en Sistemas, Bromotalog\u00eda y Medio Ambiente, Administraci\u00f3n Rural, Negociaci\u00f3n de Bienes, T\u00e9cnico en Administraci\u00f3n Rural e Industrias Alimentarias\" \/>\n<meta property=\"og:url\" content=\"https:\/\/infoecos.com.ar\/index.php\/acto-de-graduacion-2022-de-la-facultad-regional-de-la-utn-trenque-lauquen\/\" \/>\n<meta property=\"og:site_name\" content=\"Infoecos\" \/>\n<meta property=\"article:publisher\" content=\"https:\/\/www.facebook.com\/profile.php?id=100063200290284\" \/>\n<meta property=\"article:published_time\" content=\"2022-07-14T04:53:39+00:00\" \/>\n<meta property=\"article:modified_time\" content=\"2022-07-15T05:38:57+00:00\" \/>\n<meta property=\"og:image\" content=\"https:\/\/infoecos.com.ar\/wp-content\/uploads\/utn-5-e1531276037282.jpg\" \/>\n\t<meta property=\"og:image:width\" content=\"900\" \/>\n\t<meta property=\"og:image:height\" content=\"675\" \/>\n\t<meta property=\"og:image:type\" content=\"image\/jpeg\" \/>\n<meta name=\"author\" content=\"Jorge Matheus\" \/>\n<meta name=\"twitter:card\" content=\"summary_large_image\" \/>\n<meta name=\"twitter:creator\" content=\"@infoecos\" \/>\n<meta name=\"twitter:site\" content=\"@infoecos\" \/>\n<meta name=\"twitter:label1\" content=\"Escrito por\" \/>\n\t<meta name=\"twitter:data1\" content=\"Jorge Matheus\" \/>\n<script type=\"application\/ld+json\" class=\"yoast-schema-graph\">{\"@context\":\"https:\/\/schema.org\",\"@graph\":[{\"@type\":\"Article\",\"@id\":\"https:\/\/infoecos.com.ar\/index.php\/acto-de-graduacion-2022-de-la-facultad-regional-de-la-utn-trenque-lauquen\/#article\",\"isPartOf\":{\"@id\":\"https:\/\/infoecos.com.ar\/index.php\/acto-de-graduacion-2022-de-la-facultad-regional-de-la-utn-trenque-lauquen\/\"},\"author\":{\"name\":\"Jorge Matheus\",\"@id\":\"https:\/\/infoecos.com.ar\/#\/schema\/person\/8f5ace5ce73b4b4aac4b7245aee6f191\"},\"headline\":\"Acto de graduaci\u00f3n 2022 de la Facultad Regional de la UTN Trenque Lauquen\",\"datePublished\":\"2022-07-14T04:53:39+00:00\",\"dateModified\":\"2022-07-15T05:38:57+00:00\",\"mainEntityOfPage\":{\"@id\":\"https:\/\/infoecos.com.ar\/index.php\/acto-de-graduacion-2022-de-la-facultad-regional-de-la-utn-trenque-lauquen\/\"},\"wordCount\":76,\"publisher\":{\"@id\":\"https:\/\/infoecos.com.ar\/#organization\"},\"image\":{\"@id\":\"https:\/\/infoecos.com.ar\/index.php\/acto-de-graduacion-2022-de-la-facultad-regional-de-la-utn-trenque-lauquen\/#primaryimage\"},\"thumbnailUrl\":\"\",\"keywords\":[\"HOY EN EL TEATRO ESPA\u00d1OL\"],\"articleSection\":[\"Bloque inferior - 2\"],\"inLanguage\":\"es\"},{\"@type\":\"WebPage\",\"@id\":\"https:\/\/infoecos.com.ar\/index.php\/acto-de-graduacion-2022-de-la-facultad-regional-de-la-utn-trenque-lauquen\/\",\"url\":\"https:\/\/infoecos.com.ar\/index.php\/acto-de-graduacion-2022-de-la-facultad-regional-de-la-utn-trenque-lauquen\/\",\"name\":\"Acto de graduaci\u00f3n 2022 de la Facultad Regional de la UTN Trenque Lauquen - Infoecos\",\"isPartOf\":{\"@id\":\"https:\/\/infoecos.com.ar\/#website\"},\"primaryImageOfPage\":{\"@id\":\"https:\/\/infoecos.com.ar\/index.php\/acto-de-graduacion-2022-de-la-facultad-regional-de-la-utn-trenque-lauquen\/#primaryimage\"},\"image\":{\"@id\":\"https:\/\/infoecos.com.ar\/index.php\/acto-de-graduacion-2022-de-la-facultad-regional-de-la-utn-trenque-lauquen\/#primaryimage\"},\"thumbnailUrl\":\"\",\"datePublished\":\"2022-07-14T04:53:39+00:00\",\"dateModified\":\"2022-07-15T05:38:57+00:00\",\"breadcrumb\":{\"@id\":\"https:\/\/infoecos.com.ar\/index.php\/acto-de-graduacion-2022-de-la-facultad-regional-de-la-utn-trenque-lauquen\/#breadcrumb\"},\"inLanguage\":\"es\",\"potentialAction\":[{\"@type\":\"ReadAction\",\"target\":[\"https:\/\/infoecos.com.ar\/index.php\/acto-de-graduacion-2022-de-la-facultad-regional-de-la-utn-trenque-lauquen\/\"]}]},{\"@type\":\"ImageObject\",\"inLanguage\":\"es\",\"@id\":\"https:\/\/infoecos.com.ar\/index.php\/acto-de-graduacion-2022-de-la-facultad-regional-de-la-utn-trenque-lauquen\/#primaryimage\",\"url\":\"\",\"contentUrl\":\"\"},{\"@type\":\"BreadcrumbList\",\"@id\":\"https:\/\/infoecos.com.ar\/index.php\/acto-de-graduacion-2022-de-la-facultad-regional-de-la-utn-trenque-lauquen\/#breadcrumb\",\"itemListElement\":[{\"@type\":\"ListItem\",\"position\":1,\"name\":\"Portada\",\"item\":\"https:\/\/infoecos.com.ar\/\"},{\"@type\":\"ListItem\",\"position\":2,\"name\":\"Acto de graduaci\u00f3n 2022 de la Facultad Regional de la UTN Trenque Lauquen\"}]},{\"@type\":\"WebSite\",\"@id\":\"https:\/\/infoecos.com.ar\/#website\",\"url\":\"https:\/\/infoecos.com.ar\/\",\"name\":\"Infoecos\",\"description\":\"Noticias de trenque lauquen y la zona\",\"publisher\":{\"@id\":\"https:\/\/infoecos.com.ar\/#organization\"},\"alternateName\":\"Noticias\",\"potentialAction\":[{\"@type\":\"SearchAction\",\"target\":{\"@type\":\"EntryPoint\",\"urlTemplate\":\"https:\/\/infoecos.com.ar\/?s={search_term_string}\"},\"query-input\":{\"@type\":\"PropertyValueSpecification\",\"valueRequired\":true,\"valueName\":\"search_term_string\"}}],\"inLanguage\":\"es\"},{\"@type\":\"Organization\",\"@id\":\"https:\/\/infoecos.com.ar\/#organization\",\"name\":\"Infoecos\",\"alternateName\":\"Noticias\",\"url\":\"https:\/\/infoecos.com.ar\/\",\"logo\":{\"@type\":\"ImageObject\",\"inLanguage\":\"es\",\"@id\":\"https:\/\/infoecos.com.ar\/#\/schema\/logo\/image\/\",\"url\":\"https:\/\/infoecos.com.ar\/wp-content\/uploads\/2024\/03\/cropped-logo.png\",\"contentUrl\":\"https:\/\/infoecos.com.ar\/wp-content\/uploads\/2024\/03\/cropped-logo.png\",\"width\":374,\"height\":90,\"caption\":\"Infoecos\"},\"image\":{\"@id\":\"https:\/\/infoecos.com.ar\/#\/schema\/logo\/image\/\"},\"sameAs\":[\"https:\/\/www.facebook.com\/profile.php?id=100063200290284\",\"https:\/\/x.com\/infoecos\"]},{\"@type\":\"Person\",\"@id\":\"https:\/\/infoecos.com.ar\/#\/schema\/person\/8f5ace5ce73b4b4aac4b7245aee6f191\",\"name\":\"Jorge Matheus\",\"url\":\"https:\/\/infoecos.com.ar\/index.php\/author\/jomatheus\/\"}]}<\/script>\n<!-- \/ Yoast SEO plugin. -->","yoast_head_json":{"title":"Acto de graduaci\u00f3n 2022 de la Facultad Regional de la UTN Trenque Lauquen - Infoecos","robots":{"index":"index","follow":"follow","max-snippet":"max-snippet:-1","max-image-preview":"max-image-preview:large","max-video-preview":"max-video-preview:-1"},"canonical":"https:\/\/infoecos.com.ar\/index.php\/acto-de-graduacion-2022-de-la-facultad-regional-de-la-utn-trenque-lauquen\/","og_locale":"es_ES","og_type":"article","og_title":"Acto de graduaci\u00f3n 2022 de la Facultad Regional de la UTN Trenque Lauquen - Infoecos","og_description":"Los nuevos profesionales egresan de Ingenier\u00eda Industrial, Analista en Sistemas, Bromotalog\u00eda y Medio Ambiente, Administraci\u00f3n Rural, Negociaci\u00f3n de Bienes, T\u00e9cnico en Administraci\u00f3n Rural e Industrias Alimentarias","og_url":"https:\/\/infoecos.com.ar\/index.php\/acto-de-graduacion-2022-de-la-facultad-regional-de-la-utn-trenque-lauquen\/","og_site_name":"Infoecos","article_publisher":"https:\/\/www.facebook.com\/profile.php?id=100063200290284","article_published_time":"2022-07-14T04:53:39+00:00","article_modified_time":"2022-07-15T05:38:57+00:00","og_image":[{"width":900,"height":675,"url":"https:\/\/infoecos.com.ar\/wp-content\/uploads\/utn-5-e1531276037282.jpg","type":"image\/jpeg"}],"author":"Jorge Matheus","twitter_card":"summary_large_image","twitter_creator":"@infoecos","twitter_site":"@infoecos","twitter_misc":{"Escrito por":"Jorge Matheus"},"schema":{"@context":"https:\/\/schema.org","@graph":[{"@type":"Article","@id":"https:\/\/infoecos.com.ar\/index.php\/acto-de-graduacion-2022-de-la-facultad-regional-de-la-utn-trenque-lauquen\/#article","isPartOf":{"@id":"https:\/\/infoecos.com.ar\/index.php\/acto-de-graduacion-2022-de-la-facultad-regional-de-la-utn-trenque-lauquen\/"},"author":{"name":"Jorge Matheus","@id":"https:\/\/infoecos.com.ar\/#\/schema\/person\/8f5ace5ce73b4b4aac4b7245aee6f191"},"headline":"Acto de graduaci\u00f3n 2022 de la Facultad Regional de la UTN Trenque Lauquen","datePublished":"2022-07-14T04:53:39+00:00","dateModified":"2022-07-15T05:38:57+00:00","mainEntityOfPage":{"@id":"https:\/\/infoecos.com.ar\/index.php\/acto-de-graduacion-2022-de-la-facultad-regional-de-la-utn-trenque-lauquen\/"},"wordCount":76,"publisher":{"@id":"https:\/\/infoecos.com.ar\/#organization"},"image":{"@id":"https:\/\/infoecos.com.ar\/index.php\/acto-de-graduacion-2022-de-la-facultad-regional-de-la-utn-trenque-lauquen\/#primaryimage"},"thumbnailUrl":"","keywords":["HOY EN EL TEATRO ESPA\u00d1OL"],"articleSection":["Bloque inferior - 2"],"inLanguage":"es"},{"@type":"WebPage","@id":"https:\/\/infoecos.com.ar\/index.php\/acto-de-graduacion-2022-de-la-facultad-regional-de-la-utn-trenque-lauquen\/","url":"https:\/\/infoecos.com.ar\/index.php\/acto-de-graduacion-2022-de-la-facultad-regional-de-la-utn-trenque-lauquen\/","name":"Acto de graduaci\u00f3n 2022 de la Facultad Regional de la UTN Trenque Lauquen - Infoecos","isPartOf":{"@id":"https:\/\/infoecos.com.ar\/#website"},"primaryImageOfPage":{"@id":"https:\/\/infoecos.com.ar\/index.php\/acto-de-graduacion-2022-de-la-facultad-regional-de-la-utn-trenque-lauquen\/#primaryimage"},"image":{"@id":"https:\/\/infoecos.com.ar\/index.php\/acto-de-graduacion-2022-de-la-facultad-regional-de-la-utn-trenque-lauquen\/#primaryimage"},"thumbnailUrl":"","datePublished":"2022-07-14T04:53:39+00:00","dateModified":"2022-07-15T05:38:57+00:00","breadcrumb":{"@id":"https:\/\/infoecos.com.ar\/index.php\/acto-de-graduacion-2022-de-la-facultad-regional-de-la-utn-trenque-lauquen\/#breadcrumb"},"inLanguage":"es","potentialAction":[{"@type":"ReadAction","target":["https:\/\/infoecos.com.ar\/index.php\/acto-de-graduacion-2022-de-la-facultad-regional-de-la-utn-trenque-lauquen\/"]}]},{"@type":"ImageObject","inLanguage":"es","@id":"https:\/\/infoecos.com.ar\/index.php\/acto-de-graduacion-2022-de-la-facultad-regional-de-la-utn-trenque-lauquen\/#primaryimage","url":"","contentUrl":""},{"@type":"BreadcrumbList","@id":"https:\/\/infoecos.com.ar\/index.php\/acto-de-graduacion-2022-de-la-facultad-regional-de-la-utn-trenque-lauquen\/#breadcrumb","itemListElement":[{"@type":"ListItem","position":1,"name":"Portada","item":"https:\/\/infoecos.com.ar\/"},{"@type":"ListItem","position":2,"name":"Acto de graduaci\u00f3n 2022 de la Facultad Regional de la UTN Trenque Lauquen"}]},{"@type":"WebSite","@id":"https:\/\/infoecos.com.ar\/#website","url":"https:\/\/infoecos.com.ar\/","name":"Infoecos","description":"Noticias de trenque lauquen y la zona","publisher":{"@id":"https:\/\/infoecos.com.ar\/#organization"},"alternateName":"Noticias","potentialAction":[{"@type":"SearchAction","target":{"@type":"EntryPoint","urlTemplate":"https:\/\/infoecos.com.ar\/?s={search_term_string}"},"query-input":{"@type":"PropertyValueSpecification","valueRequired":true,"valueName":"search_term_string"}}],"inLanguage":"es"},{"@type":"Organization","@id":"https:\/\/infoecos.com.ar\/#organization","name":"Infoecos","alternateName":"Noticias","url":"https:\/\/infoecos.com.ar\/","logo":{"@type":"ImageObject","inLanguage":"es","@id":"https:\/\/infoecos.com.ar\/#\/schema\/logo\/image\/","url":"https:\/\/infoecos.com.ar\/wp-content\/uploads\/2024\/03\/cropped-logo.png","contentUrl":"https:\/\/infoecos.com.ar\/wp-content\/uploads\/2024\/03\/cropped-logo.png","width":374,"height":90,"caption":"Infoecos"},"image":{"@id":"https:\/\/infoecos.com.ar\/#\/schema\/logo\/image\/"},"sameAs":["https:\/\/www.facebook.com\/profile.php?id=100063200290284","https:\/\/x.com\/infoecos"]},{"@type":"Person","@id":"https:\/\/infoecos.com.ar\/#\/schema\/person\/8f5ace5ce73b4b4aac4b7245aee6f191","name":"Jorge Matheus","url":"https:\/\/infoecos.com.ar\/index.php\/author\/jomatheus\/"}]}},"featured_image_urls":{"full":"","thumbnail":"","medium":"","medium_large":"","large":"","1536x1536":"","2048x2048":"","covernews-slider-full":"","covernews-slider-center":"","covernews-featured":"","covernews-medium":"","covernews-medium-square":""},"author_info":{"info":["Jorge Matheus"]},"category_info":"<a href=\"https:\/\/infoecos.com.ar\/index.php\/category\/inferior2\/\" rel=\"category tag\">Bloque inferior - 2<\/a>","tag_info":"Bloque inferior - 2","comment_count":"0","_links":{"self":[{"href":"https:\/\/infoecos.com.ar\/index.php\/wp-json\/wp\/v2\/posts\/94383"}],"collection":[{"href":"https:\/\/infoecos.com.ar\/index.php\/wp-json\/wp\/v2\/posts"}],"about":[{"href":"https:\/\/infoecos.com.ar\/index.php\/wp-json\/wp\/v2\/types\/post"}],"author":[{"embeddable":true,"href":"https:\/\/infoecos.com.ar\/index.php\/wp-json\/wp\/v2\/users\/2"}],"replies":[{"embeddable":true,"href":"https:\/\/infoecos.com.ar\/index.php\/wp-json\/wp\/v2\/comments?post=94383"}],"version-history":[{"count":1,"href":"https:\/\/infoecos.com.ar\/index.php\/wp-json\/wp\/v2\/posts\/94383\/revisions"}],"predecessor-version":[{"id":94385,"href":"https:\/\/infoecos.com.ar\/index.php\/wp-json\/wp\/v2\/posts\/94383\/revisions\/94385"}],"wp:featuredmedia":[{"embeddable":true,"href":"https:\/\/infoecos.com.ar\/index.php\/wp-json\/"}],"wp:attachment":[{"href":"https:\/\/infoecos.com.ar\/index.php\/wp-json\/wp\/v2\/media?parent=94383"}],"wp:term":[{"taxonomy":"category","embeddable":true,"href":"https:\/\/infoecos.com.ar\/index.php\/wp-json\/wp\/v2\/categories?post=94383"},{"taxonomy":"post_tag","embeddable":true,"href":"https:\/\/infoecos.com.ar\/index.php\/wp-json\/wp\/v2\/tags?post=94383"}],"curies":[{"name":"wp","href":"https:\/\/api.w.org\/{rel}","templated":true}]}}