{"id":94386,"date":"2022-07-14T02:04:12","date_gmt":"2022-07-14T05:04:12","guid":{"rendered":"http:\/\/infoecos.com.ar\/?p=94386"},"modified":"2022-07-15T02:35:14","modified_gmt":"2022-07-15T05:35:14","slug":"se-firmo-el-convenio-para-la-construccion-de-60-viviendas-en-la-ampliacion-urbana-de-trenque-lauquen","status":"publish","type":"post","link":"https:\/\/infoecos.com.ar\/index.php\/se-firmo-el-convenio-para-la-construccion-de-60-viviendas-en-la-ampliacion-urbana-de-trenque-lauquen\/","title":{"rendered":"Se firm\u00f3 el convenio para la construcci\u00f3n de 60 viviendas en la Ampliaci\u00f3n Urbana de Trenque Lauquen"},"content":{"rendered":"\n<p>El intendente municipal de Trenque Lauquen, Miguel Fern\u00e1ndez, y el ministro de&nbsp;H\u00e1bitat y Desarrollo Urbano bonaerense, Agust\u00edn Simone,&nbsp;firmaron en la ciudad de La Plata el convenio para la construcci\u00f3n en la Ampliaci\u00f3n Urbana (AU) de las 60 casas sociales restantes del plan de 80 acordado en su momento con el Instituto de la Vivienda de la provincia de Buenos Aires (IVBA).<\/p>\n\n\n\n<figure class=\"wp-block-image alignright size-large is-resized\"><img loading=\"lazy\" decoding=\"async\" src=\"http:\/\/infoecos.com.ar\/wp-content\/uploads\/2022\/07\/A1-920x827.jpg\" alt=\"\" class=\"wp-image-94387\" width=\"365\" height=\"328\" srcset=\"https:\/\/infoecos.com.ar\/wp-content\/uploads\/2022\/07\/A1-920x827.jpg 920w, https:\/\/infoecos.com.ar\/wp-content\/uploads\/2022\/07\/A1-460x413.jpg 460w, https:\/\/infoecos.com.ar\/wp-content\/uploads\/2022\/07\/A1-768x690.jpg 768w, https:\/\/infoecos.com.ar\/wp-content\/uploads\/2022\/07\/A1-1536x1380.jpg 1536w, https:\/\/infoecos.com.ar\/wp-content\/uploads\/2022\/07\/A1-1024x920.jpg 1024w, https:\/\/infoecos.com.ar\/wp-content\/uploads\/2022\/07\/A1.jpg 1600w\" sizes=\"(max-width: 365px) 100vw, 365px\" \/><\/figure>\n\n\n\n<p>El monto del convenio por las 60 casas asciende a 403.659.837,16 pesos y el plazo de ejecuci\u00f3n ser\u00e1 de 12 meses a partir de que se concluya el tr\u00e1mite protocolar.<\/p>\n\n\n\n<p>Estas viviendas est\u00e1n destinadas a los sectores de menores ingresos y los beneficiarios surgir\u00e1n del Censo Habitacional Municipal. El IVBA determinar\u00e1 el monto de las cuotas y el plazo de financiaci\u00f3n ser\u00e1 de 240 meses (20 a\u00f1os).<\/p>\n\n\n\n<p>El Municipio tendr\u00e1 a su cargo realizar la Preselecci\u00f3n de aspirantes y el ministerio de&nbsp;H\u00e1bitat y Desarrollo Urbano a trav\u00e9s del IVBA har\u00e1 la selecci\u00f3n definitiva. Esto ocurrir\u00e1 reci\u00e9n cuando las casas est\u00e9n a punto de ser entregadas.&nbsp;&nbsp;&nbsp;<\/p>\n\n\n\n<p>Las nuevas viviendas se levantar\u00e1n entre las calles Melvin Jones, Ra\u00fal Alfons\u00edn, N\u00e9stor Kirchner y De la Cooperaci\u00f3n (Circ XVII, Secc C, Chacra 222, Manzanas 222 t, w, x, y &#8211; parcelas 4 a 23).<\/p>\n\n\n\n<p><\/p>\n","protected":false},"excerpt":{"rendered":"<p>Las nuevas viviendas se levantar\u00e1n entre las calles Melvin Jones, Ra\u00fal Alfons\u00edn, N\u00e9stor Kirchner y De la Cooperaci\u00f3n <\/p>\n","protected":false},"author":2,"featured_media":94387,"comment_status":"closed","ping_status":"open","sticky":false,"template":"","format":"standard","meta":{"footnotes":""},"categories":[1325],"tags":[],"class_list":["post-94386","post","type-post","status-publish","format-standard","has-post-thumbnail","hentry","category-c1nota6"],"yoast_head":"<!-- This site is optimized with the Yoast SEO plugin v23.4 - https:\/\/yoast.com\/wordpress\/plugins\/seo\/ -->\n<title>Se firm\u00f3 el convenio para la construcci\u00f3n de 60 viviendas en la Ampliaci\u00f3n Urbana de Trenque Lauquen - Infoecos<\/title>\n<meta name=\"robots\" content=\"index, follow, max-snippet:-1, max-image-preview:large, max-video-preview:-1\" \/>\n<link rel=\"canonical\" href=\"https:\/\/infoecos.com.ar\/index.php\/se-firmo-el-convenio-para-la-construccion-de-60-viviendas-en-la-ampliacion-urbana-de-trenque-lauquen\/\" \/>\n<meta property=\"og:locale\" content=\"es_ES\" \/>\n<meta property=\"og:type\" content=\"article\" \/>\n<meta property=\"og:title\" content=\"Se firm\u00f3 el convenio para la construcci\u00f3n de 60 viviendas en la Ampliaci\u00f3n Urbana de Trenque Lauquen - Infoecos\" \/>\n<meta property=\"og:description\" content=\"Las nuevas viviendas se levantar\u00e1n entre las calles Melvin Jones, Ra\u00fal Alfons\u00edn, N\u00e9stor Kirchner y De la Cooperaci\u00f3n\" \/>\n<meta property=\"og:url\" content=\"https:\/\/infoecos.com.ar\/index.php\/se-firmo-el-convenio-para-la-construccion-de-60-viviendas-en-la-ampliacion-urbana-de-trenque-lauquen\/\" \/>\n<meta property=\"og:site_name\" content=\"Infoecos\" \/>\n<meta property=\"article:publisher\" content=\"https:\/\/www.facebook.com\/profile.php?id=100063200290284\" \/>\n<meta property=\"article:published_time\" content=\"2022-07-14T05:04:12+00:00\" \/>\n<meta property=\"article:modified_time\" content=\"2022-07-15T05:35:14+00:00\" \/>\n<meta property=\"og:image\" content=\"https:\/\/infoecos.com.ar\/wp-content\/uploads\/2022\/07\/A1.jpg\" \/>\n\t<meta property=\"og:image:width\" content=\"1600\" \/>\n\t<meta property=\"og:image:height\" content=\"1438\" \/>\n\t<meta property=\"og:image:type\" content=\"image\/jpeg\" \/>\n<meta name=\"author\" content=\"Jorge Matheus\" \/>\n<meta name=\"twitter:card\" content=\"summary_large_image\" \/>\n<meta name=\"twitter:creator\" content=\"@infoecos\" \/>\n<meta name=\"twitter:site\" content=\"@infoecos\" \/>\n<meta name=\"twitter:label1\" content=\"Escrito por\" \/>\n\t<meta name=\"twitter:data1\" content=\"Jorge Matheus\" \/>\n\t<meta name=\"twitter:label2\" content=\"Tiempo de lectura\" \/>\n\t<meta name=\"twitter:data2\" content=\"1 minuto\" \/>\n<script type=\"application\/ld+json\" class=\"yoast-schema-graph\">{\"@context\":\"https:\/\/schema.org\",\"@graph\":[{\"@type\":\"Article\",\"@id\":\"https:\/\/infoecos.com.ar\/index.php\/se-firmo-el-convenio-para-la-construccion-de-60-viviendas-en-la-ampliacion-urbana-de-trenque-lauquen\/#article\",\"isPartOf\":{\"@id\":\"https:\/\/infoecos.com.ar\/index.php\/se-firmo-el-convenio-para-la-construccion-de-60-viviendas-en-la-ampliacion-urbana-de-trenque-lauquen\/\"},\"author\":{\"name\":\"Jorge Matheus\",\"@id\":\"https:\/\/infoecos.com.ar\/#\/schema\/person\/8f5ace5ce73b4b4aac4b7245aee6f191\"},\"headline\":\"Se firm\u00f3 el convenio para la construcci\u00f3n de 60 viviendas en la Ampliaci\u00f3n Urbana de Trenque Lauquen\",\"datePublished\":\"2022-07-14T05:04:12+00:00\",\"dateModified\":\"2022-07-15T05:35:14+00:00\",\"mainEntityOfPage\":{\"@id\":\"https:\/\/infoecos.com.ar\/index.php\/se-firmo-el-convenio-para-la-construccion-de-60-viviendas-en-la-ampliacion-urbana-de-trenque-lauquen\/\"},\"wordCount\":239,\"publisher\":{\"@id\":\"https:\/\/infoecos.com.ar\/#organization\"},\"image\":{\"@id\":\"https:\/\/infoecos.com.ar\/index.php\/se-firmo-el-convenio-para-la-construccion-de-60-viviendas-en-la-ampliacion-urbana-de-trenque-lauquen\/#primaryimage\"},\"thumbnailUrl\":\"https:\/\/infoecos.com.ar\/wp-content\/uploads\/2022\/07\/A1.jpg\",\"articleSection\":[\"C1 nota 6\"],\"inLanguage\":\"es\"},{\"@type\":\"WebPage\",\"@id\":\"https:\/\/infoecos.com.ar\/index.php\/se-firmo-el-convenio-para-la-construccion-de-60-viviendas-en-la-ampliacion-urbana-de-trenque-lauquen\/\",\"url\":\"https:\/\/infoecos.com.ar\/index.php\/se-firmo-el-convenio-para-la-construccion-de-60-viviendas-en-la-ampliacion-urbana-de-trenque-lauquen\/\",\"name\":\"Se firm\u00f3 el convenio para la construcci\u00f3n de 60 viviendas en la Ampliaci\u00f3n Urbana de Trenque Lauquen - Infoecos\",\"isPartOf\":{\"@id\":\"https:\/\/infoecos.com.ar\/#website\"},\"primaryImageOfPage\":{\"@id\":\"https:\/\/infoecos.com.ar\/index.php\/se-firmo-el-convenio-para-la-construccion-de-60-viviendas-en-la-ampliacion-urbana-de-trenque-lauquen\/#primaryimage\"},\"image\":{\"@id\":\"https:\/\/infoecos.com.ar\/index.php\/se-firmo-el-convenio-para-la-construccion-de-60-viviendas-en-la-ampliacion-urbana-de-trenque-lauquen\/#primaryimage\"},\"thumbnailUrl\":\"https:\/\/infoecos.com.ar\/wp-content\/uploads\/2022\/07\/A1.jpg\",\"datePublished\":\"2022-07-14T05:04:12+00:00\",\"dateModified\":\"2022-07-15T05:35:14+00:00\",\"breadcrumb\":{\"@id\":\"https:\/\/infoecos.com.ar\/index.php\/se-firmo-el-convenio-para-la-construccion-de-60-viviendas-en-la-ampliacion-urbana-de-trenque-lauquen\/#breadcrumb\"},\"inLanguage\":\"es\",\"potentialAction\":[{\"@type\":\"ReadAction\",\"target\":[\"https:\/\/infoecos.com.ar\/index.php\/se-firmo-el-convenio-para-la-construccion-de-60-viviendas-en-la-ampliacion-urbana-de-trenque-lauquen\/\"]}]},{\"@type\":\"ImageObject\",\"inLanguage\":\"es\",\"@id\":\"https:\/\/infoecos.com.ar\/index.php\/se-firmo-el-convenio-para-la-construccion-de-60-viviendas-en-la-ampliacion-urbana-de-trenque-lauquen\/#primaryimage\",\"url\":\"https:\/\/infoecos.com.ar\/wp-content\/uploads\/2022\/07\/A1.jpg\",\"contentUrl\":\"https:\/\/infoecos.com.ar\/wp-content\/uploads\/2022\/07\/A1.jpg\",\"width\":1600,\"height\":1438},{\"@type\":\"BreadcrumbList\",\"@id\":\"https:\/\/infoecos.com.ar\/index.php\/se-firmo-el-convenio-para-la-construccion-de-60-viviendas-en-la-ampliacion-urbana-de-trenque-lauquen\/#breadcrumb\",\"itemListElement\":[{\"@type\":\"ListItem\",\"position\":1,\"name\":\"Portada\",\"item\":\"https:\/\/infoecos.com.ar\/\"},{\"@type\":\"ListItem\",\"position\":2,\"name\":\"Se firm\u00f3 el convenio para la construcci\u00f3n de 60 viviendas en la Ampliaci\u00f3n Urbana de Trenque Lauquen\"}]},{\"@type\":\"WebSite\",\"@id\":\"https:\/\/infoecos.com.ar\/#website\",\"url\":\"https:\/\/infoecos.com.ar\/\",\"name\":\"Infoecos\",\"description\":\"Noticias de trenque lauquen y la zona\",\"publisher\":{\"@id\":\"https:\/\/infoecos.com.ar\/#organization\"},\"alternateName\":\"Noticias\",\"potentialAction\":[{\"@type\":\"SearchAction\",\"target\":{\"@type\":\"EntryPoint\",\"urlTemplate\":\"https:\/\/infoecos.com.ar\/?s={search_term_string}\"},\"query-input\":{\"@type\":\"PropertyValueSpecification\",\"valueRequired\":true,\"valueName\":\"search_term_string\"}}],\"inLanguage\":\"es\"},{\"@type\":\"Organization\",\"@id\":\"https:\/\/infoecos.com.ar\/#organization\",\"name\":\"Infoecos\",\"alternateName\":\"Noticias\",\"url\":\"https:\/\/infoecos.com.ar\/\",\"logo\":{\"@type\":\"ImageObject\",\"inLanguage\":\"es\",\"@id\":\"https:\/\/infoecos.com.ar\/#\/schema\/logo\/image\/\",\"url\":\"https:\/\/infoecos.com.ar\/wp-content\/uploads\/2024\/03\/cropped-logo.png\",\"contentUrl\":\"https:\/\/infoecos.com.ar\/wp-content\/uploads\/2024\/03\/cropped-logo.png\",\"width\":374,\"height\":90,\"caption\":\"Infoecos\"},\"image\":{\"@id\":\"https:\/\/infoecos.com.ar\/#\/schema\/logo\/image\/\"},\"sameAs\":[\"https:\/\/www.facebook.com\/profile.php?id=100063200290284\",\"https:\/\/x.com\/infoecos\"]},{\"@type\":\"Person\",\"@id\":\"https:\/\/infoecos.com.ar\/#\/schema\/person\/8f5ace5ce73b4b4aac4b7245aee6f191\",\"name\":\"Jorge Matheus\",\"url\":\"https:\/\/infoecos.com.ar\/index.php\/author\/jomatheus\/\"}]}<\/script>\n<!-- \/ Yoast SEO plugin. -->","yoast_head_json":{"title":"Se firm\u00f3 el convenio para la construcci\u00f3n de 60 viviendas en la Ampliaci\u00f3n Urbana de Trenque Lauquen - Infoecos","robots":{"index":"index","follow":"follow","max-snippet":"max-snippet:-1","max-image-preview":"max-image-preview:large","max-video-preview":"max-video-preview:-1"},"canonical":"https:\/\/infoecos.com.ar\/index.php\/se-firmo-el-convenio-para-la-construccion-de-60-viviendas-en-la-ampliacion-urbana-de-trenque-lauquen\/","og_locale":"es_ES","og_type":"article","og_title":"Se firm\u00f3 el convenio para la construcci\u00f3n de 60 viviendas en la Ampliaci\u00f3n Urbana de Trenque Lauquen - Infoecos","og_description":"Las nuevas viviendas se levantar\u00e1n entre las calles Melvin Jones, Ra\u00fal Alfons\u00edn, N\u00e9stor Kirchner y De la Cooperaci\u00f3n","og_url":"https:\/\/infoecos.com.ar\/index.php\/se-firmo-el-convenio-para-la-construccion-de-60-viviendas-en-la-ampliacion-urbana-de-trenque-lauquen\/","og_site_name":"Infoecos","article_publisher":"https:\/\/www.facebook.com\/profile.php?id=100063200290284","article_published_time":"2022-07-14T05:04:12+00:00","article_modified_time":"2022-07-15T05:35:14+00:00","og_image":[{"width":1600,"height":1438,"url":"https:\/\/infoecos.com.ar\/wp-content\/uploads\/2022\/07\/A1.jpg","type":"image\/jpeg"}],"author":"Jorge Matheus","twitter_card":"summary_large_image","twitter_creator":"@infoecos","twitter_site":"@infoecos","twitter_misc":{"Escrito por":"Jorge Matheus","Tiempo de lectura":"1 minuto"},"schema":{"@context":"https:\/\/schema.org","@graph":[{"@type":"Article","@id":"https:\/\/infoecos.com.ar\/index.php\/se-firmo-el-convenio-para-la-construccion-de-60-viviendas-en-la-ampliacion-urbana-de-trenque-lauquen\/#article","isPartOf":{"@id":"https:\/\/infoecos.com.ar\/index.php\/se-firmo-el-convenio-para-la-construccion-de-60-viviendas-en-la-ampliacion-urbana-de-trenque-lauquen\/"},"author":{"name":"Jorge Matheus","@id":"https:\/\/infoecos.com.ar\/#\/schema\/person\/8f5ace5ce73b4b4aac4b7245aee6f191"},"headline":"Se firm\u00f3 el convenio para la construcci\u00f3n de 60 viviendas en la Ampliaci\u00f3n Urbana de Trenque Lauquen","datePublished":"2022-07-14T05:04:12+00:00","dateModified":"2022-07-15T05:35:14+00:00","mainEntityOfPage":{"@id":"https:\/\/infoecos.com.ar\/index.php\/se-firmo-el-convenio-para-la-construccion-de-60-viviendas-en-la-ampliacion-urbana-de-trenque-lauquen\/"},"wordCount":239,"publisher":{"@id":"https:\/\/infoecos.com.ar\/#organization"},"image":{"@id":"https:\/\/infoecos.com.ar\/index.php\/se-firmo-el-convenio-para-la-construccion-de-60-viviendas-en-la-ampliacion-urbana-de-trenque-lauquen\/#primaryimage"},"thumbnailUrl":"https:\/\/infoecos.com.ar\/wp-content\/uploads\/2022\/07\/A1.jpg","articleSection":["C1 nota 6"],"inLanguage":"es"},{"@type":"WebPage","@id":"https:\/\/infoecos.com.ar\/index.php\/se-firmo-el-convenio-para-la-construccion-de-60-viviendas-en-la-ampliacion-urbana-de-trenque-lauquen\/","url":"https:\/\/infoecos.com.ar\/index.php\/se-firmo-el-convenio-para-la-construccion-de-60-viviendas-en-la-ampliacion-urbana-de-trenque-lauquen\/","name":"Se firm\u00f3 el convenio para la construcci\u00f3n de 60 viviendas en la Ampliaci\u00f3n Urbana de Trenque Lauquen - Infoecos","isPartOf":{"@id":"https:\/\/infoecos.com.ar\/#website"},"primaryImageOfPage":{"@id":"https:\/\/infoecos.com.ar\/index.php\/se-firmo-el-convenio-para-la-construccion-de-60-viviendas-en-la-ampliacion-urbana-de-trenque-lauquen\/#primaryimage"},"image":{"@id":"https:\/\/infoecos.com.ar\/index.php\/se-firmo-el-convenio-para-la-construccion-de-60-viviendas-en-la-ampliacion-urbana-de-trenque-lauquen\/#primaryimage"},"thumbnailUrl":"https:\/\/infoecos.com.ar\/wp-content\/uploads\/2022\/07\/A1.jpg","datePublished":"2022-07-14T05:04:12+00:00","dateModified":"2022-07-15T05:35:14+00:00","breadcrumb":{"@id":"https:\/\/infoecos.com.ar\/index.php\/se-firmo-el-convenio-para-la-construccion-de-60-viviendas-en-la-ampliacion-urbana-de-trenque-lauquen\/#breadcrumb"},"inLanguage":"es","potentialAction":[{"@type":"ReadAction","target":["https:\/\/infoecos.com.ar\/index.php\/se-firmo-el-convenio-para-la-construccion-de-60-viviendas-en-la-ampliacion-urbana-de-trenque-lauquen\/"]}]},{"@type":"ImageObject","inLanguage":"es","@id":"https:\/\/infoecos.com.ar\/index.php\/se-firmo-el-convenio-para-la-construccion-de-60-viviendas-en-la-ampliacion-urbana-de-trenque-lauquen\/#primaryimage","url":"https:\/\/infoecos.com.ar\/wp-content\/uploads\/2022\/07\/A1.jpg","contentUrl":"https:\/\/infoecos.com.ar\/wp-content\/uploads\/2022\/07\/A1.jpg","width":1600,"height":1438},{"@type":"BreadcrumbList","@id":"https:\/\/infoecos.com.ar\/index.php\/se-firmo-el-convenio-para-la-construccion-de-60-viviendas-en-la-ampliacion-urbana-de-trenque-lauquen\/#breadcrumb","itemListElement":[{"@type":"ListItem","position":1,"name":"Portada","item":"https:\/\/infoecos.com.ar\/"},{"@type":"ListItem","position":2,"name":"Se firm\u00f3 el convenio para la construcci\u00f3n de 60 viviendas en la Ampliaci\u00f3n Urbana de Trenque Lauquen"}]},{"@type":"WebSite","@id":"https:\/\/infoecos.com.ar\/#website","url":"https:\/\/infoecos.com.ar\/","name":"Infoecos","description":"Noticias de trenque lauquen y la zona","publisher":{"@id":"https:\/\/infoecos.com.ar\/#organization"},"alternateName":"Noticias","potentialAction":[{"@type":"SearchAction","target":{"@type":"EntryPoint","urlTemplate":"https:\/\/infoecos.com.ar\/?s={search_term_string}"},"query-input":{"@type":"PropertyValueSpecification","valueRequired":true,"valueName":"search_term_string"}}],"inLanguage":"es"},{"@type":"Organization","@id":"https:\/\/infoecos.com.ar\/#organization","name":"Infoecos","alternateName":"Noticias","url":"https:\/\/infoecos.com.ar\/","logo":{"@type":"ImageObject","inLanguage":"es","@id":"https:\/\/infoecos.com.ar\/#\/schema\/logo\/image\/","url":"https:\/\/infoecos.com.ar\/wp-content\/uploads\/2024\/03\/cropped-logo.png","contentUrl":"https:\/\/infoecos.com.ar\/wp-content\/uploads\/2024\/03\/cropped-logo.png","width":374,"height":90,"caption":"Infoecos"},"image":{"@id":"https:\/\/infoecos.com.ar\/#\/schema\/logo\/image\/"},"sameAs":["https:\/\/www.facebook.com\/profile.php?id=100063200290284","https:\/\/x.com\/infoecos"]},{"@type":"Person","@id":"https:\/\/infoecos.com.ar\/#\/schema\/person\/8f5ace5ce73b4b4aac4b7245aee6f191","name":"Jorge Matheus","url":"https:\/\/infoecos.com.ar\/index.php\/author\/jomatheus\/"}]}},"featured_image_urls":{"full":["https:\/\/infoecos.com.ar\/wp-content\/uploads\/2022\/07\/A1.jpg",1600,1438,false],"thumbnail":["https:\/\/infoecos.com.ar\/wp-content\/uploads\/2022\/07\/A1-150x150.jpg",150,150,true],"medium":["https:\/\/infoecos.com.ar\/wp-content\/uploads\/2022\/07\/A1-460x413.jpg",460,413,true],"medium_large":["https:\/\/infoecos.com.ar\/wp-content\/uploads\/2022\/07\/A1-768x690.jpg",640,575,true],"large":["https:\/\/infoecos.com.ar\/wp-content\/uploads\/2022\/07\/A1-920x827.jpg",640,575,true],"1536x1536":["https:\/\/infoecos.com.ar\/wp-content\/uploads\/2022\/07\/A1-1536x1380.jpg",1536,1380,true],"2048x2048":["https:\/\/infoecos.com.ar\/wp-content\/uploads\/2022\/07\/A1.jpg",1600,1438,false],"covernews-slider-full":["https:\/\/infoecos.com.ar\/wp-content\/uploads\/2022\/07\/A1-1536x1020.jpg",1077,715,true],"covernews-slider-center":["https:\/\/infoecos.com.ar\/wp-content\/uploads\/2022\/07\/A1-936x897.jpg",522,500,true],"covernews-featured":["https:\/\/infoecos.com.ar\/wp-content\/uploads\/2022\/07\/A1-1024x920.jpg",1024,920,true],"covernews-medium":["https:\/\/infoecos.com.ar\/wp-content\/uploads\/2022\/07\/A1-720x380.jpg",540,285,true],"covernews-medium-square":["https:\/\/infoecos.com.ar\/wp-content\/uploads\/2022\/07\/A1-675x450.jpg",375,250,true]},"author_info":{"info":["Jorge Matheus"]},"category_info":"<a href=\"https:\/\/infoecos.com.ar\/index.php\/category\/c1nota6\/\" rel=\"category tag\">C1 nota 6<\/a>","tag_info":"C1 nota 6","comment_count":"0","_links":{"self":[{"href":"https:\/\/infoecos.com.ar\/index.php\/wp-json\/wp\/v2\/posts\/94386"}],"collection":[{"href":"https:\/\/infoecos.com.ar\/index.php\/wp-json\/wp\/v2\/posts"}],"about":[{"href":"https:\/\/infoecos.com.ar\/index.php\/wp-json\/wp\/v2\/types\/post"}],"author":[{"embeddable":true,"href":"https:\/\/infoecos.com.ar\/index.php\/wp-json\/wp\/v2\/users\/2"}],"replies":[{"embeddable":true,"href":"https:\/\/infoecos.com.ar\/index.php\/wp-json\/wp\/v2\/comments?post=94386"}],"version-history":[{"count":2,"href":"https:\/\/infoecos.com.ar\/index.php\/wp-json\/wp\/v2\/posts\/94386\/revisions"}],"predecessor-version":[{"id":94475,"href":"https:\/\/infoecos.com.ar\/index.php\/wp-json\/wp\/v2\/posts\/94386\/revisions\/94475"}],"wp:featuredmedia":[{"embeddable":true,"href":"https:\/\/infoecos.com.ar\/index.php\/wp-json\/wp\/v2\/media\/94387"}],"wp:attachment":[{"href":"https:\/\/infoecos.com.ar\/index.php\/wp-json\/wp\/v2\/media?parent=94386"}],"wp:term":[{"taxonomy":"category","embeddable":true,"href":"https:\/\/infoecos.com.ar\/index.php\/wp-json\/wp\/v2\/categories?post=94386"},{"taxonomy":"post_tag","embeddable":true,"href":"https:\/\/infoecos.com.ar\/index.php\/wp-json\/wp\/v2\/tags?post=94386"}],"curies":[{"name":"wp","href":"https:\/\/api.w.org\/{rel}","templated":true}]}}