{"id":94402,"date":"2022-07-14T02:52:25","date_gmt":"2022-07-14T05:52:25","guid":{"rendered":"http:\/\/infoecos.com.ar\/?p=94402"},"modified":"2022-07-15T02:35:45","modified_gmt":"2022-07-15T05:35:45","slug":"walter-torchio-senador-por-el-fdt-juro-como-miembro-suplente-del-consejo-de-la-magistratura","status":"publish","type":"post","link":"https:\/\/infoecos.com.ar\/index.php\/walter-torchio-senador-por-el-fdt-juro-como-miembro-suplente-del-consejo-de-la-magistratura\/","title":{"rendered":"Walter Torchio, senador por el FdT, jur\u00f3 como miembro suplente del Consejo de la Magistratura"},"content":{"rendered":"\n<p>Walter Torchio, senador provincial por la 4\u00b0 secci\u00f3n electoral ya jur\u00f3 como miembro del Consejo de la Magistratura provincial.<\/p>\n\n\n\n<figure class=\"wp-block-image aligncenter size-full is-resized\"><img loading=\"lazy\" decoding=\"async\" src=\"http:\/\/infoecos.com.ar\/wp-content\/uploads\/2022\/07\/WhatsApp-Image-2022-07-12-at-5.26.05-PM.jpeg\" alt=\"\" class=\"wp-image-94403\" width=\"390\" height=\"259\" srcset=\"https:\/\/infoecos.com.ar\/wp-content\/uploads\/2022\/07\/WhatsApp-Image-2022-07-12-at-5.26.05-PM.jpeg 639w, https:\/\/infoecos.com.ar\/wp-content\/uploads\/2022\/07\/WhatsApp-Image-2022-07-12-at-5.26.05-PM-460x306.jpeg 460w\" sizes=\"(max-width: 390px) 100vw, 390px\" \/><figcaption>Torchio jura<\/figcaption><\/figure>\n\n\n\n<p>Consultado sobre esta funci\u00f3n, el legislador se\u00f1al\u00f3 que \u201cpara m\u00ed es un gran honor esta designaci\u00f3n\u201d.<\/p>\n\n\n\n<p>&nbsp;\u201cTodos sabemos del inmenso valor del Consejo de la Magistratura, que mis pares hayan considerado mi persona para este lugar me llena de satisfacci\u00f3n y es tambi\u00e9n una gran responsabilidad\u201d, afirm\u00f3 Walter Torchio.<\/p>\n\n\n\n<figure class=\"wp-block-image aligncenter size-full is-resized\"><img loading=\"lazy\" decoding=\"async\" src=\"http:\/\/infoecos.com.ar\/wp-content\/uploads\/2022\/07\/juzgado-pehuajo-1024x682-1-768x512-2.jpg\" alt=\"\" class=\"wp-image-94404\" width=\"415\" height=\"276\" srcset=\"https:\/\/infoecos.com.ar\/wp-content\/uploads\/2022\/07\/juzgado-pehuajo-1024x682-1-768x512-2.jpg 768w, https:\/\/infoecos.com.ar\/wp-content\/uploads\/2022\/07\/juzgado-pehuajo-1024x682-1-768x512-2-460x307.jpg 460w, https:\/\/infoecos.com.ar\/wp-content\/uploads\/2022\/07\/juzgado-pehuajo-1024x682-1-768x512-2-675x450.jpg 675w\" sizes=\"(max-width: 415px) 100vw, 415px\" \/><\/figure>\n\n\n\n<p>Los representantes del Senado en el Consejo de la Magistratura son:&nbsp; Por el bloque de JUNTOS, el Titular es Ariel Bordaisco y la Suplente, Nidia Moirano. Mientras que por el Frente de Todos, los titulares son Gustavo Soos y Gabriela Demar\u00eda y los suplentes Sof\u00eda Vannelli y Walter Torchio.<\/p>\n","protected":false},"excerpt":{"rendered":"<p>Consultado sobre esta funci\u00f3n, el legislador se\u00f1al\u00f3 que \u201cpara m\u00ed es un gran honor esta designaci\u00f3n\u201d<\/p>\n","protected":false},"author":2,"featured_media":94403,"comment_status":"closed","ping_status":"open","sticky":false,"template":"","format":"standard","meta":{"footnotes":""},"categories":[44],"tags":[6293],"class_list":["post-94402","post","type-post","status-publish","format-standard","has-post-thumbnail","hentry","category-inferior5","tag-satisfaccion-y-responsabilidad"],"yoast_head":"<!-- This site is optimized with the Yoast SEO plugin v23.4 - https:\/\/yoast.com\/wordpress\/plugins\/seo\/ -->\n<title>Walter Torchio, senador por el FdT, jur\u00f3 como miembro suplente del Consejo de la Magistratura - Infoecos<\/title>\n<meta name=\"robots\" content=\"index, follow, max-snippet:-1, max-image-preview:large, max-video-preview:-1\" \/>\n<link rel=\"canonical\" href=\"https:\/\/infoecos.com.ar\/index.php\/walter-torchio-senador-por-el-fdt-juro-como-miembro-suplente-del-consejo-de-la-magistratura\/\" \/>\n<meta property=\"og:locale\" content=\"es_ES\" \/>\n<meta property=\"og:type\" content=\"article\" \/>\n<meta property=\"og:title\" content=\"Walter Torchio, senador por el FdT, jur\u00f3 como miembro suplente del Consejo de la Magistratura - Infoecos\" \/>\n<meta property=\"og:description\" content=\"Consultado sobre esta funci\u00f3n, el legislador se\u00f1al\u00f3 que \u201cpara m\u00ed es un gran honor esta designaci\u00f3n\u201d\" \/>\n<meta property=\"og:url\" content=\"https:\/\/infoecos.com.ar\/index.php\/walter-torchio-senador-por-el-fdt-juro-como-miembro-suplente-del-consejo-de-la-magistratura\/\" \/>\n<meta property=\"og:site_name\" content=\"Infoecos\" \/>\n<meta property=\"article:publisher\" content=\"https:\/\/www.facebook.com\/profile.php?id=100063200290284\" \/>\n<meta property=\"article:published_time\" content=\"2022-07-14T05:52:25+00:00\" \/>\n<meta property=\"article:modified_time\" content=\"2022-07-15T05:35:45+00:00\" \/>\n<meta property=\"og:image\" content=\"https:\/\/infoecos.com.ar\/wp-content\/uploads\/2022\/07\/WhatsApp-Image-2022-07-12-at-5.26.05-PM.jpeg\" \/>\n\t<meta property=\"og:image:width\" content=\"639\" \/>\n\t<meta property=\"og:image:height\" content=\"425\" \/>\n\t<meta property=\"og:image:type\" content=\"image\/jpeg\" \/>\n<meta name=\"author\" content=\"Jorge Matheus\" \/>\n<meta name=\"twitter:card\" content=\"summary_large_image\" \/>\n<meta name=\"twitter:creator\" content=\"@infoecos\" \/>\n<meta name=\"twitter:site\" content=\"@infoecos\" \/>\n<meta name=\"twitter:label1\" content=\"Escrito por\" \/>\n\t<meta name=\"twitter:data1\" content=\"Jorge Matheus\" \/>\n\t<meta name=\"twitter:label2\" content=\"Tiempo de lectura\" \/>\n\t<meta name=\"twitter:data2\" content=\"1 minuto\" \/>\n<script type=\"application\/ld+json\" class=\"yoast-schema-graph\">{\"@context\":\"https:\/\/schema.org\",\"@graph\":[{\"@type\":\"Article\",\"@id\":\"https:\/\/infoecos.com.ar\/index.php\/walter-torchio-senador-por-el-fdt-juro-como-miembro-suplente-del-consejo-de-la-magistratura\/#article\",\"isPartOf\":{\"@id\":\"https:\/\/infoecos.com.ar\/index.php\/walter-torchio-senador-por-el-fdt-juro-como-miembro-suplente-del-consejo-de-la-magistratura\/\"},\"author\":{\"name\":\"Jorge Matheus\",\"@id\":\"https:\/\/infoecos.com.ar\/#\/schema\/person\/8f5ace5ce73b4b4aac4b7245aee6f191\"},\"headline\":\"Walter Torchio, senador por el FdT, jur\u00f3 como miembro suplente del Consejo de la Magistratura\",\"datePublished\":\"2022-07-14T05:52:25+00:00\",\"dateModified\":\"2022-07-15T05:35:45+00:00\",\"mainEntityOfPage\":{\"@id\":\"https:\/\/infoecos.com.ar\/index.php\/walter-torchio-senador-por-el-fdt-juro-como-miembro-suplente-del-consejo-de-la-magistratura\/\"},\"wordCount\":143,\"publisher\":{\"@id\":\"https:\/\/infoecos.com.ar\/#organization\"},\"image\":{\"@id\":\"https:\/\/infoecos.com.ar\/index.php\/walter-torchio-senador-por-el-fdt-juro-como-miembro-suplente-del-consejo-de-la-magistratura\/#primaryimage\"},\"thumbnailUrl\":\"https:\/\/infoecos.com.ar\/wp-content\/uploads\/2022\/07\/WhatsApp-Image-2022-07-12-at-5.26.05-PM.jpeg\",\"keywords\":[\"SATISFACCI\u00d3N Y RESPONSABILIDAD\"],\"articleSection\":[\"Bloque inferior - 5\"],\"inLanguage\":\"es\"},{\"@type\":\"WebPage\",\"@id\":\"https:\/\/infoecos.com.ar\/index.php\/walter-torchio-senador-por-el-fdt-juro-como-miembro-suplente-del-consejo-de-la-magistratura\/\",\"url\":\"https:\/\/infoecos.com.ar\/index.php\/walter-torchio-senador-por-el-fdt-juro-como-miembro-suplente-del-consejo-de-la-magistratura\/\",\"name\":\"Walter Torchio, senador por el FdT, jur\u00f3 como miembro suplente del Consejo de la Magistratura - Infoecos\",\"isPartOf\":{\"@id\":\"https:\/\/infoecos.com.ar\/#website\"},\"primaryImageOfPage\":{\"@id\":\"https:\/\/infoecos.com.ar\/index.php\/walter-torchio-senador-por-el-fdt-juro-como-miembro-suplente-del-consejo-de-la-magistratura\/#primaryimage\"},\"image\":{\"@id\":\"https:\/\/infoecos.com.ar\/index.php\/walter-torchio-senador-por-el-fdt-juro-como-miembro-suplente-del-consejo-de-la-magistratura\/#primaryimage\"},\"thumbnailUrl\":\"https:\/\/infoecos.com.ar\/wp-content\/uploads\/2022\/07\/WhatsApp-Image-2022-07-12-at-5.26.05-PM.jpeg\",\"datePublished\":\"2022-07-14T05:52:25+00:00\",\"dateModified\":\"2022-07-15T05:35:45+00:00\",\"breadcrumb\":{\"@id\":\"https:\/\/infoecos.com.ar\/index.php\/walter-torchio-senador-por-el-fdt-juro-como-miembro-suplente-del-consejo-de-la-magistratura\/#breadcrumb\"},\"inLanguage\":\"es\",\"potentialAction\":[{\"@type\":\"ReadAction\",\"target\":[\"https:\/\/infoecos.com.ar\/index.php\/walter-torchio-senador-por-el-fdt-juro-como-miembro-suplente-del-consejo-de-la-magistratura\/\"]}]},{\"@type\":\"ImageObject\",\"inLanguage\":\"es\",\"@id\":\"https:\/\/infoecos.com.ar\/index.php\/walter-torchio-senador-por-el-fdt-juro-como-miembro-suplente-del-consejo-de-la-magistratura\/#primaryimage\",\"url\":\"https:\/\/infoecos.com.ar\/wp-content\/uploads\/2022\/07\/WhatsApp-Image-2022-07-12-at-5.26.05-PM.jpeg\",\"contentUrl\":\"https:\/\/infoecos.com.ar\/wp-content\/uploads\/2022\/07\/WhatsApp-Image-2022-07-12-at-5.26.05-PM.jpeg\",\"width\":639,\"height\":425},{\"@type\":\"BreadcrumbList\",\"@id\":\"https:\/\/infoecos.com.ar\/index.php\/walter-torchio-senador-por-el-fdt-juro-como-miembro-suplente-del-consejo-de-la-magistratura\/#breadcrumb\",\"itemListElement\":[{\"@type\":\"ListItem\",\"position\":1,\"name\":\"Portada\",\"item\":\"https:\/\/infoecos.com.ar\/\"},{\"@type\":\"ListItem\",\"position\":2,\"name\":\"Walter Torchio, senador por el FdT, jur\u00f3 como miembro suplente del Consejo de la Magistratura\"}]},{\"@type\":\"WebSite\",\"@id\":\"https:\/\/infoecos.com.ar\/#website\",\"url\":\"https:\/\/infoecos.com.ar\/\",\"name\":\"Infoecos\",\"description\":\"Noticias de trenque lauquen y la zona\",\"publisher\":{\"@id\":\"https:\/\/infoecos.com.ar\/#organization\"},\"alternateName\":\"Noticias\",\"potentialAction\":[{\"@type\":\"SearchAction\",\"target\":{\"@type\":\"EntryPoint\",\"urlTemplate\":\"https:\/\/infoecos.com.ar\/?s={search_term_string}\"},\"query-input\":{\"@type\":\"PropertyValueSpecification\",\"valueRequired\":true,\"valueName\":\"search_term_string\"}}],\"inLanguage\":\"es\"},{\"@type\":\"Organization\",\"@id\":\"https:\/\/infoecos.com.ar\/#organization\",\"name\":\"Infoecos\",\"alternateName\":\"Noticias\",\"url\":\"https:\/\/infoecos.com.ar\/\",\"logo\":{\"@type\":\"ImageObject\",\"inLanguage\":\"es\",\"@id\":\"https:\/\/infoecos.com.ar\/#\/schema\/logo\/image\/\",\"url\":\"https:\/\/infoecos.com.ar\/wp-content\/uploads\/2024\/03\/cropped-logo.png\",\"contentUrl\":\"https:\/\/infoecos.com.ar\/wp-content\/uploads\/2024\/03\/cropped-logo.png\",\"width\":374,\"height\":90,\"caption\":\"Infoecos\"},\"image\":{\"@id\":\"https:\/\/infoecos.com.ar\/#\/schema\/logo\/image\/\"},\"sameAs\":[\"https:\/\/www.facebook.com\/profile.php?id=100063200290284\",\"https:\/\/x.com\/infoecos\"]},{\"@type\":\"Person\",\"@id\":\"https:\/\/infoecos.com.ar\/#\/schema\/person\/8f5ace5ce73b4b4aac4b7245aee6f191\",\"name\":\"Jorge Matheus\",\"url\":\"https:\/\/infoecos.com.ar\/index.php\/author\/jomatheus\/\"}]}<\/script>\n<!-- \/ Yoast SEO plugin. -->","yoast_head_json":{"title":"Walter Torchio, senador por el FdT, jur\u00f3 como miembro suplente del Consejo de la Magistratura - Infoecos","robots":{"index":"index","follow":"follow","max-snippet":"max-snippet:-1","max-image-preview":"max-image-preview:large","max-video-preview":"max-video-preview:-1"},"canonical":"https:\/\/infoecos.com.ar\/index.php\/walter-torchio-senador-por-el-fdt-juro-como-miembro-suplente-del-consejo-de-la-magistratura\/","og_locale":"es_ES","og_type":"article","og_title":"Walter Torchio, senador por el FdT, jur\u00f3 como miembro suplente del Consejo de la Magistratura - Infoecos","og_description":"Consultado sobre esta funci\u00f3n, el legislador se\u00f1al\u00f3 que \u201cpara m\u00ed es un gran honor esta designaci\u00f3n\u201d","og_url":"https:\/\/infoecos.com.ar\/index.php\/walter-torchio-senador-por-el-fdt-juro-como-miembro-suplente-del-consejo-de-la-magistratura\/","og_site_name":"Infoecos","article_publisher":"https:\/\/www.facebook.com\/profile.php?id=100063200290284","article_published_time":"2022-07-14T05:52:25+00:00","article_modified_time":"2022-07-15T05:35:45+00:00","og_image":[{"width":639,"height":425,"url":"https:\/\/infoecos.com.ar\/wp-content\/uploads\/2022\/07\/WhatsApp-Image-2022-07-12-at-5.26.05-PM.jpeg","type":"image\/jpeg"}],"author":"Jorge Matheus","twitter_card":"summary_large_image","twitter_creator":"@infoecos","twitter_site":"@infoecos","twitter_misc":{"Escrito por":"Jorge Matheus","Tiempo de lectura":"1 minuto"},"schema":{"@context":"https:\/\/schema.org","@graph":[{"@type":"Article","@id":"https:\/\/infoecos.com.ar\/index.php\/walter-torchio-senador-por-el-fdt-juro-como-miembro-suplente-del-consejo-de-la-magistratura\/#article","isPartOf":{"@id":"https:\/\/infoecos.com.ar\/index.php\/walter-torchio-senador-por-el-fdt-juro-como-miembro-suplente-del-consejo-de-la-magistratura\/"},"author":{"name":"Jorge Matheus","@id":"https:\/\/infoecos.com.ar\/#\/schema\/person\/8f5ace5ce73b4b4aac4b7245aee6f191"},"headline":"Walter Torchio, senador por el FdT, jur\u00f3 como miembro suplente del Consejo de la Magistratura","datePublished":"2022-07-14T05:52:25+00:00","dateModified":"2022-07-15T05:35:45+00:00","mainEntityOfPage":{"@id":"https:\/\/infoecos.com.ar\/index.php\/walter-torchio-senador-por-el-fdt-juro-como-miembro-suplente-del-consejo-de-la-magistratura\/"},"wordCount":143,"publisher":{"@id":"https:\/\/infoecos.com.ar\/#organization"},"image":{"@id":"https:\/\/infoecos.com.ar\/index.php\/walter-torchio-senador-por-el-fdt-juro-como-miembro-suplente-del-consejo-de-la-magistratura\/#primaryimage"},"thumbnailUrl":"https:\/\/infoecos.com.ar\/wp-content\/uploads\/2022\/07\/WhatsApp-Image-2022-07-12-at-5.26.05-PM.jpeg","keywords":["SATISFACCI\u00d3N Y RESPONSABILIDAD"],"articleSection":["Bloque inferior - 5"],"inLanguage":"es"},{"@type":"WebPage","@id":"https:\/\/infoecos.com.ar\/index.php\/walter-torchio-senador-por-el-fdt-juro-como-miembro-suplente-del-consejo-de-la-magistratura\/","url":"https:\/\/infoecos.com.ar\/index.php\/walter-torchio-senador-por-el-fdt-juro-como-miembro-suplente-del-consejo-de-la-magistratura\/","name":"Walter Torchio, senador por el FdT, jur\u00f3 como miembro suplente del Consejo de la Magistratura - Infoecos","isPartOf":{"@id":"https:\/\/infoecos.com.ar\/#website"},"primaryImageOfPage":{"@id":"https:\/\/infoecos.com.ar\/index.php\/walter-torchio-senador-por-el-fdt-juro-como-miembro-suplente-del-consejo-de-la-magistratura\/#primaryimage"},"image":{"@id":"https:\/\/infoecos.com.ar\/index.php\/walter-torchio-senador-por-el-fdt-juro-como-miembro-suplente-del-consejo-de-la-magistratura\/#primaryimage"},"thumbnailUrl":"https:\/\/infoecos.com.ar\/wp-content\/uploads\/2022\/07\/WhatsApp-Image-2022-07-12-at-5.26.05-PM.jpeg","datePublished":"2022-07-14T05:52:25+00:00","dateModified":"2022-07-15T05:35:45+00:00","breadcrumb":{"@id":"https:\/\/infoecos.com.ar\/index.php\/walter-torchio-senador-por-el-fdt-juro-como-miembro-suplente-del-consejo-de-la-magistratura\/#breadcrumb"},"inLanguage":"es","potentialAction":[{"@type":"ReadAction","target":["https:\/\/infoecos.com.ar\/index.php\/walter-torchio-senador-por-el-fdt-juro-como-miembro-suplente-del-consejo-de-la-magistratura\/"]}]},{"@type":"ImageObject","inLanguage":"es","@id":"https:\/\/infoecos.com.ar\/index.php\/walter-torchio-senador-por-el-fdt-juro-como-miembro-suplente-del-consejo-de-la-magistratura\/#primaryimage","url":"https:\/\/infoecos.com.ar\/wp-content\/uploads\/2022\/07\/WhatsApp-Image-2022-07-12-at-5.26.05-PM.jpeg","contentUrl":"https:\/\/infoecos.com.ar\/wp-content\/uploads\/2022\/07\/WhatsApp-Image-2022-07-12-at-5.26.05-PM.jpeg","width":639,"height":425},{"@type":"BreadcrumbList","@id":"https:\/\/infoecos.com.ar\/index.php\/walter-torchio-senador-por-el-fdt-juro-como-miembro-suplente-del-consejo-de-la-magistratura\/#breadcrumb","itemListElement":[{"@type":"ListItem","position":1,"name":"Portada","item":"https:\/\/infoecos.com.ar\/"},{"@type":"ListItem","position":2,"name":"Walter Torchio, senador por el FdT, jur\u00f3 como miembro suplente del Consejo de la Magistratura"}]},{"@type":"WebSite","@id":"https:\/\/infoecos.com.ar\/#website","url":"https:\/\/infoecos.com.ar\/","name":"Infoecos","description":"Noticias de trenque lauquen y la zona","publisher":{"@id":"https:\/\/infoecos.com.ar\/#organization"},"alternateName":"Noticias","potentialAction":[{"@type":"SearchAction","target":{"@type":"EntryPoint","urlTemplate":"https:\/\/infoecos.com.ar\/?s={search_term_string}"},"query-input":{"@type":"PropertyValueSpecification","valueRequired":true,"valueName":"search_term_string"}}],"inLanguage":"es"},{"@type":"Organization","@id":"https:\/\/infoecos.com.ar\/#organization","name":"Infoecos","alternateName":"Noticias","url":"https:\/\/infoecos.com.ar\/","logo":{"@type":"ImageObject","inLanguage":"es","@id":"https:\/\/infoecos.com.ar\/#\/schema\/logo\/image\/","url":"https:\/\/infoecos.com.ar\/wp-content\/uploads\/2024\/03\/cropped-logo.png","contentUrl":"https:\/\/infoecos.com.ar\/wp-content\/uploads\/2024\/03\/cropped-logo.png","width":374,"height":90,"caption":"Infoecos"},"image":{"@id":"https:\/\/infoecos.com.ar\/#\/schema\/logo\/image\/"},"sameAs":["https:\/\/www.facebook.com\/profile.php?id=100063200290284","https:\/\/x.com\/infoecos"]},{"@type":"Person","@id":"https:\/\/infoecos.com.ar\/#\/schema\/person\/8f5ace5ce73b4b4aac4b7245aee6f191","name":"Jorge Matheus","url":"https:\/\/infoecos.com.ar\/index.php\/author\/jomatheus\/"}]}},"featured_image_urls":{"full":["https:\/\/infoecos.com.ar\/wp-content\/uploads\/2022\/07\/WhatsApp-Image-2022-07-12-at-5.26.05-PM.jpeg",639,425,false],"thumbnail":["https:\/\/infoecos.com.ar\/wp-content\/uploads\/2022\/07\/WhatsApp-Image-2022-07-12-at-5.26.05-PM-150x150.jpeg",150,150,true],"medium":["https:\/\/infoecos.com.ar\/wp-content\/uploads\/2022\/07\/WhatsApp-Image-2022-07-12-at-5.26.05-PM-460x306.jpeg",460,306,true],"medium_large":["https:\/\/infoecos.com.ar\/wp-content\/uploads\/2022\/07\/WhatsApp-Image-2022-07-12-at-5.26.05-PM.jpeg",639,425,false],"large":["https:\/\/infoecos.com.ar\/wp-content\/uploads\/2022\/07\/WhatsApp-Image-2022-07-12-at-5.26.05-PM.jpeg",639,425,false],"1536x1536":["https:\/\/infoecos.com.ar\/wp-content\/uploads\/2022\/07\/WhatsApp-Image-2022-07-12-at-5.26.05-PM.jpeg",639,425,false],"2048x2048":["https:\/\/infoecos.com.ar\/wp-content\/uploads\/2022\/07\/WhatsApp-Image-2022-07-12-at-5.26.05-PM.jpeg",639,425,false],"covernews-slider-full":["https:\/\/infoecos.com.ar\/wp-content\/uploads\/2022\/07\/WhatsApp-Image-2022-07-12-at-5.26.05-PM.jpeg",639,425,false],"covernews-slider-center":["https:\/\/infoecos.com.ar\/wp-content\/uploads\/2022\/07\/WhatsApp-Image-2022-07-12-at-5.26.05-PM.jpeg",639,425,false],"covernews-featured":["https:\/\/infoecos.com.ar\/wp-content\/uploads\/2022\/07\/WhatsApp-Image-2022-07-12-at-5.26.05-PM.jpeg",639,425,false],"covernews-medium":["https:\/\/infoecos.com.ar\/wp-content\/uploads\/2022\/07\/WhatsApp-Image-2022-07-12-at-5.26.05-PM-639x380.jpeg",540,321,true],"covernews-medium-square":["https:\/\/infoecos.com.ar\/wp-content\/uploads\/2022\/07\/WhatsApp-Image-2022-07-12-at-5.26.05-PM.jpeg",376,250,false]},"author_info":{"info":["Jorge Matheus"]},"category_info":"<a href=\"https:\/\/infoecos.com.ar\/index.php\/category\/inferior5\/\" rel=\"category tag\">Bloque inferior - 5<\/a>","tag_info":"Bloque inferior - 5","comment_count":"0","_links":{"self":[{"href":"https:\/\/infoecos.com.ar\/index.php\/wp-json\/wp\/v2\/posts\/94402"}],"collection":[{"href":"https:\/\/infoecos.com.ar\/index.php\/wp-json\/wp\/v2\/posts"}],"about":[{"href":"https:\/\/infoecos.com.ar\/index.php\/wp-json\/wp\/v2\/types\/post"}],"author":[{"embeddable":true,"href":"https:\/\/infoecos.com.ar\/index.php\/wp-json\/wp\/v2\/users\/2"}],"replies":[{"embeddable":true,"href":"https:\/\/infoecos.com.ar\/index.php\/wp-json\/wp\/v2\/comments?post=94402"}],"version-history":[{"count":1,"href":"https:\/\/infoecos.com.ar\/index.php\/wp-json\/wp\/v2\/posts\/94402\/revisions"}],"predecessor-version":[{"id":94405,"href":"https:\/\/infoecos.com.ar\/index.php\/wp-json\/wp\/v2\/posts\/94402\/revisions\/94405"}],"wp:featuredmedia":[{"embeddable":true,"href":"https:\/\/infoecos.com.ar\/index.php\/wp-json\/wp\/v2\/media\/94403"}],"wp:attachment":[{"href":"https:\/\/infoecos.com.ar\/index.php\/wp-json\/wp\/v2\/media?parent=94402"}],"wp:term":[{"taxonomy":"category","embeddable":true,"href":"https:\/\/infoecos.com.ar\/index.php\/wp-json\/wp\/v2\/categories?post=94402"},{"taxonomy":"post_tag","embeddable":true,"href":"https:\/\/infoecos.com.ar\/index.php\/wp-json\/wp\/v2\/tags?post=94402"}],"curies":[{"name":"wp","href":"https:\/\/api.w.org\/{rel}","templated":true}]}}