{"id":94410,"date":"2022-07-14T03:16:02","date_gmt":"2022-07-14T06:16:02","guid":{"rendered":"http:\/\/infoecos.com.ar\/?p=94410"},"modified":"2022-07-15T02:33:58","modified_gmt":"2022-07-15T05:33:58","slug":"trenque-lauquen-meningoencefalitis-bacteriana-en-una-menor-de-edad","status":"publish","type":"post","link":"https:\/\/infoecos.com.ar\/index.php\/trenque-lauquen-meningoencefalitis-bacteriana-en-una-menor-de-edad\/","title":{"rendered":"Trenque Lauquen: Meningoencefalitis Bacteriana en una menor de edad"},"content":{"rendered":"\n<p>La subsecretar\u00eda de Salud municipal de Trenque Lauquen inform\u00f3 ayer que se realiz\u00f3 diagn\u00f3stico de Meningoencefalitis Bacteriana en una menor de edad que permanece internada en el Hospital Pedro T. Orellana, con buena evoluci\u00f3n cl\u00ednica.<\/p>\n\n\n\n<figure class=\"wp-block-image aligncenter size-large\"><img loading=\"lazy\" decoding=\"async\" width=\"920\" height=\"517\" src=\"http:\/\/infoecos.com.ar\/wp-content\/uploads\/2022\/04\/Hospital-920x517.jpg\" alt=\"\" class=\"wp-image-91316\" srcset=\"https:\/\/infoecos.com.ar\/wp-content\/uploads\/2022\/04\/Hospital-920x517.jpg 920w, https:\/\/infoecos.com.ar\/wp-content\/uploads\/2022\/04\/Hospital-460x259.jpg 460w, https:\/\/infoecos.com.ar\/wp-content\/uploads\/2022\/04\/Hospital-768x432.jpg 768w, https:\/\/infoecos.com.ar\/wp-content\/uploads\/2022\/04\/Hospital.jpg 1010w\" sizes=\"(max-width: 920px) 100vw, 920px\" \/><\/figure>\n\n\n\n<p>Todos los contactos estrechos fueron comunicados y tratados de acuerdo a protocolo.<\/p>\n\n\n\n<p>Se recomienda a la comunidad revisar y actualizar, en caso de ser necesario, el esquema de vacunaci\u00f3n de ni\u00f1os\/as y adultos\/as.<\/p>\n","protected":false},"excerpt":{"rendered":"<p>Se recomienda a la comunidad revisar y actualizar, en caso de ser necesario, el esquema de vacunaci\u00f3n de ni\u00f1os\/as y adultos\/as<\/p>\n","protected":false},"author":2,"featured_media":91316,"comment_status":"closed","ping_status":"open","sticky":false,"template":"","format":"standard","meta":{"footnotes":""},"categories":[43],"tags":[6295],"class_list":["post-94410","post","type-post","status-publish","format-standard","has-post-thumbnail","hentry","category-inferior4","tag-se-informo-ayer"],"yoast_head":"<!-- This site is optimized with the Yoast SEO plugin v23.4 - https:\/\/yoast.com\/wordpress\/plugins\/seo\/ -->\n<title>Trenque Lauquen: Meningoencefalitis Bacteriana en una menor de edad - Infoecos<\/title>\n<meta name=\"robots\" content=\"index, follow, max-snippet:-1, max-image-preview:large, max-video-preview:-1\" \/>\n<link rel=\"canonical\" href=\"https:\/\/infoecos.com.ar\/index.php\/trenque-lauquen-meningoencefalitis-bacteriana-en-una-menor-de-edad\/\" \/>\n<meta property=\"og:locale\" content=\"es_ES\" \/>\n<meta property=\"og:type\" content=\"article\" \/>\n<meta property=\"og:title\" content=\"Trenque Lauquen: Meningoencefalitis Bacteriana en una menor de edad - Infoecos\" \/>\n<meta property=\"og:description\" content=\"Se recomienda a la comunidad revisar y actualizar, en caso de ser necesario, el esquema de vacunaci\u00f3n de ni\u00f1os\/as y adultos\/as\" \/>\n<meta property=\"og:url\" content=\"https:\/\/infoecos.com.ar\/index.php\/trenque-lauquen-meningoencefalitis-bacteriana-en-una-menor-de-edad\/\" \/>\n<meta property=\"og:site_name\" content=\"Infoecos\" \/>\n<meta property=\"article:publisher\" content=\"https:\/\/www.facebook.com\/profile.php?id=100063200290284\" \/>\n<meta property=\"article:published_time\" content=\"2022-07-14T06:16:02+00:00\" \/>\n<meta property=\"article:modified_time\" content=\"2022-07-15T05:33:58+00:00\" \/>\n<meta property=\"og:image\" content=\"https:\/\/infoecos.com.ar\/wp-content\/uploads\/2022\/04\/Hospital.jpg\" \/>\n\t<meta property=\"og:image:width\" content=\"1010\" \/>\n\t<meta property=\"og:image:height\" content=\"568\" \/>\n\t<meta property=\"og:image:type\" content=\"image\/jpeg\" \/>\n<meta name=\"author\" content=\"Jorge Matheus\" \/>\n<meta name=\"twitter:card\" content=\"summary_large_image\" \/>\n<meta name=\"twitter:creator\" content=\"@infoecos\" \/>\n<meta name=\"twitter:site\" content=\"@infoecos\" \/>\n<meta name=\"twitter:label1\" content=\"Escrito por\" \/>\n\t<meta name=\"twitter:data1\" content=\"Jorge Matheus\" \/>\n<script type=\"application\/ld+json\" class=\"yoast-schema-graph\">{\"@context\":\"https:\/\/schema.org\",\"@graph\":[{\"@type\":\"Article\",\"@id\":\"https:\/\/infoecos.com.ar\/index.php\/trenque-lauquen-meningoencefalitis-bacteriana-en-una-menor-de-edad\/#article\",\"isPartOf\":{\"@id\":\"https:\/\/infoecos.com.ar\/index.php\/trenque-lauquen-meningoencefalitis-bacteriana-en-una-menor-de-edad\/\"},\"author\":{\"name\":\"Jorge Matheus\",\"@id\":\"https:\/\/infoecos.com.ar\/#\/schema\/person\/8f5ace5ce73b4b4aac4b7245aee6f191\"},\"headline\":\"Trenque Lauquen: Meningoencefalitis Bacteriana en una menor de edad\",\"datePublished\":\"2022-07-14T06:16:02+00:00\",\"dateModified\":\"2022-07-15T05:33:58+00:00\",\"mainEntityOfPage\":{\"@id\":\"https:\/\/infoecos.com.ar\/index.php\/trenque-lauquen-meningoencefalitis-bacteriana-en-una-menor-de-edad\/\"},\"wordCount\":85,\"publisher\":{\"@id\":\"https:\/\/infoecos.com.ar\/#organization\"},\"image\":{\"@id\":\"https:\/\/infoecos.com.ar\/index.php\/trenque-lauquen-meningoencefalitis-bacteriana-en-una-menor-de-edad\/#primaryimage\"},\"thumbnailUrl\":\"https:\/\/infoecos.com.ar\/wp-content\/uploads\/2022\/04\/Hospital.jpg\",\"keywords\":[\"SE INFORM\u00d3 AYER\"],\"articleSection\":[\"Bloque inferior - 4\"],\"inLanguage\":\"es\"},{\"@type\":\"WebPage\",\"@id\":\"https:\/\/infoecos.com.ar\/index.php\/trenque-lauquen-meningoencefalitis-bacteriana-en-una-menor-de-edad\/\",\"url\":\"https:\/\/infoecos.com.ar\/index.php\/trenque-lauquen-meningoencefalitis-bacteriana-en-una-menor-de-edad\/\",\"name\":\"Trenque Lauquen: Meningoencefalitis Bacteriana en una menor de edad - Infoecos\",\"isPartOf\":{\"@id\":\"https:\/\/infoecos.com.ar\/#website\"},\"primaryImageOfPage\":{\"@id\":\"https:\/\/infoecos.com.ar\/index.php\/trenque-lauquen-meningoencefalitis-bacteriana-en-una-menor-de-edad\/#primaryimage\"},\"image\":{\"@id\":\"https:\/\/infoecos.com.ar\/index.php\/trenque-lauquen-meningoencefalitis-bacteriana-en-una-menor-de-edad\/#primaryimage\"},\"thumbnailUrl\":\"https:\/\/infoecos.com.ar\/wp-content\/uploads\/2022\/04\/Hospital.jpg\",\"datePublished\":\"2022-07-14T06:16:02+00:00\",\"dateModified\":\"2022-07-15T05:33:58+00:00\",\"breadcrumb\":{\"@id\":\"https:\/\/infoecos.com.ar\/index.php\/trenque-lauquen-meningoencefalitis-bacteriana-en-una-menor-de-edad\/#breadcrumb\"},\"inLanguage\":\"es\",\"potentialAction\":[{\"@type\":\"ReadAction\",\"target\":[\"https:\/\/infoecos.com.ar\/index.php\/trenque-lauquen-meningoencefalitis-bacteriana-en-una-menor-de-edad\/\"]}]},{\"@type\":\"ImageObject\",\"inLanguage\":\"es\",\"@id\":\"https:\/\/infoecos.com.ar\/index.php\/trenque-lauquen-meningoencefalitis-bacteriana-en-una-menor-de-edad\/#primaryimage\",\"url\":\"https:\/\/infoecos.com.ar\/wp-content\/uploads\/2022\/04\/Hospital.jpg\",\"contentUrl\":\"https:\/\/infoecos.com.ar\/wp-content\/uploads\/2022\/04\/Hospital.jpg\",\"width\":1010,\"height\":568},{\"@type\":\"BreadcrumbList\",\"@id\":\"https:\/\/infoecos.com.ar\/index.php\/trenque-lauquen-meningoencefalitis-bacteriana-en-una-menor-de-edad\/#breadcrumb\",\"itemListElement\":[{\"@type\":\"ListItem\",\"position\":1,\"name\":\"Portada\",\"item\":\"https:\/\/infoecos.com.ar\/\"},{\"@type\":\"ListItem\",\"position\":2,\"name\":\"Trenque Lauquen: Meningoencefalitis Bacteriana en una menor de edad\"}]},{\"@type\":\"WebSite\",\"@id\":\"https:\/\/infoecos.com.ar\/#website\",\"url\":\"https:\/\/infoecos.com.ar\/\",\"name\":\"Infoecos\",\"description\":\"Noticias de trenque lauquen y la zona\",\"publisher\":{\"@id\":\"https:\/\/infoecos.com.ar\/#organization\"},\"alternateName\":\"Noticias\",\"potentialAction\":[{\"@type\":\"SearchAction\",\"target\":{\"@type\":\"EntryPoint\",\"urlTemplate\":\"https:\/\/infoecos.com.ar\/?s={search_term_string}\"},\"query-input\":{\"@type\":\"PropertyValueSpecification\",\"valueRequired\":true,\"valueName\":\"search_term_string\"}}],\"inLanguage\":\"es\"},{\"@type\":\"Organization\",\"@id\":\"https:\/\/infoecos.com.ar\/#organization\",\"name\":\"Infoecos\",\"alternateName\":\"Noticias\",\"url\":\"https:\/\/infoecos.com.ar\/\",\"logo\":{\"@type\":\"ImageObject\",\"inLanguage\":\"es\",\"@id\":\"https:\/\/infoecos.com.ar\/#\/schema\/logo\/image\/\",\"url\":\"https:\/\/infoecos.com.ar\/wp-content\/uploads\/2024\/03\/cropped-logo.png\",\"contentUrl\":\"https:\/\/infoecos.com.ar\/wp-content\/uploads\/2024\/03\/cropped-logo.png\",\"width\":374,\"height\":90,\"caption\":\"Infoecos\"},\"image\":{\"@id\":\"https:\/\/infoecos.com.ar\/#\/schema\/logo\/image\/\"},\"sameAs\":[\"https:\/\/www.facebook.com\/profile.php?id=100063200290284\",\"https:\/\/x.com\/infoecos\"]},{\"@type\":\"Person\",\"@id\":\"https:\/\/infoecos.com.ar\/#\/schema\/person\/8f5ace5ce73b4b4aac4b7245aee6f191\",\"name\":\"Jorge Matheus\",\"url\":\"https:\/\/infoecos.com.ar\/index.php\/author\/jomatheus\/\"}]}<\/script>\n<!-- \/ Yoast SEO plugin. -->","yoast_head_json":{"title":"Trenque Lauquen: Meningoencefalitis Bacteriana en una menor de edad - Infoecos","robots":{"index":"index","follow":"follow","max-snippet":"max-snippet:-1","max-image-preview":"max-image-preview:large","max-video-preview":"max-video-preview:-1"},"canonical":"https:\/\/infoecos.com.ar\/index.php\/trenque-lauquen-meningoencefalitis-bacteriana-en-una-menor-de-edad\/","og_locale":"es_ES","og_type":"article","og_title":"Trenque Lauquen: Meningoencefalitis Bacteriana en una menor de edad - Infoecos","og_description":"Se recomienda a la comunidad revisar y actualizar, en caso de ser necesario, el esquema de vacunaci\u00f3n de ni\u00f1os\/as y adultos\/as","og_url":"https:\/\/infoecos.com.ar\/index.php\/trenque-lauquen-meningoencefalitis-bacteriana-en-una-menor-de-edad\/","og_site_name":"Infoecos","article_publisher":"https:\/\/www.facebook.com\/profile.php?id=100063200290284","article_published_time":"2022-07-14T06:16:02+00:00","article_modified_time":"2022-07-15T05:33:58+00:00","og_image":[{"width":1010,"height":568,"url":"https:\/\/infoecos.com.ar\/wp-content\/uploads\/2022\/04\/Hospital.jpg","type":"image\/jpeg"}],"author":"Jorge Matheus","twitter_card":"summary_large_image","twitter_creator":"@infoecos","twitter_site":"@infoecos","twitter_misc":{"Escrito por":"Jorge Matheus"},"schema":{"@context":"https:\/\/schema.org","@graph":[{"@type":"Article","@id":"https:\/\/infoecos.com.ar\/index.php\/trenque-lauquen-meningoencefalitis-bacteriana-en-una-menor-de-edad\/#article","isPartOf":{"@id":"https:\/\/infoecos.com.ar\/index.php\/trenque-lauquen-meningoencefalitis-bacteriana-en-una-menor-de-edad\/"},"author":{"name":"Jorge Matheus","@id":"https:\/\/infoecos.com.ar\/#\/schema\/person\/8f5ace5ce73b4b4aac4b7245aee6f191"},"headline":"Trenque Lauquen: Meningoencefalitis Bacteriana en una menor de edad","datePublished":"2022-07-14T06:16:02+00:00","dateModified":"2022-07-15T05:33:58+00:00","mainEntityOfPage":{"@id":"https:\/\/infoecos.com.ar\/index.php\/trenque-lauquen-meningoencefalitis-bacteriana-en-una-menor-de-edad\/"},"wordCount":85,"publisher":{"@id":"https:\/\/infoecos.com.ar\/#organization"},"image":{"@id":"https:\/\/infoecos.com.ar\/index.php\/trenque-lauquen-meningoencefalitis-bacteriana-en-una-menor-de-edad\/#primaryimage"},"thumbnailUrl":"https:\/\/infoecos.com.ar\/wp-content\/uploads\/2022\/04\/Hospital.jpg","keywords":["SE INFORM\u00d3 AYER"],"articleSection":["Bloque inferior - 4"],"inLanguage":"es"},{"@type":"WebPage","@id":"https:\/\/infoecos.com.ar\/index.php\/trenque-lauquen-meningoencefalitis-bacteriana-en-una-menor-de-edad\/","url":"https:\/\/infoecos.com.ar\/index.php\/trenque-lauquen-meningoencefalitis-bacteriana-en-una-menor-de-edad\/","name":"Trenque Lauquen: Meningoencefalitis Bacteriana en una menor de edad - Infoecos","isPartOf":{"@id":"https:\/\/infoecos.com.ar\/#website"},"primaryImageOfPage":{"@id":"https:\/\/infoecos.com.ar\/index.php\/trenque-lauquen-meningoencefalitis-bacteriana-en-una-menor-de-edad\/#primaryimage"},"image":{"@id":"https:\/\/infoecos.com.ar\/index.php\/trenque-lauquen-meningoencefalitis-bacteriana-en-una-menor-de-edad\/#primaryimage"},"thumbnailUrl":"https:\/\/infoecos.com.ar\/wp-content\/uploads\/2022\/04\/Hospital.jpg","datePublished":"2022-07-14T06:16:02+00:00","dateModified":"2022-07-15T05:33:58+00:00","breadcrumb":{"@id":"https:\/\/infoecos.com.ar\/index.php\/trenque-lauquen-meningoencefalitis-bacteriana-en-una-menor-de-edad\/#breadcrumb"},"inLanguage":"es","potentialAction":[{"@type":"ReadAction","target":["https:\/\/infoecos.com.ar\/index.php\/trenque-lauquen-meningoencefalitis-bacteriana-en-una-menor-de-edad\/"]}]},{"@type":"ImageObject","inLanguage":"es","@id":"https:\/\/infoecos.com.ar\/index.php\/trenque-lauquen-meningoencefalitis-bacteriana-en-una-menor-de-edad\/#primaryimage","url":"https:\/\/infoecos.com.ar\/wp-content\/uploads\/2022\/04\/Hospital.jpg","contentUrl":"https:\/\/infoecos.com.ar\/wp-content\/uploads\/2022\/04\/Hospital.jpg","width":1010,"height":568},{"@type":"BreadcrumbList","@id":"https:\/\/infoecos.com.ar\/index.php\/trenque-lauquen-meningoencefalitis-bacteriana-en-una-menor-de-edad\/#breadcrumb","itemListElement":[{"@type":"ListItem","position":1,"name":"Portada","item":"https:\/\/infoecos.com.ar\/"},{"@type":"ListItem","position":2,"name":"Trenque Lauquen: Meningoencefalitis Bacteriana en una menor de edad"}]},{"@type":"WebSite","@id":"https:\/\/infoecos.com.ar\/#website","url":"https:\/\/infoecos.com.ar\/","name":"Infoecos","description":"Noticias de trenque lauquen y la zona","publisher":{"@id":"https:\/\/infoecos.com.ar\/#organization"},"alternateName":"Noticias","potentialAction":[{"@type":"SearchAction","target":{"@type":"EntryPoint","urlTemplate":"https:\/\/infoecos.com.ar\/?s={search_term_string}"},"query-input":{"@type":"PropertyValueSpecification","valueRequired":true,"valueName":"search_term_string"}}],"inLanguage":"es"},{"@type":"Organization","@id":"https:\/\/infoecos.com.ar\/#organization","name":"Infoecos","alternateName":"Noticias","url":"https:\/\/infoecos.com.ar\/","logo":{"@type":"ImageObject","inLanguage":"es","@id":"https:\/\/infoecos.com.ar\/#\/schema\/logo\/image\/","url":"https:\/\/infoecos.com.ar\/wp-content\/uploads\/2024\/03\/cropped-logo.png","contentUrl":"https:\/\/infoecos.com.ar\/wp-content\/uploads\/2024\/03\/cropped-logo.png","width":374,"height":90,"caption":"Infoecos"},"image":{"@id":"https:\/\/infoecos.com.ar\/#\/schema\/logo\/image\/"},"sameAs":["https:\/\/www.facebook.com\/profile.php?id=100063200290284","https:\/\/x.com\/infoecos"]},{"@type":"Person","@id":"https:\/\/infoecos.com.ar\/#\/schema\/person\/8f5ace5ce73b4b4aac4b7245aee6f191","name":"Jorge Matheus","url":"https:\/\/infoecos.com.ar\/index.php\/author\/jomatheus\/"}]}},"featured_image_urls":{"full":["https:\/\/infoecos.com.ar\/wp-content\/uploads\/2022\/04\/Hospital.jpg",1010,568,false],"thumbnail":["https:\/\/infoecos.com.ar\/wp-content\/uploads\/2022\/04\/Hospital-150x150.jpg",150,150,true],"medium":["https:\/\/infoecos.com.ar\/wp-content\/uploads\/2022\/04\/Hospital-460x259.jpg",460,259,true],"medium_large":["https:\/\/infoecos.com.ar\/wp-content\/uploads\/2022\/04\/Hospital-768x432.jpg",640,360,true],"large":["https:\/\/infoecos.com.ar\/wp-content\/uploads\/2022\/04\/Hospital-920x517.jpg",640,360,true],"1536x1536":["https:\/\/infoecos.com.ar\/wp-content\/uploads\/2022\/04\/Hospital.jpg",1010,568,false],"2048x2048":["https:\/\/infoecos.com.ar\/wp-content\/uploads\/2022\/04\/Hospital.jpg",1010,568,false],"covernews-slider-full":["https:\/\/infoecos.com.ar\/wp-content\/uploads\/2022\/04\/Hospital.jpg",1010,568,false],"covernews-slider-center":["https:\/\/infoecos.com.ar\/wp-content\/uploads\/2022\/04\/Hospital-936x568.jpg",800,485,true],"covernews-featured":["https:\/\/infoecos.com.ar\/wp-content\/uploads\/2022\/04\/Hospital.jpg",1010,568,false],"covernews-medium":["https:\/\/infoecos.com.ar\/wp-content\/uploads\/2022\/04\/Hospital-720x380.jpg",540,285,true],"covernews-medium-square":["https:\/\/infoecos.com.ar\/wp-content\/uploads\/2022\/04\/Hospital-675x450.jpg",375,250,true]},"author_info":{"info":["Jorge Matheus"]},"category_info":"<a href=\"https:\/\/infoecos.com.ar\/index.php\/category\/inferior4\/\" rel=\"category tag\">Bloque inferior - 4<\/a>","tag_info":"Bloque inferior - 4","comment_count":"0","_links":{"self":[{"href":"https:\/\/infoecos.com.ar\/index.php\/wp-json\/wp\/v2\/posts\/94410"}],"collection":[{"href":"https:\/\/infoecos.com.ar\/index.php\/wp-json\/wp\/v2\/posts"}],"about":[{"href":"https:\/\/infoecos.com.ar\/index.php\/wp-json\/wp\/v2\/types\/post"}],"author":[{"embeddable":true,"href":"https:\/\/infoecos.com.ar\/index.php\/wp-json\/wp\/v2\/users\/2"}],"replies":[{"embeddable":true,"href":"https:\/\/infoecos.com.ar\/index.php\/wp-json\/wp\/v2\/comments?post=94410"}],"version-history":[{"count":1,"href":"https:\/\/infoecos.com.ar\/index.php\/wp-json\/wp\/v2\/posts\/94410\/revisions"}],"predecessor-version":[{"id":94411,"href":"https:\/\/infoecos.com.ar\/index.php\/wp-json\/wp\/v2\/posts\/94410\/revisions\/94411"}],"wp:featuredmedia":[{"embeddable":true,"href":"https:\/\/infoecos.com.ar\/index.php\/wp-json\/wp\/v2\/media\/91316"}],"wp:attachment":[{"href":"https:\/\/infoecos.com.ar\/index.php\/wp-json\/wp\/v2\/media?parent=94410"}],"wp:term":[{"taxonomy":"category","embeddable":true,"href":"https:\/\/infoecos.com.ar\/index.php\/wp-json\/wp\/v2\/categories?post=94410"},{"taxonomy":"post_tag","embeddable":true,"href":"https:\/\/infoecos.com.ar\/index.php\/wp-json\/wp\/v2\/tags?post=94410"}],"curies":[{"name":"wp","href":"https:\/\/api.w.org\/{rel}","templated":true}]}}