{"id":94435,"date":"2022-07-15T00:37:04","date_gmt":"2022-07-15T03:37:04","guid":{"rendered":"http:\/\/infoecos.com.ar\/?p=94435"},"modified":"2022-07-15T00:52:58","modified_gmt":"2022-07-15T03:52:58","slug":"el-concejo-deliberante-de-pehuajo-debatio-sobre-el-consumo-de-medialunas-en-el-vacunatorio-contra-el-covid-19","status":"publish","type":"post","link":"https:\/\/infoecos.com.ar\/index.php\/el-concejo-deliberante-de-pehuajo-debatio-sobre-el-consumo-de-medialunas-en-el-vacunatorio-contra-el-covid-19\/","title":{"rendered":"El Concejo Deliberante de Pehuaj\u00f3 debati\u00f3 sobre el consumo de medialunas en el vacunatorio durante la pandemia"},"content":{"rendered":"\n<p><strong><code>Nota publicada en 365pehuajo.com.ar y que reproducimos textualmente: <\/code><\/strong><\/p>\n\n\n\n<p><em><strong>Sin problemas en tr\u00e1nsito, seguridad, agua, cloacas y los caminos rurales transitables en su totalidad, el debate de los concejales de Pehuaj\u00f3 se centr\u00f3 en cuantas medialunas puede comer el personal de salud por d\u00eda. M\u00e1s de diez minutos destinaron a desglosar si esta bien que se coman 3 o m\u00e1s facturas por d\u00eda quienes durante cinco meses (el a\u00f1o pasado) cumplieron funciones en el vacunatorio municipal.<\/strong><\/em><\/p>\n\n\n\n<figure class=\"wp-block-image aligncenter size-large is-resized\"><img loading=\"lazy\" decoding=\"async\" src=\"http:\/\/infoecos.com.ar\/wp-content\/uploads\/2022\/07\/291337998_462421145885509_1041133415998055958_n-920x613.jpg\" alt=\"\" class=\"wp-image-94436\" width=\"494\" height=\"328\" srcset=\"https:\/\/infoecos.com.ar\/wp-content\/uploads\/2022\/07\/291337998_462421145885509_1041133415998055958_n-920x613.jpg 920w, https:\/\/infoecos.com.ar\/wp-content\/uploads\/2022\/07\/291337998_462421145885509_1041133415998055958_n-768x512.jpg 768w, https:\/\/infoecos.com.ar\/wp-content\/uploads\/2022\/07\/291337998_462421145885509_1041133415998055958_n-1536x1020.jpg 1536w, https:\/\/infoecos.com.ar\/wp-content\/uploads\/2022\/07\/291337998_462421145885509_1041133415998055958_n-1024x683.jpg 1024w, https:\/\/infoecos.com.ar\/wp-content\/uploads\/2022\/07\/291337998_462421145885509_1041133415998055958_n-675x450.jpg 675w, https:\/\/infoecos.com.ar\/wp-content\/uploads\/2022\/07\/291337998_462421145885509_1041133415998055958_n.jpg 1920w\" sizes=\"(max-width: 494px) 100vw, 494px\" \/><figcaption>Concejo Deliberante Pehuaj\u00f3<\/figcaption><\/figure>\n\n\n\n<p><strong><em>Uno de los puntos que trataron quienes fueron elegidos por el voto popular, fue el pago de una boleta a un proveedor local, por 479.640 pesos, correspondiente a 1998 docenas de facturas que durante cinco meses del 2021 fueron llevadas al vacunatorio municipal.<\/em><\/strong><\/p>\n\n\n\n<p><strong><em>Un promedio de 13 docenas diarias, a un valor de 400 pesos la docena.<\/em><\/strong><\/p>\n\n\n\n<p><strong><em>El expediente cont\u00f3 con doble dictamen, ya que el oficialismo aprueba el pago, mientras que la oposici\u00f3n lo rechaza, argumentando en principio que entienden tiene que haber un error, para luego detallar en n\u00fameros lo que representa esta te\u00f3rica compra. Con una diferencia en la cantidad de trabajadores que cumpl\u00edan funciones, el oficialismo habla de 60 y la oposici\u00f3n de 22. Ante esto desde Juntos mencionaron que el \u00e1rea de salud, no entregaba una dieta saludable a quienes desarrollaban las tareas. Desde el oficialismo expresaron que, a 60 trabajadores, no llegaban a comer 3 facturas por persona.<\/em><\/strong><\/p>\n\n\n\n<p><strong><em>M\u00e1s de diez minutos dur\u00f3 el debate por las 23.976 medialunas. Para la pr\u00f3xima, la m\u00eda que sea de manteca.<\/em><\/strong><\/p>\n","protected":false},"excerpt":{"rendered":"<p>Uno de los puntos que trataron quienes fueron elegidos por el voto popular, fue el pago de una boleta a un proveedor local, por 479.640 pesos, correspondiente a 1998 docenas de facturas que durante cinco meses del 2021<\/p>\n","protected":false},"author":2,"featured_media":94436,"comment_status":"closed","ping_status":"open","sticky":false,"template":"","format":"standard","meta":{"footnotes":""},"categories":[25],"tags":[6296],"class_list":["post-94435","post","type-post","status-publish","format-standard","has-post-thumbnail","hentry","category-c3nota1","tag-nota-de-365pehuajo-com-ar"],"yoast_head":"<!-- This site is optimized with the Yoast SEO plugin v23.4 - https:\/\/yoast.com\/wordpress\/plugins\/seo\/ -->\n<title>El Concejo Deliberante de Pehuaj\u00f3 debati\u00f3 sobre el consumo de medialunas en el vacunatorio durante la pandemia - Infoecos<\/title>\n<meta name=\"robots\" content=\"index, follow, max-snippet:-1, max-image-preview:large, max-video-preview:-1\" \/>\n<link rel=\"canonical\" href=\"https:\/\/infoecos.com.ar\/index.php\/el-concejo-deliberante-de-pehuajo-debatio-sobre-el-consumo-de-medialunas-en-el-vacunatorio-contra-el-covid-19\/\" \/>\n<meta property=\"og:locale\" content=\"es_ES\" \/>\n<meta property=\"og:type\" content=\"article\" \/>\n<meta property=\"og:title\" content=\"El Concejo Deliberante de Pehuaj\u00f3 debati\u00f3 sobre el consumo de medialunas en el vacunatorio durante la pandemia - Infoecos\" \/>\n<meta property=\"og:description\" content=\"Uno de los puntos que trataron quienes fueron elegidos por el voto popular, fue el pago de una boleta a un proveedor local, por 479.640 pesos, correspondiente a 1998 docenas de facturas que durante cinco meses del 2021\" \/>\n<meta property=\"og:url\" content=\"https:\/\/infoecos.com.ar\/index.php\/el-concejo-deliberante-de-pehuajo-debatio-sobre-el-consumo-de-medialunas-en-el-vacunatorio-contra-el-covid-19\/\" \/>\n<meta property=\"og:site_name\" content=\"Infoecos\" \/>\n<meta property=\"article:publisher\" content=\"https:\/\/www.facebook.com\/profile.php?id=100063200290284\" \/>\n<meta property=\"article:published_time\" content=\"2022-07-15T03:37:04+00:00\" \/>\n<meta property=\"article:modified_time\" content=\"2022-07-15T03:52:58+00:00\" \/>\n<meta property=\"og:image\" content=\"https:\/\/infoecos.com.ar\/wp-content\/uploads\/2022\/07\/291337998_462421145885509_1041133415998055958_n.jpg\" \/>\n\t<meta property=\"og:image:width\" content=\"1920\" \/>\n\t<meta property=\"og:image:height\" content=\"1280\" \/>\n\t<meta property=\"og:image:type\" content=\"image\/jpeg\" \/>\n<meta name=\"author\" content=\"Jorge Matheus\" \/>\n<meta name=\"twitter:card\" content=\"summary_large_image\" \/>\n<meta name=\"twitter:creator\" content=\"@infoecos\" \/>\n<meta name=\"twitter:site\" content=\"@infoecos\" \/>\n<meta name=\"twitter:label1\" content=\"Escrito por\" \/>\n\t<meta name=\"twitter:data1\" content=\"Jorge Matheus\" \/>\n\t<meta name=\"twitter:label2\" content=\"Tiempo de lectura\" \/>\n\t<meta name=\"twitter:data2\" content=\"1 minuto\" \/>\n<script type=\"application\/ld+json\" class=\"yoast-schema-graph\">{\"@context\":\"https:\/\/schema.org\",\"@graph\":[{\"@type\":\"Article\",\"@id\":\"https:\/\/infoecos.com.ar\/index.php\/el-concejo-deliberante-de-pehuajo-debatio-sobre-el-consumo-de-medialunas-en-el-vacunatorio-contra-el-covid-19\/#article\",\"isPartOf\":{\"@id\":\"https:\/\/infoecos.com.ar\/index.php\/el-concejo-deliberante-de-pehuajo-debatio-sobre-el-consumo-de-medialunas-en-el-vacunatorio-contra-el-covid-19\/\"},\"author\":{\"name\":\"Jorge Matheus\",\"@id\":\"https:\/\/infoecos.com.ar\/#\/schema\/person\/8f5ace5ce73b4b4aac4b7245aee6f191\"},\"headline\":\"El Concejo Deliberante de Pehuaj\u00f3 debati\u00f3 sobre el consumo de medialunas en el vacunatorio durante la pandemia\",\"datePublished\":\"2022-07-15T03:37:04+00:00\",\"dateModified\":\"2022-07-15T03:52:58+00:00\",\"mainEntityOfPage\":{\"@id\":\"https:\/\/infoecos.com.ar\/index.php\/el-concejo-deliberante-de-pehuajo-debatio-sobre-el-consumo-de-medialunas-en-el-vacunatorio-contra-el-covid-19\/\"},\"wordCount\":264,\"publisher\":{\"@id\":\"https:\/\/infoecos.com.ar\/#organization\"},\"image\":{\"@id\":\"https:\/\/infoecos.com.ar\/index.php\/el-concejo-deliberante-de-pehuajo-debatio-sobre-el-consumo-de-medialunas-en-el-vacunatorio-contra-el-covid-19\/#primaryimage\"},\"thumbnailUrl\":\"https:\/\/infoecos.com.ar\/wp-content\/uploads\/2022\/07\/291337998_462421145885509_1041133415998055958_n.jpg\",\"keywords\":[\"NOTA DE 365PEHUAJO.COM.AR\"],\"articleSection\":[\"C3 N1\"],\"inLanguage\":\"es\"},{\"@type\":\"WebPage\",\"@id\":\"https:\/\/infoecos.com.ar\/index.php\/el-concejo-deliberante-de-pehuajo-debatio-sobre-el-consumo-de-medialunas-en-el-vacunatorio-contra-el-covid-19\/\",\"url\":\"https:\/\/infoecos.com.ar\/index.php\/el-concejo-deliberante-de-pehuajo-debatio-sobre-el-consumo-de-medialunas-en-el-vacunatorio-contra-el-covid-19\/\",\"name\":\"El Concejo Deliberante de Pehuaj\u00f3 debati\u00f3 sobre el consumo de medialunas en el vacunatorio durante la pandemia - Infoecos\",\"isPartOf\":{\"@id\":\"https:\/\/infoecos.com.ar\/#website\"},\"primaryImageOfPage\":{\"@id\":\"https:\/\/infoecos.com.ar\/index.php\/el-concejo-deliberante-de-pehuajo-debatio-sobre-el-consumo-de-medialunas-en-el-vacunatorio-contra-el-covid-19\/#primaryimage\"},\"image\":{\"@id\":\"https:\/\/infoecos.com.ar\/index.php\/el-concejo-deliberante-de-pehuajo-debatio-sobre-el-consumo-de-medialunas-en-el-vacunatorio-contra-el-covid-19\/#primaryimage\"},\"thumbnailUrl\":\"https:\/\/infoecos.com.ar\/wp-content\/uploads\/2022\/07\/291337998_462421145885509_1041133415998055958_n.jpg\",\"datePublished\":\"2022-07-15T03:37:04+00:00\",\"dateModified\":\"2022-07-15T03:52:58+00:00\",\"breadcrumb\":{\"@id\":\"https:\/\/infoecos.com.ar\/index.php\/el-concejo-deliberante-de-pehuajo-debatio-sobre-el-consumo-de-medialunas-en-el-vacunatorio-contra-el-covid-19\/#breadcrumb\"},\"inLanguage\":\"es\",\"potentialAction\":[{\"@type\":\"ReadAction\",\"target\":[\"https:\/\/infoecos.com.ar\/index.php\/el-concejo-deliberante-de-pehuajo-debatio-sobre-el-consumo-de-medialunas-en-el-vacunatorio-contra-el-covid-19\/\"]}]},{\"@type\":\"ImageObject\",\"inLanguage\":\"es\",\"@id\":\"https:\/\/infoecos.com.ar\/index.php\/el-concejo-deliberante-de-pehuajo-debatio-sobre-el-consumo-de-medialunas-en-el-vacunatorio-contra-el-covid-19\/#primaryimage\",\"url\":\"https:\/\/infoecos.com.ar\/wp-content\/uploads\/2022\/07\/291337998_462421145885509_1041133415998055958_n.jpg\",\"contentUrl\":\"https:\/\/infoecos.com.ar\/wp-content\/uploads\/2022\/07\/291337998_462421145885509_1041133415998055958_n.jpg\",\"width\":1920,\"height\":1280},{\"@type\":\"BreadcrumbList\",\"@id\":\"https:\/\/infoecos.com.ar\/index.php\/el-concejo-deliberante-de-pehuajo-debatio-sobre-el-consumo-de-medialunas-en-el-vacunatorio-contra-el-covid-19\/#breadcrumb\",\"itemListElement\":[{\"@type\":\"ListItem\",\"position\":1,\"name\":\"Portada\",\"item\":\"https:\/\/infoecos.com.ar\/\"},{\"@type\":\"ListItem\",\"position\":2,\"name\":\"El Concejo Deliberante de Pehuaj\u00f3 debati\u00f3 sobre el consumo de medialunas en el vacunatorio durante la pandemia\"}]},{\"@type\":\"WebSite\",\"@id\":\"https:\/\/infoecos.com.ar\/#website\",\"url\":\"https:\/\/infoecos.com.ar\/\",\"name\":\"Infoecos\",\"description\":\"Noticias de trenque lauquen y la zona\",\"publisher\":{\"@id\":\"https:\/\/infoecos.com.ar\/#organization\"},\"alternateName\":\"Noticias\",\"potentialAction\":[{\"@type\":\"SearchAction\",\"target\":{\"@type\":\"EntryPoint\",\"urlTemplate\":\"https:\/\/infoecos.com.ar\/?s={search_term_string}\"},\"query-input\":{\"@type\":\"PropertyValueSpecification\",\"valueRequired\":true,\"valueName\":\"search_term_string\"}}],\"inLanguage\":\"es\"},{\"@type\":\"Organization\",\"@id\":\"https:\/\/infoecos.com.ar\/#organization\",\"name\":\"Infoecos\",\"alternateName\":\"Noticias\",\"url\":\"https:\/\/infoecos.com.ar\/\",\"logo\":{\"@type\":\"ImageObject\",\"inLanguage\":\"es\",\"@id\":\"https:\/\/infoecos.com.ar\/#\/schema\/logo\/image\/\",\"url\":\"https:\/\/infoecos.com.ar\/wp-content\/uploads\/2024\/03\/cropped-logo.png\",\"contentUrl\":\"https:\/\/infoecos.com.ar\/wp-content\/uploads\/2024\/03\/cropped-logo.png\",\"width\":374,\"height\":90,\"caption\":\"Infoecos\"},\"image\":{\"@id\":\"https:\/\/infoecos.com.ar\/#\/schema\/logo\/image\/\"},\"sameAs\":[\"https:\/\/www.facebook.com\/profile.php?id=100063200290284\",\"https:\/\/x.com\/infoecos\"]},{\"@type\":\"Person\",\"@id\":\"https:\/\/infoecos.com.ar\/#\/schema\/person\/8f5ace5ce73b4b4aac4b7245aee6f191\",\"name\":\"Jorge Matheus\",\"url\":\"https:\/\/infoecos.com.ar\/index.php\/author\/jomatheus\/\"}]}<\/script>\n<!-- \/ Yoast SEO plugin. -->","yoast_head_json":{"title":"El Concejo Deliberante de Pehuaj\u00f3 debati\u00f3 sobre el consumo de medialunas en el vacunatorio durante la pandemia - Infoecos","robots":{"index":"index","follow":"follow","max-snippet":"max-snippet:-1","max-image-preview":"max-image-preview:large","max-video-preview":"max-video-preview:-1"},"canonical":"https:\/\/infoecos.com.ar\/index.php\/el-concejo-deliberante-de-pehuajo-debatio-sobre-el-consumo-de-medialunas-en-el-vacunatorio-contra-el-covid-19\/","og_locale":"es_ES","og_type":"article","og_title":"El Concejo Deliberante de Pehuaj\u00f3 debati\u00f3 sobre el consumo de medialunas en el vacunatorio durante la pandemia - Infoecos","og_description":"Uno de los puntos que trataron quienes fueron elegidos por el voto popular, fue el pago de una boleta a un proveedor local, por 479.640 pesos, correspondiente a 1998 docenas de facturas que durante cinco meses del 2021","og_url":"https:\/\/infoecos.com.ar\/index.php\/el-concejo-deliberante-de-pehuajo-debatio-sobre-el-consumo-de-medialunas-en-el-vacunatorio-contra-el-covid-19\/","og_site_name":"Infoecos","article_publisher":"https:\/\/www.facebook.com\/profile.php?id=100063200290284","article_published_time":"2022-07-15T03:37:04+00:00","article_modified_time":"2022-07-15T03:52:58+00:00","og_image":[{"width":1920,"height":1280,"url":"https:\/\/infoecos.com.ar\/wp-content\/uploads\/2022\/07\/291337998_462421145885509_1041133415998055958_n.jpg","type":"image\/jpeg"}],"author":"Jorge Matheus","twitter_card":"summary_large_image","twitter_creator":"@infoecos","twitter_site":"@infoecos","twitter_misc":{"Escrito por":"Jorge Matheus","Tiempo de lectura":"1 minuto"},"schema":{"@context":"https:\/\/schema.org","@graph":[{"@type":"Article","@id":"https:\/\/infoecos.com.ar\/index.php\/el-concejo-deliberante-de-pehuajo-debatio-sobre-el-consumo-de-medialunas-en-el-vacunatorio-contra-el-covid-19\/#article","isPartOf":{"@id":"https:\/\/infoecos.com.ar\/index.php\/el-concejo-deliberante-de-pehuajo-debatio-sobre-el-consumo-de-medialunas-en-el-vacunatorio-contra-el-covid-19\/"},"author":{"name":"Jorge Matheus","@id":"https:\/\/infoecos.com.ar\/#\/schema\/person\/8f5ace5ce73b4b4aac4b7245aee6f191"},"headline":"El Concejo Deliberante de Pehuaj\u00f3 debati\u00f3 sobre el consumo de medialunas en el vacunatorio durante la pandemia","datePublished":"2022-07-15T03:37:04+00:00","dateModified":"2022-07-15T03:52:58+00:00","mainEntityOfPage":{"@id":"https:\/\/infoecos.com.ar\/index.php\/el-concejo-deliberante-de-pehuajo-debatio-sobre-el-consumo-de-medialunas-en-el-vacunatorio-contra-el-covid-19\/"},"wordCount":264,"publisher":{"@id":"https:\/\/infoecos.com.ar\/#organization"},"image":{"@id":"https:\/\/infoecos.com.ar\/index.php\/el-concejo-deliberante-de-pehuajo-debatio-sobre-el-consumo-de-medialunas-en-el-vacunatorio-contra-el-covid-19\/#primaryimage"},"thumbnailUrl":"https:\/\/infoecos.com.ar\/wp-content\/uploads\/2022\/07\/291337998_462421145885509_1041133415998055958_n.jpg","keywords":["NOTA DE 365PEHUAJO.COM.AR"],"articleSection":["C3 N1"],"inLanguage":"es"},{"@type":"WebPage","@id":"https:\/\/infoecos.com.ar\/index.php\/el-concejo-deliberante-de-pehuajo-debatio-sobre-el-consumo-de-medialunas-en-el-vacunatorio-contra-el-covid-19\/","url":"https:\/\/infoecos.com.ar\/index.php\/el-concejo-deliberante-de-pehuajo-debatio-sobre-el-consumo-de-medialunas-en-el-vacunatorio-contra-el-covid-19\/","name":"El Concejo Deliberante de Pehuaj\u00f3 debati\u00f3 sobre el consumo de medialunas en el vacunatorio durante la pandemia - Infoecos","isPartOf":{"@id":"https:\/\/infoecos.com.ar\/#website"},"primaryImageOfPage":{"@id":"https:\/\/infoecos.com.ar\/index.php\/el-concejo-deliberante-de-pehuajo-debatio-sobre-el-consumo-de-medialunas-en-el-vacunatorio-contra-el-covid-19\/#primaryimage"},"image":{"@id":"https:\/\/infoecos.com.ar\/index.php\/el-concejo-deliberante-de-pehuajo-debatio-sobre-el-consumo-de-medialunas-en-el-vacunatorio-contra-el-covid-19\/#primaryimage"},"thumbnailUrl":"https:\/\/infoecos.com.ar\/wp-content\/uploads\/2022\/07\/291337998_462421145885509_1041133415998055958_n.jpg","datePublished":"2022-07-15T03:37:04+00:00","dateModified":"2022-07-15T03:52:58+00:00","breadcrumb":{"@id":"https:\/\/infoecos.com.ar\/index.php\/el-concejo-deliberante-de-pehuajo-debatio-sobre-el-consumo-de-medialunas-en-el-vacunatorio-contra-el-covid-19\/#breadcrumb"},"inLanguage":"es","potentialAction":[{"@type":"ReadAction","target":["https:\/\/infoecos.com.ar\/index.php\/el-concejo-deliberante-de-pehuajo-debatio-sobre-el-consumo-de-medialunas-en-el-vacunatorio-contra-el-covid-19\/"]}]},{"@type":"ImageObject","inLanguage":"es","@id":"https:\/\/infoecos.com.ar\/index.php\/el-concejo-deliberante-de-pehuajo-debatio-sobre-el-consumo-de-medialunas-en-el-vacunatorio-contra-el-covid-19\/#primaryimage","url":"https:\/\/infoecos.com.ar\/wp-content\/uploads\/2022\/07\/291337998_462421145885509_1041133415998055958_n.jpg","contentUrl":"https:\/\/infoecos.com.ar\/wp-content\/uploads\/2022\/07\/291337998_462421145885509_1041133415998055958_n.jpg","width":1920,"height":1280},{"@type":"BreadcrumbList","@id":"https:\/\/infoecos.com.ar\/index.php\/el-concejo-deliberante-de-pehuajo-debatio-sobre-el-consumo-de-medialunas-en-el-vacunatorio-contra-el-covid-19\/#breadcrumb","itemListElement":[{"@type":"ListItem","position":1,"name":"Portada","item":"https:\/\/infoecos.com.ar\/"},{"@type":"ListItem","position":2,"name":"El Concejo Deliberante de Pehuaj\u00f3 debati\u00f3 sobre el consumo de medialunas en el vacunatorio durante la pandemia"}]},{"@type":"WebSite","@id":"https:\/\/infoecos.com.ar\/#website","url":"https:\/\/infoecos.com.ar\/","name":"Infoecos","description":"Noticias de trenque lauquen y la zona","publisher":{"@id":"https:\/\/infoecos.com.ar\/#organization"},"alternateName":"Noticias","potentialAction":[{"@type":"SearchAction","target":{"@type":"EntryPoint","urlTemplate":"https:\/\/infoecos.com.ar\/?s={search_term_string}"},"query-input":{"@type":"PropertyValueSpecification","valueRequired":true,"valueName":"search_term_string"}}],"inLanguage":"es"},{"@type":"Organization","@id":"https:\/\/infoecos.com.ar\/#organization","name":"Infoecos","alternateName":"Noticias","url":"https:\/\/infoecos.com.ar\/","logo":{"@type":"ImageObject","inLanguage":"es","@id":"https:\/\/infoecos.com.ar\/#\/schema\/logo\/image\/","url":"https:\/\/infoecos.com.ar\/wp-content\/uploads\/2024\/03\/cropped-logo.png","contentUrl":"https:\/\/infoecos.com.ar\/wp-content\/uploads\/2024\/03\/cropped-logo.png","width":374,"height":90,"caption":"Infoecos"},"image":{"@id":"https:\/\/infoecos.com.ar\/#\/schema\/logo\/image\/"},"sameAs":["https:\/\/www.facebook.com\/profile.php?id=100063200290284","https:\/\/x.com\/infoecos"]},{"@type":"Person","@id":"https:\/\/infoecos.com.ar\/#\/schema\/person\/8f5ace5ce73b4b4aac4b7245aee6f191","name":"Jorge Matheus","url":"https:\/\/infoecos.com.ar\/index.php\/author\/jomatheus\/"}]}},"featured_image_urls":{"full":["https:\/\/infoecos.com.ar\/wp-content\/uploads\/2022\/07\/291337998_462421145885509_1041133415998055958_n.jpg",1920,1280,false],"thumbnail":["https:\/\/infoecos.com.ar\/wp-content\/uploads\/2022\/07\/291337998_462421145885509_1041133415998055958_n-150x150.jpg",150,150,true],"medium":["https:\/\/infoecos.com.ar\/wp-content\/uploads\/2022\/07\/291337998_462421145885509_1041133415998055958_n-460x307.jpg",460,307,true],"medium_large":["https:\/\/infoecos.com.ar\/wp-content\/uploads\/2022\/07\/291337998_462421145885509_1041133415998055958_n-768x512.jpg",640,427,true],"large":["https:\/\/infoecos.com.ar\/wp-content\/uploads\/2022\/07\/291337998_462421145885509_1041133415998055958_n-920x613.jpg",640,426,true],"1536x1536":["https:\/\/infoecos.com.ar\/wp-content\/uploads\/2022\/07\/291337998_462421145885509_1041133415998055958_n-1536x1024.jpg",1536,1024,true],"2048x2048":["https:\/\/infoecos.com.ar\/wp-content\/uploads\/2022\/07\/291337998_462421145885509_1041133415998055958_n.jpg",1920,1280,false],"covernews-slider-full":["https:\/\/infoecos.com.ar\/wp-content\/uploads\/2022\/07\/291337998_462421145885509_1041133415998055958_n-1536x1020.jpg",1077,715,true],"covernews-slider-center":["https:\/\/infoecos.com.ar\/wp-content\/uploads\/2022\/07\/291337998_462421145885509_1041133415998055958_n-936x897.jpg",522,500,true],"covernews-featured":["https:\/\/infoecos.com.ar\/wp-content\/uploads\/2022\/07\/291337998_462421145885509_1041133415998055958_n-1024x683.jpg",1024,683,true],"covernews-medium":["https:\/\/infoecos.com.ar\/wp-content\/uploads\/2022\/07\/291337998_462421145885509_1041133415998055958_n-720x380.jpg",540,285,true],"covernews-medium-square":["https:\/\/infoecos.com.ar\/wp-content\/uploads\/2022\/07\/291337998_462421145885509_1041133415998055958_n-675x450.jpg",375,250,true]},"author_info":{"info":["Jorge Matheus"]},"category_info":"<a href=\"https:\/\/infoecos.com.ar\/index.php\/category\/c3nota1\/\" rel=\"category tag\">C3 N1<\/a>","tag_info":"C3 N1","comment_count":"0","_links":{"self":[{"href":"https:\/\/infoecos.com.ar\/index.php\/wp-json\/wp\/v2\/posts\/94435"}],"collection":[{"href":"https:\/\/infoecos.com.ar\/index.php\/wp-json\/wp\/v2\/posts"}],"about":[{"href":"https:\/\/infoecos.com.ar\/index.php\/wp-json\/wp\/v2\/types\/post"}],"author":[{"embeddable":true,"href":"https:\/\/infoecos.com.ar\/index.php\/wp-json\/wp\/v2\/users\/2"}],"replies":[{"embeddable":true,"href":"https:\/\/infoecos.com.ar\/index.php\/wp-json\/wp\/v2\/comments?post=94435"}],"version-history":[{"count":3,"href":"https:\/\/infoecos.com.ar\/index.php\/wp-json\/wp\/v2\/posts\/94435\/revisions"}],"predecessor-version":[{"id":94446,"href":"https:\/\/infoecos.com.ar\/index.php\/wp-json\/wp\/v2\/posts\/94435\/revisions\/94446"}],"wp:featuredmedia":[{"embeddable":true,"href":"https:\/\/infoecos.com.ar\/index.php\/wp-json\/wp\/v2\/media\/94436"}],"wp:attachment":[{"href":"https:\/\/infoecos.com.ar\/index.php\/wp-json\/wp\/v2\/media?parent=94435"}],"wp:term":[{"taxonomy":"category","embeddable":true,"href":"https:\/\/infoecos.com.ar\/index.php\/wp-json\/wp\/v2\/categories?post=94435"},{"taxonomy":"post_tag","embeddable":true,"href":"https:\/\/infoecos.com.ar\/index.php\/wp-json\/wp\/v2\/tags?post=94435"}],"curies":[{"name":"wp","href":"https:\/\/api.w.org\/{rel}","templated":true}]}}