{"id":94471,"date":"2022-07-15T02:31:13","date_gmt":"2022-07-15T05:31:13","guid":{"rendered":"http:\/\/infoecos.com.ar\/?p=94471"},"modified":"2022-07-15T02:31:15","modified_gmt":"2022-07-15T05:31:15","slug":"que-se-recuerda-y-celebra-el-15-de-julio","status":"publish","type":"post","link":"https:\/\/infoecos.com.ar\/index.php\/que-se-recuerda-y-celebra-el-15-de-julio\/","title":{"rendered":"Que se recuerda y celebra el 15 de Julio&#8230;"},"content":{"rendered":"\n<figure class=\"wp-block-image aligncenter size-full\"><img decoding=\"async\" src=\"http:\/\/infoecos.com.ar\/wp-content\/uploads\/sin_titulo_6.jpg\" alt=\"\" class=\"wp-image-17677\"\/><figcaption>Manuel Nolo Ferreira<\/figcaption><\/figure>\n\n\n\n<p><strong>1883 &#8211; BUENOS AIRES ROSARIO.\u00a0<\/strong>Se hace la primera comunicaci\u00f3n telef\u00f3nica entre Buenos Aires y Rosario mediante el tel\u00e9grafo que un\u00eda a ambas ciudades, distantes unos 360 kil\u00f3metros una de otra. Se hizo con tel\u00e9fonos de fabricaci\u00f3n alemana y fue la primera llamada efectuada en Sudam\u00e9rica a esa larga distancia.<\/p>\n\n\n\n<p><strong>1900 &#8211; ENRIQUE CAD\u00cdCAMO.<\/strong>\u00a0Nace en la ciudad bonaerense de Luj\u00e1n el compositor y poeta Enrique Cad\u00edcamo, autor de alrededor de 200 tangos, entre ellos los c\u00e9lebres \u201cAnclao en Par\u00eds\u201d, \u201cNostalgias\u201d y \u201cMu\u00f1eca Brava\u201d. Declarado Personalidad Em\u00e9rita de la Cultura argentina y Ciudadano Ilustre de Buenos Aires, recibi\u00f3 el premio Konex de Platino en 1985.<\/p>\n\n\n\n<p><strong>1930 &#8211; SELECCI\u00d3N ARGENTINA.\u00a0<\/strong>La selecci\u00f3n argentina de f\u00fatbol\u00a0<a rel=\"noreferrer noopener\" href=\"https:\/\/www.lavoz.com.ar\/viral\/efemerides-del-12-de-julio-se-juega-el-primer-mundial-de-futbol\/\" target=\"_blank\">debuta en el Mundial de Uruguay 1930<\/a>, el primero de la historia, con una victoria por 1-0 ante Francia con gol de Luis Monti en partido disputado en Montevideo. El trenquelauquense Manuel Nolo Ferreira integraba esa selecci\u00f3n. <\/p>\n\n\n\n<p><strong>1945 &#8211; ALFREDO DI STEFANO<\/strong> &#8211; A la edad de 19 a\u00f1os debuta en la primera divisi\u00f3n de River Plate el delantero Alfredo Di St\u00e9fano, en partido que los \u201cmillonarios\u201d cayeron por 2 a 1 con Hurac\u00e1n. Di St\u00e9fano, apodado \u201cLa saeta rubia\u201d en su exitoso paso por el Real Madrid espa\u00f1ol, es considerado uno de los mejores jugadores de todos los tiempos.<\/p>\n\n\n\n<p><strong>1954 &#8211; MARIO KEMPES.\u00a0<\/strong>Nace en la ciudad cordobesa de Bell Ville el exdelantero, entrenador y comentarista deportivo Mario Alberto Kempes, campe\u00f3n con la selecci\u00f3n en el Mundial de Argentina \u201878, en el que fue el m\u00e1ximo goleador. Inici\u00f3 su carrera en Instituto de C\u00f3rdoba y brill\u00f3 en el Valencia espa\u00f1ol y en River Plate. A lo largo de su carrera jug\u00f3 649 partidos y convirti\u00f3 357 goles.<\/p>\n\n\n\n<p><strong>1997 &#8211; GIANNI VERSACE.\u00a0<\/strong>El famoso dise\u00f1ador de moda italiano Gianni Versace, de 50 a\u00f1os, es asesinado en su mansi\u00f3n Villa Casa Casuarina, en Miami Beach (Florida, EEUU) por Andrew Cunanan, un asesino serial autor de otros cuatro homicidios que era buscado por la Oficina Federal de Investigaciones (FBI) estadounidense.<\/p>\n\n\n\n<p><strong>2010 &#8211; MATRIMONIO IGUALITARIO.<\/strong>\u00a0Con 33 votos a favor, 27 en contra y 3 abstenciones, se aprueba la Ley\u00a0entre parejas de igual sexo.<\/p>\n\n\n\n<p><strong>1883 &#8211; BUENOS AIRES ROSARIO.&nbsp;<\/strong>Se hace la primera comunicaci\u00f3n telef\u00f3nica entre Buenos Aires y Rosario mediante el tel\u00e9grafo que un\u00eda a ambas ciudades, distantes unos 360 kil\u00f3metros una de otra. Se hizo con tel\u00e9fonos de fabricaci\u00f3n alemana y fue la primera llamada efectuada en Sudam\u00e9rica a esa larga distancia.<\/p>\n\n\n\n<p><strong>1900 &#8211; ENRIQUE CAD\u00cdCAMO.<\/strong>&nbsp;Nace en la ciudad bonaerense de Luj\u00e1n el compositor y poeta Enrique Cad\u00edcamo, autor de alrededor de 200 tangos, entre ellos los c\u00e9lebres \u201cAnclao en Par\u00eds\u201d, \u201cNostalgias\u201d y \u201cMu\u00f1eca Brava\u201d. Declarado Personalidad Em\u00e9rita de la Cultura argentina y Ciudadano Ilustre de Buenos Aires, recibi\u00f3 el premio Konex de Platino en 1985.<\/p>\n\n\n\n<p><strong>1930 &#8211; SELECCI\u00d3N ARGENTINA.\u00a0<\/strong>La selecci\u00f3n argentina de f\u00fatbol debuta en el Mundial de Uruguay 1930\u00a0 el primero de la historia, con una victoria por 1-0 ante Francia con gol de Luis Monti en partido disputado en Montevideo.<\/p>\n\n\n\n<p><strong>1945 &#8211; ALFREDO DI STEFANO.<\/strong>&nbsp;A la edad de 19 a\u00f1os debuta en la primera divisi\u00f3n de River Plate el delantero Alfredo Di St\u00e9fano, en partido que los \u201cmillonarios\u201d cayeron por 2 a 1 con Hurac\u00e1n. Di St\u00e9fano, apodado \u201cLa saeta rubia\u201d en su exitoso paso por el Real Madrid espa\u00f1ol, es considerado uno de los mejores jugadores de todos los tiempos.<\/p>\n\n\n\n<p><strong>1954 &#8211; MARIO KEMPES.&nbsp;<\/strong>Nace en la ciudad cordobesa de Bell Ville el exdelantero, entrenador y comentarista deportivo Mario Alberto Kempes, campe\u00f3n con la selecci\u00f3n en el Mundial de Argentina \u201878, en el que fue el m\u00e1ximo goleador. Inici\u00f3 su carrera en Instituto de C\u00f3rdoba y brill\u00f3 en el Valencia espa\u00f1ol y en River Plate. A lo largo de su carrera jug\u00f3 649 partidos y convirti\u00f3 357 goles.<\/p>\n\n\n\n<p><strong>1989 &#8211; PINK FLOYD.&nbsp;<\/strong>La banda brit\u00e1nica de rock ofrece un recital desde un escenario flotante en el canal di San Marco frente a la plaza hom\u00f3nima de Venecia colmada por decenas de miles de espectadores. \u201cVenecia profanada por el rock\u201d, aseguraron medios de prensa italianos que atribuyeron al recital da\u00f1os en hist\u00f3ricos edificios venecianos.<\/p>\n\n\n\n<p><strong>1997 &#8211; GIANNI VERSACE.\u00a0<\/strong>El famoso dise\u00f1ador de moda italiano Gianni Versace, de 50 a\u00f1os, es asesinado en su mansi\u00f3n Villa Casa Casuarina, en Miami Beach (Florida, EEUU) por Andrew Cunanan, un asesino serial autor de otros cuatro homicidios que era buscado por la Oficina Federal de Investigaciones (FBI) estadounidense.<\/p>\n\n\n\n<p><strong>2009 &#8211; ESTUDIANTES DE LA PLATA.\u00a0<\/strong>Dirigido por Alejandro Sabella, Estudiantes de La Plata gana su cuarta Copa Libertadores de Am\u00e9rica al vencer por 2-1 a Cruzeiro de Brasil en el estadio Mineir\u00e3o de Belo Horizonte. Los goles \u201cpinchas\u201d los marcaron Gast\u00f3n Fern\u00e1ndez y Mauro Boselli, mientras que Henrique anot\u00f3 el del equipo brasile\u00f1o.<\/p>\n\n\n\n<p><strong>2022 &#8211; HABILIDADES JUVENTUD.\u00a0<\/strong>Se celebra el D\u00eda Internacional de las Habilidades de la Juventud, instituido por las Naciones Unidas (ONU) para fomentar en los j\u00f3venes la importancia del conocimiento para acceder a un empleo. A nivel global, uno de cada cinco j\u00f3venes carece de empleo, educaci\u00f3n o alguna formaci\u00f3n profesional. Tres de cada cuatro de esos j\u00f3venes son mujeres, seg\u00fan datos de la ONU.<\/p>\n","protected":false},"excerpt":{"rendered":"<p>La selecci\u00f3n argentina de f\u00fatbol debuta en el Mundial de Uruguay 1930\u00a0 el primero de la historia, con una victoria por 1-0 ante Francia con gol de Luis Monti en partido disputado en Montevideo.<\/p>\n","protected":false},"author":2,"featured_media":17677,"comment_status":"closed","ping_status":"open","sticky":false,"template":"","format":"standard","meta":{"footnotes":""},"categories":[1614],"tags":[4811],"class_list":["post-94471","post","type-post","status-publish","format-standard","has-post-thumbnail","hentry","category-c2nota7","tag-efemerides-infoecos"],"yoast_head":"<!-- This site is optimized with the Yoast SEO plugin v23.4 - https:\/\/yoast.com\/wordpress\/plugins\/seo\/ -->\n<title>Que se recuerda y celebra el 15 de Julio... - Infoecos<\/title>\n<meta name=\"robots\" content=\"index, follow, max-snippet:-1, max-image-preview:large, max-video-preview:-1\" \/>\n<link rel=\"canonical\" href=\"https:\/\/infoecos.com.ar\/index.php\/que-se-recuerda-y-celebra-el-15-de-julio\/\" \/>\n<meta property=\"og:locale\" content=\"es_ES\" \/>\n<meta property=\"og:type\" content=\"article\" \/>\n<meta property=\"og:title\" content=\"Que se recuerda y celebra el 15 de Julio... - Infoecos\" \/>\n<meta property=\"og:description\" content=\"La selecci\u00f3n argentina de f\u00fatbol debuta en el Mundial de Uruguay 1930\u00a0 el primero de la historia, con una victoria por 1-0 ante Francia con gol de Luis Monti en partido disputado en Montevideo.\" \/>\n<meta property=\"og:url\" content=\"https:\/\/infoecos.com.ar\/index.php\/que-se-recuerda-y-celebra-el-15-de-julio\/\" \/>\n<meta property=\"og:site_name\" content=\"Infoecos\" \/>\n<meta property=\"article:publisher\" content=\"https:\/\/www.facebook.com\/profile.php?id=100063200290284\" \/>\n<meta property=\"article:published_time\" content=\"2022-07-15T05:31:13+00:00\" \/>\n<meta property=\"article:modified_time\" content=\"2022-07-15T05:31:15+00:00\" \/>\n<meta property=\"og:image\" content=\"https:\/\/infoecos.com.ar\/wp-content\/uploads\/sin_titulo_6.jpg\" \/>\n\t<meta property=\"og:image:width\" content=\"625\" \/>\n\t<meta property=\"og:image:height\" content=\"300\" \/>\n\t<meta property=\"og:image:type\" content=\"image\/jpeg\" \/>\n<meta name=\"author\" content=\"Jorge Matheus\" \/>\n<meta name=\"twitter:card\" content=\"summary_large_image\" \/>\n<meta name=\"twitter:creator\" content=\"@infoecos\" \/>\n<meta name=\"twitter:site\" content=\"@infoecos\" \/>\n<meta name=\"twitter:label1\" content=\"Escrito por\" \/>\n\t<meta name=\"twitter:data1\" content=\"Jorge Matheus\" \/>\n\t<meta name=\"twitter:label2\" content=\"Tiempo de lectura\" \/>\n\t<meta name=\"twitter:data2\" content=\"5 minutos\" \/>\n<script type=\"application\/ld+json\" class=\"yoast-schema-graph\">{\"@context\":\"https:\/\/schema.org\",\"@graph\":[{\"@type\":\"Article\",\"@id\":\"https:\/\/infoecos.com.ar\/index.php\/que-se-recuerda-y-celebra-el-15-de-julio\/#article\",\"isPartOf\":{\"@id\":\"https:\/\/infoecos.com.ar\/index.php\/que-se-recuerda-y-celebra-el-15-de-julio\/\"},\"author\":{\"name\":\"Jorge Matheus\",\"@id\":\"https:\/\/infoecos.com.ar\/#\/schema\/person\/8f5ace5ce73b4b4aac4b7245aee6f191\"},\"headline\":\"Que se recuerda y celebra el 15 de Julio&#8230;\",\"datePublished\":\"2022-07-15T05:31:13+00:00\",\"dateModified\":\"2022-07-15T05:31:15+00:00\",\"mainEntityOfPage\":{\"@id\":\"https:\/\/infoecos.com.ar\/index.php\/que-se-recuerda-y-celebra-el-15-de-julio\/\"},\"wordCount\":909,\"publisher\":{\"@id\":\"https:\/\/infoecos.com.ar\/#organization\"},\"image\":{\"@id\":\"https:\/\/infoecos.com.ar\/index.php\/que-se-recuerda-y-celebra-el-15-de-julio\/#primaryimage\"},\"thumbnailUrl\":\"\",\"keywords\":[\"EFEMERIDES INFOECOS\"],\"articleSection\":[\"C2 N7\"],\"inLanguage\":\"es\"},{\"@type\":\"WebPage\",\"@id\":\"https:\/\/infoecos.com.ar\/index.php\/que-se-recuerda-y-celebra-el-15-de-julio\/\",\"url\":\"https:\/\/infoecos.com.ar\/index.php\/que-se-recuerda-y-celebra-el-15-de-julio\/\",\"name\":\"Que se recuerda y celebra el 15 de Julio... - Infoecos\",\"isPartOf\":{\"@id\":\"https:\/\/infoecos.com.ar\/#website\"},\"primaryImageOfPage\":{\"@id\":\"https:\/\/infoecos.com.ar\/index.php\/que-se-recuerda-y-celebra-el-15-de-julio\/#primaryimage\"},\"image\":{\"@id\":\"https:\/\/infoecos.com.ar\/index.php\/que-se-recuerda-y-celebra-el-15-de-julio\/#primaryimage\"},\"thumbnailUrl\":\"\",\"datePublished\":\"2022-07-15T05:31:13+00:00\",\"dateModified\":\"2022-07-15T05:31:15+00:00\",\"breadcrumb\":{\"@id\":\"https:\/\/infoecos.com.ar\/index.php\/que-se-recuerda-y-celebra-el-15-de-julio\/#breadcrumb\"},\"inLanguage\":\"es\",\"potentialAction\":[{\"@type\":\"ReadAction\",\"target\":[\"https:\/\/infoecos.com.ar\/index.php\/que-se-recuerda-y-celebra-el-15-de-julio\/\"]}]},{\"@type\":\"ImageObject\",\"inLanguage\":\"es\",\"@id\":\"https:\/\/infoecos.com.ar\/index.php\/que-se-recuerda-y-celebra-el-15-de-julio\/#primaryimage\",\"url\":\"\",\"contentUrl\":\"\"},{\"@type\":\"BreadcrumbList\",\"@id\":\"https:\/\/infoecos.com.ar\/index.php\/que-se-recuerda-y-celebra-el-15-de-julio\/#breadcrumb\",\"itemListElement\":[{\"@type\":\"ListItem\",\"position\":1,\"name\":\"Portada\",\"item\":\"https:\/\/infoecos.com.ar\/\"},{\"@type\":\"ListItem\",\"position\":2,\"name\":\"Que se recuerda y celebra el 15 de Julio&#8230;\"}]},{\"@type\":\"WebSite\",\"@id\":\"https:\/\/infoecos.com.ar\/#website\",\"url\":\"https:\/\/infoecos.com.ar\/\",\"name\":\"Infoecos\",\"description\":\"Noticias de trenque lauquen y la zona\",\"publisher\":{\"@id\":\"https:\/\/infoecos.com.ar\/#organization\"},\"alternateName\":\"Noticias\",\"potentialAction\":[{\"@type\":\"SearchAction\",\"target\":{\"@type\":\"EntryPoint\",\"urlTemplate\":\"https:\/\/infoecos.com.ar\/?s={search_term_string}\"},\"query-input\":{\"@type\":\"PropertyValueSpecification\",\"valueRequired\":true,\"valueName\":\"search_term_string\"}}],\"inLanguage\":\"es\"},{\"@type\":\"Organization\",\"@id\":\"https:\/\/infoecos.com.ar\/#organization\",\"name\":\"Infoecos\",\"alternateName\":\"Noticias\",\"url\":\"https:\/\/infoecos.com.ar\/\",\"logo\":{\"@type\":\"ImageObject\",\"inLanguage\":\"es\",\"@id\":\"https:\/\/infoecos.com.ar\/#\/schema\/logo\/image\/\",\"url\":\"https:\/\/infoecos.com.ar\/wp-content\/uploads\/2024\/03\/cropped-logo.png\",\"contentUrl\":\"https:\/\/infoecos.com.ar\/wp-content\/uploads\/2024\/03\/cropped-logo.png\",\"width\":374,\"height\":90,\"caption\":\"Infoecos\"},\"image\":{\"@id\":\"https:\/\/infoecos.com.ar\/#\/schema\/logo\/image\/\"},\"sameAs\":[\"https:\/\/www.facebook.com\/profile.php?id=100063200290284\",\"https:\/\/x.com\/infoecos\"]},{\"@type\":\"Person\",\"@id\":\"https:\/\/infoecos.com.ar\/#\/schema\/person\/8f5ace5ce73b4b4aac4b7245aee6f191\",\"name\":\"Jorge Matheus\",\"url\":\"https:\/\/infoecos.com.ar\/index.php\/author\/jomatheus\/\"}]}<\/script>\n<!-- \/ Yoast SEO plugin. -->","yoast_head_json":{"title":"Que se recuerda y celebra el 15 de Julio... - Infoecos","robots":{"index":"index","follow":"follow","max-snippet":"max-snippet:-1","max-image-preview":"max-image-preview:large","max-video-preview":"max-video-preview:-1"},"canonical":"https:\/\/infoecos.com.ar\/index.php\/que-se-recuerda-y-celebra-el-15-de-julio\/","og_locale":"es_ES","og_type":"article","og_title":"Que se recuerda y celebra el 15 de Julio... - Infoecos","og_description":"La selecci\u00f3n argentina de f\u00fatbol debuta en el Mundial de Uruguay 1930\u00a0 el primero de la historia, con una victoria por 1-0 ante Francia con gol de Luis Monti en partido disputado en Montevideo.","og_url":"https:\/\/infoecos.com.ar\/index.php\/que-se-recuerda-y-celebra-el-15-de-julio\/","og_site_name":"Infoecos","article_publisher":"https:\/\/www.facebook.com\/profile.php?id=100063200290284","article_published_time":"2022-07-15T05:31:13+00:00","article_modified_time":"2022-07-15T05:31:15+00:00","og_image":[{"width":625,"height":300,"url":"https:\/\/infoecos.com.ar\/wp-content\/uploads\/sin_titulo_6.jpg","type":"image\/jpeg"}],"author":"Jorge Matheus","twitter_card":"summary_large_image","twitter_creator":"@infoecos","twitter_site":"@infoecos","twitter_misc":{"Escrito por":"Jorge Matheus","Tiempo de lectura":"5 minutos"},"schema":{"@context":"https:\/\/schema.org","@graph":[{"@type":"Article","@id":"https:\/\/infoecos.com.ar\/index.php\/que-se-recuerda-y-celebra-el-15-de-julio\/#article","isPartOf":{"@id":"https:\/\/infoecos.com.ar\/index.php\/que-se-recuerda-y-celebra-el-15-de-julio\/"},"author":{"name":"Jorge Matheus","@id":"https:\/\/infoecos.com.ar\/#\/schema\/person\/8f5ace5ce73b4b4aac4b7245aee6f191"},"headline":"Que se recuerda y celebra el 15 de Julio&#8230;","datePublished":"2022-07-15T05:31:13+00:00","dateModified":"2022-07-15T05:31:15+00:00","mainEntityOfPage":{"@id":"https:\/\/infoecos.com.ar\/index.php\/que-se-recuerda-y-celebra-el-15-de-julio\/"},"wordCount":909,"publisher":{"@id":"https:\/\/infoecos.com.ar\/#organization"},"image":{"@id":"https:\/\/infoecos.com.ar\/index.php\/que-se-recuerda-y-celebra-el-15-de-julio\/#primaryimage"},"thumbnailUrl":"","keywords":["EFEMERIDES INFOECOS"],"articleSection":["C2 N7"],"inLanguage":"es"},{"@type":"WebPage","@id":"https:\/\/infoecos.com.ar\/index.php\/que-se-recuerda-y-celebra-el-15-de-julio\/","url":"https:\/\/infoecos.com.ar\/index.php\/que-se-recuerda-y-celebra-el-15-de-julio\/","name":"Que se recuerda y celebra el 15 de Julio... - Infoecos","isPartOf":{"@id":"https:\/\/infoecos.com.ar\/#website"},"primaryImageOfPage":{"@id":"https:\/\/infoecos.com.ar\/index.php\/que-se-recuerda-y-celebra-el-15-de-julio\/#primaryimage"},"image":{"@id":"https:\/\/infoecos.com.ar\/index.php\/que-se-recuerda-y-celebra-el-15-de-julio\/#primaryimage"},"thumbnailUrl":"","datePublished":"2022-07-15T05:31:13+00:00","dateModified":"2022-07-15T05:31:15+00:00","breadcrumb":{"@id":"https:\/\/infoecos.com.ar\/index.php\/que-se-recuerda-y-celebra-el-15-de-julio\/#breadcrumb"},"inLanguage":"es","potentialAction":[{"@type":"ReadAction","target":["https:\/\/infoecos.com.ar\/index.php\/que-se-recuerda-y-celebra-el-15-de-julio\/"]}]},{"@type":"ImageObject","inLanguage":"es","@id":"https:\/\/infoecos.com.ar\/index.php\/que-se-recuerda-y-celebra-el-15-de-julio\/#primaryimage","url":"","contentUrl":""},{"@type":"BreadcrumbList","@id":"https:\/\/infoecos.com.ar\/index.php\/que-se-recuerda-y-celebra-el-15-de-julio\/#breadcrumb","itemListElement":[{"@type":"ListItem","position":1,"name":"Portada","item":"https:\/\/infoecos.com.ar\/"},{"@type":"ListItem","position":2,"name":"Que se recuerda y celebra el 15 de Julio&#8230;"}]},{"@type":"WebSite","@id":"https:\/\/infoecos.com.ar\/#website","url":"https:\/\/infoecos.com.ar\/","name":"Infoecos","description":"Noticias de trenque lauquen y la zona","publisher":{"@id":"https:\/\/infoecos.com.ar\/#organization"},"alternateName":"Noticias","potentialAction":[{"@type":"SearchAction","target":{"@type":"EntryPoint","urlTemplate":"https:\/\/infoecos.com.ar\/?s={search_term_string}"},"query-input":{"@type":"PropertyValueSpecification","valueRequired":true,"valueName":"search_term_string"}}],"inLanguage":"es"},{"@type":"Organization","@id":"https:\/\/infoecos.com.ar\/#organization","name":"Infoecos","alternateName":"Noticias","url":"https:\/\/infoecos.com.ar\/","logo":{"@type":"ImageObject","inLanguage":"es","@id":"https:\/\/infoecos.com.ar\/#\/schema\/logo\/image\/","url":"https:\/\/infoecos.com.ar\/wp-content\/uploads\/2024\/03\/cropped-logo.png","contentUrl":"https:\/\/infoecos.com.ar\/wp-content\/uploads\/2024\/03\/cropped-logo.png","width":374,"height":90,"caption":"Infoecos"},"image":{"@id":"https:\/\/infoecos.com.ar\/#\/schema\/logo\/image\/"},"sameAs":["https:\/\/www.facebook.com\/profile.php?id=100063200290284","https:\/\/x.com\/infoecos"]},{"@type":"Person","@id":"https:\/\/infoecos.com.ar\/#\/schema\/person\/8f5ace5ce73b4b4aac4b7245aee6f191","name":"Jorge Matheus","url":"https:\/\/infoecos.com.ar\/index.php\/author\/jomatheus\/"}]}},"featured_image_urls":{"full":"","thumbnail":"","medium":"","medium_large":"","large":"","1536x1536":"","2048x2048":"","covernews-slider-full":"","covernews-slider-center":"","covernews-featured":"","covernews-medium":"","covernews-medium-square":""},"author_info":{"info":["Jorge Matheus"]},"category_info":"<a href=\"https:\/\/infoecos.com.ar\/index.php\/category\/c2nota7\/\" rel=\"category tag\">C2 N7<\/a>","tag_info":"C2 N7","comment_count":"0","_links":{"self":[{"href":"https:\/\/infoecos.com.ar\/index.php\/wp-json\/wp\/v2\/posts\/94471"}],"collection":[{"href":"https:\/\/infoecos.com.ar\/index.php\/wp-json\/wp\/v2\/posts"}],"about":[{"href":"https:\/\/infoecos.com.ar\/index.php\/wp-json\/wp\/v2\/types\/post"}],"author":[{"embeddable":true,"href":"https:\/\/infoecos.com.ar\/index.php\/wp-json\/wp\/v2\/users\/2"}],"replies":[{"embeddable":true,"href":"https:\/\/infoecos.com.ar\/index.php\/wp-json\/wp\/v2\/comments?post=94471"}],"version-history":[{"count":1,"href":"https:\/\/infoecos.com.ar\/index.php\/wp-json\/wp\/v2\/posts\/94471\/revisions"}],"predecessor-version":[{"id":94474,"href":"https:\/\/infoecos.com.ar\/index.php\/wp-json\/wp\/v2\/posts\/94471\/revisions\/94474"}],"wp:featuredmedia":[{"embeddable":true,"href":"https:\/\/infoecos.com.ar\/index.php\/wp-json\/"}],"wp:attachment":[{"href":"https:\/\/infoecos.com.ar\/index.php\/wp-json\/wp\/v2\/media?parent=94471"}],"wp:term":[{"taxonomy":"category","embeddable":true,"href":"https:\/\/infoecos.com.ar\/index.php\/wp-json\/wp\/v2\/categories?post=94471"},{"taxonomy":"post_tag","embeddable":true,"href":"https:\/\/infoecos.com.ar\/index.php\/wp-json\/wp\/v2\/tags?post=94471"}],"curies":[{"name":"wp","href":"https:\/\/api.w.org\/{rel}","templated":true}]}}