{"id":94486,"date":"2022-07-16T03:13:00","date_gmt":"2022-07-16T06:13:00","guid":{"rendered":"http:\/\/infoecos.com.ar\/?p=94486"},"modified":"2022-07-16T03:13:01","modified_gmt":"2022-07-16T06:13:01","slug":"que-se-recuerda-y-que-se-festeja-el-16-de-julio","status":"publish","type":"post","link":"https:\/\/infoecos.com.ar\/index.php\/que-se-recuerda-y-que-se-festeja-el-16-de-julio\/","title":{"rendered":"Que se recuerda y que se festeja el 16 de Julio&#8230;"},"content":{"rendered":"\n<figure class=\"wp-block-image aligncenter size-full\"><img loading=\"lazy\" decoding=\"async\" width=\"612\" height=\"542\" src=\"http:\/\/infoecos.com.ar\/wp-content\/uploads\/2022\/07\/APOLO.jpg\" alt=\"\" class=\"wp-image-94487\" srcset=\"https:\/\/infoecos.com.ar\/wp-content\/uploads\/2022\/07\/APOLO.jpg 612w, https:\/\/infoecos.com.ar\/wp-content\/uploads\/2022\/07\/APOLO-460x407.jpg 460w\" sizes=\"(max-width: 612px) 100vw, 612px\" \/><figcaption>1969:  Apollo 11 astronaut Edwin &#8216;Buzz&#8217; Aldrin deploys a scientific experiment package on the surface of the moon.  In the background is the Lunar Module, as is a flag of the United States.<strong>  (Photo by Neil Armstrong\/NASA\/Getty Images)<\/strong><\/figcaption><\/figure>\n\n\n\n<ul class=\"wp-block-list\"><li><strong>1934\u00a0&#8211; TOM\u00c1S ELOY MART\u00cdNEZ.<\/strong>\u00a0Nace en la ciudad de San Miguel de Tucum\u00e1n el escritor, guionista y periodista Tom\u00e1s Eloy Mart\u00ednez, ganador del premio C\u00f3ndor de Plata de 2008 por su trayectoria en el periodismo y la cr\u00edtica cinematogr\u00e1fica. Sus obras con mayor reconocimiento internacional son La novela de Per\u00f3n (1985) y Santa Evita (1995), traducidas a 36 idiomas.<\/li><li><\/li><li><strong>1943\u00a0&#8211; RUB\u00c9N RADA.<\/strong>\u00a0Nace en Montevideo el cantante, percusionista compositor y actor uruguayo Rub\u00e9n Rada (Omar Rub\u00e9n Rada Silva), quien actu\u00f3 en siete peliculas y grab\u00f3 m\u00e1s de medio centenar de discos.<\/li><li><\/li><li><strong>1945\u00a0&#8211; BOMBA AT\u00d3MICA<\/strong>. Estados Unidos lleva a cabo la Prueba Trinity, como llam\u00f3 a su primera detonaci\u00f3n de una bomba nuclear, llevada a cabo en un campo militar de Los \u00c1lamos, en el estado de Nuevo M\u00e9xico. La bomba usaba plutonio como material fisionable, al igual que la lanzada m\u00e1s tarde sobre Nagasaki, una de las dos ciudades japonesas atacadas por Estados Unidos con armas nucleares durante la Segunda Guerra Mundial.<\/li><li><\/li><li><strong>1948\u00a0&#8211; RUB\u00c9N BLADES.<\/strong>\u00a0Nace en la ciudad de Panam\u00e1 el cantante y compositor Rub\u00e9n Blades, ganador de tres premios Grammy y cinco Grammy Latino quien lleva grabados m\u00e1s de 35 discos de salsa y m\u00fasica caribe\u00f1a. Fue candidato presidencial en las elecciones paname\u00f1as de 1994, en las que ocup\u00f3 el tercer lugar con el 20 por ciento de los votos.<\/li><li><\/li><li><strong>1948\u00a0&#8211; CECILIA ROSSETTO.<\/strong>\u00a0Nace en la ciudad bonaerense de 9 de Julio la actriz y cantante Alicia Cecilia Rosseto, quien lleva ganados 19 premios, entre ellos un Mart\u00edn Fierro, un Estrella de Mar y un C\u00f3ndor de Plata. Trabaj\u00f3 en 15 pel\u00edculas y en una docena de programas de televisi\u00f3n, entre ellos \u201cLos Rold\u00e1n\u201d, \u201cGraduados\u201d y \u201cUn gallo para Esculapio\u201d.<\/li><li><\/li><li><strong>1950\u00a0&#8211; BRASIL 1 URUGUAY 2.<\/strong>\u00a0La selecci\u00f3n de Uruguay gana su segundo campeonato mundial al vencer por 2-1 a Brasil en la final disputada en un estadio Maracan\u00e1, de R\u00edo de Janeiro, colmado por unos 100.000 hinchas brasile\u00f1os. Juan Alberto Schiaffino y Alcides Edgardo Ghiggia marcaron los goles uruguayos mientras que Albino Friaca hab\u00eda anotado para Brasil en el llamado \u201cMaracanazo\u201d.<\/li><li><\/li><li><strong>1967\u00a0&#8211; WILL FERRELL<\/strong>\u00a0Nace en la localidad de Irvine (California, EEUU), el actor y guionista John William \u00abWill\u00bb Ferrel, uno de los comediantes estadounidenses m\u00e1s populares, quien film\u00f3 m\u00e1s de 60 pel\u00edculas.<\/li><li><\/li><li><strong>1969\u00a0&#8211; DESPEGUE APOLO 11<\/strong>. Desde el Centro Espacial John F Kennedy, la NASA lanza la nave Apolo 11, tripulada por los pilotos Neil A. Armstrong, Edwin \u201cBuzz\u201d Aldrin y Michael Collins con la misi\u00f3n de llegar a la Luna. Armstrong, comandante de la nave, se convirti\u00f3 en el primer ser humano en pisar la Luna, acompa\u00f1ado por Aldrin.<\/li><\/ul>\n","protected":false},"excerpt":{"rendered":"<p>Desde el Centro Espacial John F Kennedy, la NASA lanza la nave Apolo 11, tripulada por los pilotos Neil A. Armstrong, Edwin \u201cBuzz\u201d Aldrin y Michael Collins con la misi\u00f3n de llegar a la Luna. Armstrong, comandante de la nave, se convirti\u00f3 en el primer ser humano en pisar la Luna, acompa\u00f1ado por Aldrin<\/p>\n","protected":false},"author":2,"featured_media":94487,"comment_status":"closed","ping_status":"open","sticky":false,"template":"","format":"standard","meta":{"footnotes":""},"categories":[1614],"tags":[4812],"class_list":["post-94486","post","type-post","status-publish","format-standard","has-post-thumbnail","hentry","category-c2nota7","tag-efemerides-infoecos-2"],"yoast_head":"<!-- This site is optimized with the Yoast SEO plugin v23.4 - https:\/\/yoast.com\/wordpress\/plugins\/seo\/ -->\n<title>Que se recuerda y que se festeja el 16 de Julio... - Infoecos<\/title>\n<meta name=\"robots\" content=\"index, follow, max-snippet:-1, max-image-preview:large, max-video-preview:-1\" \/>\n<link rel=\"canonical\" href=\"https:\/\/infoecos.com.ar\/index.php\/que-se-recuerda-y-que-se-festeja-el-16-de-julio\/\" \/>\n<meta property=\"og:locale\" content=\"es_ES\" \/>\n<meta property=\"og:type\" content=\"article\" \/>\n<meta property=\"og:title\" content=\"Que se recuerda y que se festeja el 16 de Julio... - Infoecos\" \/>\n<meta property=\"og:description\" content=\"Desde el Centro Espacial John F Kennedy, la NASA lanza la nave Apolo 11, tripulada por los pilotos Neil A. Armstrong, Edwin \u201cBuzz\u201d Aldrin y Michael Collins con la misi\u00f3n de llegar a la Luna. Armstrong, comandante de la nave, se convirti\u00f3 en el primer ser humano en pisar la Luna, acompa\u00f1ado por Aldrin\" \/>\n<meta property=\"og:url\" content=\"https:\/\/infoecos.com.ar\/index.php\/que-se-recuerda-y-que-se-festeja-el-16-de-julio\/\" \/>\n<meta property=\"og:site_name\" content=\"Infoecos\" \/>\n<meta property=\"article:publisher\" content=\"https:\/\/www.facebook.com\/profile.php?id=100063200290284\" \/>\n<meta property=\"article:published_time\" content=\"2022-07-16T06:13:00+00:00\" \/>\n<meta property=\"article:modified_time\" content=\"2022-07-16T06:13:01+00:00\" \/>\n<meta property=\"og:image\" content=\"https:\/\/infoecos.com.ar\/wp-content\/uploads\/2022\/07\/APOLO.jpg\" \/>\n\t<meta property=\"og:image:width\" content=\"612\" \/>\n\t<meta property=\"og:image:height\" content=\"542\" \/>\n\t<meta property=\"og:image:type\" content=\"image\/jpeg\" \/>\n<meta name=\"author\" content=\"Jorge Matheus\" \/>\n<meta name=\"twitter:card\" content=\"summary_large_image\" \/>\n<meta name=\"twitter:creator\" content=\"@infoecos\" \/>\n<meta name=\"twitter:site\" content=\"@infoecos\" \/>\n<meta name=\"twitter:label1\" content=\"Escrito por\" \/>\n\t<meta name=\"twitter:data1\" content=\"Jorge Matheus\" \/>\n\t<meta name=\"twitter:label2\" content=\"Tiempo de lectura\" \/>\n\t<meta name=\"twitter:data2\" content=\"2 minutos\" \/>\n<script type=\"application\/ld+json\" class=\"yoast-schema-graph\">{\"@context\":\"https:\/\/schema.org\",\"@graph\":[{\"@type\":\"Article\",\"@id\":\"https:\/\/infoecos.com.ar\/index.php\/que-se-recuerda-y-que-se-festeja-el-16-de-julio\/#article\",\"isPartOf\":{\"@id\":\"https:\/\/infoecos.com.ar\/index.php\/que-se-recuerda-y-que-se-festeja-el-16-de-julio\/\"},\"author\":{\"name\":\"Jorge Matheus\",\"@id\":\"https:\/\/infoecos.com.ar\/#\/schema\/person\/8f5ace5ce73b4b4aac4b7245aee6f191\"},\"headline\":\"Que se recuerda y que se festeja el 16 de Julio&#8230;\",\"datePublished\":\"2022-07-16T06:13:00+00:00\",\"dateModified\":\"2022-07-16T06:13:01+00:00\",\"mainEntityOfPage\":{\"@id\":\"https:\/\/infoecos.com.ar\/index.php\/que-se-recuerda-y-que-se-festeja-el-16-de-julio\/\"},\"wordCount\":502,\"publisher\":{\"@id\":\"https:\/\/infoecos.com.ar\/#organization\"},\"image\":{\"@id\":\"https:\/\/infoecos.com.ar\/index.php\/que-se-recuerda-y-que-se-festeja-el-16-de-julio\/#primaryimage\"},\"thumbnailUrl\":\"https:\/\/infoecos.com.ar\/wp-content\/uploads\/2022\/07\/APOLO.jpg\",\"keywords\":[\"EFEM\u00c9RIDES INFOECOS\"],\"articleSection\":[\"C2 N7\"],\"inLanguage\":\"es\"},{\"@type\":\"WebPage\",\"@id\":\"https:\/\/infoecos.com.ar\/index.php\/que-se-recuerda-y-que-se-festeja-el-16-de-julio\/\",\"url\":\"https:\/\/infoecos.com.ar\/index.php\/que-se-recuerda-y-que-se-festeja-el-16-de-julio\/\",\"name\":\"Que se recuerda y que se festeja el 16 de Julio... - Infoecos\",\"isPartOf\":{\"@id\":\"https:\/\/infoecos.com.ar\/#website\"},\"primaryImageOfPage\":{\"@id\":\"https:\/\/infoecos.com.ar\/index.php\/que-se-recuerda-y-que-se-festeja-el-16-de-julio\/#primaryimage\"},\"image\":{\"@id\":\"https:\/\/infoecos.com.ar\/index.php\/que-se-recuerda-y-que-se-festeja-el-16-de-julio\/#primaryimage\"},\"thumbnailUrl\":\"https:\/\/infoecos.com.ar\/wp-content\/uploads\/2022\/07\/APOLO.jpg\",\"datePublished\":\"2022-07-16T06:13:00+00:00\",\"dateModified\":\"2022-07-16T06:13:01+00:00\",\"breadcrumb\":{\"@id\":\"https:\/\/infoecos.com.ar\/index.php\/que-se-recuerda-y-que-se-festeja-el-16-de-julio\/#breadcrumb\"},\"inLanguage\":\"es\",\"potentialAction\":[{\"@type\":\"ReadAction\",\"target\":[\"https:\/\/infoecos.com.ar\/index.php\/que-se-recuerda-y-que-se-festeja-el-16-de-julio\/\"]}]},{\"@type\":\"ImageObject\",\"inLanguage\":\"es\",\"@id\":\"https:\/\/infoecos.com.ar\/index.php\/que-se-recuerda-y-que-se-festeja-el-16-de-julio\/#primaryimage\",\"url\":\"https:\/\/infoecos.com.ar\/wp-content\/uploads\/2022\/07\/APOLO.jpg\",\"contentUrl\":\"https:\/\/infoecos.com.ar\/wp-content\/uploads\/2022\/07\/APOLO.jpg\",\"width\":612,\"height\":542,\"caption\":\"1969: Apollo 11 astronaut Edwin 'Buzz' Aldrin deploys a scientific experiment package on the surface of the moon. In the background is the Lunar Module, as is a flag of the United States. (Photo by Neil Armstrong\/NASA\/Getty Images)\"},{\"@type\":\"BreadcrumbList\",\"@id\":\"https:\/\/infoecos.com.ar\/index.php\/que-se-recuerda-y-que-se-festeja-el-16-de-julio\/#breadcrumb\",\"itemListElement\":[{\"@type\":\"ListItem\",\"position\":1,\"name\":\"Portada\",\"item\":\"https:\/\/infoecos.com.ar\/\"},{\"@type\":\"ListItem\",\"position\":2,\"name\":\"Que se recuerda y que se festeja el 16 de Julio&#8230;\"}]},{\"@type\":\"WebSite\",\"@id\":\"https:\/\/infoecos.com.ar\/#website\",\"url\":\"https:\/\/infoecos.com.ar\/\",\"name\":\"Infoecos\",\"description\":\"Noticias de trenque lauquen y la zona\",\"publisher\":{\"@id\":\"https:\/\/infoecos.com.ar\/#organization\"},\"alternateName\":\"Noticias\",\"potentialAction\":[{\"@type\":\"SearchAction\",\"target\":{\"@type\":\"EntryPoint\",\"urlTemplate\":\"https:\/\/infoecos.com.ar\/?s={search_term_string}\"},\"query-input\":{\"@type\":\"PropertyValueSpecification\",\"valueRequired\":true,\"valueName\":\"search_term_string\"}}],\"inLanguage\":\"es\"},{\"@type\":\"Organization\",\"@id\":\"https:\/\/infoecos.com.ar\/#organization\",\"name\":\"Infoecos\",\"alternateName\":\"Noticias\",\"url\":\"https:\/\/infoecos.com.ar\/\",\"logo\":{\"@type\":\"ImageObject\",\"inLanguage\":\"es\",\"@id\":\"https:\/\/infoecos.com.ar\/#\/schema\/logo\/image\/\",\"url\":\"https:\/\/infoecos.com.ar\/wp-content\/uploads\/2024\/03\/cropped-logo.png\",\"contentUrl\":\"https:\/\/infoecos.com.ar\/wp-content\/uploads\/2024\/03\/cropped-logo.png\",\"width\":374,\"height\":90,\"caption\":\"Infoecos\"},\"image\":{\"@id\":\"https:\/\/infoecos.com.ar\/#\/schema\/logo\/image\/\"},\"sameAs\":[\"https:\/\/www.facebook.com\/profile.php?id=100063200290284\",\"https:\/\/x.com\/infoecos\"]},{\"@type\":\"Person\",\"@id\":\"https:\/\/infoecos.com.ar\/#\/schema\/person\/8f5ace5ce73b4b4aac4b7245aee6f191\",\"name\":\"Jorge Matheus\",\"url\":\"https:\/\/infoecos.com.ar\/index.php\/author\/jomatheus\/\"}]}<\/script>\n<!-- \/ Yoast SEO plugin. -->","yoast_head_json":{"title":"Que se recuerda y que se festeja el 16 de Julio... - Infoecos","robots":{"index":"index","follow":"follow","max-snippet":"max-snippet:-1","max-image-preview":"max-image-preview:large","max-video-preview":"max-video-preview:-1"},"canonical":"https:\/\/infoecos.com.ar\/index.php\/que-se-recuerda-y-que-se-festeja-el-16-de-julio\/","og_locale":"es_ES","og_type":"article","og_title":"Que se recuerda y que se festeja el 16 de Julio... - Infoecos","og_description":"Desde el Centro Espacial John F Kennedy, la NASA lanza la nave Apolo 11, tripulada por los pilotos Neil A. Armstrong, Edwin \u201cBuzz\u201d Aldrin y Michael Collins con la misi\u00f3n de llegar a la Luna. Armstrong, comandante de la nave, se convirti\u00f3 en el primer ser humano en pisar la Luna, acompa\u00f1ado por Aldrin","og_url":"https:\/\/infoecos.com.ar\/index.php\/que-se-recuerda-y-que-se-festeja-el-16-de-julio\/","og_site_name":"Infoecos","article_publisher":"https:\/\/www.facebook.com\/profile.php?id=100063200290284","article_published_time":"2022-07-16T06:13:00+00:00","article_modified_time":"2022-07-16T06:13:01+00:00","og_image":[{"width":612,"height":542,"url":"https:\/\/infoecos.com.ar\/wp-content\/uploads\/2022\/07\/APOLO.jpg","type":"image\/jpeg"}],"author":"Jorge Matheus","twitter_card":"summary_large_image","twitter_creator":"@infoecos","twitter_site":"@infoecos","twitter_misc":{"Escrito por":"Jorge Matheus","Tiempo de lectura":"2 minutos"},"schema":{"@context":"https:\/\/schema.org","@graph":[{"@type":"Article","@id":"https:\/\/infoecos.com.ar\/index.php\/que-se-recuerda-y-que-se-festeja-el-16-de-julio\/#article","isPartOf":{"@id":"https:\/\/infoecos.com.ar\/index.php\/que-se-recuerda-y-que-se-festeja-el-16-de-julio\/"},"author":{"name":"Jorge Matheus","@id":"https:\/\/infoecos.com.ar\/#\/schema\/person\/8f5ace5ce73b4b4aac4b7245aee6f191"},"headline":"Que se recuerda y que se festeja el 16 de Julio&#8230;","datePublished":"2022-07-16T06:13:00+00:00","dateModified":"2022-07-16T06:13:01+00:00","mainEntityOfPage":{"@id":"https:\/\/infoecos.com.ar\/index.php\/que-se-recuerda-y-que-se-festeja-el-16-de-julio\/"},"wordCount":502,"publisher":{"@id":"https:\/\/infoecos.com.ar\/#organization"},"image":{"@id":"https:\/\/infoecos.com.ar\/index.php\/que-se-recuerda-y-que-se-festeja-el-16-de-julio\/#primaryimage"},"thumbnailUrl":"https:\/\/infoecos.com.ar\/wp-content\/uploads\/2022\/07\/APOLO.jpg","keywords":["EFEM\u00c9RIDES INFOECOS"],"articleSection":["C2 N7"],"inLanguage":"es"},{"@type":"WebPage","@id":"https:\/\/infoecos.com.ar\/index.php\/que-se-recuerda-y-que-se-festeja-el-16-de-julio\/","url":"https:\/\/infoecos.com.ar\/index.php\/que-se-recuerda-y-que-se-festeja-el-16-de-julio\/","name":"Que se recuerda y que se festeja el 16 de Julio... - Infoecos","isPartOf":{"@id":"https:\/\/infoecos.com.ar\/#website"},"primaryImageOfPage":{"@id":"https:\/\/infoecos.com.ar\/index.php\/que-se-recuerda-y-que-se-festeja-el-16-de-julio\/#primaryimage"},"image":{"@id":"https:\/\/infoecos.com.ar\/index.php\/que-se-recuerda-y-que-se-festeja-el-16-de-julio\/#primaryimage"},"thumbnailUrl":"https:\/\/infoecos.com.ar\/wp-content\/uploads\/2022\/07\/APOLO.jpg","datePublished":"2022-07-16T06:13:00+00:00","dateModified":"2022-07-16T06:13:01+00:00","breadcrumb":{"@id":"https:\/\/infoecos.com.ar\/index.php\/que-se-recuerda-y-que-se-festeja-el-16-de-julio\/#breadcrumb"},"inLanguage":"es","potentialAction":[{"@type":"ReadAction","target":["https:\/\/infoecos.com.ar\/index.php\/que-se-recuerda-y-que-se-festeja-el-16-de-julio\/"]}]},{"@type":"ImageObject","inLanguage":"es","@id":"https:\/\/infoecos.com.ar\/index.php\/que-se-recuerda-y-que-se-festeja-el-16-de-julio\/#primaryimage","url":"https:\/\/infoecos.com.ar\/wp-content\/uploads\/2022\/07\/APOLO.jpg","contentUrl":"https:\/\/infoecos.com.ar\/wp-content\/uploads\/2022\/07\/APOLO.jpg","width":612,"height":542,"caption":"1969: Apollo 11 astronaut Edwin 'Buzz' Aldrin deploys a scientific experiment package on the surface of the moon. In the background is the Lunar Module, as is a flag of the United States. (Photo by Neil Armstrong\/NASA\/Getty Images)"},{"@type":"BreadcrumbList","@id":"https:\/\/infoecos.com.ar\/index.php\/que-se-recuerda-y-que-se-festeja-el-16-de-julio\/#breadcrumb","itemListElement":[{"@type":"ListItem","position":1,"name":"Portada","item":"https:\/\/infoecos.com.ar\/"},{"@type":"ListItem","position":2,"name":"Que se recuerda y que se festeja el 16 de Julio&#8230;"}]},{"@type":"WebSite","@id":"https:\/\/infoecos.com.ar\/#website","url":"https:\/\/infoecos.com.ar\/","name":"Infoecos","description":"Noticias de trenque lauquen y la zona","publisher":{"@id":"https:\/\/infoecos.com.ar\/#organization"},"alternateName":"Noticias","potentialAction":[{"@type":"SearchAction","target":{"@type":"EntryPoint","urlTemplate":"https:\/\/infoecos.com.ar\/?s={search_term_string}"},"query-input":{"@type":"PropertyValueSpecification","valueRequired":true,"valueName":"search_term_string"}}],"inLanguage":"es"},{"@type":"Organization","@id":"https:\/\/infoecos.com.ar\/#organization","name":"Infoecos","alternateName":"Noticias","url":"https:\/\/infoecos.com.ar\/","logo":{"@type":"ImageObject","inLanguage":"es","@id":"https:\/\/infoecos.com.ar\/#\/schema\/logo\/image\/","url":"https:\/\/infoecos.com.ar\/wp-content\/uploads\/2024\/03\/cropped-logo.png","contentUrl":"https:\/\/infoecos.com.ar\/wp-content\/uploads\/2024\/03\/cropped-logo.png","width":374,"height":90,"caption":"Infoecos"},"image":{"@id":"https:\/\/infoecos.com.ar\/#\/schema\/logo\/image\/"},"sameAs":["https:\/\/www.facebook.com\/profile.php?id=100063200290284","https:\/\/x.com\/infoecos"]},{"@type":"Person","@id":"https:\/\/infoecos.com.ar\/#\/schema\/person\/8f5ace5ce73b4b4aac4b7245aee6f191","name":"Jorge Matheus","url":"https:\/\/infoecos.com.ar\/index.php\/author\/jomatheus\/"}]}},"featured_image_urls":{"full":["https:\/\/infoecos.com.ar\/wp-content\/uploads\/2022\/07\/APOLO.jpg",612,542,false],"thumbnail":["https:\/\/infoecos.com.ar\/wp-content\/uploads\/2022\/07\/APOLO-150x150.jpg",150,150,true],"medium":["https:\/\/infoecos.com.ar\/wp-content\/uploads\/2022\/07\/APOLO-460x407.jpg",460,407,true],"medium_large":["https:\/\/infoecos.com.ar\/wp-content\/uploads\/2022\/07\/APOLO.jpg",612,542,false],"large":["https:\/\/infoecos.com.ar\/wp-content\/uploads\/2022\/07\/APOLO.jpg",612,542,false],"1536x1536":["https:\/\/infoecos.com.ar\/wp-content\/uploads\/2022\/07\/APOLO.jpg",612,542,false],"2048x2048":["https:\/\/infoecos.com.ar\/wp-content\/uploads\/2022\/07\/APOLO.jpg",612,542,false],"covernews-slider-full":["https:\/\/infoecos.com.ar\/wp-content\/uploads\/2022\/07\/APOLO.jpg",612,542,false],"covernews-slider-center":["https:\/\/infoecos.com.ar\/wp-content\/uploads\/2022\/07\/APOLO.jpg",565,500,false],"covernews-featured":["https:\/\/infoecos.com.ar\/wp-content\/uploads\/2022\/07\/APOLO.jpg",612,542,false],"covernews-medium":["https:\/\/infoecos.com.ar\/wp-content\/uploads\/2022\/07\/APOLO-612x380.jpg",540,335,true],"covernews-medium-square":["https:\/\/infoecos.com.ar\/wp-content\/uploads\/2022\/07\/APOLO-612x450.jpg",340,250,true]},"author_info":{"info":["Jorge Matheus"]},"category_info":"<a href=\"https:\/\/infoecos.com.ar\/index.php\/category\/c2nota7\/\" rel=\"category tag\">C2 N7<\/a>","tag_info":"C2 N7","comment_count":"0","_links":{"self":[{"href":"https:\/\/infoecos.com.ar\/index.php\/wp-json\/wp\/v2\/posts\/94486"}],"collection":[{"href":"https:\/\/infoecos.com.ar\/index.php\/wp-json\/wp\/v2\/posts"}],"about":[{"href":"https:\/\/infoecos.com.ar\/index.php\/wp-json\/wp\/v2\/types\/post"}],"author":[{"embeddable":true,"href":"https:\/\/infoecos.com.ar\/index.php\/wp-json\/wp\/v2\/users\/2"}],"replies":[{"embeddable":true,"href":"https:\/\/infoecos.com.ar\/index.php\/wp-json\/wp\/v2\/comments?post=94486"}],"version-history":[{"count":1,"href":"https:\/\/infoecos.com.ar\/index.php\/wp-json\/wp\/v2\/posts\/94486\/revisions"}],"predecessor-version":[{"id":94488,"href":"https:\/\/infoecos.com.ar\/index.php\/wp-json\/wp\/v2\/posts\/94486\/revisions\/94488"}],"wp:featuredmedia":[{"embeddable":true,"href":"https:\/\/infoecos.com.ar\/index.php\/wp-json\/wp\/v2\/media\/94487"}],"wp:attachment":[{"href":"https:\/\/infoecos.com.ar\/index.php\/wp-json\/wp\/v2\/media?parent=94486"}],"wp:term":[{"taxonomy":"category","embeddable":true,"href":"https:\/\/infoecos.com.ar\/index.php\/wp-json\/wp\/v2\/categories?post=94486"},{"taxonomy":"post_tag","embeddable":true,"href":"https:\/\/infoecos.com.ar\/index.php\/wp-json\/wp\/v2\/tags?post=94486"}],"curies":[{"name":"wp","href":"https:\/\/api.w.org\/{rel}","templated":true}]}}