{"id":94489,"date":"2022-07-16T03:22:34","date_gmt":"2022-07-16T06:22:34","guid":{"rendered":"http:\/\/infoecos.com.ar\/?p=94489"},"modified":"2022-07-18T02:26:36","modified_gmt":"2022-07-18T05:26:36","slug":"pampeanos-se-movilizan-pidiendo-el-esclarecimiento-del-crimen-de-agustina-ocurrido-en-cipoletti","status":"publish","type":"post","link":"https:\/\/infoecos.com.ar\/index.php\/pampeanos-se-movilizan-pidiendo-el-esclarecimiento-del-crimen-de-agustina-ocurrido-en-cipoletti\/","title":{"rendered":"Pampeanos se movilizan pidiendo el esclarecimiento del crimen de Agustina ocurrido en Cipoletti."},"content":{"rendered":"\n<p>Se realiz\u00f3 en Santa Rosa otra convocatoria en pedido de justicia por Agustina, la joven pampeana que fue asesinada en Cipoletti.&nbsp;Estuvo presente la mam\u00e1 de Agustina, Silvina Capello, junto a un grupo de personas que portaban velas a modo de pedido de Justicia y esclarecimiento del crimen.&nbsp;<\/p>\n\n\n\n<figure class=\"wp-block-image aligncenter size-full\"><img loading=\"lazy\" decoding=\"async\" width=\"800\" height=\"420\" src=\"http:\/\/infoecos.com.ar\/wp-content\/uploads\/2022\/07\/image-16.png\" alt=\"\" class=\"wp-image-94490\" srcset=\"https:\/\/infoecos.com.ar\/wp-content\/uploads\/2022\/07\/image-16.png 800w, https:\/\/infoecos.com.ar\/wp-content\/uploads\/2022\/07\/image-16-460x242.png 460w, https:\/\/infoecos.com.ar\/wp-content\/uploads\/2022\/07\/image-16-768x403.png 768w\" sizes=\"(max-width: 800px) 100vw, 800px\" \/><\/figure>\n\n\n\n<p>Previo a la marcha realizada este viernes, Silvana Cappelo habl\u00f3 con <strong>El Diario<\/strong> y cont\u00f3 que hab\u00edan viajado a Cipoletti en \u00abdonde fuimos atendidos en Fiscal\u00eda porque hac\u00eda unos d\u00edas que no ten\u00edamos noticias. Nos recibieron tuvimos una charla larga con el Fiscal. Aprovechamos a hablar un poco m\u00e1s por que ada vez que nos reun\u00edamos con el Agustina estaba internada as\u00ed que esta vez fuimos con m\u00e1s interrogantes. Est\u00e1n trabajando. Previamente nos hab\u00edamos reunido con un abogado de Neuqu\u00e9n aunque nuestro viaje era para hablar con la Fiscal\u00eda\u00bb.<\/p>\n\n\n\n<p>\u00abComo dato concreto \u2013indic\u00f3- se ha designado un perito de nuestra parte. No vamos a parar. Hay mucha gente que nos apoya. Desde el Gobierno de La Pampa tambi\u00e9n se ha nos ha acompa\u00f1ado. El doctor Vera se comunic\u00f3 con nosotros y con los m\u00e9dicos de all\u00e1 cuando Agustina estaba internada\u00bb.<\/p>\n\n\n\n<figure class=\"wp-block-image aligncenter size-full\"><img loading=\"lazy\" decoding=\"async\" width=\"800\" height=\"420\" src=\"http:\/\/infoecos.com.ar\/wp-content\/uploads\/2022\/07\/image-17.png\" alt=\"\" class=\"wp-image-94491\" srcset=\"https:\/\/infoecos.com.ar\/wp-content\/uploads\/2022\/07\/image-17.png 800w, https:\/\/infoecos.com.ar\/wp-content\/uploads\/2022\/07\/image-17-460x242.png 460w, https:\/\/infoecos.com.ar\/wp-content\/uploads\/2022\/07\/image-17-768x403.png 768w\" sizes=\"(max-width: 800px) 100vw, 800px\" \/><\/figure>\n\n\n\n<p>Pidi\u00f3 \u00abuna respuesta porque lo del identikit no fue bueno. Sentimos que se estaba desviando todo, que se centraron en un robo pero no queremos que dejen de lado el tema del femicidio. A ella la quer\u00edan matar. Yo sigo insistiendo como madre que ella vio una cara y a partir de all\u00ed dejo de ser un robo. La persona que hizo esto no es humana\u00bb.&nbsp;<\/p>\n\n\n\n<p>\u00abTodos los d\u00edas me levanto por Agustina. Yo me sent\u00eda exenta de estas cosas pero me pas\u00f3. Nos destroz\u00f3 como familia. Voy a seguir adelante por Agustina. Yo era su apoyo y ella me mantiene de pie.&nbsp;<\/p>\n\n\n\n<figure class=\"wp-block-image aligncenter size-full\"><img loading=\"lazy\" decoding=\"async\" width=\"800\" height=\"420\" src=\"http:\/\/infoecos.com.ar\/wp-content\/uploads\/2022\/07\/image-18.png\" alt=\"\" class=\"wp-image-94492\" srcset=\"https:\/\/infoecos.com.ar\/wp-content\/uploads\/2022\/07\/image-18.png 800w, https:\/\/infoecos.com.ar\/wp-content\/uploads\/2022\/07\/image-18-460x242.png 460w, https:\/\/infoecos.com.ar\/wp-content\/uploads\/2022\/07\/image-18-768x403.png 768w\" sizes=\"(max-width: 800px) 100vw, 800px\" \/><\/figure>\n\n\n\n<p>Agradeci\u00f3 a la gente \u00abque se organiz\u00f3 hasta su horario laboral para poder acompa\u00f1arnos en la marcha. Hay gente que va a prender una vela en su casa e igual eso nos hace sentir acompa\u00f1ados\u00bb.<\/p>\n","protected":false},"excerpt":{"rendered":"<p>\u00a0Estuvo presente la mam\u00e1 de Agustina, Silvina Capello, junto a un grupo de personas que portaban velas a modo de pedido de Justicia y esclarecimiento del crimen<\/p>\n","protected":false},"author":2,"featured_media":94492,"comment_status":"closed","ping_status":"open","sticky":false,"template":"","format":"standard","meta":{"footnotes":""},"categories":[1325],"tags":[],"class_list":["post-94489","post","type-post","status-publish","format-standard","has-post-thumbnail","hentry","category-c1nota6"],"yoast_head":"<!-- This site is optimized with the Yoast SEO plugin v23.4 - https:\/\/yoast.com\/wordpress\/plugins\/seo\/ -->\n<title>Pampeanos se movilizan pidiendo el esclarecimiento del crimen de Agustina ocurrido en Cipoletti. - Infoecos<\/title>\n<meta name=\"robots\" content=\"index, follow, max-snippet:-1, max-image-preview:large, max-video-preview:-1\" \/>\n<link rel=\"canonical\" href=\"https:\/\/infoecos.com.ar\/index.php\/pampeanos-se-movilizan-pidiendo-el-esclarecimiento-del-crimen-de-agustina-ocurrido-en-cipoletti\/\" \/>\n<meta property=\"og:locale\" content=\"es_ES\" \/>\n<meta property=\"og:type\" content=\"article\" \/>\n<meta property=\"og:title\" content=\"Pampeanos se movilizan pidiendo el esclarecimiento del crimen de Agustina ocurrido en Cipoletti. - Infoecos\" \/>\n<meta property=\"og:description\" content=\"\u00a0Estuvo presente la mam\u00e1 de Agustina, Silvina Capello, junto a un grupo de personas que portaban velas a modo de pedido de Justicia y esclarecimiento del crimen\" \/>\n<meta property=\"og:url\" content=\"https:\/\/infoecos.com.ar\/index.php\/pampeanos-se-movilizan-pidiendo-el-esclarecimiento-del-crimen-de-agustina-ocurrido-en-cipoletti\/\" \/>\n<meta property=\"og:site_name\" content=\"Infoecos\" \/>\n<meta property=\"article:publisher\" content=\"https:\/\/www.facebook.com\/profile.php?id=100063200290284\" \/>\n<meta property=\"article:published_time\" content=\"2022-07-16T06:22:34+00:00\" \/>\n<meta property=\"article:modified_time\" content=\"2022-07-18T05:26:36+00:00\" \/>\n<meta property=\"og:image\" content=\"https:\/\/infoecos.com.ar\/wp-content\/uploads\/2022\/07\/image-18.png\" \/>\n\t<meta property=\"og:image:width\" content=\"800\" \/>\n\t<meta property=\"og:image:height\" content=\"420\" \/>\n\t<meta property=\"og:image:type\" content=\"image\/png\" \/>\n<meta name=\"author\" content=\"Jorge Matheus\" \/>\n<meta name=\"twitter:card\" content=\"summary_large_image\" \/>\n<meta name=\"twitter:creator\" content=\"@infoecos\" \/>\n<meta name=\"twitter:site\" content=\"@infoecos\" \/>\n<meta name=\"twitter:label1\" content=\"Escrito por\" \/>\n\t<meta name=\"twitter:data1\" content=\"Jorge Matheus\" \/>\n\t<meta name=\"twitter:label2\" content=\"Tiempo de lectura\" \/>\n\t<meta name=\"twitter:data2\" content=\"2 minutos\" \/>\n<script type=\"application\/ld+json\" class=\"yoast-schema-graph\">{\"@context\":\"https:\/\/schema.org\",\"@graph\":[{\"@type\":\"Article\",\"@id\":\"https:\/\/infoecos.com.ar\/index.php\/pampeanos-se-movilizan-pidiendo-el-esclarecimiento-del-crimen-de-agustina-ocurrido-en-cipoletti\/#article\",\"isPartOf\":{\"@id\":\"https:\/\/infoecos.com.ar\/index.php\/pampeanos-se-movilizan-pidiendo-el-esclarecimiento-del-crimen-de-agustina-ocurrido-en-cipoletti\/\"},\"author\":{\"name\":\"Jorge Matheus\",\"@id\":\"https:\/\/infoecos.com.ar\/#\/schema\/person\/8f5ace5ce73b4b4aac4b7245aee6f191\"},\"headline\":\"Pampeanos se movilizan pidiendo el esclarecimiento del crimen de Agustina ocurrido en Cipoletti.\",\"datePublished\":\"2022-07-16T06:22:34+00:00\",\"dateModified\":\"2022-07-18T05:26:36+00:00\",\"mainEntityOfPage\":{\"@id\":\"https:\/\/infoecos.com.ar\/index.php\/pampeanos-se-movilizan-pidiendo-el-esclarecimiento-del-crimen-de-agustina-ocurrido-en-cipoletti\/\"},\"wordCount\":364,\"publisher\":{\"@id\":\"https:\/\/infoecos.com.ar\/#organization\"},\"image\":{\"@id\":\"https:\/\/infoecos.com.ar\/index.php\/pampeanos-se-movilizan-pidiendo-el-esclarecimiento-del-crimen-de-agustina-ocurrido-en-cipoletti\/#primaryimage\"},\"thumbnailUrl\":\"https:\/\/infoecos.com.ar\/wp-content\/uploads\/2022\/07\/image-18.png\",\"articleSection\":[\"C1 nota 6\"],\"inLanguage\":\"es\"},{\"@type\":\"WebPage\",\"@id\":\"https:\/\/infoecos.com.ar\/index.php\/pampeanos-se-movilizan-pidiendo-el-esclarecimiento-del-crimen-de-agustina-ocurrido-en-cipoletti\/\",\"url\":\"https:\/\/infoecos.com.ar\/index.php\/pampeanos-se-movilizan-pidiendo-el-esclarecimiento-del-crimen-de-agustina-ocurrido-en-cipoletti\/\",\"name\":\"Pampeanos se movilizan pidiendo el esclarecimiento del crimen de Agustina ocurrido en Cipoletti. - Infoecos\",\"isPartOf\":{\"@id\":\"https:\/\/infoecos.com.ar\/#website\"},\"primaryImageOfPage\":{\"@id\":\"https:\/\/infoecos.com.ar\/index.php\/pampeanos-se-movilizan-pidiendo-el-esclarecimiento-del-crimen-de-agustina-ocurrido-en-cipoletti\/#primaryimage\"},\"image\":{\"@id\":\"https:\/\/infoecos.com.ar\/index.php\/pampeanos-se-movilizan-pidiendo-el-esclarecimiento-del-crimen-de-agustina-ocurrido-en-cipoletti\/#primaryimage\"},\"thumbnailUrl\":\"https:\/\/infoecos.com.ar\/wp-content\/uploads\/2022\/07\/image-18.png\",\"datePublished\":\"2022-07-16T06:22:34+00:00\",\"dateModified\":\"2022-07-18T05:26:36+00:00\",\"breadcrumb\":{\"@id\":\"https:\/\/infoecos.com.ar\/index.php\/pampeanos-se-movilizan-pidiendo-el-esclarecimiento-del-crimen-de-agustina-ocurrido-en-cipoletti\/#breadcrumb\"},\"inLanguage\":\"es\",\"potentialAction\":[{\"@type\":\"ReadAction\",\"target\":[\"https:\/\/infoecos.com.ar\/index.php\/pampeanos-se-movilizan-pidiendo-el-esclarecimiento-del-crimen-de-agustina-ocurrido-en-cipoletti\/\"]}]},{\"@type\":\"ImageObject\",\"inLanguage\":\"es\",\"@id\":\"https:\/\/infoecos.com.ar\/index.php\/pampeanos-se-movilizan-pidiendo-el-esclarecimiento-del-crimen-de-agustina-ocurrido-en-cipoletti\/#primaryimage\",\"url\":\"https:\/\/infoecos.com.ar\/wp-content\/uploads\/2022\/07\/image-18.png\",\"contentUrl\":\"https:\/\/infoecos.com.ar\/wp-content\/uploads\/2022\/07\/image-18.png\",\"width\":800,\"height\":420},{\"@type\":\"BreadcrumbList\",\"@id\":\"https:\/\/infoecos.com.ar\/index.php\/pampeanos-se-movilizan-pidiendo-el-esclarecimiento-del-crimen-de-agustina-ocurrido-en-cipoletti\/#breadcrumb\",\"itemListElement\":[{\"@type\":\"ListItem\",\"position\":1,\"name\":\"Portada\",\"item\":\"https:\/\/infoecos.com.ar\/\"},{\"@type\":\"ListItem\",\"position\":2,\"name\":\"Pampeanos se movilizan pidiendo el esclarecimiento del crimen de Agustina ocurrido en Cipoletti.\"}]},{\"@type\":\"WebSite\",\"@id\":\"https:\/\/infoecos.com.ar\/#website\",\"url\":\"https:\/\/infoecos.com.ar\/\",\"name\":\"Infoecos\",\"description\":\"Noticias de trenque lauquen y la zona\",\"publisher\":{\"@id\":\"https:\/\/infoecos.com.ar\/#organization\"},\"alternateName\":\"Noticias\",\"potentialAction\":[{\"@type\":\"SearchAction\",\"target\":{\"@type\":\"EntryPoint\",\"urlTemplate\":\"https:\/\/infoecos.com.ar\/?s={search_term_string}\"},\"query-input\":{\"@type\":\"PropertyValueSpecification\",\"valueRequired\":true,\"valueName\":\"search_term_string\"}}],\"inLanguage\":\"es\"},{\"@type\":\"Organization\",\"@id\":\"https:\/\/infoecos.com.ar\/#organization\",\"name\":\"Infoecos\",\"alternateName\":\"Noticias\",\"url\":\"https:\/\/infoecos.com.ar\/\",\"logo\":{\"@type\":\"ImageObject\",\"inLanguage\":\"es\",\"@id\":\"https:\/\/infoecos.com.ar\/#\/schema\/logo\/image\/\",\"url\":\"https:\/\/infoecos.com.ar\/wp-content\/uploads\/2024\/03\/cropped-logo.png\",\"contentUrl\":\"https:\/\/infoecos.com.ar\/wp-content\/uploads\/2024\/03\/cropped-logo.png\",\"width\":374,\"height\":90,\"caption\":\"Infoecos\"},\"image\":{\"@id\":\"https:\/\/infoecos.com.ar\/#\/schema\/logo\/image\/\"},\"sameAs\":[\"https:\/\/www.facebook.com\/profile.php?id=100063200290284\",\"https:\/\/x.com\/infoecos\"]},{\"@type\":\"Person\",\"@id\":\"https:\/\/infoecos.com.ar\/#\/schema\/person\/8f5ace5ce73b4b4aac4b7245aee6f191\",\"name\":\"Jorge Matheus\",\"url\":\"https:\/\/infoecos.com.ar\/index.php\/author\/jomatheus\/\"}]}<\/script>\n<!-- \/ Yoast SEO plugin. -->","yoast_head_json":{"title":"Pampeanos se movilizan pidiendo el esclarecimiento del crimen de Agustina ocurrido en Cipoletti. - Infoecos","robots":{"index":"index","follow":"follow","max-snippet":"max-snippet:-1","max-image-preview":"max-image-preview:large","max-video-preview":"max-video-preview:-1"},"canonical":"https:\/\/infoecos.com.ar\/index.php\/pampeanos-se-movilizan-pidiendo-el-esclarecimiento-del-crimen-de-agustina-ocurrido-en-cipoletti\/","og_locale":"es_ES","og_type":"article","og_title":"Pampeanos se movilizan pidiendo el esclarecimiento del crimen de Agustina ocurrido en Cipoletti. - Infoecos","og_description":"\u00a0Estuvo presente la mam\u00e1 de Agustina, Silvina Capello, junto a un grupo de personas que portaban velas a modo de pedido de Justicia y esclarecimiento del crimen","og_url":"https:\/\/infoecos.com.ar\/index.php\/pampeanos-se-movilizan-pidiendo-el-esclarecimiento-del-crimen-de-agustina-ocurrido-en-cipoletti\/","og_site_name":"Infoecos","article_publisher":"https:\/\/www.facebook.com\/profile.php?id=100063200290284","article_published_time":"2022-07-16T06:22:34+00:00","article_modified_time":"2022-07-18T05:26:36+00:00","og_image":[{"width":800,"height":420,"url":"https:\/\/infoecos.com.ar\/wp-content\/uploads\/2022\/07\/image-18.png","type":"image\/png"}],"author":"Jorge Matheus","twitter_card":"summary_large_image","twitter_creator":"@infoecos","twitter_site":"@infoecos","twitter_misc":{"Escrito por":"Jorge Matheus","Tiempo de lectura":"2 minutos"},"schema":{"@context":"https:\/\/schema.org","@graph":[{"@type":"Article","@id":"https:\/\/infoecos.com.ar\/index.php\/pampeanos-se-movilizan-pidiendo-el-esclarecimiento-del-crimen-de-agustina-ocurrido-en-cipoletti\/#article","isPartOf":{"@id":"https:\/\/infoecos.com.ar\/index.php\/pampeanos-se-movilizan-pidiendo-el-esclarecimiento-del-crimen-de-agustina-ocurrido-en-cipoletti\/"},"author":{"name":"Jorge Matheus","@id":"https:\/\/infoecos.com.ar\/#\/schema\/person\/8f5ace5ce73b4b4aac4b7245aee6f191"},"headline":"Pampeanos se movilizan pidiendo el esclarecimiento del crimen de Agustina ocurrido en Cipoletti.","datePublished":"2022-07-16T06:22:34+00:00","dateModified":"2022-07-18T05:26:36+00:00","mainEntityOfPage":{"@id":"https:\/\/infoecos.com.ar\/index.php\/pampeanos-se-movilizan-pidiendo-el-esclarecimiento-del-crimen-de-agustina-ocurrido-en-cipoletti\/"},"wordCount":364,"publisher":{"@id":"https:\/\/infoecos.com.ar\/#organization"},"image":{"@id":"https:\/\/infoecos.com.ar\/index.php\/pampeanos-se-movilizan-pidiendo-el-esclarecimiento-del-crimen-de-agustina-ocurrido-en-cipoletti\/#primaryimage"},"thumbnailUrl":"https:\/\/infoecos.com.ar\/wp-content\/uploads\/2022\/07\/image-18.png","articleSection":["C1 nota 6"],"inLanguage":"es"},{"@type":"WebPage","@id":"https:\/\/infoecos.com.ar\/index.php\/pampeanos-se-movilizan-pidiendo-el-esclarecimiento-del-crimen-de-agustina-ocurrido-en-cipoletti\/","url":"https:\/\/infoecos.com.ar\/index.php\/pampeanos-se-movilizan-pidiendo-el-esclarecimiento-del-crimen-de-agustina-ocurrido-en-cipoletti\/","name":"Pampeanos se movilizan pidiendo el esclarecimiento del crimen de Agustina ocurrido en Cipoletti. - Infoecos","isPartOf":{"@id":"https:\/\/infoecos.com.ar\/#website"},"primaryImageOfPage":{"@id":"https:\/\/infoecos.com.ar\/index.php\/pampeanos-se-movilizan-pidiendo-el-esclarecimiento-del-crimen-de-agustina-ocurrido-en-cipoletti\/#primaryimage"},"image":{"@id":"https:\/\/infoecos.com.ar\/index.php\/pampeanos-se-movilizan-pidiendo-el-esclarecimiento-del-crimen-de-agustina-ocurrido-en-cipoletti\/#primaryimage"},"thumbnailUrl":"https:\/\/infoecos.com.ar\/wp-content\/uploads\/2022\/07\/image-18.png","datePublished":"2022-07-16T06:22:34+00:00","dateModified":"2022-07-18T05:26:36+00:00","breadcrumb":{"@id":"https:\/\/infoecos.com.ar\/index.php\/pampeanos-se-movilizan-pidiendo-el-esclarecimiento-del-crimen-de-agustina-ocurrido-en-cipoletti\/#breadcrumb"},"inLanguage":"es","potentialAction":[{"@type":"ReadAction","target":["https:\/\/infoecos.com.ar\/index.php\/pampeanos-se-movilizan-pidiendo-el-esclarecimiento-del-crimen-de-agustina-ocurrido-en-cipoletti\/"]}]},{"@type":"ImageObject","inLanguage":"es","@id":"https:\/\/infoecos.com.ar\/index.php\/pampeanos-se-movilizan-pidiendo-el-esclarecimiento-del-crimen-de-agustina-ocurrido-en-cipoletti\/#primaryimage","url":"https:\/\/infoecos.com.ar\/wp-content\/uploads\/2022\/07\/image-18.png","contentUrl":"https:\/\/infoecos.com.ar\/wp-content\/uploads\/2022\/07\/image-18.png","width":800,"height":420},{"@type":"BreadcrumbList","@id":"https:\/\/infoecos.com.ar\/index.php\/pampeanos-se-movilizan-pidiendo-el-esclarecimiento-del-crimen-de-agustina-ocurrido-en-cipoletti\/#breadcrumb","itemListElement":[{"@type":"ListItem","position":1,"name":"Portada","item":"https:\/\/infoecos.com.ar\/"},{"@type":"ListItem","position":2,"name":"Pampeanos se movilizan pidiendo el esclarecimiento del crimen de Agustina ocurrido en Cipoletti."}]},{"@type":"WebSite","@id":"https:\/\/infoecos.com.ar\/#website","url":"https:\/\/infoecos.com.ar\/","name":"Infoecos","description":"Noticias de trenque lauquen y la zona","publisher":{"@id":"https:\/\/infoecos.com.ar\/#organization"},"alternateName":"Noticias","potentialAction":[{"@type":"SearchAction","target":{"@type":"EntryPoint","urlTemplate":"https:\/\/infoecos.com.ar\/?s={search_term_string}"},"query-input":{"@type":"PropertyValueSpecification","valueRequired":true,"valueName":"search_term_string"}}],"inLanguage":"es"},{"@type":"Organization","@id":"https:\/\/infoecos.com.ar\/#organization","name":"Infoecos","alternateName":"Noticias","url":"https:\/\/infoecos.com.ar\/","logo":{"@type":"ImageObject","inLanguage":"es","@id":"https:\/\/infoecos.com.ar\/#\/schema\/logo\/image\/","url":"https:\/\/infoecos.com.ar\/wp-content\/uploads\/2024\/03\/cropped-logo.png","contentUrl":"https:\/\/infoecos.com.ar\/wp-content\/uploads\/2024\/03\/cropped-logo.png","width":374,"height":90,"caption":"Infoecos"},"image":{"@id":"https:\/\/infoecos.com.ar\/#\/schema\/logo\/image\/"},"sameAs":["https:\/\/www.facebook.com\/profile.php?id=100063200290284","https:\/\/x.com\/infoecos"]},{"@type":"Person","@id":"https:\/\/infoecos.com.ar\/#\/schema\/person\/8f5ace5ce73b4b4aac4b7245aee6f191","name":"Jorge Matheus","url":"https:\/\/infoecos.com.ar\/index.php\/author\/jomatheus\/"}]}},"featured_image_urls":{"full":["https:\/\/infoecos.com.ar\/wp-content\/uploads\/2022\/07\/image-18.png",800,420,false],"thumbnail":["https:\/\/infoecos.com.ar\/wp-content\/uploads\/2022\/07\/image-18-150x150.png",150,150,true],"medium":["https:\/\/infoecos.com.ar\/wp-content\/uploads\/2022\/07\/image-18-460x242.png",460,242,true],"medium_large":["https:\/\/infoecos.com.ar\/wp-content\/uploads\/2022\/07\/image-18-768x403.png",640,336,true],"large":["https:\/\/infoecos.com.ar\/wp-content\/uploads\/2022\/07\/image-18.png",640,336,false],"1536x1536":["https:\/\/infoecos.com.ar\/wp-content\/uploads\/2022\/07\/image-18.png",800,420,false],"2048x2048":["https:\/\/infoecos.com.ar\/wp-content\/uploads\/2022\/07\/image-18.png",800,420,false],"covernews-slider-full":["https:\/\/infoecos.com.ar\/wp-content\/uploads\/2022\/07\/image-18.png",800,420,false],"covernews-slider-center":["https:\/\/infoecos.com.ar\/wp-content\/uploads\/2022\/07\/image-18.png",800,420,false],"covernews-featured":["https:\/\/infoecos.com.ar\/wp-content\/uploads\/2022\/07\/image-18.png",800,420,false],"covernews-medium":["https:\/\/infoecos.com.ar\/wp-content\/uploads\/2022\/07\/image-18-720x380.png",540,285,true],"covernews-medium-square":["https:\/\/infoecos.com.ar\/wp-content\/uploads\/2022\/07\/image-18-675x420.png",400,250,true]},"author_info":{"info":["Jorge Matheus"]},"category_info":"<a href=\"https:\/\/infoecos.com.ar\/index.php\/category\/c1nota6\/\" rel=\"category tag\">C1 nota 6<\/a>","tag_info":"C1 nota 6","comment_count":"0","_links":{"self":[{"href":"https:\/\/infoecos.com.ar\/index.php\/wp-json\/wp\/v2\/posts\/94489"}],"collection":[{"href":"https:\/\/infoecos.com.ar\/index.php\/wp-json\/wp\/v2\/posts"}],"about":[{"href":"https:\/\/infoecos.com.ar\/index.php\/wp-json\/wp\/v2\/types\/post"}],"author":[{"embeddable":true,"href":"https:\/\/infoecos.com.ar\/index.php\/wp-json\/wp\/v2\/users\/2"}],"replies":[{"embeddable":true,"href":"https:\/\/infoecos.com.ar\/index.php\/wp-json\/wp\/v2\/comments?post=94489"}],"version-history":[{"count":2,"href":"https:\/\/infoecos.com.ar\/index.php\/wp-json\/wp\/v2\/posts\/94489\/revisions"}],"predecessor-version":[{"id":94561,"href":"https:\/\/infoecos.com.ar\/index.php\/wp-json\/wp\/v2\/posts\/94489\/revisions\/94561"}],"wp:featuredmedia":[{"embeddable":true,"href":"https:\/\/infoecos.com.ar\/index.php\/wp-json\/wp\/v2\/media\/94492"}],"wp:attachment":[{"href":"https:\/\/infoecos.com.ar\/index.php\/wp-json\/wp\/v2\/media?parent=94489"}],"wp:term":[{"taxonomy":"category","embeddable":true,"href":"https:\/\/infoecos.com.ar\/index.php\/wp-json\/wp\/v2\/categories?post=94489"},{"taxonomy":"post_tag","embeddable":true,"href":"https:\/\/infoecos.com.ar\/index.php\/wp-json\/wp\/v2\/tags?post=94489"}],"curies":[{"name":"wp","href":"https:\/\/api.w.org\/{rel}","templated":true}]}}