{"id":94504,"date":"2022-07-17T12:57:09","date_gmt":"2022-07-17T15:57:09","guid":{"rendered":"http:\/\/infoecos.com.ar\/?p=94504"},"modified":"2022-07-18T00:42:15","modified_gmt":"2022-07-18T03:42:15","slug":"que-se-recuerda-y-festeja-el-17-de-julio","status":"publish","type":"post","link":"https:\/\/infoecos.com.ar\/index.php\/que-se-recuerda-y-festeja-el-17-de-julio\/","title":{"rendered":"Que se recuerda y festeja el 18 de Julio&#8230;"},"content":{"rendered":"\n<figure class=\"wp-block-image aligncenter size-full\"><img loading=\"lazy\" decoding=\"async\" width=\"768\" height=\"512\" src=\"http:\/\/infoecos.com.ar\/wp-content\/uploads\/2022\/07\/image-19.png\" alt=\"\" class=\"wp-image-94505\" srcset=\"https:\/\/infoecos.com.ar\/wp-content\/uploads\/2022\/07\/image-19.png 768w, https:\/\/infoecos.com.ar\/wp-content\/uploads\/2022\/07\/image-19-460x307.png 460w, https:\/\/infoecos.com.ar\/wp-content\/uploads\/2022\/07\/image-19-675x450.png 675w\" sizes=\"(max-width: 768px) 100vw, 768px\" \/><\/figure>\n\n\n\n<ul class=\"wp-block-list\"><li><strong>1839&nbsp;&#8211; SAN MART\u00cdN.<\/strong>&nbsp;El brigadier general Juan Manuel de Rosas, gobernador de la provincia de Buenos Aires y caudillo de la Confederaci\u00f3n Argentina, designa al general Jos\u00e9 de San Mart\u00edn como ministro plenipotenciario ante del Gobierno de Per\u00fa.<\/li><li><\/li><li><strong>1906&nbsp;&#8211; CARLOS PELLEGRINI<\/strong>. Muere en Buenos Aires, a la edad de 59 a\u00f1os, el abogado, periodista y pol\u00edtico Carlos Pellegrini, presidente de la Naci\u00f3n entre 1890 y 1892, adem\u00e1s de fundador del Banco de la Naci\u00f3n Argentina.<\/li><li><\/li><li><strong>1923&nbsp;&#8211; ENRIQUE ANGELELLI.&nbsp;<\/strong>Nace en C\u00f3rdoba el sacerdote Enrique \u00c1ngel Angelellli, obispo de La Rioja asesinado en un accidente automovil\u00edstico simulado durante la \u00faltima dictadura militar, cuando luchaba contra la represi\u00f3n ilegal y las desapariciones de personas. En 2019, la Iglesia Cat\u00f3lica reconoci\u00f3 oficialmente que la muerte de Angelelli tuvo el car\u00e1cter de \u201cmartirio en odio de la fe\u201d, con lo que\u200b anunci\u00f3 su beatificaci\u00f3n.<\/li><li><\/li><li><strong>1965&nbsp;&#8211; SANTIAGO SEGURA<\/strong>. Nace en Madrid el actor, guionista, director y productor de cine espa\u00f1ol Santiago Segura, popularmente conocido por el personaje del detective Torrente. Film\u00f3 m\u00e1s de 70 pel\u00edculas, entre ellas las cinco de la saga de Torrente, las m\u00e1s taquilleras en Espa\u00f1a.<\/li><li><\/li><li><strong>1968&nbsp;&#8211; YELLOW SUBMARINE.<\/strong>&nbsp;Se estrena en el Teatro Pavilion de Londres la pel\u00edcula animada Yellow submarine, basada en la canci\u00f3n hom\u00f3nima de The Beatles y dirigida por el animador canadiense George Dunning. Los Beatles aparecen s\u00f3lo casi al final de la pel\u00edcula junto con sus personajes animados y doblados por actores.<\/li><li><\/li><li><strong>1983&nbsp;&#8211; MARCOS MAIDANA.<\/strong>&nbsp;Nace en la localidad santafesina de Margarita el boxeador Marcos Ren\u00e9 Maidana, campe\u00f3n mundial de las categor\u00edas super ligero y w\u00e9lter de la Asociaci\u00f3n Mundial de Boxeo.<\/li><li><\/li><li><strong>1995&nbsp;&#8211; JUAN M. FANGIO<\/strong>. Muere en Buenos Aires, a la edad de 84 a\u00f1os, el automovilista Juan Manuel Fangio, ganador de cinco campeonatos mundiales de F\u00f3rmula 1 y hasta ahora el \u00fanico piloto que lo hizo con cuatro escuder\u00edas diferentes.<\/li><li><\/li><li><strong>2008&nbsp;&#8211; NO POSITIVO.<\/strong>&nbsp;El vicepresidente de la Naci\u00f3n Julio Cobos, en su car\u00e1cter de Presidente del Senado, da su \u201cvoto no positivo\u201d para dirimir la ley de retenciones m\u00f3viles a las exportaciones de granos, con lo que fracasa la iniciativa impulsada por el Gobierno en base a la resoluci\u00f3n 125, que era resistida por el sector agropecuario. \u201cLa historia me juzgar\u00e1\u201d, dijo Cobos.<\/li><li><\/li><li><strong>2022&nbsp;&#8211; DIA DEL EMOJI<\/strong>. Se celebra desde 2014 el D\u00eda Mundial del Emoji en homenaje a los pictogramas o emoticones de todo tipo surgidos en la d\u00e9cada de 1990 y que cambiaron la forma de comunicaci\u00f3n en la mensajer\u00eda por medios digitales.<\/li><\/ul>\n","protected":false},"excerpt":{"rendered":"<p>En el 2008 el por entonces vicepresidente de la Naci\u00f3n Julio Cobos, en su car\u00e1cter de Presidente del Senado, da su \u201cvoto no positivo\u201d para dirimir la ley de retenciones m\u00f3viles a las exportaciones de granos, con lo que fracasa la iniciativa impulsada por el Gobierno en base a la resoluci\u00f3n 125, que era resistida por el sector agropecuario. \u201cLa historia me juzgar\u00e1\u201d, dijo Cobos<\/p>\n","protected":false},"author":2,"featured_media":94506,"comment_status":"closed","ping_status":"open","sticky":false,"template":"","format":"standard","meta":{"footnotes":""},"categories":[1614],"tags":[4812],"class_list":["post-94504","post","type-post","status-publish","format-standard","has-post-thumbnail","hentry","category-c2nota7","tag-efemerides-infoecos-2"],"yoast_head":"<!-- This site is optimized with the Yoast SEO plugin v23.4 - https:\/\/yoast.com\/wordpress\/plugins\/seo\/ -->\n<title>Que se recuerda y festeja el 18 de Julio... - Infoecos<\/title>\n<meta name=\"robots\" content=\"index, follow, max-snippet:-1, max-image-preview:large, max-video-preview:-1\" \/>\n<link rel=\"canonical\" href=\"https:\/\/infoecos.com.ar\/index.php\/que-se-recuerda-y-festeja-el-17-de-julio\/\" \/>\n<meta property=\"og:locale\" content=\"es_ES\" \/>\n<meta property=\"og:type\" content=\"article\" \/>\n<meta property=\"og:title\" content=\"Que se recuerda y festeja el 18 de Julio... - Infoecos\" \/>\n<meta property=\"og:description\" content=\"En el 2008 el por entonces vicepresidente de la Naci\u00f3n Julio Cobos, en su car\u00e1cter de Presidente del Senado, da su \u201cvoto no positivo\u201d para dirimir la ley de retenciones m\u00f3viles a las exportaciones de granos, con lo que fracasa la iniciativa impulsada por el Gobierno en base a la resoluci\u00f3n 125, que era resistida por el sector agropecuario. \u201cLa historia me juzgar\u00e1\u201d, dijo Cobos\" \/>\n<meta property=\"og:url\" content=\"https:\/\/infoecos.com.ar\/index.php\/que-se-recuerda-y-festeja-el-17-de-julio\/\" \/>\n<meta property=\"og:site_name\" content=\"Infoecos\" \/>\n<meta property=\"article:publisher\" content=\"https:\/\/www.facebook.com\/profile.php?id=100063200290284\" \/>\n<meta property=\"article:published_time\" content=\"2022-07-17T15:57:09+00:00\" \/>\n<meta property=\"article:modified_time\" content=\"2022-07-18T03:42:15+00:00\" \/>\n<meta property=\"og:image\" content=\"https:\/\/infoecos.com.ar\/wp-content\/uploads\/2022\/07\/COBOSMNO.jpg\" \/>\n\t<meta property=\"og:image:width\" content=\"1140\" \/>\n\t<meta property=\"og:image:height\" content=\"642\" \/>\n\t<meta property=\"og:image:type\" content=\"image\/jpeg\" \/>\n<meta name=\"author\" content=\"Jorge Matheus\" \/>\n<meta name=\"twitter:card\" content=\"summary_large_image\" \/>\n<meta name=\"twitter:creator\" content=\"@infoecos\" \/>\n<meta name=\"twitter:site\" content=\"@infoecos\" \/>\n<meta name=\"twitter:label1\" content=\"Escrito por\" \/>\n\t<meta name=\"twitter:data1\" content=\"Jorge Matheus\" \/>\n\t<meta name=\"twitter:label2\" content=\"Tiempo de lectura\" \/>\n\t<meta name=\"twitter:data2\" content=\"2 minutos\" \/>\n<script type=\"application\/ld+json\" class=\"yoast-schema-graph\">{\"@context\":\"https:\/\/schema.org\",\"@graph\":[{\"@type\":\"Article\",\"@id\":\"https:\/\/infoecos.com.ar\/index.php\/que-se-recuerda-y-festeja-el-17-de-julio\/#article\",\"isPartOf\":{\"@id\":\"https:\/\/infoecos.com.ar\/index.php\/que-se-recuerda-y-festeja-el-17-de-julio\/\"},\"author\":{\"name\":\"Jorge Matheus\",\"@id\":\"https:\/\/infoecos.com.ar\/#\/schema\/person\/8f5ace5ce73b4b4aac4b7245aee6f191\"},\"headline\":\"Que se recuerda y festeja el 18 de Julio&#8230;\",\"datePublished\":\"2022-07-17T15:57:09+00:00\",\"dateModified\":\"2022-07-18T03:42:15+00:00\",\"mainEntityOfPage\":{\"@id\":\"https:\/\/infoecos.com.ar\/index.php\/que-se-recuerda-y-festeja-el-17-de-julio\/\"},\"wordCount\":461,\"publisher\":{\"@id\":\"https:\/\/infoecos.com.ar\/#organization\"},\"image\":{\"@id\":\"https:\/\/infoecos.com.ar\/index.php\/que-se-recuerda-y-festeja-el-17-de-julio\/#primaryimage\"},\"thumbnailUrl\":\"https:\/\/infoecos.com.ar\/wp-content\/uploads\/2022\/07\/COBOSMNO.jpg\",\"keywords\":[\"EFEM\u00c9RIDES INFOECOS\"],\"articleSection\":[\"C2 N7\"],\"inLanguage\":\"es\"},{\"@type\":\"WebPage\",\"@id\":\"https:\/\/infoecos.com.ar\/index.php\/que-se-recuerda-y-festeja-el-17-de-julio\/\",\"url\":\"https:\/\/infoecos.com.ar\/index.php\/que-se-recuerda-y-festeja-el-17-de-julio\/\",\"name\":\"Que se recuerda y festeja el 18 de Julio... - Infoecos\",\"isPartOf\":{\"@id\":\"https:\/\/infoecos.com.ar\/#website\"},\"primaryImageOfPage\":{\"@id\":\"https:\/\/infoecos.com.ar\/index.php\/que-se-recuerda-y-festeja-el-17-de-julio\/#primaryimage\"},\"image\":{\"@id\":\"https:\/\/infoecos.com.ar\/index.php\/que-se-recuerda-y-festeja-el-17-de-julio\/#primaryimage\"},\"thumbnailUrl\":\"https:\/\/infoecos.com.ar\/wp-content\/uploads\/2022\/07\/COBOSMNO.jpg\",\"datePublished\":\"2022-07-17T15:57:09+00:00\",\"dateModified\":\"2022-07-18T03:42:15+00:00\",\"breadcrumb\":{\"@id\":\"https:\/\/infoecos.com.ar\/index.php\/que-se-recuerda-y-festeja-el-17-de-julio\/#breadcrumb\"},\"inLanguage\":\"es\",\"potentialAction\":[{\"@type\":\"ReadAction\",\"target\":[\"https:\/\/infoecos.com.ar\/index.php\/que-se-recuerda-y-festeja-el-17-de-julio\/\"]}]},{\"@type\":\"ImageObject\",\"inLanguage\":\"es\",\"@id\":\"https:\/\/infoecos.com.ar\/index.php\/que-se-recuerda-y-festeja-el-17-de-julio\/#primaryimage\",\"url\":\"https:\/\/infoecos.com.ar\/wp-content\/uploads\/2022\/07\/COBOSMNO.jpg\",\"contentUrl\":\"https:\/\/infoecos.com.ar\/wp-content\/uploads\/2022\/07\/COBOSMNO.jpg\",\"width\":1140,\"height\":642},{\"@type\":\"BreadcrumbList\",\"@id\":\"https:\/\/infoecos.com.ar\/index.php\/que-se-recuerda-y-festeja-el-17-de-julio\/#breadcrumb\",\"itemListElement\":[{\"@type\":\"ListItem\",\"position\":1,\"name\":\"Portada\",\"item\":\"https:\/\/infoecos.com.ar\/\"},{\"@type\":\"ListItem\",\"position\":2,\"name\":\"Que se recuerda y festeja el 18 de Julio&#8230;\"}]},{\"@type\":\"WebSite\",\"@id\":\"https:\/\/infoecos.com.ar\/#website\",\"url\":\"https:\/\/infoecos.com.ar\/\",\"name\":\"Infoecos\",\"description\":\"Noticias de trenque lauquen y la zona\",\"publisher\":{\"@id\":\"https:\/\/infoecos.com.ar\/#organization\"},\"alternateName\":\"Noticias\",\"potentialAction\":[{\"@type\":\"SearchAction\",\"target\":{\"@type\":\"EntryPoint\",\"urlTemplate\":\"https:\/\/infoecos.com.ar\/?s={search_term_string}\"},\"query-input\":{\"@type\":\"PropertyValueSpecification\",\"valueRequired\":true,\"valueName\":\"search_term_string\"}}],\"inLanguage\":\"es\"},{\"@type\":\"Organization\",\"@id\":\"https:\/\/infoecos.com.ar\/#organization\",\"name\":\"Infoecos\",\"alternateName\":\"Noticias\",\"url\":\"https:\/\/infoecos.com.ar\/\",\"logo\":{\"@type\":\"ImageObject\",\"inLanguage\":\"es\",\"@id\":\"https:\/\/infoecos.com.ar\/#\/schema\/logo\/image\/\",\"url\":\"https:\/\/infoecos.com.ar\/wp-content\/uploads\/2024\/03\/cropped-logo.png\",\"contentUrl\":\"https:\/\/infoecos.com.ar\/wp-content\/uploads\/2024\/03\/cropped-logo.png\",\"width\":374,\"height\":90,\"caption\":\"Infoecos\"},\"image\":{\"@id\":\"https:\/\/infoecos.com.ar\/#\/schema\/logo\/image\/\"},\"sameAs\":[\"https:\/\/www.facebook.com\/profile.php?id=100063200290284\",\"https:\/\/x.com\/infoecos\"]},{\"@type\":\"Person\",\"@id\":\"https:\/\/infoecos.com.ar\/#\/schema\/person\/8f5ace5ce73b4b4aac4b7245aee6f191\",\"name\":\"Jorge Matheus\",\"url\":\"https:\/\/infoecos.com.ar\/index.php\/author\/jomatheus\/\"}]}<\/script>\n<!-- \/ Yoast SEO plugin. -->","yoast_head_json":{"title":"Que se recuerda y festeja el 18 de Julio... - Infoecos","robots":{"index":"index","follow":"follow","max-snippet":"max-snippet:-1","max-image-preview":"max-image-preview:large","max-video-preview":"max-video-preview:-1"},"canonical":"https:\/\/infoecos.com.ar\/index.php\/que-se-recuerda-y-festeja-el-17-de-julio\/","og_locale":"es_ES","og_type":"article","og_title":"Que se recuerda y festeja el 18 de Julio... - Infoecos","og_description":"En el 2008 el por entonces vicepresidente de la Naci\u00f3n Julio Cobos, en su car\u00e1cter de Presidente del Senado, da su \u201cvoto no positivo\u201d para dirimir la ley de retenciones m\u00f3viles a las exportaciones de granos, con lo que fracasa la iniciativa impulsada por el Gobierno en base a la resoluci\u00f3n 125, que era resistida por el sector agropecuario. \u201cLa historia me juzgar\u00e1\u201d, dijo Cobos","og_url":"https:\/\/infoecos.com.ar\/index.php\/que-se-recuerda-y-festeja-el-17-de-julio\/","og_site_name":"Infoecos","article_publisher":"https:\/\/www.facebook.com\/profile.php?id=100063200290284","article_published_time":"2022-07-17T15:57:09+00:00","article_modified_time":"2022-07-18T03:42:15+00:00","og_image":[{"width":1140,"height":642,"url":"https:\/\/infoecos.com.ar\/wp-content\/uploads\/2022\/07\/COBOSMNO.jpg","type":"image\/jpeg"}],"author":"Jorge Matheus","twitter_card":"summary_large_image","twitter_creator":"@infoecos","twitter_site":"@infoecos","twitter_misc":{"Escrito por":"Jorge Matheus","Tiempo de lectura":"2 minutos"},"schema":{"@context":"https:\/\/schema.org","@graph":[{"@type":"Article","@id":"https:\/\/infoecos.com.ar\/index.php\/que-se-recuerda-y-festeja-el-17-de-julio\/#article","isPartOf":{"@id":"https:\/\/infoecos.com.ar\/index.php\/que-se-recuerda-y-festeja-el-17-de-julio\/"},"author":{"name":"Jorge Matheus","@id":"https:\/\/infoecos.com.ar\/#\/schema\/person\/8f5ace5ce73b4b4aac4b7245aee6f191"},"headline":"Que se recuerda y festeja el 18 de Julio&#8230;","datePublished":"2022-07-17T15:57:09+00:00","dateModified":"2022-07-18T03:42:15+00:00","mainEntityOfPage":{"@id":"https:\/\/infoecos.com.ar\/index.php\/que-se-recuerda-y-festeja-el-17-de-julio\/"},"wordCount":461,"publisher":{"@id":"https:\/\/infoecos.com.ar\/#organization"},"image":{"@id":"https:\/\/infoecos.com.ar\/index.php\/que-se-recuerda-y-festeja-el-17-de-julio\/#primaryimage"},"thumbnailUrl":"https:\/\/infoecos.com.ar\/wp-content\/uploads\/2022\/07\/COBOSMNO.jpg","keywords":["EFEM\u00c9RIDES INFOECOS"],"articleSection":["C2 N7"],"inLanguage":"es"},{"@type":"WebPage","@id":"https:\/\/infoecos.com.ar\/index.php\/que-se-recuerda-y-festeja-el-17-de-julio\/","url":"https:\/\/infoecos.com.ar\/index.php\/que-se-recuerda-y-festeja-el-17-de-julio\/","name":"Que se recuerda y festeja el 18 de Julio... - Infoecos","isPartOf":{"@id":"https:\/\/infoecos.com.ar\/#website"},"primaryImageOfPage":{"@id":"https:\/\/infoecos.com.ar\/index.php\/que-se-recuerda-y-festeja-el-17-de-julio\/#primaryimage"},"image":{"@id":"https:\/\/infoecos.com.ar\/index.php\/que-se-recuerda-y-festeja-el-17-de-julio\/#primaryimage"},"thumbnailUrl":"https:\/\/infoecos.com.ar\/wp-content\/uploads\/2022\/07\/COBOSMNO.jpg","datePublished":"2022-07-17T15:57:09+00:00","dateModified":"2022-07-18T03:42:15+00:00","breadcrumb":{"@id":"https:\/\/infoecos.com.ar\/index.php\/que-se-recuerda-y-festeja-el-17-de-julio\/#breadcrumb"},"inLanguage":"es","potentialAction":[{"@type":"ReadAction","target":["https:\/\/infoecos.com.ar\/index.php\/que-se-recuerda-y-festeja-el-17-de-julio\/"]}]},{"@type":"ImageObject","inLanguage":"es","@id":"https:\/\/infoecos.com.ar\/index.php\/que-se-recuerda-y-festeja-el-17-de-julio\/#primaryimage","url":"https:\/\/infoecos.com.ar\/wp-content\/uploads\/2022\/07\/COBOSMNO.jpg","contentUrl":"https:\/\/infoecos.com.ar\/wp-content\/uploads\/2022\/07\/COBOSMNO.jpg","width":1140,"height":642},{"@type":"BreadcrumbList","@id":"https:\/\/infoecos.com.ar\/index.php\/que-se-recuerda-y-festeja-el-17-de-julio\/#breadcrumb","itemListElement":[{"@type":"ListItem","position":1,"name":"Portada","item":"https:\/\/infoecos.com.ar\/"},{"@type":"ListItem","position":2,"name":"Que se recuerda y festeja el 18 de Julio&#8230;"}]},{"@type":"WebSite","@id":"https:\/\/infoecos.com.ar\/#website","url":"https:\/\/infoecos.com.ar\/","name":"Infoecos","description":"Noticias de trenque lauquen y la zona","publisher":{"@id":"https:\/\/infoecos.com.ar\/#organization"},"alternateName":"Noticias","potentialAction":[{"@type":"SearchAction","target":{"@type":"EntryPoint","urlTemplate":"https:\/\/infoecos.com.ar\/?s={search_term_string}"},"query-input":{"@type":"PropertyValueSpecification","valueRequired":true,"valueName":"search_term_string"}}],"inLanguage":"es"},{"@type":"Organization","@id":"https:\/\/infoecos.com.ar\/#organization","name":"Infoecos","alternateName":"Noticias","url":"https:\/\/infoecos.com.ar\/","logo":{"@type":"ImageObject","inLanguage":"es","@id":"https:\/\/infoecos.com.ar\/#\/schema\/logo\/image\/","url":"https:\/\/infoecos.com.ar\/wp-content\/uploads\/2024\/03\/cropped-logo.png","contentUrl":"https:\/\/infoecos.com.ar\/wp-content\/uploads\/2024\/03\/cropped-logo.png","width":374,"height":90,"caption":"Infoecos"},"image":{"@id":"https:\/\/infoecos.com.ar\/#\/schema\/logo\/image\/"},"sameAs":["https:\/\/www.facebook.com\/profile.php?id=100063200290284","https:\/\/x.com\/infoecos"]},{"@type":"Person","@id":"https:\/\/infoecos.com.ar\/#\/schema\/person\/8f5ace5ce73b4b4aac4b7245aee6f191","name":"Jorge Matheus","url":"https:\/\/infoecos.com.ar\/index.php\/author\/jomatheus\/"}]}},"featured_image_urls":{"full":["https:\/\/infoecos.com.ar\/wp-content\/uploads\/2022\/07\/COBOSMNO.jpg",1140,642,false],"thumbnail":["https:\/\/infoecos.com.ar\/wp-content\/uploads\/2022\/07\/COBOSMNO-150x150.jpg",150,150,true],"medium":["https:\/\/infoecos.com.ar\/wp-content\/uploads\/2022\/07\/COBOSMNO-460x259.jpg",460,259,true],"medium_large":["https:\/\/infoecos.com.ar\/wp-content\/uploads\/2022\/07\/COBOSMNO-768x433.jpg",640,361,true],"large":["https:\/\/infoecos.com.ar\/wp-content\/uploads\/2022\/07\/COBOSMNO-920x518.jpg",640,360,true],"1536x1536":["https:\/\/infoecos.com.ar\/wp-content\/uploads\/2022\/07\/COBOSMNO.jpg",1140,642,false],"2048x2048":["https:\/\/infoecos.com.ar\/wp-content\/uploads\/2022\/07\/COBOSMNO.jpg",1140,642,false],"covernews-slider-full":["https:\/\/infoecos.com.ar\/wp-content\/uploads\/2022\/07\/COBOSMNO.jpg",1115,628,false],"covernews-slider-center":["https:\/\/infoecos.com.ar\/wp-content\/uploads\/2022\/07\/COBOSMNO-936x642.jpg",729,500,true],"covernews-featured":["https:\/\/infoecos.com.ar\/wp-content\/uploads\/2022\/07\/COBOSMNO-1024x577.jpg",1024,577,true],"covernews-medium":["https:\/\/infoecos.com.ar\/wp-content\/uploads\/2022\/07\/COBOSMNO-720x380.jpg",540,285,true],"covernews-medium-square":["https:\/\/infoecos.com.ar\/wp-content\/uploads\/2022\/07\/COBOSMNO-675x450.jpg",375,250,true]},"author_info":{"info":["Jorge Matheus"]},"category_info":"<a href=\"https:\/\/infoecos.com.ar\/index.php\/category\/c2nota7\/\" rel=\"category tag\">C2 N7<\/a>","tag_info":"C2 N7","comment_count":"0","_links":{"self":[{"href":"https:\/\/infoecos.com.ar\/index.php\/wp-json\/wp\/v2\/posts\/94504"}],"collection":[{"href":"https:\/\/infoecos.com.ar\/index.php\/wp-json\/wp\/v2\/posts"}],"about":[{"href":"https:\/\/infoecos.com.ar\/index.php\/wp-json\/wp\/v2\/types\/post"}],"author":[{"embeddable":true,"href":"https:\/\/infoecos.com.ar\/index.php\/wp-json\/wp\/v2\/users\/2"}],"replies":[{"embeddable":true,"href":"https:\/\/infoecos.com.ar\/index.php\/wp-json\/wp\/v2\/comments?post=94504"}],"version-history":[{"count":3,"href":"https:\/\/infoecos.com.ar\/index.php\/wp-json\/wp\/v2\/posts\/94504\/revisions"}],"predecessor-version":[{"id":94517,"href":"https:\/\/infoecos.com.ar\/index.php\/wp-json\/wp\/v2\/posts\/94504\/revisions\/94517"}],"wp:featuredmedia":[{"embeddable":true,"href":"https:\/\/infoecos.com.ar\/index.php\/wp-json\/wp\/v2\/media\/94506"}],"wp:attachment":[{"href":"https:\/\/infoecos.com.ar\/index.php\/wp-json\/wp\/v2\/media?parent=94504"}],"wp:term":[{"taxonomy":"category","embeddable":true,"href":"https:\/\/infoecos.com.ar\/index.php\/wp-json\/wp\/v2\/categories?post=94504"},{"taxonomy":"post_tag","embeddable":true,"href":"https:\/\/infoecos.com.ar\/index.php\/wp-json\/wp\/v2\/tags?post=94504"}],"curies":[{"name":"wp","href":"https:\/\/api.w.org\/{rel}","templated":true}]}}