{"id":94556,"date":"2022-07-18T02:09:27","date_gmt":"2022-07-18T05:09:27","guid":{"rendered":"http:\/\/infoecos.com.ar\/?p=94556"},"modified":"2022-07-18T02:09:28","modified_gmt":"2022-07-18T05:09:28","slug":"el-presidente-en-la-apertura-de-tecnopolis-el-futuro-esta-en-el-desarrollo-del-conocimiento","status":"publish","type":"post","link":"https:\/\/infoecos.com.ar\/index.php\/el-presidente-en-la-apertura-de-tecnopolis-el-futuro-esta-en-el-desarrollo-del-conocimiento\/","title":{"rendered":"El presidente en la apertura de Tecn\u00f3polis: \u00abel futuro est\u00e1 en el desarrollo del conocimiento\u00bb"},"content":{"rendered":"\n<p>El presidente Alberto Fern\u00e1ndez llam\u00f3 este domingo\u00a0a las familias a \u00abconocer en Tecn\u00f3polis todo lo que el Estado hace en materia de cultura, de educaci\u00f3n, de ciencia, de tecnolog\u00eda\u00bb\u00a0y asegur\u00f3 que \u00abel futuro del pa\u00eds est\u00e1 en el desarrollo del conocimiento\u00bb, al participar en la reapertura de la megamuestra que disfrutaron m\u00e1s de 52 mil personas.<\/p>\n\n\n\n<figure class=\"wp-block-image aligncenter size-full\"><img loading=\"lazy\" decoding=\"async\" width=\"900\" height=\"506\" src=\"http:\/\/infoecos.com.ar\/wp-content\/uploads\/2022\/07\/fernandeztecnopolis.jpg\" alt=\"\" class=\"wp-image-94557\" srcset=\"https:\/\/infoecos.com.ar\/wp-content\/uploads\/2022\/07\/fernandeztecnopolis.jpg 900w, https:\/\/infoecos.com.ar\/wp-content\/uploads\/2022\/07\/fernandeztecnopolis-460x259.jpg 460w, https:\/\/infoecos.com.ar\/wp-content\/uploads\/2022\/07\/fernandeztecnopolis-768x432.jpg 768w\" sizes=\"(max-width: 900px) 100vw, 900px\" \/><\/figure>\n\n\n\n<p>\u00abVienen unos d\u00edas de vacaciones de invierno donde yo quiero que esto se llene de familias que vengan a conocer en Tecn\u00f3polis todo lo que el Estado hace en materia de cultura, en materia de educaci\u00f3n, en ciencia y tecnolog\u00eda\u00bb, dijo el primer mandatario cuya presencia no formaba parte inicial de la grilla de autoridades confirmadas y que sorprendi\u00f3 a los presentes recorriendo por m\u00e1s de una hora el predio de Villa Martelli y haciendo numerosos altos para sacarse fotos y saludar a la gente.<\/p>\n\n\n\n<p>Fern\u00e1ndez destac\u00f3 que cuando Argentina invierte en estos sectores \u00ablo hace convencido de que estamos invirtiendo en el futuro del pa\u00eds\u00bb, siendo Tecn\u00f3polis una oportunidad para poder comprobarlo de una manera l\u00fadica y divertida.<\/p>\n\n\n\n<p>Fern\u00e1ndez comparti\u00f3 el acto junto a los ministros de Ciencia y Tecnolog\u00eda, Daniel Filmus, de Educaci\u00f3n, Jaime Perczyk; de Cultura, Trist\u00e1n Bauer; de Mujeres, G\u00e9neros y Diuversidad, Elizabeth G\u00f3mez Alcorta y la secretaria Legal y T\u00e9cnica, Vilma Ibarra.<\/p>\n\n\n\n<p><\/p>\n","protected":false},"excerpt":{"rendered":"<p>Fern\u00e1ndez destac\u00f3 que cuando Argentina invierte en estos sectores \u00ablo hace convencido de que estamos invirtiendo en el futuro del pa\u00eds\u00bb<\/p>\n","protected":false},"author":2,"featured_media":94557,"comment_status":"closed","ping_status":"open","sticky":false,"template":"","format":"standard","meta":{"footnotes":""},"categories":[50],"tags":[6313],"class_list":["post-94556","post","type-post","status-publish","format-standard","has-post-thumbnail","hentry","category-c1nota4","tag-mas-de-52-mil-personas"],"yoast_head":"<!-- This site is optimized with the Yoast SEO plugin v23.4 - https:\/\/yoast.com\/wordpress\/plugins\/seo\/ -->\n<title>El presidente en la apertura de Tecn\u00f3polis: &quot;el futuro est\u00e1 en el desarrollo del conocimiento&quot; - Infoecos<\/title>\n<meta name=\"robots\" content=\"index, follow, max-snippet:-1, max-image-preview:large, max-video-preview:-1\" \/>\n<link rel=\"canonical\" href=\"https:\/\/infoecos.com.ar\/index.php\/el-presidente-en-la-apertura-de-tecnopolis-el-futuro-esta-en-el-desarrollo-del-conocimiento\/\" \/>\n<meta property=\"og:locale\" content=\"es_ES\" \/>\n<meta property=\"og:type\" content=\"article\" \/>\n<meta property=\"og:title\" content=\"El presidente en la apertura de Tecn\u00f3polis: &quot;el futuro est\u00e1 en el desarrollo del conocimiento&quot; - Infoecos\" \/>\n<meta property=\"og:description\" content=\"Fern\u00e1ndez destac\u00f3 que cuando Argentina invierte en estos sectores &quot;lo hace convencido de que estamos invirtiendo en el futuro del pa\u00eds&quot;\" \/>\n<meta property=\"og:url\" content=\"https:\/\/infoecos.com.ar\/index.php\/el-presidente-en-la-apertura-de-tecnopolis-el-futuro-esta-en-el-desarrollo-del-conocimiento\/\" \/>\n<meta property=\"og:site_name\" content=\"Infoecos\" \/>\n<meta property=\"article:publisher\" content=\"https:\/\/www.facebook.com\/profile.php?id=100063200290284\" \/>\n<meta property=\"article:published_time\" content=\"2022-07-18T05:09:27+00:00\" \/>\n<meta property=\"article:modified_time\" content=\"2022-07-18T05:09:28+00:00\" \/>\n<meta property=\"og:image\" content=\"https:\/\/infoecos.com.ar\/wp-content\/uploads\/2022\/07\/fernandeztecnopolis.jpg\" \/>\n\t<meta property=\"og:image:width\" content=\"900\" \/>\n\t<meta property=\"og:image:height\" content=\"506\" \/>\n\t<meta property=\"og:image:type\" content=\"image\/jpeg\" \/>\n<meta name=\"author\" content=\"Jorge Matheus\" \/>\n<meta name=\"twitter:card\" content=\"summary_large_image\" \/>\n<meta name=\"twitter:creator\" content=\"@infoecos\" \/>\n<meta name=\"twitter:site\" content=\"@infoecos\" \/>\n<meta name=\"twitter:label1\" content=\"Escrito por\" \/>\n\t<meta name=\"twitter:data1\" content=\"Jorge Matheus\" \/>\n\t<meta name=\"twitter:label2\" content=\"Tiempo de lectura\" \/>\n\t<meta name=\"twitter:data2\" content=\"1 minuto\" \/>\n<script type=\"application\/ld+json\" class=\"yoast-schema-graph\">{\"@context\":\"https:\/\/schema.org\",\"@graph\":[{\"@type\":\"Article\",\"@id\":\"https:\/\/infoecos.com.ar\/index.php\/el-presidente-en-la-apertura-de-tecnopolis-el-futuro-esta-en-el-desarrollo-del-conocimiento\/#article\",\"isPartOf\":{\"@id\":\"https:\/\/infoecos.com.ar\/index.php\/el-presidente-en-la-apertura-de-tecnopolis-el-futuro-esta-en-el-desarrollo-del-conocimiento\/\"},\"author\":{\"name\":\"Jorge Matheus\",\"@id\":\"https:\/\/infoecos.com.ar\/#\/schema\/person\/8f5ace5ce73b4b4aac4b7245aee6f191\"},\"headline\":\"El presidente en la apertura de Tecn\u00f3polis: \u00abel futuro est\u00e1 en el desarrollo del conocimiento\u00bb\",\"datePublished\":\"2022-07-18T05:09:27+00:00\",\"dateModified\":\"2022-07-18T05:09:28+00:00\",\"mainEntityOfPage\":{\"@id\":\"https:\/\/infoecos.com.ar\/index.php\/el-presidente-en-la-apertura-de-tecnopolis-el-futuro-esta-en-el-desarrollo-del-conocimiento\/\"},\"wordCount\":252,\"publisher\":{\"@id\":\"https:\/\/infoecos.com.ar\/#organization\"},\"image\":{\"@id\":\"https:\/\/infoecos.com.ar\/index.php\/el-presidente-en-la-apertura-de-tecnopolis-el-futuro-esta-en-el-desarrollo-del-conocimiento\/#primaryimage\"},\"thumbnailUrl\":\"https:\/\/infoecos.com.ar\/wp-content\/uploads\/2022\/07\/fernandeztecnopolis.jpg\",\"keywords\":[\"M\u00c1S DE 52 MIL PERSONAS\"],\"articleSection\":[\"C1 N4\"],\"inLanguage\":\"es\"},{\"@type\":\"WebPage\",\"@id\":\"https:\/\/infoecos.com.ar\/index.php\/el-presidente-en-la-apertura-de-tecnopolis-el-futuro-esta-en-el-desarrollo-del-conocimiento\/\",\"url\":\"https:\/\/infoecos.com.ar\/index.php\/el-presidente-en-la-apertura-de-tecnopolis-el-futuro-esta-en-el-desarrollo-del-conocimiento\/\",\"name\":\"El presidente en la apertura de Tecn\u00f3polis: \\\"el futuro est\u00e1 en el desarrollo del conocimiento\\\" - Infoecos\",\"isPartOf\":{\"@id\":\"https:\/\/infoecos.com.ar\/#website\"},\"primaryImageOfPage\":{\"@id\":\"https:\/\/infoecos.com.ar\/index.php\/el-presidente-en-la-apertura-de-tecnopolis-el-futuro-esta-en-el-desarrollo-del-conocimiento\/#primaryimage\"},\"image\":{\"@id\":\"https:\/\/infoecos.com.ar\/index.php\/el-presidente-en-la-apertura-de-tecnopolis-el-futuro-esta-en-el-desarrollo-del-conocimiento\/#primaryimage\"},\"thumbnailUrl\":\"https:\/\/infoecos.com.ar\/wp-content\/uploads\/2022\/07\/fernandeztecnopolis.jpg\",\"datePublished\":\"2022-07-18T05:09:27+00:00\",\"dateModified\":\"2022-07-18T05:09:28+00:00\",\"breadcrumb\":{\"@id\":\"https:\/\/infoecos.com.ar\/index.php\/el-presidente-en-la-apertura-de-tecnopolis-el-futuro-esta-en-el-desarrollo-del-conocimiento\/#breadcrumb\"},\"inLanguage\":\"es\",\"potentialAction\":[{\"@type\":\"ReadAction\",\"target\":[\"https:\/\/infoecos.com.ar\/index.php\/el-presidente-en-la-apertura-de-tecnopolis-el-futuro-esta-en-el-desarrollo-del-conocimiento\/\"]}]},{\"@type\":\"ImageObject\",\"inLanguage\":\"es\",\"@id\":\"https:\/\/infoecos.com.ar\/index.php\/el-presidente-en-la-apertura-de-tecnopolis-el-futuro-esta-en-el-desarrollo-del-conocimiento\/#primaryimage\",\"url\":\"https:\/\/infoecos.com.ar\/wp-content\/uploads\/2022\/07\/fernandeztecnopolis.jpg\",\"contentUrl\":\"https:\/\/infoecos.com.ar\/wp-content\/uploads\/2022\/07\/fernandeztecnopolis.jpg\",\"width\":900,\"height\":506},{\"@type\":\"BreadcrumbList\",\"@id\":\"https:\/\/infoecos.com.ar\/index.php\/el-presidente-en-la-apertura-de-tecnopolis-el-futuro-esta-en-el-desarrollo-del-conocimiento\/#breadcrumb\",\"itemListElement\":[{\"@type\":\"ListItem\",\"position\":1,\"name\":\"Portada\",\"item\":\"https:\/\/infoecos.com.ar\/\"},{\"@type\":\"ListItem\",\"position\":2,\"name\":\"El presidente en la apertura de Tecn\u00f3polis: \u00abel futuro est\u00e1 en el desarrollo del conocimiento\u00bb\"}]},{\"@type\":\"WebSite\",\"@id\":\"https:\/\/infoecos.com.ar\/#website\",\"url\":\"https:\/\/infoecos.com.ar\/\",\"name\":\"Infoecos\",\"description\":\"Noticias de trenque lauquen y la zona\",\"publisher\":{\"@id\":\"https:\/\/infoecos.com.ar\/#organization\"},\"alternateName\":\"Noticias\",\"potentialAction\":[{\"@type\":\"SearchAction\",\"target\":{\"@type\":\"EntryPoint\",\"urlTemplate\":\"https:\/\/infoecos.com.ar\/?s={search_term_string}\"},\"query-input\":{\"@type\":\"PropertyValueSpecification\",\"valueRequired\":true,\"valueName\":\"search_term_string\"}}],\"inLanguage\":\"es\"},{\"@type\":\"Organization\",\"@id\":\"https:\/\/infoecos.com.ar\/#organization\",\"name\":\"Infoecos\",\"alternateName\":\"Noticias\",\"url\":\"https:\/\/infoecos.com.ar\/\",\"logo\":{\"@type\":\"ImageObject\",\"inLanguage\":\"es\",\"@id\":\"https:\/\/infoecos.com.ar\/#\/schema\/logo\/image\/\",\"url\":\"https:\/\/infoecos.com.ar\/wp-content\/uploads\/2024\/03\/cropped-logo.png\",\"contentUrl\":\"https:\/\/infoecos.com.ar\/wp-content\/uploads\/2024\/03\/cropped-logo.png\",\"width\":374,\"height\":90,\"caption\":\"Infoecos\"},\"image\":{\"@id\":\"https:\/\/infoecos.com.ar\/#\/schema\/logo\/image\/\"},\"sameAs\":[\"https:\/\/www.facebook.com\/profile.php?id=100063200290284\",\"https:\/\/x.com\/infoecos\"]},{\"@type\":\"Person\",\"@id\":\"https:\/\/infoecos.com.ar\/#\/schema\/person\/8f5ace5ce73b4b4aac4b7245aee6f191\",\"name\":\"Jorge Matheus\",\"url\":\"https:\/\/infoecos.com.ar\/index.php\/author\/jomatheus\/\"}]}<\/script>\n<!-- \/ Yoast SEO plugin. -->","yoast_head_json":{"title":"El presidente en la apertura de Tecn\u00f3polis: \"el futuro est\u00e1 en el desarrollo del conocimiento\" - Infoecos","robots":{"index":"index","follow":"follow","max-snippet":"max-snippet:-1","max-image-preview":"max-image-preview:large","max-video-preview":"max-video-preview:-1"},"canonical":"https:\/\/infoecos.com.ar\/index.php\/el-presidente-en-la-apertura-de-tecnopolis-el-futuro-esta-en-el-desarrollo-del-conocimiento\/","og_locale":"es_ES","og_type":"article","og_title":"El presidente en la apertura de Tecn\u00f3polis: \"el futuro est\u00e1 en el desarrollo del conocimiento\" - Infoecos","og_description":"Fern\u00e1ndez destac\u00f3 que cuando Argentina invierte en estos sectores \"lo hace convencido de que estamos invirtiendo en el futuro del pa\u00eds\"","og_url":"https:\/\/infoecos.com.ar\/index.php\/el-presidente-en-la-apertura-de-tecnopolis-el-futuro-esta-en-el-desarrollo-del-conocimiento\/","og_site_name":"Infoecos","article_publisher":"https:\/\/www.facebook.com\/profile.php?id=100063200290284","article_published_time":"2022-07-18T05:09:27+00:00","article_modified_time":"2022-07-18T05:09:28+00:00","og_image":[{"width":900,"height":506,"url":"https:\/\/infoecos.com.ar\/wp-content\/uploads\/2022\/07\/fernandeztecnopolis.jpg","type":"image\/jpeg"}],"author":"Jorge Matheus","twitter_card":"summary_large_image","twitter_creator":"@infoecos","twitter_site":"@infoecos","twitter_misc":{"Escrito por":"Jorge Matheus","Tiempo de lectura":"1 minuto"},"schema":{"@context":"https:\/\/schema.org","@graph":[{"@type":"Article","@id":"https:\/\/infoecos.com.ar\/index.php\/el-presidente-en-la-apertura-de-tecnopolis-el-futuro-esta-en-el-desarrollo-del-conocimiento\/#article","isPartOf":{"@id":"https:\/\/infoecos.com.ar\/index.php\/el-presidente-en-la-apertura-de-tecnopolis-el-futuro-esta-en-el-desarrollo-del-conocimiento\/"},"author":{"name":"Jorge Matheus","@id":"https:\/\/infoecos.com.ar\/#\/schema\/person\/8f5ace5ce73b4b4aac4b7245aee6f191"},"headline":"El presidente en la apertura de Tecn\u00f3polis: \u00abel futuro est\u00e1 en el desarrollo del conocimiento\u00bb","datePublished":"2022-07-18T05:09:27+00:00","dateModified":"2022-07-18T05:09:28+00:00","mainEntityOfPage":{"@id":"https:\/\/infoecos.com.ar\/index.php\/el-presidente-en-la-apertura-de-tecnopolis-el-futuro-esta-en-el-desarrollo-del-conocimiento\/"},"wordCount":252,"publisher":{"@id":"https:\/\/infoecos.com.ar\/#organization"},"image":{"@id":"https:\/\/infoecos.com.ar\/index.php\/el-presidente-en-la-apertura-de-tecnopolis-el-futuro-esta-en-el-desarrollo-del-conocimiento\/#primaryimage"},"thumbnailUrl":"https:\/\/infoecos.com.ar\/wp-content\/uploads\/2022\/07\/fernandeztecnopolis.jpg","keywords":["M\u00c1S DE 52 MIL PERSONAS"],"articleSection":["C1 N4"],"inLanguage":"es"},{"@type":"WebPage","@id":"https:\/\/infoecos.com.ar\/index.php\/el-presidente-en-la-apertura-de-tecnopolis-el-futuro-esta-en-el-desarrollo-del-conocimiento\/","url":"https:\/\/infoecos.com.ar\/index.php\/el-presidente-en-la-apertura-de-tecnopolis-el-futuro-esta-en-el-desarrollo-del-conocimiento\/","name":"El presidente en la apertura de Tecn\u00f3polis: \"el futuro est\u00e1 en el desarrollo del conocimiento\" - Infoecos","isPartOf":{"@id":"https:\/\/infoecos.com.ar\/#website"},"primaryImageOfPage":{"@id":"https:\/\/infoecos.com.ar\/index.php\/el-presidente-en-la-apertura-de-tecnopolis-el-futuro-esta-en-el-desarrollo-del-conocimiento\/#primaryimage"},"image":{"@id":"https:\/\/infoecos.com.ar\/index.php\/el-presidente-en-la-apertura-de-tecnopolis-el-futuro-esta-en-el-desarrollo-del-conocimiento\/#primaryimage"},"thumbnailUrl":"https:\/\/infoecos.com.ar\/wp-content\/uploads\/2022\/07\/fernandeztecnopolis.jpg","datePublished":"2022-07-18T05:09:27+00:00","dateModified":"2022-07-18T05:09:28+00:00","breadcrumb":{"@id":"https:\/\/infoecos.com.ar\/index.php\/el-presidente-en-la-apertura-de-tecnopolis-el-futuro-esta-en-el-desarrollo-del-conocimiento\/#breadcrumb"},"inLanguage":"es","potentialAction":[{"@type":"ReadAction","target":["https:\/\/infoecos.com.ar\/index.php\/el-presidente-en-la-apertura-de-tecnopolis-el-futuro-esta-en-el-desarrollo-del-conocimiento\/"]}]},{"@type":"ImageObject","inLanguage":"es","@id":"https:\/\/infoecos.com.ar\/index.php\/el-presidente-en-la-apertura-de-tecnopolis-el-futuro-esta-en-el-desarrollo-del-conocimiento\/#primaryimage","url":"https:\/\/infoecos.com.ar\/wp-content\/uploads\/2022\/07\/fernandeztecnopolis.jpg","contentUrl":"https:\/\/infoecos.com.ar\/wp-content\/uploads\/2022\/07\/fernandeztecnopolis.jpg","width":900,"height":506},{"@type":"BreadcrumbList","@id":"https:\/\/infoecos.com.ar\/index.php\/el-presidente-en-la-apertura-de-tecnopolis-el-futuro-esta-en-el-desarrollo-del-conocimiento\/#breadcrumb","itemListElement":[{"@type":"ListItem","position":1,"name":"Portada","item":"https:\/\/infoecos.com.ar\/"},{"@type":"ListItem","position":2,"name":"El presidente en la apertura de Tecn\u00f3polis: \u00abel futuro est\u00e1 en el desarrollo del conocimiento\u00bb"}]},{"@type":"WebSite","@id":"https:\/\/infoecos.com.ar\/#website","url":"https:\/\/infoecos.com.ar\/","name":"Infoecos","description":"Noticias de trenque lauquen y la zona","publisher":{"@id":"https:\/\/infoecos.com.ar\/#organization"},"alternateName":"Noticias","potentialAction":[{"@type":"SearchAction","target":{"@type":"EntryPoint","urlTemplate":"https:\/\/infoecos.com.ar\/?s={search_term_string}"},"query-input":{"@type":"PropertyValueSpecification","valueRequired":true,"valueName":"search_term_string"}}],"inLanguage":"es"},{"@type":"Organization","@id":"https:\/\/infoecos.com.ar\/#organization","name":"Infoecos","alternateName":"Noticias","url":"https:\/\/infoecos.com.ar\/","logo":{"@type":"ImageObject","inLanguage":"es","@id":"https:\/\/infoecos.com.ar\/#\/schema\/logo\/image\/","url":"https:\/\/infoecos.com.ar\/wp-content\/uploads\/2024\/03\/cropped-logo.png","contentUrl":"https:\/\/infoecos.com.ar\/wp-content\/uploads\/2024\/03\/cropped-logo.png","width":374,"height":90,"caption":"Infoecos"},"image":{"@id":"https:\/\/infoecos.com.ar\/#\/schema\/logo\/image\/"},"sameAs":["https:\/\/www.facebook.com\/profile.php?id=100063200290284","https:\/\/x.com\/infoecos"]},{"@type":"Person","@id":"https:\/\/infoecos.com.ar\/#\/schema\/person\/8f5ace5ce73b4b4aac4b7245aee6f191","name":"Jorge Matheus","url":"https:\/\/infoecos.com.ar\/index.php\/author\/jomatheus\/"}]}},"featured_image_urls":{"full":["https:\/\/infoecos.com.ar\/wp-content\/uploads\/2022\/07\/fernandeztecnopolis.jpg",900,506,false],"thumbnail":["https:\/\/infoecos.com.ar\/wp-content\/uploads\/2022\/07\/fernandeztecnopolis-150x150.jpg",150,150,true],"medium":["https:\/\/infoecos.com.ar\/wp-content\/uploads\/2022\/07\/fernandeztecnopolis-460x259.jpg",460,259,true],"medium_large":["https:\/\/infoecos.com.ar\/wp-content\/uploads\/2022\/07\/fernandeztecnopolis-768x432.jpg",640,360,true],"large":["https:\/\/infoecos.com.ar\/wp-content\/uploads\/2022\/07\/fernandeztecnopolis.jpg",640,360,false],"1536x1536":["https:\/\/infoecos.com.ar\/wp-content\/uploads\/2022\/07\/fernandeztecnopolis.jpg",900,506,false],"2048x2048":["https:\/\/infoecos.com.ar\/wp-content\/uploads\/2022\/07\/fernandeztecnopolis.jpg",900,506,false],"covernews-slider-full":["https:\/\/infoecos.com.ar\/wp-content\/uploads\/2022\/07\/fernandeztecnopolis.jpg",900,506,false],"covernews-slider-center":["https:\/\/infoecos.com.ar\/wp-content\/uploads\/2022\/07\/fernandeztecnopolis.jpg",800,450,false],"covernews-featured":["https:\/\/infoecos.com.ar\/wp-content\/uploads\/2022\/07\/fernandeztecnopolis.jpg",900,506,false],"covernews-medium":["https:\/\/infoecos.com.ar\/wp-content\/uploads\/2022\/07\/fernandeztecnopolis-720x380.jpg",540,285,true],"covernews-medium-square":["https:\/\/infoecos.com.ar\/wp-content\/uploads\/2022\/07\/fernandeztecnopolis-675x450.jpg",375,250,true]},"author_info":{"info":["Jorge Matheus"]},"category_info":"<a href=\"https:\/\/infoecos.com.ar\/index.php\/category\/c1nota4\/\" rel=\"category tag\">C1 N4<\/a>","tag_info":"C1 N4","comment_count":"0","_links":{"self":[{"href":"https:\/\/infoecos.com.ar\/index.php\/wp-json\/wp\/v2\/posts\/94556"}],"collection":[{"href":"https:\/\/infoecos.com.ar\/index.php\/wp-json\/wp\/v2\/posts"}],"about":[{"href":"https:\/\/infoecos.com.ar\/index.php\/wp-json\/wp\/v2\/types\/post"}],"author":[{"embeddable":true,"href":"https:\/\/infoecos.com.ar\/index.php\/wp-json\/wp\/v2\/users\/2"}],"replies":[{"embeddable":true,"href":"https:\/\/infoecos.com.ar\/index.php\/wp-json\/wp\/v2\/comments?post=94556"}],"version-history":[{"count":1,"href":"https:\/\/infoecos.com.ar\/index.php\/wp-json\/wp\/v2\/posts\/94556\/revisions"}],"predecessor-version":[{"id":94558,"href":"https:\/\/infoecos.com.ar\/index.php\/wp-json\/wp\/v2\/posts\/94556\/revisions\/94558"}],"wp:featuredmedia":[{"embeddable":true,"href":"https:\/\/infoecos.com.ar\/index.php\/wp-json\/wp\/v2\/media\/94557"}],"wp:attachment":[{"href":"https:\/\/infoecos.com.ar\/index.php\/wp-json\/wp\/v2\/media?parent=94556"}],"wp:term":[{"taxonomy":"category","embeddable":true,"href":"https:\/\/infoecos.com.ar\/index.php\/wp-json\/wp\/v2\/categories?post=94556"},{"taxonomy":"post_tag","embeddable":true,"href":"https:\/\/infoecos.com.ar\/index.php\/wp-json\/wp\/v2\/tags?post=94556"}],"curies":[{"name":"wp","href":"https:\/\/api.w.org\/{rel}","templated":true}]}}