{"id":94581,"date":"2022-07-18T14:55:28","date_gmt":"2022-07-18T17:55:28","guid":{"rendered":"http:\/\/infoecos.com.ar\/?p=94581"},"modified":"2022-07-19T17:57:56","modified_gmt":"2022-07-19T20:57:56","slug":"que-le-recordo-diego-rodriguez-de-huracan-de-tejedor-a-elias-saibene-de-estudiantes-pehuajo","status":"publish","type":"post","link":"https:\/\/infoecos.com.ar\/index.php\/que-le-recordo-diego-rodriguez-de-huracan-de-tejedor-a-elias-saibene-de-estudiantes-pehuajo\/","title":{"rendered":"Que le record\u00f3 Diego Rodr\u00edguez de Hurac\u00e1n de Tejedor a El\u00edas Saibene de Estudiantes Pehuaj\u00f3"},"content":{"rendered":"\n<p>El futbolista El\u00edas Saibene (26 a\u00f1os) el pasado 18 de enero tuvo un accidente en ruta nacional n\u00famero 5, en el kil\u00f3metro 371. Conduc\u00eda una pick Toyota Hilux en la que viajaban dos pasajeros m\u00e1s. Una mujer de 30 a\u00f1os y una beb\u00e9 de 7 meses. Esta \u00faltima, producto de la colisi\u00f3n dej\u00f3 de existir. Era la hija de conocido vecino del distrito. Este hecho fue el recordado e incluso se dice con dur\u00edsimos ep\u00edtetos por Rodr\u00edguez, jugador de Hurac\u00e1n, al t\u00e9rmino del partido disputado este domingo. Trascendi\u00f3 que el agresor verbal se desempe\u00f1ar\u00eda, fuera de la actividad deportiva, como miembro de la Polic\u00eda de la provincia de Buenos Aires. <\/p>\n\n\n\n<figure class=\"wp-block-image size-large\"><img loading=\"lazy\" decoding=\"async\" width=\"827\" height=\"920\" src=\"http:\/\/infoecos.com.ar\/wp-content\/uploads\/2022\/07\/saibene1-827x920.jpg\" alt=\"\" class=\"wp-image-94582\" srcset=\"https:\/\/infoecos.com.ar\/wp-content\/uploads\/2022\/07\/saibene1-827x920.jpg 827w, https:\/\/infoecos.com.ar\/wp-content\/uploads\/2022\/07\/saibene1-414x460.jpg 414w, https:\/\/infoecos.com.ar\/wp-content\/uploads\/2022\/07\/saibene1-768x854.jpg 768w, https:\/\/infoecos.com.ar\/wp-content\/uploads\/2022\/07\/saibene1.jpg 863w\" sizes=\"(max-width: 827px) 100vw, 827px\" \/><figcaption>Saibene, El\u00edas<\/figcaption><\/figure>\n\n\n\n<p>El accidente al que se hace menci\u00f3n en esta nota tuvo tambi\u00e9n como protagonista a un transportista oriundo de Am\u00e9rica que conduc\u00eda un Fiat Iveco. <\/p>\n\n\n\n<p>El hecho fue caratulado como Homicidio y Lesiones Graves Culposas a cargo de la UFI 8 del Departamento Judicial de Trenque Lauquen con asiento en Pehuaj\u00f3.<\/p>\n\n\n\n<p>El\u00edas Saibene en ese grave suceso sufri\u00f3 algunos golpes y lastimaduras, de las que se recuper\u00f3 bien. En tanto Yasm\u00edn Gonz\u00e1lez que viajaba con \u00e9l fue asistida en la unidad de cuidados intensivos del Hospital de Pehuaj\u00f3.<\/p>\n\n\n\n<p><\/p>\n","protected":false},"excerpt":{"rendered":"<p>Trascendi\u00f3 que el agresor verbal se desempe\u00f1ar\u00eda, fuera de la actividad deportiva, como miembro de la Polic\u00eda de la provincia de Buenos Aires<\/p>\n","protected":false},"author":2,"featured_media":94584,"comment_status":"closed","ping_status":"open","sticky":false,"template":"","format":"standard","meta":{"footnotes":""},"categories":[41],"tags":[6318],"class_list":["post-94581","post","type-post","status-publish","format-standard","has-post-thumbnail","hentry","category-inferior2","tag-revuelo-por-agresion-verbal"],"yoast_head":"<!-- This site is optimized with the Yoast SEO plugin v23.4 - https:\/\/yoast.com\/wordpress\/plugins\/seo\/ -->\n<title>Que le record\u00f3 Diego Rodr\u00edguez de Hurac\u00e1n de Tejedor a El\u00edas Saibene de Estudiantes Pehuaj\u00f3 - Infoecos<\/title>\n<meta name=\"robots\" content=\"index, follow, max-snippet:-1, max-image-preview:large, max-video-preview:-1\" \/>\n<link rel=\"canonical\" href=\"https:\/\/infoecos.com.ar\/index.php\/que-le-recordo-diego-rodriguez-de-huracan-de-tejedor-a-elias-saibene-de-estudiantes-pehuajo\/\" \/>\n<meta property=\"og:locale\" content=\"es_ES\" \/>\n<meta property=\"og:type\" content=\"article\" \/>\n<meta property=\"og:title\" content=\"Que le record\u00f3 Diego Rodr\u00edguez de Hurac\u00e1n de Tejedor a El\u00edas Saibene de Estudiantes Pehuaj\u00f3 - Infoecos\" \/>\n<meta property=\"og:description\" content=\"Trascendi\u00f3 que el agresor verbal se desempe\u00f1ar\u00eda, fuera de la actividad deportiva, como miembro de la Polic\u00eda de la provincia de Buenos Aires\" \/>\n<meta property=\"og:url\" content=\"https:\/\/infoecos.com.ar\/index.php\/que-le-recordo-diego-rodriguez-de-huracan-de-tejedor-a-elias-saibene-de-estudiantes-pehuajo\/\" \/>\n<meta property=\"og:site_name\" content=\"Infoecos\" \/>\n<meta property=\"article:publisher\" content=\"https:\/\/www.facebook.com\/profile.php?id=100063200290284\" \/>\n<meta property=\"article:published_time\" content=\"2022-07-18T17:55:28+00:00\" \/>\n<meta property=\"article:modified_time\" content=\"2022-07-19T20:57:56+00:00\" \/>\n<meta property=\"og:image\" content=\"https:\/\/infoecos.com.ar\/wp-content\/uploads\/2022\/07\/DSCF3821.jpg\" \/>\n\t<meta property=\"og:image:width\" content=\"559\" \/>\n\t<meta property=\"og:image:height\" content=\"426\" \/>\n\t<meta property=\"og:image:type\" content=\"image\/jpeg\" \/>\n<meta name=\"author\" content=\"Jorge Matheus\" \/>\n<meta name=\"twitter:card\" content=\"summary_large_image\" \/>\n<meta name=\"twitter:creator\" content=\"@infoecos\" \/>\n<meta name=\"twitter:site\" content=\"@infoecos\" \/>\n<meta name=\"twitter:label1\" content=\"Escrito por\" \/>\n\t<meta name=\"twitter:data1\" content=\"Jorge Matheus\" \/>\n\t<meta name=\"twitter:label2\" content=\"Tiempo de lectura\" \/>\n\t<meta name=\"twitter:data2\" content=\"1 minuto\" \/>\n<script type=\"application\/ld+json\" class=\"yoast-schema-graph\">{\"@context\":\"https:\/\/schema.org\",\"@graph\":[{\"@type\":\"Article\",\"@id\":\"https:\/\/infoecos.com.ar\/index.php\/que-le-recordo-diego-rodriguez-de-huracan-de-tejedor-a-elias-saibene-de-estudiantes-pehuajo\/#article\",\"isPartOf\":{\"@id\":\"https:\/\/infoecos.com.ar\/index.php\/que-le-recordo-diego-rodriguez-de-huracan-de-tejedor-a-elias-saibene-de-estudiantes-pehuajo\/\"},\"author\":{\"name\":\"Jorge Matheus\",\"@id\":\"https:\/\/infoecos.com.ar\/#\/schema\/person\/8f5ace5ce73b4b4aac4b7245aee6f191\"},\"headline\":\"Que le record\u00f3 Diego Rodr\u00edguez de Hurac\u00e1n de Tejedor a El\u00edas Saibene de Estudiantes Pehuaj\u00f3\",\"datePublished\":\"2022-07-18T17:55:28+00:00\",\"dateModified\":\"2022-07-19T20:57:56+00:00\",\"mainEntityOfPage\":{\"@id\":\"https:\/\/infoecos.com.ar\/index.php\/que-le-recordo-diego-rodriguez-de-huracan-de-tejedor-a-elias-saibene-de-estudiantes-pehuajo\/\"},\"wordCount\":235,\"publisher\":{\"@id\":\"https:\/\/infoecos.com.ar\/#organization\"},\"image\":{\"@id\":\"https:\/\/infoecos.com.ar\/index.php\/que-le-recordo-diego-rodriguez-de-huracan-de-tejedor-a-elias-saibene-de-estudiantes-pehuajo\/#primaryimage\"},\"thumbnailUrl\":\"https:\/\/infoecos.com.ar\/wp-content\/uploads\/2022\/07\/DSCF3821.jpg\",\"keywords\":[\"REVUELO POR AGRESI\u00d3N VERBAL\"],\"articleSection\":[\"Bloque inferior - 2\"],\"inLanguage\":\"es\"},{\"@type\":\"WebPage\",\"@id\":\"https:\/\/infoecos.com.ar\/index.php\/que-le-recordo-diego-rodriguez-de-huracan-de-tejedor-a-elias-saibene-de-estudiantes-pehuajo\/\",\"url\":\"https:\/\/infoecos.com.ar\/index.php\/que-le-recordo-diego-rodriguez-de-huracan-de-tejedor-a-elias-saibene-de-estudiantes-pehuajo\/\",\"name\":\"Que le record\u00f3 Diego Rodr\u00edguez de Hurac\u00e1n de Tejedor a El\u00edas Saibene de Estudiantes Pehuaj\u00f3 - Infoecos\",\"isPartOf\":{\"@id\":\"https:\/\/infoecos.com.ar\/#website\"},\"primaryImageOfPage\":{\"@id\":\"https:\/\/infoecos.com.ar\/index.php\/que-le-recordo-diego-rodriguez-de-huracan-de-tejedor-a-elias-saibene-de-estudiantes-pehuajo\/#primaryimage\"},\"image\":{\"@id\":\"https:\/\/infoecos.com.ar\/index.php\/que-le-recordo-diego-rodriguez-de-huracan-de-tejedor-a-elias-saibene-de-estudiantes-pehuajo\/#primaryimage\"},\"thumbnailUrl\":\"https:\/\/infoecos.com.ar\/wp-content\/uploads\/2022\/07\/DSCF3821.jpg\",\"datePublished\":\"2022-07-18T17:55:28+00:00\",\"dateModified\":\"2022-07-19T20:57:56+00:00\",\"breadcrumb\":{\"@id\":\"https:\/\/infoecos.com.ar\/index.php\/que-le-recordo-diego-rodriguez-de-huracan-de-tejedor-a-elias-saibene-de-estudiantes-pehuajo\/#breadcrumb\"},\"inLanguage\":\"es\",\"potentialAction\":[{\"@type\":\"ReadAction\",\"target\":[\"https:\/\/infoecos.com.ar\/index.php\/que-le-recordo-diego-rodriguez-de-huracan-de-tejedor-a-elias-saibene-de-estudiantes-pehuajo\/\"]}]},{\"@type\":\"ImageObject\",\"inLanguage\":\"es\",\"@id\":\"https:\/\/infoecos.com.ar\/index.php\/que-le-recordo-diego-rodriguez-de-huracan-de-tejedor-a-elias-saibene-de-estudiantes-pehuajo\/#primaryimage\",\"url\":\"https:\/\/infoecos.com.ar\/wp-content\/uploads\/2022\/07\/DSCF3821.jpg\",\"contentUrl\":\"https:\/\/infoecos.com.ar\/wp-content\/uploads\/2022\/07\/DSCF3821.jpg\",\"width\":559,\"height\":426},{\"@type\":\"BreadcrumbList\",\"@id\":\"https:\/\/infoecos.com.ar\/index.php\/que-le-recordo-diego-rodriguez-de-huracan-de-tejedor-a-elias-saibene-de-estudiantes-pehuajo\/#breadcrumb\",\"itemListElement\":[{\"@type\":\"ListItem\",\"position\":1,\"name\":\"Portada\",\"item\":\"https:\/\/infoecos.com.ar\/\"},{\"@type\":\"ListItem\",\"position\":2,\"name\":\"Que le record\u00f3 Diego Rodr\u00edguez de Hurac\u00e1n de Tejedor a El\u00edas Saibene de Estudiantes Pehuaj\u00f3\"}]},{\"@type\":\"WebSite\",\"@id\":\"https:\/\/infoecos.com.ar\/#website\",\"url\":\"https:\/\/infoecos.com.ar\/\",\"name\":\"Infoecos\",\"description\":\"Noticias de trenque lauquen y la zona\",\"publisher\":{\"@id\":\"https:\/\/infoecos.com.ar\/#organization\"},\"alternateName\":\"Noticias\",\"potentialAction\":[{\"@type\":\"SearchAction\",\"target\":{\"@type\":\"EntryPoint\",\"urlTemplate\":\"https:\/\/infoecos.com.ar\/?s={search_term_string}\"},\"query-input\":{\"@type\":\"PropertyValueSpecification\",\"valueRequired\":true,\"valueName\":\"search_term_string\"}}],\"inLanguage\":\"es\"},{\"@type\":\"Organization\",\"@id\":\"https:\/\/infoecos.com.ar\/#organization\",\"name\":\"Infoecos\",\"alternateName\":\"Noticias\",\"url\":\"https:\/\/infoecos.com.ar\/\",\"logo\":{\"@type\":\"ImageObject\",\"inLanguage\":\"es\",\"@id\":\"https:\/\/infoecos.com.ar\/#\/schema\/logo\/image\/\",\"url\":\"https:\/\/infoecos.com.ar\/wp-content\/uploads\/2024\/03\/cropped-logo.png\",\"contentUrl\":\"https:\/\/infoecos.com.ar\/wp-content\/uploads\/2024\/03\/cropped-logo.png\",\"width\":374,\"height\":90,\"caption\":\"Infoecos\"},\"image\":{\"@id\":\"https:\/\/infoecos.com.ar\/#\/schema\/logo\/image\/\"},\"sameAs\":[\"https:\/\/www.facebook.com\/profile.php?id=100063200290284\",\"https:\/\/x.com\/infoecos\"]},{\"@type\":\"Person\",\"@id\":\"https:\/\/infoecos.com.ar\/#\/schema\/person\/8f5ace5ce73b4b4aac4b7245aee6f191\",\"name\":\"Jorge Matheus\",\"url\":\"https:\/\/infoecos.com.ar\/index.php\/author\/jomatheus\/\"}]}<\/script>\n<!-- \/ Yoast SEO plugin. -->","yoast_head_json":{"title":"Que le record\u00f3 Diego Rodr\u00edguez de Hurac\u00e1n de Tejedor a El\u00edas Saibene de Estudiantes Pehuaj\u00f3 - Infoecos","robots":{"index":"index","follow":"follow","max-snippet":"max-snippet:-1","max-image-preview":"max-image-preview:large","max-video-preview":"max-video-preview:-1"},"canonical":"https:\/\/infoecos.com.ar\/index.php\/que-le-recordo-diego-rodriguez-de-huracan-de-tejedor-a-elias-saibene-de-estudiantes-pehuajo\/","og_locale":"es_ES","og_type":"article","og_title":"Que le record\u00f3 Diego Rodr\u00edguez de Hurac\u00e1n de Tejedor a El\u00edas Saibene de Estudiantes Pehuaj\u00f3 - Infoecos","og_description":"Trascendi\u00f3 que el agresor verbal se desempe\u00f1ar\u00eda, fuera de la actividad deportiva, como miembro de la Polic\u00eda de la provincia de Buenos Aires","og_url":"https:\/\/infoecos.com.ar\/index.php\/que-le-recordo-diego-rodriguez-de-huracan-de-tejedor-a-elias-saibene-de-estudiantes-pehuajo\/","og_site_name":"Infoecos","article_publisher":"https:\/\/www.facebook.com\/profile.php?id=100063200290284","article_published_time":"2022-07-18T17:55:28+00:00","article_modified_time":"2022-07-19T20:57:56+00:00","og_image":[{"width":559,"height":426,"url":"https:\/\/infoecos.com.ar\/wp-content\/uploads\/2022\/07\/DSCF3821.jpg","type":"image\/jpeg"}],"author":"Jorge Matheus","twitter_card":"summary_large_image","twitter_creator":"@infoecos","twitter_site":"@infoecos","twitter_misc":{"Escrito por":"Jorge Matheus","Tiempo de lectura":"1 minuto"},"schema":{"@context":"https:\/\/schema.org","@graph":[{"@type":"Article","@id":"https:\/\/infoecos.com.ar\/index.php\/que-le-recordo-diego-rodriguez-de-huracan-de-tejedor-a-elias-saibene-de-estudiantes-pehuajo\/#article","isPartOf":{"@id":"https:\/\/infoecos.com.ar\/index.php\/que-le-recordo-diego-rodriguez-de-huracan-de-tejedor-a-elias-saibene-de-estudiantes-pehuajo\/"},"author":{"name":"Jorge Matheus","@id":"https:\/\/infoecos.com.ar\/#\/schema\/person\/8f5ace5ce73b4b4aac4b7245aee6f191"},"headline":"Que le record\u00f3 Diego Rodr\u00edguez de Hurac\u00e1n de Tejedor a El\u00edas Saibene de Estudiantes Pehuaj\u00f3","datePublished":"2022-07-18T17:55:28+00:00","dateModified":"2022-07-19T20:57:56+00:00","mainEntityOfPage":{"@id":"https:\/\/infoecos.com.ar\/index.php\/que-le-recordo-diego-rodriguez-de-huracan-de-tejedor-a-elias-saibene-de-estudiantes-pehuajo\/"},"wordCount":235,"publisher":{"@id":"https:\/\/infoecos.com.ar\/#organization"},"image":{"@id":"https:\/\/infoecos.com.ar\/index.php\/que-le-recordo-diego-rodriguez-de-huracan-de-tejedor-a-elias-saibene-de-estudiantes-pehuajo\/#primaryimage"},"thumbnailUrl":"https:\/\/infoecos.com.ar\/wp-content\/uploads\/2022\/07\/DSCF3821.jpg","keywords":["REVUELO POR AGRESI\u00d3N VERBAL"],"articleSection":["Bloque inferior - 2"],"inLanguage":"es"},{"@type":"WebPage","@id":"https:\/\/infoecos.com.ar\/index.php\/que-le-recordo-diego-rodriguez-de-huracan-de-tejedor-a-elias-saibene-de-estudiantes-pehuajo\/","url":"https:\/\/infoecos.com.ar\/index.php\/que-le-recordo-diego-rodriguez-de-huracan-de-tejedor-a-elias-saibene-de-estudiantes-pehuajo\/","name":"Que le record\u00f3 Diego Rodr\u00edguez de Hurac\u00e1n de Tejedor a El\u00edas Saibene de Estudiantes Pehuaj\u00f3 - Infoecos","isPartOf":{"@id":"https:\/\/infoecos.com.ar\/#website"},"primaryImageOfPage":{"@id":"https:\/\/infoecos.com.ar\/index.php\/que-le-recordo-diego-rodriguez-de-huracan-de-tejedor-a-elias-saibene-de-estudiantes-pehuajo\/#primaryimage"},"image":{"@id":"https:\/\/infoecos.com.ar\/index.php\/que-le-recordo-diego-rodriguez-de-huracan-de-tejedor-a-elias-saibene-de-estudiantes-pehuajo\/#primaryimage"},"thumbnailUrl":"https:\/\/infoecos.com.ar\/wp-content\/uploads\/2022\/07\/DSCF3821.jpg","datePublished":"2022-07-18T17:55:28+00:00","dateModified":"2022-07-19T20:57:56+00:00","breadcrumb":{"@id":"https:\/\/infoecos.com.ar\/index.php\/que-le-recordo-diego-rodriguez-de-huracan-de-tejedor-a-elias-saibene-de-estudiantes-pehuajo\/#breadcrumb"},"inLanguage":"es","potentialAction":[{"@type":"ReadAction","target":["https:\/\/infoecos.com.ar\/index.php\/que-le-recordo-diego-rodriguez-de-huracan-de-tejedor-a-elias-saibene-de-estudiantes-pehuajo\/"]}]},{"@type":"ImageObject","inLanguage":"es","@id":"https:\/\/infoecos.com.ar\/index.php\/que-le-recordo-diego-rodriguez-de-huracan-de-tejedor-a-elias-saibene-de-estudiantes-pehuajo\/#primaryimage","url":"https:\/\/infoecos.com.ar\/wp-content\/uploads\/2022\/07\/DSCF3821.jpg","contentUrl":"https:\/\/infoecos.com.ar\/wp-content\/uploads\/2022\/07\/DSCF3821.jpg","width":559,"height":426},{"@type":"BreadcrumbList","@id":"https:\/\/infoecos.com.ar\/index.php\/que-le-recordo-diego-rodriguez-de-huracan-de-tejedor-a-elias-saibene-de-estudiantes-pehuajo\/#breadcrumb","itemListElement":[{"@type":"ListItem","position":1,"name":"Portada","item":"https:\/\/infoecos.com.ar\/"},{"@type":"ListItem","position":2,"name":"Que le record\u00f3 Diego Rodr\u00edguez de Hurac\u00e1n de Tejedor a El\u00edas Saibene de Estudiantes Pehuaj\u00f3"}]},{"@type":"WebSite","@id":"https:\/\/infoecos.com.ar\/#website","url":"https:\/\/infoecos.com.ar\/","name":"Infoecos","description":"Noticias de trenque lauquen y la zona","publisher":{"@id":"https:\/\/infoecos.com.ar\/#organization"},"alternateName":"Noticias","potentialAction":[{"@type":"SearchAction","target":{"@type":"EntryPoint","urlTemplate":"https:\/\/infoecos.com.ar\/?s={search_term_string}"},"query-input":{"@type":"PropertyValueSpecification","valueRequired":true,"valueName":"search_term_string"}}],"inLanguage":"es"},{"@type":"Organization","@id":"https:\/\/infoecos.com.ar\/#organization","name":"Infoecos","alternateName":"Noticias","url":"https:\/\/infoecos.com.ar\/","logo":{"@type":"ImageObject","inLanguage":"es","@id":"https:\/\/infoecos.com.ar\/#\/schema\/logo\/image\/","url":"https:\/\/infoecos.com.ar\/wp-content\/uploads\/2024\/03\/cropped-logo.png","contentUrl":"https:\/\/infoecos.com.ar\/wp-content\/uploads\/2024\/03\/cropped-logo.png","width":374,"height":90,"caption":"Infoecos"},"image":{"@id":"https:\/\/infoecos.com.ar\/#\/schema\/logo\/image\/"},"sameAs":["https:\/\/www.facebook.com\/profile.php?id=100063200290284","https:\/\/x.com\/infoecos"]},{"@type":"Person","@id":"https:\/\/infoecos.com.ar\/#\/schema\/person\/8f5ace5ce73b4b4aac4b7245aee6f191","name":"Jorge Matheus","url":"https:\/\/infoecos.com.ar\/index.php\/author\/jomatheus\/"}]}},"featured_image_urls":{"full":["https:\/\/infoecos.com.ar\/wp-content\/uploads\/2022\/07\/DSCF3821.jpg",559,426,false],"thumbnail":["https:\/\/infoecos.com.ar\/wp-content\/uploads\/2022\/07\/DSCF3821-150x150.jpg",150,150,true],"medium":["https:\/\/infoecos.com.ar\/wp-content\/uploads\/2022\/07\/DSCF3821-460x351.jpg",460,351,true],"medium_large":["https:\/\/infoecos.com.ar\/wp-content\/uploads\/2022\/07\/DSCF3821.jpg",559,426,false],"large":["https:\/\/infoecos.com.ar\/wp-content\/uploads\/2022\/07\/DSCF3821.jpg",559,426,false],"1536x1536":["https:\/\/infoecos.com.ar\/wp-content\/uploads\/2022\/07\/DSCF3821.jpg",559,426,false],"2048x2048":["https:\/\/infoecos.com.ar\/wp-content\/uploads\/2022\/07\/DSCF3821.jpg",559,426,false],"covernews-slider-full":["https:\/\/infoecos.com.ar\/wp-content\/uploads\/2022\/07\/DSCF3821.jpg",559,426,false],"covernews-slider-center":["https:\/\/infoecos.com.ar\/wp-content\/uploads\/2022\/07\/DSCF3821.jpg",559,426,false],"covernews-featured":["https:\/\/infoecos.com.ar\/wp-content\/uploads\/2022\/07\/DSCF3821.jpg",559,426,false],"covernews-medium":["https:\/\/infoecos.com.ar\/wp-content\/uploads\/2022\/07\/DSCF3821-559x380.jpg",500,340,true],"covernews-medium-square":["https:\/\/infoecos.com.ar\/wp-content\/uploads\/2022\/07\/DSCF3821.jpg",328,250,false]},"author_info":{"info":["Jorge Matheus"]},"category_info":"<a href=\"https:\/\/infoecos.com.ar\/index.php\/category\/inferior2\/\" rel=\"category tag\">Bloque inferior - 2<\/a>","tag_info":"Bloque inferior - 2","comment_count":"0","_links":{"self":[{"href":"https:\/\/infoecos.com.ar\/index.php\/wp-json\/wp\/v2\/posts\/94581"}],"collection":[{"href":"https:\/\/infoecos.com.ar\/index.php\/wp-json\/wp\/v2\/posts"}],"about":[{"href":"https:\/\/infoecos.com.ar\/index.php\/wp-json\/wp\/v2\/types\/post"}],"author":[{"embeddable":true,"href":"https:\/\/infoecos.com.ar\/index.php\/wp-json\/wp\/v2\/users\/2"}],"replies":[{"embeddable":true,"href":"https:\/\/infoecos.com.ar\/index.php\/wp-json\/wp\/v2\/comments?post=94581"}],"version-history":[{"count":1,"href":"https:\/\/infoecos.com.ar\/index.php\/wp-json\/wp\/v2\/posts\/94581\/revisions"}],"predecessor-version":[{"id":94583,"href":"https:\/\/infoecos.com.ar\/index.php\/wp-json\/wp\/v2\/posts\/94581\/revisions\/94583"}],"wp:featuredmedia":[{"embeddable":true,"href":"https:\/\/infoecos.com.ar\/index.php\/wp-json\/wp\/v2\/media\/94584"}],"wp:attachment":[{"href":"https:\/\/infoecos.com.ar\/index.php\/wp-json\/wp\/v2\/media?parent=94581"}],"wp:term":[{"taxonomy":"category","embeddable":true,"href":"https:\/\/infoecos.com.ar\/index.php\/wp-json\/wp\/v2\/categories?post=94581"},{"taxonomy":"post_tag","embeddable":true,"href":"https:\/\/infoecos.com.ar\/index.php\/wp-json\/wp\/v2\/tags?post=94581"}],"curies":[{"name":"wp","href":"https:\/\/api.w.org\/{rel}","templated":true}]}}