{"id":94656,"date":"2022-07-19T17:47:43","date_gmt":"2022-07-19T20:47:43","guid":{"rendered":"http:\/\/infoecos.com.ar\/?p=94656"},"modified":"2022-07-22T02:58:54","modified_gmt":"2022-07-22T05:58:54","slug":"el-cartel-que-hace-referencia-a-malvinas-argentinas-entre-america-y-general-villegas-esta-escrito-al-reves","status":"publish","type":"post","link":"https:\/\/infoecos.com.ar\/index.php\/el-cartel-que-hace-referencia-a-malvinas-argentinas-entre-america-y-general-villegas-esta-escrito-al-reves\/","title":{"rendered":"El cartel que hace referencia a Malvinas Argentinas, entre Am\u00e9rica y General Villegas, est\u00e1 escrito al rev\u00e9s"},"content":{"rendered":"\n<p>El sitio Tiempo del Oeste del distrito de Rivadavia se percat\u00f3 de un hecho que involucra al Estado y que pone de manifiesto como se cometen errores u horrores. Se trata de la colocaci\u00f3n de un cartel vinculado con Malvinas que est\u00e1 como referencia en Ruta Nacional n\u00famero 33 al rev\u00e9s. <\/p>\n\n\n\n<figure class=\"wp-block-image aligncenter size-full\"><img loading=\"lazy\" decoding=\"async\" width=\"787\" height=\"593\" src=\"http:\/\/infoecos.com.ar\/wp-content\/uploads\/2022\/07\/vialidad_malvinas_reves-1.jpg\" alt=\"\" class=\"wp-image-94657\" srcset=\"https:\/\/infoecos.com.ar\/wp-content\/uploads\/2022\/07\/vialidad_malvinas_reves-1.jpg 787w, https:\/\/infoecos.com.ar\/wp-content\/uploads\/2022\/07\/vialidad_malvinas_reves-1-460x347.jpg 460w, https:\/\/infoecos.com.ar\/wp-content\/uploads\/2022\/07\/vialidad_malvinas_reves-1-768x579.jpg 768w\" sizes=\"(max-width: 787px) 100vw, 787px\" \/><\/figure>\n\n\n\n<p>El medio colega, del que solemos abastecernos period\u00edsticamente, se\u00f1ala que <em><strong>Vialidad Nacional tuvo la buena idea de colocar carteles en todo el pa\u00eds indicando la distancia a las Islas Malvinas como lo hace con cualquier otro lugar de nuestro territorio. En este caso la idea es que la ileg\u00edtima ocupaci\u00f3n brit\u00e1nica no impida tener una referencia geogr\u00e1fica. Sin embargo, la desesperaci\u00f3n por la foto y por capitalizar la iniciativa le jug\u00f3 una mala pasada al Frente de Todos rivadaviense al costado de la ruta 33.<\/strong><\/em><\/p>\n\n\n\n<p><strong><em>El senador Juan Mart\u00ednez, que viene metiendo m\u00e1s fotos que adolescente en un cumplea\u00f1os de 15, ya hab\u00eda posado en la ruta 33 cuando Vialidad Nacional hizo un bacheo parcial. Tambi\u00e9n hab\u00edan posado concejales y militantes sobre esa v\u00eda casi llegando a General Villegas. Ahora no pod\u00edan perderse la instant\u00e1nea con la imagen de Malvinas<\/em><\/strong>.<\/p>\n\n\n\n<p><strong><em>Tal fue la desesperaci\u00f3n que no repararon en dos cosas. El cartel mira hacia el norte. Los 1846 kil\u00f3metros que separan a Am\u00e9rica de nuestro archipi\u00e9lago son en direcci\u00f3n al sur, como todo el mundo sabe. Si es por el cartel se ubicar\u00edan en el NOA<\/em><\/strong>.<\/p>\n\n\n\n<figure class=\"wp-block-image aligncenter size-full\"><img loading=\"lazy\" decoding=\"async\" width=\"787\" height=\"593\" src=\"http:\/\/infoecos.com.ar\/wp-content\/uploads\/2022\/07\/vialidad_malvinas_reves.jpg\" alt=\"\" class=\"wp-image-94658\" srcset=\"https:\/\/infoecos.com.ar\/wp-content\/uploads\/2022\/07\/vialidad_malvinas_reves.jpg 787w, https:\/\/infoecos.com.ar\/wp-content\/uploads\/2022\/07\/vialidad_malvinas_reves-460x347.jpg 460w, https:\/\/infoecos.com.ar\/wp-content\/uploads\/2022\/07\/vialidad_malvinas_reves-768x579.jpg 768w\" sizes=\"(max-width: 787px) 100vw, 787px\" \/><\/figure>\n\n\n\n<p><strong><em>Y adem\u00e1s, la imagen de la islas est\u00e1 al rev\u00e9s (sobre el eje horizontal). Es decir que si uno va hacia Trenque Lauquen, por el espejo retrovisor va a ver las Islas Malvinas correctamente. Leer, va a costar un poco<\/em><\/strong>.<\/p>\n\n\n\n<p><strong><em>Todo podr\u00eda quedar en una an\u00e9cdota si no fuera por el lamentable estado de la ruta. Nadie critica la gran idea de Vialidad Nacional al recordar nuestro territorio ocupado, regado con sangre hace 40 a\u00f1os. Pero en alg\u00fan momento deber\u00edan emprender un arreglo serio para que no sea ese asfalto el que se siga regando con sangre<\/em><\/strong>.<\/p>\n","protected":false},"excerpt":{"rendered":"<p>\u00abEl cartel mira hacia el norte. Los 1846 kil\u00f3metros que separan a Am\u00e9rica de nuestro archipi\u00e9lago son en direcci\u00f3n al sur, como todo el mundo sabe. Si es por el cartel se ubicar\u00edan en el NOA\u00bb, se escribi\u00f3 en una nota de Tiempo del Oeste el 14 de este mes<\/p>\n","protected":false},"author":2,"featured_media":94657,"comment_status":"closed","ping_status":"open","sticky":false,"template":"","format":"standard","meta":{"footnotes":""},"categories":[26],"tags":[6329],"class_list":["post-94656","post","type-post","status-publish","format-standard","has-post-thumbnail","hentry","category-inferior6","tag-picardia-periodistica"],"yoast_head":"<!-- This site is optimized with the Yoast SEO plugin v23.4 - https:\/\/yoast.com\/wordpress\/plugins\/seo\/ -->\n<title>El cartel que hace referencia a Malvinas Argentinas, entre Am\u00e9rica y General Villegas, est\u00e1 escrito al rev\u00e9s - Infoecos<\/title>\n<meta name=\"robots\" content=\"index, follow, max-snippet:-1, max-image-preview:large, max-video-preview:-1\" \/>\n<link rel=\"canonical\" href=\"https:\/\/infoecos.com.ar\/index.php\/el-cartel-que-hace-referencia-a-malvinas-argentinas-entre-america-y-general-villegas-esta-escrito-al-reves\/\" \/>\n<meta property=\"og:locale\" content=\"es_ES\" \/>\n<meta property=\"og:type\" content=\"article\" \/>\n<meta property=\"og:title\" content=\"El cartel que hace referencia a Malvinas Argentinas, entre Am\u00e9rica y General Villegas, est\u00e1 escrito al rev\u00e9s - Infoecos\" \/>\n<meta property=\"og:description\" content=\"&quot;El cartel mira hacia el norte. Los 1846 kil\u00f3metros que separan a Am\u00e9rica de nuestro archipi\u00e9lago son en direcci\u00f3n al sur, como todo el mundo sabe. Si es por el cartel se ubicar\u00edan en el NOA&quot;, se escribi\u00f3 en una nota de Tiempo del Oeste el 14 de este mes\" \/>\n<meta property=\"og:url\" content=\"https:\/\/infoecos.com.ar\/index.php\/el-cartel-que-hace-referencia-a-malvinas-argentinas-entre-america-y-general-villegas-esta-escrito-al-reves\/\" \/>\n<meta property=\"og:site_name\" content=\"Infoecos\" \/>\n<meta property=\"article:publisher\" content=\"https:\/\/www.facebook.com\/profile.php?id=100063200290284\" \/>\n<meta property=\"article:published_time\" content=\"2022-07-19T20:47:43+00:00\" \/>\n<meta property=\"article:modified_time\" content=\"2022-07-22T05:58:54+00:00\" \/>\n<meta property=\"og:image\" content=\"https:\/\/infoecos.com.ar\/wp-content\/uploads\/2022\/07\/vialidad_malvinas_reves-1.jpg\" \/>\n\t<meta property=\"og:image:width\" content=\"787\" \/>\n\t<meta property=\"og:image:height\" content=\"593\" \/>\n\t<meta property=\"og:image:type\" content=\"image\/jpeg\" \/>\n<meta name=\"author\" content=\"Jorge Matheus\" \/>\n<meta name=\"twitter:card\" content=\"summary_large_image\" \/>\n<meta name=\"twitter:creator\" content=\"@infoecos\" \/>\n<meta name=\"twitter:site\" content=\"@infoecos\" \/>\n<meta name=\"twitter:label1\" content=\"Escrito por\" \/>\n\t<meta name=\"twitter:data1\" content=\"Jorge Matheus\" \/>\n\t<meta name=\"twitter:label2\" content=\"Tiempo de lectura\" \/>\n\t<meta name=\"twitter:data2\" content=\"2 minutos\" \/>\n<script type=\"application\/ld+json\" class=\"yoast-schema-graph\">{\"@context\":\"https:\/\/schema.org\",\"@graph\":[{\"@type\":\"Article\",\"@id\":\"https:\/\/infoecos.com.ar\/index.php\/el-cartel-que-hace-referencia-a-malvinas-argentinas-entre-america-y-general-villegas-esta-escrito-al-reves\/#article\",\"isPartOf\":{\"@id\":\"https:\/\/infoecos.com.ar\/index.php\/el-cartel-que-hace-referencia-a-malvinas-argentinas-entre-america-y-general-villegas-esta-escrito-al-reves\/\"},\"author\":{\"name\":\"Jorge Matheus\",\"@id\":\"https:\/\/infoecos.com.ar\/#\/schema\/person\/8f5ace5ce73b4b4aac4b7245aee6f191\"},\"headline\":\"El cartel que hace referencia a Malvinas Argentinas, entre Am\u00e9rica y General Villegas, est\u00e1 escrito al rev\u00e9s\",\"datePublished\":\"2022-07-19T20:47:43+00:00\",\"dateModified\":\"2022-07-22T05:58:54+00:00\",\"mainEntityOfPage\":{\"@id\":\"https:\/\/infoecos.com.ar\/index.php\/el-cartel-que-hace-referencia-a-malvinas-argentinas-entre-america-y-general-villegas-esta-escrito-al-reves\/\"},\"wordCount\":380,\"publisher\":{\"@id\":\"https:\/\/infoecos.com.ar\/#organization\"},\"image\":{\"@id\":\"https:\/\/infoecos.com.ar\/index.php\/el-cartel-que-hace-referencia-a-malvinas-argentinas-entre-america-y-general-villegas-esta-escrito-al-reves\/#primaryimage\"},\"thumbnailUrl\":\"https:\/\/infoecos.com.ar\/wp-content\/uploads\/2022\/07\/vialidad_malvinas_reves-1.jpg\",\"keywords\":[\"PICARD\u00cdA PERIOD\u00cdSTICA\"],\"articleSection\":[\"Bloque inferior - 6\"],\"inLanguage\":\"es\"},{\"@type\":\"WebPage\",\"@id\":\"https:\/\/infoecos.com.ar\/index.php\/el-cartel-que-hace-referencia-a-malvinas-argentinas-entre-america-y-general-villegas-esta-escrito-al-reves\/\",\"url\":\"https:\/\/infoecos.com.ar\/index.php\/el-cartel-que-hace-referencia-a-malvinas-argentinas-entre-america-y-general-villegas-esta-escrito-al-reves\/\",\"name\":\"El cartel que hace referencia a Malvinas Argentinas, entre Am\u00e9rica y General Villegas, est\u00e1 escrito al rev\u00e9s - Infoecos\",\"isPartOf\":{\"@id\":\"https:\/\/infoecos.com.ar\/#website\"},\"primaryImageOfPage\":{\"@id\":\"https:\/\/infoecos.com.ar\/index.php\/el-cartel-que-hace-referencia-a-malvinas-argentinas-entre-america-y-general-villegas-esta-escrito-al-reves\/#primaryimage\"},\"image\":{\"@id\":\"https:\/\/infoecos.com.ar\/index.php\/el-cartel-que-hace-referencia-a-malvinas-argentinas-entre-america-y-general-villegas-esta-escrito-al-reves\/#primaryimage\"},\"thumbnailUrl\":\"https:\/\/infoecos.com.ar\/wp-content\/uploads\/2022\/07\/vialidad_malvinas_reves-1.jpg\",\"datePublished\":\"2022-07-19T20:47:43+00:00\",\"dateModified\":\"2022-07-22T05:58:54+00:00\",\"breadcrumb\":{\"@id\":\"https:\/\/infoecos.com.ar\/index.php\/el-cartel-que-hace-referencia-a-malvinas-argentinas-entre-america-y-general-villegas-esta-escrito-al-reves\/#breadcrumb\"},\"inLanguage\":\"es\",\"potentialAction\":[{\"@type\":\"ReadAction\",\"target\":[\"https:\/\/infoecos.com.ar\/index.php\/el-cartel-que-hace-referencia-a-malvinas-argentinas-entre-america-y-general-villegas-esta-escrito-al-reves\/\"]}]},{\"@type\":\"ImageObject\",\"inLanguage\":\"es\",\"@id\":\"https:\/\/infoecos.com.ar\/index.php\/el-cartel-que-hace-referencia-a-malvinas-argentinas-entre-america-y-general-villegas-esta-escrito-al-reves\/#primaryimage\",\"url\":\"https:\/\/infoecos.com.ar\/wp-content\/uploads\/2022\/07\/vialidad_malvinas_reves-1.jpg\",\"contentUrl\":\"https:\/\/infoecos.com.ar\/wp-content\/uploads\/2022\/07\/vialidad_malvinas_reves-1.jpg\",\"width\":787,\"height\":593},{\"@type\":\"BreadcrumbList\",\"@id\":\"https:\/\/infoecos.com.ar\/index.php\/el-cartel-que-hace-referencia-a-malvinas-argentinas-entre-america-y-general-villegas-esta-escrito-al-reves\/#breadcrumb\",\"itemListElement\":[{\"@type\":\"ListItem\",\"position\":1,\"name\":\"Portada\",\"item\":\"https:\/\/infoecos.com.ar\/\"},{\"@type\":\"ListItem\",\"position\":2,\"name\":\"El cartel que hace referencia a Malvinas Argentinas, entre Am\u00e9rica y General Villegas, est\u00e1 escrito al rev\u00e9s\"}]},{\"@type\":\"WebSite\",\"@id\":\"https:\/\/infoecos.com.ar\/#website\",\"url\":\"https:\/\/infoecos.com.ar\/\",\"name\":\"Infoecos\",\"description\":\"Noticias de trenque lauquen y la zona\",\"publisher\":{\"@id\":\"https:\/\/infoecos.com.ar\/#organization\"},\"alternateName\":\"Noticias\",\"potentialAction\":[{\"@type\":\"SearchAction\",\"target\":{\"@type\":\"EntryPoint\",\"urlTemplate\":\"https:\/\/infoecos.com.ar\/?s={search_term_string}\"},\"query-input\":{\"@type\":\"PropertyValueSpecification\",\"valueRequired\":true,\"valueName\":\"search_term_string\"}}],\"inLanguage\":\"es\"},{\"@type\":\"Organization\",\"@id\":\"https:\/\/infoecos.com.ar\/#organization\",\"name\":\"Infoecos\",\"alternateName\":\"Noticias\",\"url\":\"https:\/\/infoecos.com.ar\/\",\"logo\":{\"@type\":\"ImageObject\",\"inLanguage\":\"es\",\"@id\":\"https:\/\/infoecos.com.ar\/#\/schema\/logo\/image\/\",\"url\":\"https:\/\/infoecos.com.ar\/wp-content\/uploads\/2024\/03\/cropped-logo.png\",\"contentUrl\":\"https:\/\/infoecos.com.ar\/wp-content\/uploads\/2024\/03\/cropped-logo.png\",\"width\":374,\"height\":90,\"caption\":\"Infoecos\"},\"image\":{\"@id\":\"https:\/\/infoecos.com.ar\/#\/schema\/logo\/image\/\"},\"sameAs\":[\"https:\/\/www.facebook.com\/profile.php?id=100063200290284\",\"https:\/\/x.com\/infoecos\"]},{\"@type\":\"Person\",\"@id\":\"https:\/\/infoecos.com.ar\/#\/schema\/person\/8f5ace5ce73b4b4aac4b7245aee6f191\",\"name\":\"Jorge Matheus\",\"url\":\"https:\/\/infoecos.com.ar\/index.php\/author\/jomatheus\/\"}]}<\/script>\n<!-- \/ Yoast SEO plugin. -->","yoast_head_json":{"title":"El cartel que hace referencia a Malvinas Argentinas, entre Am\u00e9rica y General Villegas, est\u00e1 escrito al rev\u00e9s - Infoecos","robots":{"index":"index","follow":"follow","max-snippet":"max-snippet:-1","max-image-preview":"max-image-preview:large","max-video-preview":"max-video-preview:-1"},"canonical":"https:\/\/infoecos.com.ar\/index.php\/el-cartel-que-hace-referencia-a-malvinas-argentinas-entre-america-y-general-villegas-esta-escrito-al-reves\/","og_locale":"es_ES","og_type":"article","og_title":"El cartel que hace referencia a Malvinas Argentinas, entre Am\u00e9rica y General Villegas, est\u00e1 escrito al rev\u00e9s - Infoecos","og_description":"\"El cartel mira hacia el norte. Los 1846 kil\u00f3metros que separan a Am\u00e9rica de nuestro archipi\u00e9lago son en direcci\u00f3n al sur, como todo el mundo sabe. Si es por el cartel se ubicar\u00edan en el NOA\", se escribi\u00f3 en una nota de Tiempo del Oeste el 14 de este mes","og_url":"https:\/\/infoecos.com.ar\/index.php\/el-cartel-que-hace-referencia-a-malvinas-argentinas-entre-america-y-general-villegas-esta-escrito-al-reves\/","og_site_name":"Infoecos","article_publisher":"https:\/\/www.facebook.com\/profile.php?id=100063200290284","article_published_time":"2022-07-19T20:47:43+00:00","article_modified_time":"2022-07-22T05:58:54+00:00","og_image":[{"width":787,"height":593,"url":"https:\/\/infoecos.com.ar\/wp-content\/uploads\/2022\/07\/vialidad_malvinas_reves-1.jpg","type":"image\/jpeg"}],"author":"Jorge Matheus","twitter_card":"summary_large_image","twitter_creator":"@infoecos","twitter_site":"@infoecos","twitter_misc":{"Escrito por":"Jorge Matheus","Tiempo de lectura":"2 minutos"},"schema":{"@context":"https:\/\/schema.org","@graph":[{"@type":"Article","@id":"https:\/\/infoecos.com.ar\/index.php\/el-cartel-que-hace-referencia-a-malvinas-argentinas-entre-america-y-general-villegas-esta-escrito-al-reves\/#article","isPartOf":{"@id":"https:\/\/infoecos.com.ar\/index.php\/el-cartel-que-hace-referencia-a-malvinas-argentinas-entre-america-y-general-villegas-esta-escrito-al-reves\/"},"author":{"name":"Jorge Matheus","@id":"https:\/\/infoecos.com.ar\/#\/schema\/person\/8f5ace5ce73b4b4aac4b7245aee6f191"},"headline":"El cartel que hace referencia a Malvinas Argentinas, entre Am\u00e9rica y General Villegas, est\u00e1 escrito al rev\u00e9s","datePublished":"2022-07-19T20:47:43+00:00","dateModified":"2022-07-22T05:58:54+00:00","mainEntityOfPage":{"@id":"https:\/\/infoecos.com.ar\/index.php\/el-cartel-que-hace-referencia-a-malvinas-argentinas-entre-america-y-general-villegas-esta-escrito-al-reves\/"},"wordCount":380,"publisher":{"@id":"https:\/\/infoecos.com.ar\/#organization"},"image":{"@id":"https:\/\/infoecos.com.ar\/index.php\/el-cartel-que-hace-referencia-a-malvinas-argentinas-entre-america-y-general-villegas-esta-escrito-al-reves\/#primaryimage"},"thumbnailUrl":"https:\/\/infoecos.com.ar\/wp-content\/uploads\/2022\/07\/vialidad_malvinas_reves-1.jpg","keywords":["PICARD\u00cdA PERIOD\u00cdSTICA"],"articleSection":["Bloque inferior - 6"],"inLanguage":"es"},{"@type":"WebPage","@id":"https:\/\/infoecos.com.ar\/index.php\/el-cartel-que-hace-referencia-a-malvinas-argentinas-entre-america-y-general-villegas-esta-escrito-al-reves\/","url":"https:\/\/infoecos.com.ar\/index.php\/el-cartel-que-hace-referencia-a-malvinas-argentinas-entre-america-y-general-villegas-esta-escrito-al-reves\/","name":"El cartel que hace referencia a Malvinas Argentinas, entre Am\u00e9rica y General Villegas, est\u00e1 escrito al rev\u00e9s - Infoecos","isPartOf":{"@id":"https:\/\/infoecos.com.ar\/#website"},"primaryImageOfPage":{"@id":"https:\/\/infoecos.com.ar\/index.php\/el-cartel-que-hace-referencia-a-malvinas-argentinas-entre-america-y-general-villegas-esta-escrito-al-reves\/#primaryimage"},"image":{"@id":"https:\/\/infoecos.com.ar\/index.php\/el-cartel-que-hace-referencia-a-malvinas-argentinas-entre-america-y-general-villegas-esta-escrito-al-reves\/#primaryimage"},"thumbnailUrl":"https:\/\/infoecos.com.ar\/wp-content\/uploads\/2022\/07\/vialidad_malvinas_reves-1.jpg","datePublished":"2022-07-19T20:47:43+00:00","dateModified":"2022-07-22T05:58:54+00:00","breadcrumb":{"@id":"https:\/\/infoecos.com.ar\/index.php\/el-cartel-que-hace-referencia-a-malvinas-argentinas-entre-america-y-general-villegas-esta-escrito-al-reves\/#breadcrumb"},"inLanguage":"es","potentialAction":[{"@type":"ReadAction","target":["https:\/\/infoecos.com.ar\/index.php\/el-cartel-que-hace-referencia-a-malvinas-argentinas-entre-america-y-general-villegas-esta-escrito-al-reves\/"]}]},{"@type":"ImageObject","inLanguage":"es","@id":"https:\/\/infoecos.com.ar\/index.php\/el-cartel-que-hace-referencia-a-malvinas-argentinas-entre-america-y-general-villegas-esta-escrito-al-reves\/#primaryimage","url":"https:\/\/infoecos.com.ar\/wp-content\/uploads\/2022\/07\/vialidad_malvinas_reves-1.jpg","contentUrl":"https:\/\/infoecos.com.ar\/wp-content\/uploads\/2022\/07\/vialidad_malvinas_reves-1.jpg","width":787,"height":593},{"@type":"BreadcrumbList","@id":"https:\/\/infoecos.com.ar\/index.php\/el-cartel-que-hace-referencia-a-malvinas-argentinas-entre-america-y-general-villegas-esta-escrito-al-reves\/#breadcrumb","itemListElement":[{"@type":"ListItem","position":1,"name":"Portada","item":"https:\/\/infoecos.com.ar\/"},{"@type":"ListItem","position":2,"name":"El cartel que hace referencia a Malvinas Argentinas, entre Am\u00e9rica y General Villegas, est\u00e1 escrito al rev\u00e9s"}]},{"@type":"WebSite","@id":"https:\/\/infoecos.com.ar\/#website","url":"https:\/\/infoecos.com.ar\/","name":"Infoecos","description":"Noticias de trenque lauquen y la zona","publisher":{"@id":"https:\/\/infoecos.com.ar\/#organization"},"alternateName":"Noticias","potentialAction":[{"@type":"SearchAction","target":{"@type":"EntryPoint","urlTemplate":"https:\/\/infoecos.com.ar\/?s={search_term_string}"},"query-input":{"@type":"PropertyValueSpecification","valueRequired":true,"valueName":"search_term_string"}}],"inLanguage":"es"},{"@type":"Organization","@id":"https:\/\/infoecos.com.ar\/#organization","name":"Infoecos","alternateName":"Noticias","url":"https:\/\/infoecos.com.ar\/","logo":{"@type":"ImageObject","inLanguage":"es","@id":"https:\/\/infoecos.com.ar\/#\/schema\/logo\/image\/","url":"https:\/\/infoecos.com.ar\/wp-content\/uploads\/2024\/03\/cropped-logo.png","contentUrl":"https:\/\/infoecos.com.ar\/wp-content\/uploads\/2024\/03\/cropped-logo.png","width":374,"height":90,"caption":"Infoecos"},"image":{"@id":"https:\/\/infoecos.com.ar\/#\/schema\/logo\/image\/"},"sameAs":["https:\/\/www.facebook.com\/profile.php?id=100063200290284","https:\/\/x.com\/infoecos"]},{"@type":"Person","@id":"https:\/\/infoecos.com.ar\/#\/schema\/person\/8f5ace5ce73b4b4aac4b7245aee6f191","name":"Jorge Matheus","url":"https:\/\/infoecos.com.ar\/index.php\/author\/jomatheus\/"}]}},"featured_image_urls":{"full":["https:\/\/infoecos.com.ar\/wp-content\/uploads\/2022\/07\/vialidad_malvinas_reves-1.jpg",787,593,false],"thumbnail":["https:\/\/infoecos.com.ar\/wp-content\/uploads\/2022\/07\/vialidad_malvinas_reves-1-150x150.jpg",150,150,true],"medium":["https:\/\/infoecos.com.ar\/wp-content\/uploads\/2022\/07\/vialidad_malvinas_reves-1-460x347.jpg",460,347,true],"medium_large":["https:\/\/infoecos.com.ar\/wp-content\/uploads\/2022\/07\/vialidad_malvinas_reves-1-768x579.jpg",640,483,true],"large":["https:\/\/infoecos.com.ar\/wp-content\/uploads\/2022\/07\/vialidad_malvinas_reves-1.jpg",640,482,false],"1536x1536":["https:\/\/infoecos.com.ar\/wp-content\/uploads\/2022\/07\/vialidad_malvinas_reves-1.jpg",787,593,false],"2048x2048":["https:\/\/infoecos.com.ar\/wp-content\/uploads\/2022\/07\/vialidad_malvinas_reves-1.jpg",787,593,false],"covernews-slider-full":["https:\/\/infoecos.com.ar\/wp-content\/uploads\/2022\/07\/vialidad_malvinas_reves-1.jpg",787,593,false],"covernews-slider-center":["https:\/\/infoecos.com.ar\/wp-content\/uploads\/2022\/07\/vialidad_malvinas_reves-1.jpg",664,500,false],"covernews-featured":["https:\/\/infoecos.com.ar\/wp-content\/uploads\/2022\/07\/vialidad_malvinas_reves-1.jpg",787,593,false],"covernews-medium":["https:\/\/infoecos.com.ar\/wp-content\/uploads\/2022\/07\/vialidad_malvinas_reves-1-720x380.jpg",540,285,true],"covernews-medium-square":["https:\/\/infoecos.com.ar\/wp-content\/uploads\/2022\/07\/vialidad_malvinas_reves-1-675x450.jpg",375,250,true]},"author_info":{"info":["Jorge Matheus"]},"category_info":"<a href=\"https:\/\/infoecos.com.ar\/index.php\/category\/inferior6\/\" rel=\"category tag\">Bloque inferior - 6<\/a>","tag_info":"Bloque inferior - 6","comment_count":"0","_links":{"self":[{"href":"https:\/\/infoecos.com.ar\/index.php\/wp-json\/wp\/v2\/posts\/94656"}],"collection":[{"href":"https:\/\/infoecos.com.ar\/index.php\/wp-json\/wp\/v2\/posts"}],"about":[{"href":"https:\/\/infoecos.com.ar\/index.php\/wp-json\/wp\/v2\/types\/post"}],"author":[{"embeddable":true,"href":"https:\/\/infoecos.com.ar\/index.php\/wp-json\/wp\/v2\/users\/2"}],"replies":[{"embeddable":true,"href":"https:\/\/infoecos.com.ar\/index.php\/wp-json\/wp\/v2\/comments?post=94656"}],"version-history":[{"count":2,"href":"https:\/\/infoecos.com.ar\/index.php\/wp-json\/wp\/v2\/posts\/94656\/revisions"}],"predecessor-version":[{"id":94660,"href":"https:\/\/infoecos.com.ar\/index.php\/wp-json\/wp\/v2\/posts\/94656\/revisions\/94660"}],"wp:featuredmedia":[{"embeddable":true,"href":"https:\/\/infoecos.com.ar\/index.php\/wp-json\/wp\/v2\/media\/94657"}],"wp:attachment":[{"href":"https:\/\/infoecos.com.ar\/index.php\/wp-json\/wp\/v2\/media?parent=94656"}],"wp:term":[{"taxonomy":"category","embeddable":true,"href":"https:\/\/infoecos.com.ar\/index.php\/wp-json\/wp\/v2\/categories?post=94656"},{"taxonomy":"post_tag","embeddable":true,"href":"https:\/\/infoecos.com.ar\/index.php\/wp-json\/wp\/v2\/tags?post=94656"}],"curies":[{"name":"wp","href":"https:\/\/api.w.org\/{rel}","templated":true}]}}