{"id":94764,"date":"2022-07-21T01:50:38","date_gmt":"2022-07-21T04:50:38","guid":{"rendered":"http:\/\/infoecos.com.ar\/?p=94764"},"modified":"2022-07-22T02:56:15","modified_gmt":"2022-07-22T05:56:15","slug":"brindo-una-capacitacion-en-pehuajo-el-ex-basquetbolista-walter-hermann","status":"publish","type":"post","link":"https:\/\/infoecos.com.ar\/index.php\/brindo-una-capacitacion-en-pehuajo-el-ex-basquetbolista-walter-hermann\/","title":{"rendered":"Brind\u00f3 una capacitaci\u00f3n en Pehuaj\u00f3 el ex basquetbolista Walter Hermann"},"content":{"rendered":"\n<p>Estuvo en Pehuaj\u00f3, Walter Hermann, integrante de la generaci\u00f3n dorada y campe\u00f3n ol\u00edmpico de b\u00e1squet en 2004.<br><\/p>\n\n\n\n<figure class=\"wp-block-image aligncenter size-large\"><img loading=\"lazy\" decoding=\"async\" width=\"920\" height=\"613\" src=\"http:\/\/infoecos.com.ar\/wp-content\/uploads\/2022\/07\/image-43-920x613.png\" alt=\"\" class=\"wp-image-94765\" srcset=\"https:\/\/infoecos.com.ar\/wp-content\/uploads\/2022\/07\/image-43-920x613.png 920w, https:\/\/infoecos.com.ar\/wp-content\/uploads\/2022\/07\/image-43-460x307.png 460w, https:\/\/infoecos.com.ar\/wp-content\/uploads\/2022\/07\/image-43-768x512.png 768w, https:\/\/infoecos.com.ar\/wp-content\/uploads\/2022\/07\/image-43-1024x682.png 1024w, https:\/\/infoecos.com.ar\/wp-content\/uploads\/2022\/07\/image-43-675x450.png 675w, https:\/\/infoecos.com.ar\/wp-content\/uploads\/2022\/07\/image-43.png 1280w\" sizes=\"(max-width: 920px) 100vw, 920px\" \/><\/figure>\n\n\n\n<p>El ex basquetbolista, brind\u00f3 una capacitaci\u00f3n.<\/p>\n\n\n\n<p>Brind\u00f3 una capacitaci\u00f3n, que se dividi\u00f3 en te\u00f3rica &#8211; pr\u00e1ctica. <\/p>\n\n\n\n<p><\/p>\n","protected":false},"excerpt":{"rendered":"<p>Walter Hermann, integrante de la generaci\u00f3n dorada y campe\u00f3n ol\u00edmpico de b\u00e1squet en 2004.<\/p>\n","protected":false},"author":2,"featured_media":94765,"comment_status":"closed","ping_status":"open","sticky":false,"template":"","format":"standard","meta":{"footnotes":""},"categories":[41],"tags":[6341],"class_list":["post-94764","post","type-post","status-publish","format-standard","has-post-thumbnail","hentry","category-inferior2","tag-asociacion-de-basquetbol"],"yoast_head":"<!-- This site is optimized with the Yoast SEO plugin v23.4 - https:\/\/yoast.com\/wordpress\/plugins\/seo\/ -->\n<title>Brind\u00f3 una capacitaci\u00f3n en Pehuaj\u00f3 el ex basquetbolista Walter Hermann - Infoecos<\/title>\n<meta name=\"robots\" content=\"index, follow, max-snippet:-1, max-image-preview:large, max-video-preview:-1\" \/>\n<link rel=\"canonical\" href=\"https:\/\/infoecos.com.ar\/index.php\/brindo-una-capacitacion-en-pehuajo-el-ex-basquetbolista-walter-hermann\/\" \/>\n<meta property=\"og:locale\" content=\"es_ES\" \/>\n<meta property=\"og:type\" content=\"article\" \/>\n<meta property=\"og:title\" content=\"Brind\u00f3 una capacitaci\u00f3n en Pehuaj\u00f3 el ex basquetbolista Walter Hermann - Infoecos\" \/>\n<meta property=\"og:description\" content=\"Walter Hermann, integrante de la generaci\u00f3n dorada y campe\u00f3n ol\u00edmpico de b\u00e1squet en 2004.\" \/>\n<meta property=\"og:url\" content=\"https:\/\/infoecos.com.ar\/index.php\/brindo-una-capacitacion-en-pehuajo-el-ex-basquetbolista-walter-hermann\/\" \/>\n<meta property=\"og:site_name\" content=\"Infoecos\" \/>\n<meta property=\"article:publisher\" content=\"https:\/\/www.facebook.com\/profile.php?id=100063200290284\" \/>\n<meta property=\"article:published_time\" content=\"2022-07-21T04:50:38+00:00\" \/>\n<meta property=\"article:modified_time\" content=\"2022-07-22T05:56:15+00:00\" \/>\n<meta property=\"og:image\" content=\"https:\/\/infoecos.com.ar\/wp-content\/uploads\/2022\/07\/image-43.png\" \/>\n\t<meta property=\"og:image:width\" content=\"1280\" \/>\n\t<meta property=\"og:image:height\" content=\"853\" \/>\n\t<meta property=\"og:image:type\" content=\"image\/png\" \/>\n<meta name=\"author\" content=\"Jorge Matheus\" \/>\n<meta name=\"twitter:card\" content=\"summary_large_image\" \/>\n<meta name=\"twitter:creator\" content=\"@infoecos\" \/>\n<meta name=\"twitter:site\" content=\"@infoecos\" \/>\n<meta name=\"twitter:label1\" content=\"Escrito por\" \/>\n\t<meta name=\"twitter:data1\" content=\"Jorge Matheus\" \/>\n<script type=\"application\/ld+json\" class=\"yoast-schema-graph\">{\"@context\":\"https:\/\/schema.org\",\"@graph\":[{\"@type\":\"Article\",\"@id\":\"https:\/\/infoecos.com.ar\/index.php\/brindo-una-capacitacion-en-pehuajo-el-ex-basquetbolista-walter-hermann\/#article\",\"isPartOf\":{\"@id\":\"https:\/\/infoecos.com.ar\/index.php\/brindo-una-capacitacion-en-pehuajo-el-ex-basquetbolista-walter-hermann\/\"},\"author\":{\"name\":\"Jorge Matheus\",\"@id\":\"https:\/\/infoecos.com.ar\/#\/schema\/person\/8f5ace5ce73b4b4aac4b7245aee6f191\"},\"headline\":\"Brind\u00f3 una capacitaci\u00f3n en Pehuaj\u00f3 el ex basquetbolista Walter Hermann\",\"datePublished\":\"2022-07-21T04:50:38+00:00\",\"dateModified\":\"2022-07-22T05:56:15+00:00\",\"mainEntityOfPage\":{\"@id\":\"https:\/\/infoecos.com.ar\/index.php\/brindo-una-capacitacion-en-pehuajo-el-ex-basquetbolista-walter-hermann\/\"},\"wordCount\":51,\"publisher\":{\"@id\":\"https:\/\/infoecos.com.ar\/#organization\"},\"image\":{\"@id\":\"https:\/\/infoecos.com.ar\/index.php\/brindo-una-capacitacion-en-pehuajo-el-ex-basquetbolista-walter-hermann\/#primaryimage\"},\"thumbnailUrl\":\"https:\/\/infoecos.com.ar\/wp-content\/uploads\/2022\/07\/image-43.png\",\"keywords\":[\"ASOCIACI\u00d3N DE B\u00c1SQUETBOL\"],\"articleSection\":[\"Bloque inferior - 2\"],\"inLanguage\":\"es\"},{\"@type\":\"WebPage\",\"@id\":\"https:\/\/infoecos.com.ar\/index.php\/brindo-una-capacitacion-en-pehuajo-el-ex-basquetbolista-walter-hermann\/\",\"url\":\"https:\/\/infoecos.com.ar\/index.php\/brindo-una-capacitacion-en-pehuajo-el-ex-basquetbolista-walter-hermann\/\",\"name\":\"Brind\u00f3 una capacitaci\u00f3n en Pehuaj\u00f3 el ex basquetbolista Walter Hermann - Infoecos\",\"isPartOf\":{\"@id\":\"https:\/\/infoecos.com.ar\/#website\"},\"primaryImageOfPage\":{\"@id\":\"https:\/\/infoecos.com.ar\/index.php\/brindo-una-capacitacion-en-pehuajo-el-ex-basquetbolista-walter-hermann\/#primaryimage\"},\"image\":{\"@id\":\"https:\/\/infoecos.com.ar\/index.php\/brindo-una-capacitacion-en-pehuajo-el-ex-basquetbolista-walter-hermann\/#primaryimage\"},\"thumbnailUrl\":\"https:\/\/infoecos.com.ar\/wp-content\/uploads\/2022\/07\/image-43.png\",\"datePublished\":\"2022-07-21T04:50:38+00:00\",\"dateModified\":\"2022-07-22T05:56:15+00:00\",\"breadcrumb\":{\"@id\":\"https:\/\/infoecos.com.ar\/index.php\/brindo-una-capacitacion-en-pehuajo-el-ex-basquetbolista-walter-hermann\/#breadcrumb\"},\"inLanguage\":\"es\",\"potentialAction\":[{\"@type\":\"ReadAction\",\"target\":[\"https:\/\/infoecos.com.ar\/index.php\/brindo-una-capacitacion-en-pehuajo-el-ex-basquetbolista-walter-hermann\/\"]}]},{\"@type\":\"ImageObject\",\"inLanguage\":\"es\",\"@id\":\"https:\/\/infoecos.com.ar\/index.php\/brindo-una-capacitacion-en-pehuajo-el-ex-basquetbolista-walter-hermann\/#primaryimage\",\"url\":\"https:\/\/infoecos.com.ar\/wp-content\/uploads\/2022\/07\/image-43.png\",\"contentUrl\":\"https:\/\/infoecos.com.ar\/wp-content\/uploads\/2022\/07\/image-43.png\",\"width\":1280,\"height\":853},{\"@type\":\"BreadcrumbList\",\"@id\":\"https:\/\/infoecos.com.ar\/index.php\/brindo-una-capacitacion-en-pehuajo-el-ex-basquetbolista-walter-hermann\/#breadcrumb\",\"itemListElement\":[{\"@type\":\"ListItem\",\"position\":1,\"name\":\"Portada\",\"item\":\"https:\/\/infoecos.com.ar\/\"},{\"@type\":\"ListItem\",\"position\":2,\"name\":\"Brind\u00f3 una capacitaci\u00f3n en Pehuaj\u00f3 el ex basquetbolista Walter Hermann\"}]},{\"@type\":\"WebSite\",\"@id\":\"https:\/\/infoecos.com.ar\/#website\",\"url\":\"https:\/\/infoecos.com.ar\/\",\"name\":\"Infoecos\",\"description\":\"Noticias de trenque lauquen y la zona\",\"publisher\":{\"@id\":\"https:\/\/infoecos.com.ar\/#organization\"},\"alternateName\":\"Noticias\",\"potentialAction\":[{\"@type\":\"SearchAction\",\"target\":{\"@type\":\"EntryPoint\",\"urlTemplate\":\"https:\/\/infoecos.com.ar\/?s={search_term_string}\"},\"query-input\":{\"@type\":\"PropertyValueSpecification\",\"valueRequired\":true,\"valueName\":\"search_term_string\"}}],\"inLanguage\":\"es\"},{\"@type\":\"Organization\",\"@id\":\"https:\/\/infoecos.com.ar\/#organization\",\"name\":\"Infoecos\",\"alternateName\":\"Noticias\",\"url\":\"https:\/\/infoecos.com.ar\/\",\"logo\":{\"@type\":\"ImageObject\",\"inLanguage\":\"es\",\"@id\":\"https:\/\/infoecos.com.ar\/#\/schema\/logo\/image\/\",\"url\":\"https:\/\/infoecos.com.ar\/wp-content\/uploads\/2024\/03\/cropped-logo.png\",\"contentUrl\":\"https:\/\/infoecos.com.ar\/wp-content\/uploads\/2024\/03\/cropped-logo.png\",\"width\":374,\"height\":90,\"caption\":\"Infoecos\"},\"image\":{\"@id\":\"https:\/\/infoecos.com.ar\/#\/schema\/logo\/image\/\"},\"sameAs\":[\"https:\/\/www.facebook.com\/profile.php?id=100063200290284\",\"https:\/\/x.com\/infoecos\"]},{\"@type\":\"Person\",\"@id\":\"https:\/\/infoecos.com.ar\/#\/schema\/person\/8f5ace5ce73b4b4aac4b7245aee6f191\",\"name\":\"Jorge Matheus\",\"url\":\"https:\/\/infoecos.com.ar\/index.php\/author\/jomatheus\/\"}]}<\/script>\n<!-- \/ Yoast SEO plugin. -->","yoast_head_json":{"title":"Brind\u00f3 una capacitaci\u00f3n en Pehuaj\u00f3 el ex basquetbolista Walter Hermann - Infoecos","robots":{"index":"index","follow":"follow","max-snippet":"max-snippet:-1","max-image-preview":"max-image-preview:large","max-video-preview":"max-video-preview:-1"},"canonical":"https:\/\/infoecos.com.ar\/index.php\/brindo-una-capacitacion-en-pehuajo-el-ex-basquetbolista-walter-hermann\/","og_locale":"es_ES","og_type":"article","og_title":"Brind\u00f3 una capacitaci\u00f3n en Pehuaj\u00f3 el ex basquetbolista Walter Hermann - Infoecos","og_description":"Walter Hermann, integrante de la generaci\u00f3n dorada y campe\u00f3n ol\u00edmpico de b\u00e1squet en 2004.","og_url":"https:\/\/infoecos.com.ar\/index.php\/brindo-una-capacitacion-en-pehuajo-el-ex-basquetbolista-walter-hermann\/","og_site_name":"Infoecos","article_publisher":"https:\/\/www.facebook.com\/profile.php?id=100063200290284","article_published_time":"2022-07-21T04:50:38+00:00","article_modified_time":"2022-07-22T05:56:15+00:00","og_image":[{"width":1280,"height":853,"url":"https:\/\/infoecos.com.ar\/wp-content\/uploads\/2022\/07\/image-43.png","type":"image\/png"}],"author":"Jorge Matheus","twitter_card":"summary_large_image","twitter_creator":"@infoecos","twitter_site":"@infoecos","twitter_misc":{"Escrito por":"Jorge Matheus"},"schema":{"@context":"https:\/\/schema.org","@graph":[{"@type":"Article","@id":"https:\/\/infoecos.com.ar\/index.php\/brindo-una-capacitacion-en-pehuajo-el-ex-basquetbolista-walter-hermann\/#article","isPartOf":{"@id":"https:\/\/infoecos.com.ar\/index.php\/brindo-una-capacitacion-en-pehuajo-el-ex-basquetbolista-walter-hermann\/"},"author":{"name":"Jorge Matheus","@id":"https:\/\/infoecos.com.ar\/#\/schema\/person\/8f5ace5ce73b4b4aac4b7245aee6f191"},"headline":"Brind\u00f3 una capacitaci\u00f3n en Pehuaj\u00f3 el ex basquetbolista Walter Hermann","datePublished":"2022-07-21T04:50:38+00:00","dateModified":"2022-07-22T05:56:15+00:00","mainEntityOfPage":{"@id":"https:\/\/infoecos.com.ar\/index.php\/brindo-una-capacitacion-en-pehuajo-el-ex-basquetbolista-walter-hermann\/"},"wordCount":51,"publisher":{"@id":"https:\/\/infoecos.com.ar\/#organization"},"image":{"@id":"https:\/\/infoecos.com.ar\/index.php\/brindo-una-capacitacion-en-pehuajo-el-ex-basquetbolista-walter-hermann\/#primaryimage"},"thumbnailUrl":"https:\/\/infoecos.com.ar\/wp-content\/uploads\/2022\/07\/image-43.png","keywords":["ASOCIACI\u00d3N DE B\u00c1SQUETBOL"],"articleSection":["Bloque inferior - 2"],"inLanguage":"es"},{"@type":"WebPage","@id":"https:\/\/infoecos.com.ar\/index.php\/brindo-una-capacitacion-en-pehuajo-el-ex-basquetbolista-walter-hermann\/","url":"https:\/\/infoecos.com.ar\/index.php\/brindo-una-capacitacion-en-pehuajo-el-ex-basquetbolista-walter-hermann\/","name":"Brind\u00f3 una capacitaci\u00f3n en Pehuaj\u00f3 el ex basquetbolista Walter Hermann - Infoecos","isPartOf":{"@id":"https:\/\/infoecos.com.ar\/#website"},"primaryImageOfPage":{"@id":"https:\/\/infoecos.com.ar\/index.php\/brindo-una-capacitacion-en-pehuajo-el-ex-basquetbolista-walter-hermann\/#primaryimage"},"image":{"@id":"https:\/\/infoecos.com.ar\/index.php\/brindo-una-capacitacion-en-pehuajo-el-ex-basquetbolista-walter-hermann\/#primaryimage"},"thumbnailUrl":"https:\/\/infoecos.com.ar\/wp-content\/uploads\/2022\/07\/image-43.png","datePublished":"2022-07-21T04:50:38+00:00","dateModified":"2022-07-22T05:56:15+00:00","breadcrumb":{"@id":"https:\/\/infoecos.com.ar\/index.php\/brindo-una-capacitacion-en-pehuajo-el-ex-basquetbolista-walter-hermann\/#breadcrumb"},"inLanguage":"es","potentialAction":[{"@type":"ReadAction","target":["https:\/\/infoecos.com.ar\/index.php\/brindo-una-capacitacion-en-pehuajo-el-ex-basquetbolista-walter-hermann\/"]}]},{"@type":"ImageObject","inLanguage":"es","@id":"https:\/\/infoecos.com.ar\/index.php\/brindo-una-capacitacion-en-pehuajo-el-ex-basquetbolista-walter-hermann\/#primaryimage","url":"https:\/\/infoecos.com.ar\/wp-content\/uploads\/2022\/07\/image-43.png","contentUrl":"https:\/\/infoecos.com.ar\/wp-content\/uploads\/2022\/07\/image-43.png","width":1280,"height":853},{"@type":"BreadcrumbList","@id":"https:\/\/infoecos.com.ar\/index.php\/brindo-una-capacitacion-en-pehuajo-el-ex-basquetbolista-walter-hermann\/#breadcrumb","itemListElement":[{"@type":"ListItem","position":1,"name":"Portada","item":"https:\/\/infoecos.com.ar\/"},{"@type":"ListItem","position":2,"name":"Brind\u00f3 una capacitaci\u00f3n en Pehuaj\u00f3 el ex basquetbolista Walter Hermann"}]},{"@type":"WebSite","@id":"https:\/\/infoecos.com.ar\/#website","url":"https:\/\/infoecos.com.ar\/","name":"Infoecos","description":"Noticias de trenque lauquen y la zona","publisher":{"@id":"https:\/\/infoecos.com.ar\/#organization"},"alternateName":"Noticias","potentialAction":[{"@type":"SearchAction","target":{"@type":"EntryPoint","urlTemplate":"https:\/\/infoecos.com.ar\/?s={search_term_string}"},"query-input":{"@type":"PropertyValueSpecification","valueRequired":true,"valueName":"search_term_string"}}],"inLanguage":"es"},{"@type":"Organization","@id":"https:\/\/infoecos.com.ar\/#organization","name":"Infoecos","alternateName":"Noticias","url":"https:\/\/infoecos.com.ar\/","logo":{"@type":"ImageObject","inLanguage":"es","@id":"https:\/\/infoecos.com.ar\/#\/schema\/logo\/image\/","url":"https:\/\/infoecos.com.ar\/wp-content\/uploads\/2024\/03\/cropped-logo.png","contentUrl":"https:\/\/infoecos.com.ar\/wp-content\/uploads\/2024\/03\/cropped-logo.png","width":374,"height":90,"caption":"Infoecos"},"image":{"@id":"https:\/\/infoecos.com.ar\/#\/schema\/logo\/image\/"},"sameAs":["https:\/\/www.facebook.com\/profile.php?id=100063200290284","https:\/\/x.com\/infoecos"]},{"@type":"Person","@id":"https:\/\/infoecos.com.ar\/#\/schema\/person\/8f5ace5ce73b4b4aac4b7245aee6f191","name":"Jorge Matheus","url":"https:\/\/infoecos.com.ar\/index.php\/author\/jomatheus\/"}]}},"featured_image_urls":{"full":["https:\/\/infoecos.com.ar\/wp-content\/uploads\/2022\/07\/image-43.png",1280,853,false],"thumbnail":["https:\/\/infoecos.com.ar\/wp-content\/uploads\/2022\/07\/image-43-150x150.png",150,150,true],"medium":["https:\/\/infoecos.com.ar\/wp-content\/uploads\/2022\/07\/image-43-460x307.png",460,307,true],"medium_large":["https:\/\/infoecos.com.ar\/wp-content\/uploads\/2022\/07\/image-43-768x512.png",640,427,true],"large":["https:\/\/infoecos.com.ar\/wp-content\/uploads\/2022\/07\/image-43-920x613.png",640,426,true],"1536x1536":["https:\/\/infoecos.com.ar\/wp-content\/uploads\/2022\/07\/image-43.png",1280,853,false],"2048x2048":["https:\/\/infoecos.com.ar\/wp-content\/uploads\/2022\/07\/image-43.png",1280,853,false],"covernews-slider-full":["https:\/\/infoecos.com.ar\/wp-content\/uploads\/2022\/07\/image-43.png",1073,715,false],"covernews-slider-center":["https:\/\/infoecos.com.ar\/wp-content\/uploads\/2022\/07\/image-43-936x853.png",549,500,true],"covernews-featured":["https:\/\/infoecos.com.ar\/wp-content\/uploads\/2022\/07\/image-43-1024x682.png",1024,682,true],"covernews-medium":["https:\/\/infoecos.com.ar\/wp-content\/uploads\/2022\/07\/image-43-720x380.png",540,285,true],"covernews-medium-square":["https:\/\/infoecos.com.ar\/wp-content\/uploads\/2022\/07\/image-43-675x450.png",375,250,true]},"author_info":{"info":["Jorge Matheus"]},"category_info":"<a href=\"https:\/\/infoecos.com.ar\/index.php\/category\/inferior2\/\" rel=\"category tag\">Bloque inferior - 2<\/a>","tag_info":"Bloque inferior - 2","comment_count":"0","_links":{"self":[{"href":"https:\/\/infoecos.com.ar\/index.php\/wp-json\/wp\/v2\/posts\/94764"}],"collection":[{"href":"https:\/\/infoecos.com.ar\/index.php\/wp-json\/wp\/v2\/posts"}],"about":[{"href":"https:\/\/infoecos.com.ar\/index.php\/wp-json\/wp\/v2\/types\/post"}],"author":[{"embeddable":true,"href":"https:\/\/infoecos.com.ar\/index.php\/wp-json\/wp\/v2\/users\/2"}],"replies":[{"embeddable":true,"href":"https:\/\/infoecos.com.ar\/index.php\/wp-json\/wp\/v2\/comments?post=94764"}],"version-history":[{"count":1,"href":"https:\/\/infoecos.com.ar\/index.php\/wp-json\/wp\/v2\/posts\/94764\/revisions"}],"predecessor-version":[{"id":94766,"href":"https:\/\/infoecos.com.ar\/index.php\/wp-json\/wp\/v2\/posts\/94764\/revisions\/94766"}],"wp:featuredmedia":[{"embeddable":true,"href":"https:\/\/infoecos.com.ar\/index.php\/wp-json\/wp\/v2\/media\/94765"}],"wp:attachment":[{"href":"https:\/\/infoecos.com.ar\/index.php\/wp-json\/wp\/v2\/media?parent=94764"}],"wp:term":[{"taxonomy":"category","embeddable":true,"href":"https:\/\/infoecos.com.ar\/index.php\/wp-json\/wp\/v2\/categories?post=94764"},{"taxonomy":"post_tag","embeddable":true,"href":"https:\/\/infoecos.com.ar\/index.php\/wp-json\/wp\/v2\/tags?post=94764"}],"curies":[{"name":"wp","href":"https:\/\/api.w.org\/{rel}","templated":true}]}}