{"id":94770,"date":"2022-07-21T02:13:54","date_gmt":"2022-07-21T05:13:54","guid":{"rendered":"http:\/\/infoecos.com.ar\/?p=94770"},"modified":"2022-07-25T02:13:26","modified_gmt":"2022-07-25T05:13:26","slug":"en-40-dias-deberian-estar-las-maquinas-trabajando-sobre-ruta-nacional-numero-5","status":"publish","type":"post","link":"https:\/\/infoecos.com.ar\/index.php\/en-40-dias-deberian-estar-las-maquinas-trabajando-sobre-ruta-nacional-numero-5\/","title":{"rendered":"En 40 d\u00edas deber\u00edan estar las m\u00e1quinas trabajando sobre Ruta Nacional n\u00famero 5"},"content":{"rendered":"\n<p>El intendente de Bragado, Vicente Gatica, particip\u00f3 en la ciudad de Mercedes de la firma del contrato que permitir\u00e1 la continuaci\u00f3n de la autov\u00eda de la Ruta Nacional N 5.<\/p>\n\n\n\n<figure class=\"wp-block-image aligncenter size-full\"><img loading=\"lazy\" decoding=\"async\" width=\"800\" height=\"709\" src=\"http:\/\/infoecos.com.ar\/wp-content\/uploads\/2022\/06\/51c3e3ed-4c5a-4d95-b9da-2da1beff8bd2.jpg\" alt=\"\" class=\"wp-image-93450\" srcset=\"https:\/\/infoecos.com.ar\/wp-content\/uploads\/2022\/06\/51c3e3ed-4c5a-4d95-b9da-2da1beff8bd2.jpg 800w, https:\/\/infoecos.com.ar\/wp-content\/uploads\/2022\/06\/51c3e3ed-4c5a-4d95-b9da-2da1beff8bd2-460x408.jpg 460w, https:\/\/infoecos.com.ar\/wp-content\/uploads\/2022\/06\/51c3e3ed-4c5a-4d95-b9da-2da1beff8bd2-768x681.jpg 768w\" sizes=\"(max-width: 800px) 100vw, 800px\" \/><\/figure>\n\n\n\n<p>Indic\u00f3 que la obra que llegar\u00e1 en principio hasta la ciudad de Suipacha, arrancando desde Mercedes, se tiene que iniciar dentro de los 40 d\u00edas.<\/p>\n\n\n\n<p>Expres\u00f3 que al mismo tiempo y en forma paralela, desde Trenque Lauquen hac\u00eda Santa Rosa se comenzar\u00e1 con lo que se conoce como Ruta Segura que es el mejoramiento y ensanchamiento de las banquinas.<\/p>\n\n\n\n<p>El Jefe Comunal de Bragado, tambi\u00e9n inform\u00f3 que entre Alberti y Bragado se est\u00e1n haciendo trabajos en las banquinas y esta obra va en paralelo con el cambio de iluminaci\u00f3n de la Ruta Nacional 5, de sodio a led y en el caso de Bragado se hace el cambio de iluminaci\u00f3n del acceso a la localidad de Mechita.<\/p>\n","protected":false},"excerpt":{"rendered":"<p>Desde Trenque Lauquen hac\u00eda Santa Rosa se comenzar\u00e1 con lo que se conoce como Ruta Segura que es el mejoramiento y ensanchamiento de las banquinas<\/p>\n","protected":false},"author":2,"featured_media":93450,"comment_status":"closed","ping_status":"open","sticky":false,"template":"","format":"standard","meta":{"footnotes":""},"categories":[1643],"tags":[6342],"class_list":["post-94770","post","type-post","status-publish","format-standard","has-post-thumbnail","hentry","category-inferior16","tag-declaraciones-de-gatica"],"yoast_head":"<!-- This site is optimized with the Yoast SEO plugin v23.4 - https:\/\/yoast.com\/wordpress\/plugins\/seo\/ -->\n<title>En 40 d\u00edas deber\u00edan estar las m\u00e1quinas trabajando sobre Ruta Nacional n\u00famero 5 - Infoecos<\/title>\n<meta name=\"robots\" content=\"index, follow, max-snippet:-1, max-image-preview:large, max-video-preview:-1\" \/>\n<link rel=\"canonical\" href=\"https:\/\/infoecos.com.ar\/index.php\/en-40-dias-deberian-estar-las-maquinas-trabajando-sobre-ruta-nacional-numero-5\/\" \/>\n<meta property=\"og:locale\" content=\"es_ES\" \/>\n<meta property=\"og:type\" content=\"article\" \/>\n<meta property=\"og:title\" content=\"En 40 d\u00edas deber\u00edan estar las m\u00e1quinas trabajando sobre Ruta Nacional n\u00famero 5 - Infoecos\" \/>\n<meta property=\"og:description\" content=\"Desde Trenque Lauquen hac\u00eda Santa Rosa se comenzar\u00e1 con lo que se conoce como Ruta Segura que es el mejoramiento y ensanchamiento de las banquinas\" \/>\n<meta property=\"og:url\" content=\"https:\/\/infoecos.com.ar\/index.php\/en-40-dias-deberian-estar-las-maquinas-trabajando-sobre-ruta-nacional-numero-5\/\" \/>\n<meta property=\"og:site_name\" content=\"Infoecos\" \/>\n<meta property=\"article:publisher\" content=\"https:\/\/www.facebook.com\/profile.php?id=100063200290284\" \/>\n<meta property=\"article:published_time\" content=\"2022-07-21T05:13:54+00:00\" \/>\n<meta property=\"article:modified_time\" content=\"2022-07-25T05:13:26+00:00\" \/>\n<meta property=\"og:image\" content=\"https:\/\/infoecos.com.ar\/wp-content\/uploads\/2022\/06\/51c3e3ed-4c5a-4d95-b9da-2da1beff8bd2.jpg\" \/>\n\t<meta property=\"og:image:width\" content=\"800\" \/>\n\t<meta property=\"og:image:height\" content=\"709\" \/>\n\t<meta property=\"og:image:type\" content=\"image\/jpeg\" \/>\n<meta name=\"author\" content=\"Jorge Matheus\" \/>\n<meta name=\"twitter:card\" content=\"summary_large_image\" \/>\n<meta name=\"twitter:creator\" content=\"@infoecos\" \/>\n<meta name=\"twitter:site\" content=\"@infoecos\" \/>\n<meta name=\"twitter:label1\" content=\"Escrito por\" \/>\n\t<meta name=\"twitter:data1\" content=\"Jorge Matheus\" \/>\n\t<meta name=\"twitter:label2\" content=\"Tiempo de lectura\" \/>\n\t<meta name=\"twitter:data2\" content=\"1 minuto\" \/>\n<script type=\"application\/ld+json\" class=\"yoast-schema-graph\">{\"@context\":\"https:\/\/schema.org\",\"@graph\":[{\"@type\":\"Article\",\"@id\":\"https:\/\/infoecos.com.ar\/index.php\/en-40-dias-deberian-estar-las-maquinas-trabajando-sobre-ruta-nacional-numero-5\/#article\",\"isPartOf\":{\"@id\":\"https:\/\/infoecos.com.ar\/index.php\/en-40-dias-deberian-estar-las-maquinas-trabajando-sobre-ruta-nacional-numero-5\/\"},\"author\":{\"name\":\"Jorge Matheus\",\"@id\":\"https:\/\/infoecos.com.ar\/#\/schema\/person\/8f5ace5ce73b4b4aac4b7245aee6f191\"},\"headline\":\"En 40 d\u00edas deber\u00edan estar las m\u00e1quinas trabajando sobre Ruta Nacional n\u00famero 5\",\"datePublished\":\"2022-07-21T05:13:54+00:00\",\"dateModified\":\"2022-07-25T05:13:26+00:00\",\"mainEntityOfPage\":{\"@id\":\"https:\/\/infoecos.com.ar\/index.php\/en-40-dias-deberian-estar-las-maquinas-trabajando-sobre-ruta-nacional-numero-5\/\"},\"wordCount\":167,\"publisher\":{\"@id\":\"https:\/\/infoecos.com.ar\/#organization\"},\"image\":{\"@id\":\"https:\/\/infoecos.com.ar\/index.php\/en-40-dias-deberian-estar-las-maquinas-trabajando-sobre-ruta-nacional-numero-5\/#primaryimage\"},\"thumbnailUrl\":\"https:\/\/infoecos.com.ar\/wp-content\/uploads\/2022\/06\/51c3e3ed-4c5a-4d95-b9da-2da1beff8bd2.jpg\",\"keywords\":[\"DECLARACIONES DE GATICA\"],\"articleSection\":[\"Bloque inferior - 16\"],\"inLanguage\":\"es\"},{\"@type\":\"WebPage\",\"@id\":\"https:\/\/infoecos.com.ar\/index.php\/en-40-dias-deberian-estar-las-maquinas-trabajando-sobre-ruta-nacional-numero-5\/\",\"url\":\"https:\/\/infoecos.com.ar\/index.php\/en-40-dias-deberian-estar-las-maquinas-trabajando-sobre-ruta-nacional-numero-5\/\",\"name\":\"En 40 d\u00edas deber\u00edan estar las m\u00e1quinas trabajando sobre Ruta Nacional n\u00famero 5 - Infoecos\",\"isPartOf\":{\"@id\":\"https:\/\/infoecos.com.ar\/#website\"},\"primaryImageOfPage\":{\"@id\":\"https:\/\/infoecos.com.ar\/index.php\/en-40-dias-deberian-estar-las-maquinas-trabajando-sobre-ruta-nacional-numero-5\/#primaryimage\"},\"image\":{\"@id\":\"https:\/\/infoecos.com.ar\/index.php\/en-40-dias-deberian-estar-las-maquinas-trabajando-sobre-ruta-nacional-numero-5\/#primaryimage\"},\"thumbnailUrl\":\"https:\/\/infoecos.com.ar\/wp-content\/uploads\/2022\/06\/51c3e3ed-4c5a-4d95-b9da-2da1beff8bd2.jpg\",\"datePublished\":\"2022-07-21T05:13:54+00:00\",\"dateModified\":\"2022-07-25T05:13:26+00:00\",\"breadcrumb\":{\"@id\":\"https:\/\/infoecos.com.ar\/index.php\/en-40-dias-deberian-estar-las-maquinas-trabajando-sobre-ruta-nacional-numero-5\/#breadcrumb\"},\"inLanguage\":\"es\",\"potentialAction\":[{\"@type\":\"ReadAction\",\"target\":[\"https:\/\/infoecos.com.ar\/index.php\/en-40-dias-deberian-estar-las-maquinas-trabajando-sobre-ruta-nacional-numero-5\/\"]}]},{\"@type\":\"ImageObject\",\"inLanguage\":\"es\",\"@id\":\"https:\/\/infoecos.com.ar\/index.php\/en-40-dias-deberian-estar-las-maquinas-trabajando-sobre-ruta-nacional-numero-5\/#primaryimage\",\"url\":\"https:\/\/infoecos.com.ar\/wp-content\/uploads\/2022\/06\/51c3e3ed-4c5a-4d95-b9da-2da1beff8bd2.jpg\",\"contentUrl\":\"https:\/\/infoecos.com.ar\/wp-content\/uploads\/2022\/06\/51c3e3ed-4c5a-4d95-b9da-2da1beff8bd2.jpg\",\"width\":800,\"height\":709},{\"@type\":\"BreadcrumbList\",\"@id\":\"https:\/\/infoecos.com.ar\/index.php\/en-40-dias-deberian-estar-las-maquinas-trabajando-sobre-ruta-nacional-numero-5\/#breadcrumb\",\"itemListElement\":[{\"@type\":\"ListItem\",\"position\":1,\"name\":\"Portada\",\"item\":\"https:\/\/infoecos.com.ar\/\"},{\"@type\":\"ListItem\",\"position\":2,\"name\":\"En 40 d\u00edas deber\u00edan estar las m\u00e1quinas trabajando sobre Ruta Nacional n\u00famero 5\"}]},{\"@type\":\"WebSite\",\"@id\":\"https:\/\/infoecos.com.ar\/#website\",\"url\":\"https:\/\/infoecos.com.ar\/\",\"name\":\"Infoecos\",\"description\":\"Noticias de trenque lauquen y la zona\",\"publisher\":{\"@id\":\"https:\/\/infoecos.com.ar\/#organization\"},\"alternateName\":\"Noticias\",\"potentialAction\":[{\"@type\":\"SearchAction\",\"target\":{\"@type\":\"EntryPoint\",\"urlTemplate\":\"https:\/\/infoecos.com.ar\/?s={search_term_string}\"},\"query-input\":{\"@type\":\"PropertyValueSpecification\",\"valueRequired\":true,\"valueName\":\"search_term_string\"}}],\"inLanguage\":\"es\"},{\"@type\":\"Organization\",\"@id\":\"https:\/\/infoecos.com.ar\/#organization\",\"name\":\"Infoecos\",\"alternateName\":\"Noticias\",\"url\":\"https:\/\/infoecos.com.ar\/\",\"logo\":{\"@type\":\"ImageObject\",\"inLanguage\":\"es\",\"@id\":\"https:\/\/infoecos.com.ar\/#\/schema\/logo\/image\/\",\"url\":\"https:\/\/infoecos.com.ar\/wp-content\/uploads\/2024\/03\/cropped-logo.png\",\"contentUrl\":\"https:\/\/infoecos.com.ar\/wp-content\/uploads\/2024\/03\/cropped-logo.png\",\"width\":374,\"height\":90,\"caption\":\"Infoecos\"},\"image\":{\"@id\":\"https:\/\/infoecos.com.ar\/#\/schema\/logo\/image\/\"},\"sameAs\":[\"https:\/\/www.facebook.com\/profile.php?id=100063200290284\",\"https:\/\/x.com\/infoecos\"]},{\"@type\":\"Person\",\"@id\":\"https:\/\/infoecos.com.ar\/#\/schema\/person\/8f5ace5ce73b4b4aac4b7245aee6f191\",\"name\":\"Jorge Matheus\",\"url\":\"https:\/\/infoecos.com.ar\/index.php\/author\/jomatheus\/\"}]}<\/script>\n<!-- \/ Yoast SEO plugin. -->","yoast_head_json":{"title":"En 40 d\u00edas deber\u00edan estar las m\u00e1quinas trabajando sobre Ruta Nacional n\u00famero 5 - Infoecos","robots":{"index":"index","follow":"follow","max-snippet":"max-snippet:-1","max-image-preview":"max-image-preview:large","max-video-preview":"max-video-preview:-1"},"canonical":"https:\/\/infoecos.com.ar\/index.php\/en-40-dias-deberian-estar-las-maquinas-trabajando-sobre-ruta-nacional-numero-5\/","og_locale":"es_ES","og_type":"article","og_title":"En 40 d\u00edas deber\u00edan estar las m\u00e1quinas trabajando sobre Ruta Nacional n\u00famero 5 - Infoecos","og_description":"Desde Trenque Lauquen hac\u00eda Santa Rosa se comenzar\u00e1 con lo que se conoce como Ruta Segura que es el mejoramiento y ensanchamiento de las banquinas","og_url":"https:\/\/infoecos.com.ar\/index.php\/en-40-dias-deberian-estar-las-maquinas-trabajando-sobre-ruta-nacional-numero-5\/","og_site_name":"Infoecos","article_publisher":"https:\/\/www.facebook.com\/profile.php?id=100063200290284","article_published_time":"2022-07-21T05:13:54+00:00","article_modified_time":"2022-07-25T05:13:26+00:00","og_image":[{"width":800,"height":709,"url":"https:\/\/infoecos.com.ar\/wp-content\/uploads\/2022\/06\/51c3e3ed-4c5a-4d95-b9da-2da1beff8bd2.jpg","type":"image\/jpeg"}],"author":"Jorge Matheus","twitter_card":"summary_large_image","twitter_creator":"@infoecos","twitter_site":"@infoecos","twitter_misc":{"Escrito por":"Jorge Matheus","Tiempo de lectura":"1 minuto"},"schema":{"@context":"https:\/\/schema.org","@graph":[{"@type":"Article","@id":"https:\/\/infoecos.com.ar\/index.php\/en-40-dias-deberian-estar-las-maquinas-trabajando-sobre-ruta-nacional-numero-5\/#article","isPartOf":{"@id":"https:\/\/infoecos.com.ar\/index.php\/en-40-dias-deberian-estar-las-maquinas-trabajando-sobre-ruta-nacional-numero-5\/"},"author":{"name":"Jorge Matheus","@id":"https:\/\/infoecos.com.ar\/#\/schema\/person\/8f5ace5ce73b4b4aac4b7245aee6f191"},"headline":"En 40 d\u00edas deber\u00edan estar las m\u00e1quinas trabajando sobre Ruta Nacional n\u00famero 5","datePublished":"2022-07-21T05:13:54+00:00","dateModified":"2022-07-25T05:13:26+00:00","mainEntityOfPage":{"@id":"https:\/\/infoecos.com.ar\/index.php\/en-40-dias-deberian-estar-las-maquinas-trabajando-sobre-ruta-nacional-numero-5\/"},"wordCount":167,"publisher":{"@id":"https:\/\/infoecos.com.ar\/#organization"},"image":{"@id":"https:\/\/infoecos.com.ar\/index.php\/en-40-dias-deberian-estar-las-maquinas-trabajando-sobre-ruta-nacional-numero-5\/#primaryimage"},"thumbnailUrl":"https:\/\/infoecos.com.ar\/wp-content\/uploads\/2022\/06\/51c3e3ed-4c5a-4d95-b9da-2da1beff8bd2.jpg","keywords":["DECLARACIONES DE GATICA"],"articleSection":["Bloque inferior - 16"],"inLanguage":"es"},{"@type":"WebPage","@id":"https:\/\/infoecos.com.ar\/index.php\/en-40-dias-deberian-estar-las-maquinas-trabajando-sobre-ruta-nacional-numero-5\/","url":"https:\/\/infoecos.com.ar\/index.php\/en-40-dias-deberian-estar-las-maquinas-trabajando-sobre-ruta-nacional-numero-5\/","name":"En 40 d\u00edas deber\u00edan estar las m\u00e1quinas trabajando sobre Ruta Nacional n\u00famero 5 - Infoecos","isPartOf":{"@id":"https:\/\/infoecos.com.ar\/#website"},"primaryImageOfPage":{"@id":"https:\/\/infoecos.com.ar\/index.php\/en-40-dias-deberian-estar-las-maquinas-trabajando-sobre-ruta-nacional-numero-5\/#primaryimage"},"image":{"@id":"https:\/\/infoecos.com.ar\/index.php\/en-40-dias-deberian-estar-las-maquinas-trabajando-sobre-ruta-nacional-numero-5\/#primaryimage"},"thumbnailUrl":"https:\/\/infoecos.com.ar\/wp-content\/uploads\/2022\/06\/51c3e3ed-4c5a-4d95-b9da-2da1beff8bd2.jpg","datePublished":"2022-07-21T05:13:54+00:00","dateModified":"2022-07-25T05:13:26+00:00","breadcrumb":{"@id":"https:\/\/infoecos.com.ar\/index.php\/en-40-dias-deberian-estar-las-maquinas-trabajando-sobre-ruta-nacional-numero-5\/#breadcrumb"},"inLanguage":"es","potentialAction":[{"@type":"ReadAction","target":["https:\/\/infoecos.com.ar\/index.php\/en-40-dias-deberian-estar-las-maquinas-trabajando-sobre-ruta-nacional-numero-5\/"]}]},{"@type":"ImageObject","inLanguage":"es","@id":"https:\/\/infoecos.com.ar\/index.php\/en-40-dias-deberian-estar-las-maquinas-trabajando-sobre-ruta-nacional-numero-5\/#primaryimage","url":"https:\/\/infoecos.com.ar\/wp-content\/uploads\/2022\/06\/51c3e3ed-4c5a-4d95-b9da-2da1beff8bd2.jpg","contentUrl":"https:\/\/infoecos.com.ar\/wp-content\/uploads\/2022\/06\/51c3e3ed-4c5a-4d95-b9da-2da1beff8bd2.jpg","width":800,"height":709},{"@type":"BreadcrumbList","@id":"https:\/\/infoecos.com.ar\/index.php\/en-40-dias-deberian-estar-las-maquinas-trabajando-sobre-ruta-nacional-numero-5\/#breadcrumb","itemListElement":[{"@type":"ListItem","position":1,"name":"Portada","item":"https:\/\/infoecos.com.ar\/"},{"@type":"ListItem","position":2,"name":"En 40 d\u00edas deber\u00edan estar las m\u00e1quinas trabajando sobre Ruta Nacional n\u00famero 5"}]},{"@type":"WebSite","@id":"https:\/\/infoecos.com.ar\/#website","url":"https:\/\/infoecos.com.ar\/","name":"Infoecos","description":"Noticias de trenque lauquen y la zona","publisher":{"@id":"https:\/\/infoecos.com.ar\/#organization"},"alternateName":"Noticias","potentialAction":[{"@type":"SearchAction","target":{"@type":"EntryPoint","urlTemplate":"https:\/\/infoecos.com.ar\/?s={search_term_string}"},"query-input":{"@type":"PropertyValueSpecification","valueRequired":true,"valueName":"search_term_string"}}],"inLanguage":"es"},{"@type":"Organization","@id":"https:\/\/infoecos.com.ar\/#organization","name":"Infoecos","alternateName":"Noticias","url":"https:\/\/infoecos.com.ar\/","logo":{"@type":"ImageObject","inLanguage":"es","@id":"https:\/\/infoecos.com.ar\/#\/schema\/logo\/image\/","url":"https:\/\/infoecos.com.ar\/wp-content\/uploads\/2024\/03\/cropped-logo.png","contentUrl":"https:\/\/infoecos.com.ar\/wp-content\/uploads\/2024\/03\/cropped-logo.png","width":374,"height":90,"caption":"Infoecos"},"image":{"@id":"https:\/\/infoecos.com.ar\/#\/schema\/logo\/image\/"},"sameAs":["https:\/\/www.facebook.com\/profile.php?id=100063200290284","https:\/\/x.com\/infoecos"]},{"@type":"Person","@id":"https:\/\/infoecos.com.ar\/#\/schema\/person\/8f5ace5ce73b4b4aac4b7245aee6f191","name":"Jorge Matheus","url":"https:\/\/infoecos.com.ar\/index.php\/author\/jomatheus\/"}]}},"featured_image_urls":{"full":["https:\/\/infoecos.com.ar\/wp-content\/uploads\/2022\/06\/51c3e3ed-4c5a-4d95-b9da-2da1beff8bd2.jpg",800,709,false],"thumbnail":["https:\/\/infoecos.com.ar\/wp-content\/uploads\/2022\/06\/51c3e3ed-4c5a-4d95-b9da-2da1beff8bd2-150x150.jpg",150,150,true],"medium":["https:\/\/infoecos.com.ar\/wp-content\/uploads\/2022\/06\/51c3e3ed-4c5a-4d95-b9da-2da1beff8bd2-460x408.jpg",460,408,true],"medium_large":["https:\/\/infoecos.com.ar\/wp-content\/uploads\/2022\/06\/51c3e3ed-4c5a-4d95-b9da-2da1beff8bd2-768x681.jpg",640,568,true],"large":["https:\/\/infoecos.com.ar\/wp-content\/uploads\/2022\/06\/51c3e3ed-4c5a-4d95-b9da-2da1beff8bd2.jpg",640,567,false],"1536x1536":["https:\/\/infoecos.com.ar\/wp-content\/uploads\/2022\/06\/51c3e3ed-4c5a-4d95-b9da-2da1beff8bd2.jpg",800,709,false],"2048x2048":["https:\/\/infoecos.com.ar\/wp-content\/uploads\/2022\/06\/51c3e3ed-4c5a-4d95-b9da-2da1beff8bd2.jpg",800,709,false],"covernews-slider-full":["https:\/\/infoecos.com.ar\/wp-content\/uploads\/2022\/06\/51c3e3ed-4c5a-4d95-b9da-2da1beff8bd2.jpg",800,709,false],"covernews-slider-center":["https:\/\/infoecos.com.ar\/wp-content\/uploads\/2022\/06\/51c3e3ed-4c5a-4d95-b9da-2da1beff8bd2.jpg",564,500,false],"covernews-featured":["https:\/\/infoecos.com.ar\/wp-content\/uploads\/2022\/06\/51c3e3ed-4c5a-4d95-b9da-2da1beff8bd2.jpg",800,709,false],"covernews-medium":["https:\/\/infoecos.com.ar\/wp-content\/uploads\/2022\/06\/51c3e3ed-4c5a-4d95-b9da-2da1beff8bd2-720x380.jpg",540,285,true],"covernews-medium-square":["https:\/\/infoecos.com.ar\/wp-content\/uploads\/2022\/06\/51c3e3ed-4c5a-4d95-b9da-2da1beff8bd2-675x450.jpg",375,250,true]},"author_info":{"info":["Jorge Matheus"]},"category_info":"<a href=\"https:\/\/infoecos.com.ar\/index.php\/category\/inferior16\/\" rel=\"category tag\">Bloque inferior - 16<\/a>","tag_info":"Bloque inferior - 16","comment_count":"0","_links":{"self":[{"href":"https:\/\/infoecos.com.ar\/index.php\/wp-json\/wp\/v2\/posts\/94770"}],"collection":[{"href":"https:\/\/infoecos.com.ar\/index.php\/wp-json\/wp\/v2\/posts"}],"about":[{"href":"https:\/\/infoecos.com.ar\/index.php\/wp-json\/wp\/v2\/types\/post"}],"author":[{"embeddable":true,"href":"https:\/\/infoecos.com.ar\/index.php\/wp-json\/wp\/v2\/users\/2"}],"replies":[{"embeddable":true,"href":"https:\/\/infoecos.com.ar\/index.php\/wp-json\/wp\/v2\/comments?post=94770"}],"version-history":[{"count":1,"href":"https:\/\/infoecos.com.ar\/index.php\/wp-json\/wp\/v2\/posts\/94770\/revisions"}],"predecessor-version":[{"id":94771,"href":"https:\/\/infoecos.com.ar\/index.php\/wp-json\/wp\/v2\/posts\/94770\/revisions\/94771"}],"wp:featuredmedia":[{"embeddable":true,"href":"https:\/\/infoecos.com.ar\/index.php\/wp-json\/wp\/v2\/media\/93450"}],"wp:attachment":[{"href":"https:\/\/infoecos.com.ar\/index.php\/wp-json\/wp\/v2\/media?parent=94770"}],"wp:term":[{"taxonomy":"category","embeddable":true,"href":"https:\/\/infoecos.com.ar\/index.php\/wp-json\/wp\/v2\/categories?post=94770"},{"taxonomy":"post_tag","embeddable":true,"href":"https:\/\/infoecos.com.ar\/index.php\/wp-json\/wp\/v2\/tags?post=94770"}],"curies":[{"name":"wp","href":"https:\/\/api.w.org\/{rel}","templated":true}]}}