{"id":94813,"date":"2022-07-22T01:41:35","date_gmt":"2022-07-22T04:41:35","guid":{"rendered":"http:\/\/infoecos.com.ar\/?p=94813"},"modified":"2022-07-24T15:40:53","modified_gmt":"2022-07-24T18:40:53","slug":"esta-convocado-para-el-lunes-a-partir-de-las-21-horas-el-concejo-deliberante-de-trenque-lauquen","status":"publish","type":"post","link":"https:\/\/infoecos.com.ar\/index.php\/esta-convocado-para-el-lunes-a-partir-de-las-21-horas-el-concejo-deliberante-de-trenque-lauquen\/","title":{"rendered":"Est\u00e1 convocado para el lunes, a partir de las 21 horas, el Concejo Deliberante de Trenque Lauquen"},"content":{"rendered":"\n<p>El pr\u00f3ximo lunes 25, a partir de las 21 horas, tendr\u00e1 lugar en el recinto del Concejo Deliberante la 10ma. Sesi\u00f3n Ordinaria del a\u00f1o, con una variedad de temas previstos para su tratamiento, entre los que se destacan varias solicitudes dirigidas al Departamento Ejecutivo y proyectos sancionados en 2021 por el Concejo Deliberante Juvenil.<\/p>\n\n\n\n<figure class=\"wp-block-image size-full\"><img loading=\"lazy\" decoding=\"async\" width=\"825\" height=\"425\" src=\"http:\/\/infoecos.com.ar\/wp-content\/uploads\/concejod.jpg\" alt=\"\" class=\"wp-image-61711\" srcset=\"https:\/\/infoecos.com.ar\/wp-content\/uploads\/concejod.jpg 825w, https:\/\/infoecos.com.ar\/wp-content\/uploads\/concejod-460x237.jpg 460w, https:\/\/infoecos.com.ar\/wp-content\/uploads\/concejod-768x396.jpg 768w\" sizes=\"(max-width: 825px) 100vw, 825px\" \/><figcaption>Concejo Deliberante de Trenque Lauquen<\/figcaption><\/figure>\n\n\n\n<p>Se destaca tambi\u00e9n la convalidaci\u00f3n de un convenio con el Ministerio de Infraestructura y Servicios P\u00fablicos de la Provincia, para la financiaci\u00f3n de la Obra \u201cPuesta en valor del Alumbrado P\u00fablico en los Barrios Esperanza e Indio Trompa\u201d; la donaci\u00f3n efectuada por la Asociaci\u00f3n Cooperadora del Ce.A.T. n\u00b0 1, consistente en 4 m\u00e1quinas de coser, que ser\u00e1n destinadas a la Escuela Municipal de Apoyo Educacional y Formaci\u00f3n Laboral; y un proyecto de Decreto que busca declarar de Inter\u00e9s Legislativo y Cultural el 25\u00b0 aniversario de la Revista \u201cInformativo Rural\u201d.<\/p>\n\n\n\n<p>Nuevamente, como ha ocurrido a lo largo del a\u00f1o legislativo, los concejales pondr\u00e1n a votaci\u00f3n una serie de solicitudes para el Ejecutivo Municipal impulsadas en 2021 por los concejales juveniles.<\/p>\n\n\n\n<p>En esta oportunidad, se pide un estudio de la situaci\u00f3n actual de aplicaci\u00f3n de agroqu\u00edmicos en zonas periurbanas; que se eval\u00fae brindar capacitaciones a todo el sector gastron\u00f3mico en manipulaci\u00f3n de alimentos aptos para cel\u00edacos y la construcci\u00f3n de un sector para entrenamiento de los deportistas que participen en pruebas de obst\u00e1culos; que informe las gestiones realizadas con las distintas Universidades P\u00fablicas del pa\u00eds, para la creaci\u00f3n de nuevas sedes en nuestro Distrito; que disponga la instalaci\u00f3n de Alumbrado P\u00fablico en la intersecci\u00f3n de la Ruta Nacional N\u00b0 33 con los accesos Presidente Per\u00f3n y Rodr\u00edguez Mera y haga lo propio en la intersecci\u00f3n de la Ruta Nacional N\u00b0 5 con el acceso a Beruti; y que prevea la extensi\u00f3n del cercado en el play\u00f3n del parque Mar\u00eda \u201cLa India\u201d Roca, de 30 de Agosto.<\/p>\n\n\n\n<p>Por otra parte, ser\u00e1n remitidas a las Comisiones correspondientes para su an\u00e1lisis las siguientes iniciativas de Ordenanza:<\/p>\n\n\n\n<ul class=\"wp-block-list\"><li>Convalida Convenio con el Ministerio de Agricultura, Ganader\u00eda y Pesca, consistente en un aporte no reembolsable, para la compra de una motoniveladora.<\/li><li>Convalida Convenio con la Secretar\u00eda de Municipios del Ministerio del Interior por la asistencia financiera, con destino a la adquisici\u00f3n de un tom\u00f3grafo, un minib\u00fas, una unidad de traslado y una incubadora, en el marco del Programa de Asistencia para la Mejora de los Gobiernos Locales \u201cMunicipios de Pie\u201d.<\/li><li>Modificar el art\u00edculo 1ro. de la Ordenanza n\u00b0 4721\/2017, adjudicaci\u00f3n de un inmueble ubicado en la intersecci\u00f3n de las calles Marconi y Derqui.<\/li><li>Autorizar al Departamento Ejecutivo a incorporar a la Municipalidad como fiduciante y beneficiario del Fideicomiso de la Red Argentina de Municipios por el Cambio Clim\u00e1tico.<\/li><li>Prorrogar la concesi\u00f3n del Servicio P\u00fablico de distribuci\u00f3n y comercializaci\u00f3n de energ\u00eda el\u00e9ctrica del distrito, a la Cooperativa de Electricidad de Trenque Lauquen.<\/li><li>Autorizar la aceptaci\u00f3n de la oferta presentada por la Empresa Combutrack Lauquen S.R.L., para la adquisici\u00f3n de una Planta de Combustible M\u00f3vil, en el marco de la Licitaci\u00f3n P\u00fablica N\u00b0 49\/2022.<\/li><li>Autorizar a suscribir la documentaci\u00f3n necesaria para proceder a la adquisici\u00f3n de un inmueble identificado catastral mente como Circunscripci\u00f3n XVII, Secci\u00f3n B, Chacra 126, Parcela 3 de nuestra ciudad.<\/li><li>Convalidar convenios suscriptos con el Sr. Ernesto Ornar Campo y con Consumat Oeste S.A.<\/li><li>Declarar de Inter\u00e9s Municipal la implementaci\u00f3n del \u201cPrograma de Cr\u00e9dito Argentino de Bicentenario para la Vivienda \u00danica Familia (PROCREAR), creado por Decreto N\u00b0 902\/12.<\/li><li>Crear el Programa de Reducci\u00f3n de Colillas en nuestro distrito.<\/li><\/ul>\n\n\n\n<p>Tambi\u00e9n est\u00e1 pautado el tratamiento de un Decreto que busca modificar el Reglamento Interno del Concejo Deliberante (Decreto n\u00b0 1461 de 2012).<\/p>\n\n\n\n<p>La Sesi\u00f3n culminar\u00e1 con la puesta a votaci\u00f3n de siete Comunicaciones, que consisten en solicitudes para el Departamento Ejecutivo impulsadas por las bancadas de la oposici\u00f3n. Concretamente, los concejales piden que el municipio informe las medidas que se han tomado para dar cumplimiento a la Ordenanza n\u00b0 4694\/17, referida a animales sueltos; que remita convenio celebrado entre el Municipio y privados por la producci\u00f3n de cannabis medicinal; que informe respecto de la aplicaci\u00f3n de la Tasa de Educaci\u00f3n Municipal y de la Tasa Ambiental; que sume al sistema \u201cViv\u00ed Trenque en Bici\u201d, bicicletas adaptadas para diferentes problem\u00e1ticas de movilidad; la limpieza y el mantenimiento de todas las bocas de tormenta de la ciudad y, por \u00faltimo, que remita un informe referido a los Caminos Rurales.<\/p>\n\n\n\n<p><strong>Informe proporcionado por el \u00e1rea de prensa del Concejo Deliberante<\/strong><\/p>\n","protected":false},"excerpt":{"rendered":"<p>Est\u00e1 pautado el tratamiento de un Decreto que busca modificar el Reglamento Interno del Concejo Deliberante<\/p>\n","protected":false},"author":2,"featured_media":61711,"comment_status":"closed","ping_status":"open","sticky":false,"template":"","format":"standard","meta":{"footnotes":""},"categories":[42],"tags":[6347],"class_list":["post-94813","post","type-post","status-publish","format-standard","has-post-thumbnail","hentry","category-inferior3","tag-cargado-orden-del-dia"],"yoast_head":"<!-- This site is optimized with the Yoast SEO plugin v23.4 - https:\/\/yoast.com\/wordpress\/plugins\/seo\/ -->\n<title>Est\u00e1 convocado para el lunes, a partir de las 21 horas, el Concejo Deliberante de Trenque Lauquen - Infoecos<\/title>\n<meta name=\"robots\" content=\"index, follow, max-snippet:-1, max-image-preview:large, max-video-preview:-1\" \/>\n<link rel=\"canonical\" href=\"https:\/\/infoecos.com.ar\/index.php\/esta-convocado-para-el-lunes-a-partir-de-las-21-horas-el-concejo-deliberante-de-trenque-lauquen\/\" \/>\n<meta property=\"og:locale\" content=\"es_ES\" \/>\n<meta property=\"og:type\" content=\"article\" \/>\n<meta property=\"og:title\" content=\"Est\u00e1 convocado para el lunes, a partir de las 21 horas, el Concejo Deliberante de Trenque Lauquen - Infoecos\" \/>\n<meta property=\"og:description\" content=\"Est\u00e1 pautado el tratamiento de un Decreto que busca modificar el Reglamento Interno del Concejo Deliberante\" \/>\n<meta property=\"og:url\" content=\"https:\/\/infoecos.com.ar\/index.php\/esta-convocado-para-el-lunes-a-partir-de-las-21-horas-el-concejo-deliberante-de-trenque-lauquen\/\" \/>\n<meta property=\"og:site_name\" content=\"Infoecos\" \/>\n<meta property=\"article:publisher\" content=\"https:\/\/www.facebook.com\/profile.php?id=100063200290284\" \/>\n<meta property=\"article:published_time\" content=\"2022-07-22T04:41:35+00:00\" \/>\n<meta property=\"article:modified_time\" content=\"2022-07-24T18:40:53+00:00\" \/>\n<meta property=\"og:image\" content=\"https:\/\/infoecos.com.ar\/wp-content\/uploads\/concejod.jpg\" \/>\n\t<meta property=\"og:image:width\" content=\"825\" \/>\n\t<meta property=\"og:image:height\" content=\"425\" \/>\n\t<meta property=\"og:image:type\" content=\"image\/jpeg\" \/>\n<meta name=\"author\" content=\"Jorge Matheus\" \/>\n<meta name=\"twitter:card\" content=\"summary_large_image\" \/>\n<meta name=\"twitter:creator\" content=\"@infoecos\" \/>\n<meta name=\"twitter:site\" content=\"@infoecos\" \/>\n<meta name=\"twitter:label1\" content=\"Escrito por\" \/>\n\t<meta name=\"twitter:data1\" content=\"Jorge Matheus\" \/>\n\t<meta name=\"twitter:label2\" content=\"Tiempo de lectura\" \/>\n\t<meta name=\"twitter:data2\" content=\"4 minutos\" \/>\n<script type=\"application\/ld+json\" class=\"yoast-schema-graph\">{\"@context\":\"https:\/\/schema.org\",\"@graph\":[{\"@type\":\"Article\",\"@id\":\"https:\/\/infoecos.com.ar\/index.php\/esta-convocado-para-el-lunes-a-partir-de-las-21-horas-el-concejo-deliberante-de-trenque-lauquen\/#article\",\"isPartOf\":{\"@id\":\"https:\/\/infoecos.com.ar\/index.php\/esta-convocado-para-el-lunes-a-partir-de-las-21-horas-el-concejo-deliberante-de-trenque-lauquen\/\"},\"author\":{\"name\":\"Jorge Matheus\",\"@id\":\"https:\/\/infoecos.com.ar\/#\/schema\/person\/8f5ace5ce73b4b4aac4b7245aee6f191\"},\"headline\":\"Est\u00e1 convocado para el lunes, a partir de las 21 horas, el Concejo Deliberante de Trenque Lauquen\",\"datePublished\":\"2022-07-22T04:41:35+00:00\",\"dateModified\":\"2022-07-24T18:40:53+00:00\",\"mainEntityOfPage\":{\"@id\":\"https:\/\/infoecos.com.ar\/index.php\/esta-convocado-para-el-lunes-a-partir-de-las-21-horas-el-concejo-deliberante-de-trenque-lauquen\/\"},\"wordCount\":816,\"publisher\":{\"@id\":\"https:\/\/infoecos.com.ar\/#organization\"},\"image\":{\"@id\":\"https:\/\/infoecos.com.ar\/index.php\/esta-convocado-para-el-lunes-a-partir-de-las-21-horas-el-concejo-deliberante-de-trenque-lauquen\/#primaryimage\"},\"thumbnailUrl\":\"https:\/\/infoecos.com.ar\/wp-content\/uploads\/concejod.jpg\",\"keywords\":[\"CARGADO ORDEN DEL D\u00cdA\"],\"articleSection\":[\"Bloque inferior - 3\"],\"inLanguage\":\"es\"},{\"@type\":\"WebPage\",\"@id\":\"https:\/\/infoecos.com.ar\/index.php\/esta-convocado-para-el-lunes-a-partir-de-las-21-horas-el-concejo-deliberante-de-trenque-lauquen\/\",\"url\":\"https:\/\/infoecos.com.ar\/index.php\/esta-convocado-para-el-lunes-a-partir-de-las-21-horas-el-concejo-deliberante-de-trenque-lauquen\/\",\"name\":\"Est\u00e1 convocado para el lunes, a partir de las 21 horas, el Concejo Deliberante de Trenque Lauquen - Infoecos\",\"isPartOf\":{\"@id\":\"https:\/\/infoecos.com.ar\/#website\"},\"primaryImageOfPage\":{\"@id\":\"https:\/\/infoecos.com.ar\/index.php\/esta-convocado-para-el-lunes-a-partir-de-las-21-horas-el-concejo-deliberante-de-trenque-lauquen\/#primaryimage\"},\"image\":{\"@id\":\"https:\/\/infoecos.com.ar\/index.php\/esta-convocado-para-el-lunes-a-partir-de-las-21-horas-el-concejo-deliberante-de-trenque-lauquen\/#primaryimage\"},\"thumbnailUrl\":\"https:\/\/infoecos.com.ar\/wp-content\/uploads\/concejod.jpg\",\"datePublished\":\"2022-07-22T04:41:35+00:00\",\"dateModified\":\"2022-07-24T18:40:53+00:00\",\"breadcrumb\":{\"@id\":\"https:\/\/infoecos.com.ar\/index.php\/esta-convocado-para-el-lunes-a-partir-de-las-21-horas-el-concejo-deliberante-de-trenque-lauquen\/#breadcrumb\"},\"inLanguage\":\"es\",\"potentialAction\":[{\"@type\":\"ReadAction\",\"target\":[\"https:\/\/infoecos.com.ar\/index.php\/esta-convocado-para-el-lunes-a-partir-de-las-21-horas-el-concejo-deliberante-de-trenque-lauquen\/\"]}]},{\"@type\":\"ImageObject\",\"inLanguage\":\"es\",\"@id\":\"https:\/\/infoecos.com.ar\/index.php\/esta-convocado-para-el-lunes-a-partir-de-las-21-horas-el-concejo-deliberante-de-trenque-lauquen\/#primaryimage\",\"url\":\"https:\/\/infoecos.com.ar\/wp-content\/uploads\/concejod.jpg\",\"contentUrl\":\"https:\/\/infoecos.com.ar\/wp-content\/uploads\/concejod.jpg\",\"width\":825,\"height\":425,\"caption\":\"Concejo Deliberante de Trenque Lauquen\"},{\"@type\":\"BreadcrumbList\",\"@id\":\"https:\/\/infoecos.com.ar\/index.php\/esta-convocado-para-el-lunes-a-partir-de-las-21-horas-el-concejo-deliberante-de-trenque-lauquen\/#breadcrumb\",\"itemListElement\":[{\"@type\":\"ListItem\",\"position\":1,\"name\":\"Portada\",\"item\":\"https:\/\/infoecos.com.ar\/\"},{\"@type\":\"ListItem\",\"position\":2,\"name\":\"Est\u00e1 convocado para el lunes, a partir de las 21 horas, el Concejo Deliberante de Trenque Lauquen\"}]},{\"@type\":\"WebSite\",\"@id\":\"https:\/\/infoecos.com.ar\/#website\",\"url\":\"https:\/\/infoecos.com.ar\/\",\"name\":\"Infoecos\",\"description\":\"Noticias de trenque lauquen y la zona\",\"publisher\":{\"@id\":\"https:\/\/infoecos.com.ar\/#organization\"},\"alternateName\":\"Noticias\",\"potentialAction\":[{\"@type\":\"SearchAction\",\"target\":{\"@type\":\"EntryPoint\",\"urlTemplate\":\"https:\/\/infoecos.com.ar\/?s={search_term_string}\"},\"query-input\":{\"@type\":\"PropertyValueSpecification\",\"valueRequired\":true,\"valueName\":\"search_term_string\"}}],\"inLanguage\":\"es\"},{\"@type\":\"Organization\",\"@id\":\"https:\/\/infoecos.com.ar\/#organization\",\"name\":\"Infoecos\",\"alternateName\":\"Noticias\",\"url\":\"https:\/\/infoecos.com.ar\/\",\"logo\":{\"@type\":\"ImageObject\",\"inLanguage\":\"es\",\"@id\":\"https:\/\/infoecos.com.ar\/#\/schema\/logo\/image\/\",\"url\":\"https:\/\/infoecos.com.ar\/wp-content\/uploads\/2024\/03\/cropped-logo.png\",\"contentUrl\":\"https:\/\/infoecos.com.ar\/wp-content\/uploads\/2024\/03\/cropped-logo.png\",\"width\":374,\"height\":90,\"caption\":\"Infoecos\"},\"image\":{\"@id\":\"https:\/\/infoecos.com.ar\/#\/schema\/logo\/image\/\"},\"sameAs\":[\"https:\/\/www.facebook.com\/profile.php?id=100063200290284\",\"https:\/\/x.com\/infoecos\"]},{\"@type\":\"Person\",\"@id\":\"https:\/\/infoecos.com.ar\/#\/schema\/person\/8f5ace5ce73b4b4aac4b7245aee6f191\",\"name\":\"Jorge Matheus\",\"url\":\"https:\/\/infoecos.com.ar\/index.php\/author\/jomatheus\/\"}]}<\/script>\n<!-- \/ Yoast SEO plugin. -->","yoast_head_json":{"title":"Est\u00e1 convocado para el lunes, a partir de las 21 horas, el Concejo Deliberante de Trenque Lauquen - Infoecos","robots":{"index":"index","follow":"follow","max-snippet":"max-snippet:-1","max-image-preview":"max-image-preview:large","max-video-preview":"max-video-preview:-1"},"canonical":"https:\/\/infoecos.com.ar\/index.php\/esta-convocado-para-el-lunes-a-partir-de-las-21-horas-el-concejo-deliberante-de-trenque-lauquen\/","og_locale":"es_ES","og_type":"article","og_title":"Est\u00e1 convocado para el lunes, a partir de las 21 horas, el Concejo Deliberante de Trenque Lauquen - Infoecos","og_description":"Est\u00e1 pautado el tratamiento de un Decreto que busca modificar el Reglamento Interno del Concejo Deliberante","og_url":"https:\/\/infoecos.com.ar\/index.php\/esta-convocado-para-el-lunes-a-partir-de-las-21-horas-el-concejo-deliberante-de-trenque-lauquen\/","og_site_name":"Infoecos","article_publisher":"https:\/\/www.facebook.com\/profile.php?id=100063200290284","article_published_time":"2022-07-22T04:41:35+00:00","article_modified_time":"2022-07-24T18:40:53+00:00","og_image":[{"width":825,"height":425,"url":"https:\/\/infoecos.com.ar\/wp-content\/uploads\/concejod.jpg","type":"image\/jpeg"}],"author":"Jorge Matheus","twitter_card":"summary_large_image","twitter_creator":"@infoecos","twitter_site":"@infoecos","twitter_misc":{"Escrito por":"Jorge Matheus","Tiempo de lectura":"4 minutos"},"schema":{"@context":"https:\/\/schema.org","@graph":[{"@type":"Article","@id":"https:\/\/infoecos.com.ar\/index.php\/esta-convocado-para-el-lunes-a-partir-de-las-21-horas-el-concejo-deliberante-de-trenque-lauquen\/#article","isPartOf":{"@id":"https:\/\/infoecos.com.ar\/index.php\/esta-convocado-para-el-lunes-a-partir-de-las-21-horas-el-concejo-deliberante-de-trenque-lauquen\/"},"author":{"name":"Jorge Matheus","@id":"https:\/\/infoecos.com.ar\/#\/schema\/person\/8f5ace5ce73b4b4aac4b7245aee6f191"},"headline":"Est\u00e1 convocado para el lunes, a partir de las 21 horas, el Concejo Deliberante de Trenque Lauquen","datePublished":"2022-07-22T04:41:35+00:00","dateModified":"2022-07-24T18:40:53+00:00","mainEntityOfPage":{"@id":"https:\/\/infoecos.com.ar\/index.php\/esta-convocado-para-el-lunes-a-partir-de-las-21-horas-el-concejo-deliberante-de-trenque-lauquen\/"},"wordCount":816,"publisher":{"@id":"https:\/\/infoecos.com.ar\/#organization"},"image":{"@id":"https:\/\/infoecos.com.ar\/index.php\/esta-convocado-para-el-lunes-a-partir-de-las-21-horas-el-concejo-deliberante-de-trenque-lauquen\/#primaryimage"},"thumbnailUrl":"https:\/\/infoecos.com.ar\/wp-content\/uploads\/concejod.jpg","keywords":["CARGADO ORDEN DEL D\u00cdA"],"articleSection":["Bloque inferior - 3"],"inLanguage":"es"},{"@type":"WebPage","@id":"https:\/\/infoecos.com.ar\/index.php\/esta-convocado-para-el-lunes-a-partir-de-las-21-horas-el-concejo-deliberante-de-trenque-lauquen\/","url":"https:\/\/infoecos.com.ar\/index.php\/esta-convocado-para-el-lunes-a-partir-de-las-21-horas-el-concejo-deliberante-de-trenque-lauquen\/","name":"Est\u00e1 convocado para el lunes, a partir de las 21 horas, el Concejo Deliberante de Trenque Lauquen - Infoecos","isPartOf":{"@id":"https:\/\/infoecos.com.ar\/#website"},"primaryImageOfPage":{"@id":"https:\/\/infoecos.com.ar\/index.php\/esta-convocado-para-el-lunes-a-partir-de-las-21-horas-el-concejo-deliberante-de-trenque-lauquen\/#primaryimage"},"image":{"@id":"https:\/\/infoecos.com.ar\/index.php\/esta-convocado-para-el-lunes-a-partir-de-las-21-horas-el-concejo-deliberante-de-trenque-lauquen\/#primaryimage"},"thumbnailUrl":"https:\/\/infoecos.com.ar\/wp-content\/uploads\/concejod.jpg","datePublished":"2022-07-22T04:41:35+00:00","dateModified":"2022-07-24T18:40:53+00:00","breadcrumb":{"@id":"https:\/\/infoecos.com.ar\/index.php\/esta-convocado-para-el-lunes-a-partir-de-las-21-horas-el-concejo-deliberante-de-trenque-lauquen\/#breadcrumb"},"inLanguage":"es","potentialAction":[{"@type":"ReadAction","target":["https:\/\/infoecos.com.ar\/index.php\/esta-convocado-para-el-lunes-a-partir-de-las-21-horas-el-concejo-deliberante-de-trenque-lauquen\/"]}]},{"@type":"ImageObject","inLanguage":"es","@id":"https:\/\/infoecos.com.ar\/index.php\/esta-convocado-para-el-lunes-a-partir-de-las-21-horas-el-concejo-deliberante-de-trenque-lauquen\/#primaryimage","url":"https:\/\/infoecos.com.ar\/wp-content\/uploads\/concejod.jpg","contentUrl":"https:\/\/infoecos.com.ar\/wp-content\/uploads\/concejod.jpg","width":825,"height":425,"caption":"Concejo Deliberante de Trenque Lauquen"},{"@type":"BreadcrumbList","@id":"https:\/\/infoecos.com.ar\/index.php\/esta-convocado-para-el-lunes-a-partir-de-las-21-horas-el-concejo-deliberante-de-trenque-lauquen\/#breadcrumb","itemListElement":[{"@type":"ListItem","position":1,"name":"Portada","item":"https:\/\/infoecos.com.ar\/"},{"@type":"ListItem","position":2,"name":"Est\u00e1 convocado para el lunes, a partir de las 21 horas, el Concejo Deliberante de Trenque Lauquen"}]},{"@type":"WebSite","@id":"https:\/\/infoecos.com.ar\/#website","url":"https:\/\/infoecos.com.ar\/","name":"Infoecos","description":"Noticias de trenque lauquen y la zona","publisher":{"@id":"https:\/\/infoecos.com.ar\/#organization"},"alternateName":"Noticias","potentialAction":[{"@type":"SearchAction","target":{"@type":"EntryPoint","urlTemplate":"https:\/\/infoecos.com.ar\/?s={search_term_string}"},"query-input":{"@type":"PropertyValueSpecification","valueRequired":true,"valueName":"search_term_string"}}],"inLanguage":"es"},{"@type":"Organization","@id":"https:\/\/infoecos.com.ar\/#organization","name":"Infoecos","alternateName":"Noticias","url":"https:\/\/infoecos.com.ar\/","logo":{"@type":"ImageObject","inLanguage":"es","@id":"https:\/\/infoecos.com.ar\/#\/schema\/logo\/image\/","url":"https:\/\/infoecos.com.ar\/wp-content\/uploads\/2024\/03\/cropped-logo.png","contentUrl":"https:\/\/infoecos.com.ar\/wp-content\/uploads\/2024\/03\/cropped-logo.png","width":374,"height":90,"caption":"Infoecos"},"image":{"@id":"https:\/\/infoecos.com.ar\/#\/schema\/logo\/image\/"},"sameAs":["https:\/\/www.facebook.com\/profile.php?id=100063200290284","https:\/\/x.com\/infoecos"]},{"@type":"Person","@id":"https:\/\/infoecos.com.ar\/#\/schema\/person\/8f5ace5ce73b4b4aac4b7245aee6f191","name":"Jorge Matheus","url":"https:\/\/infoecos.com.ar\/index.php\/author\/jomatheus\/"}]}},"featured_image_urls":{"full":["https:\/\/infoecos.com.ar\/wp-content\/uploads\/concejod.jpg",825,425,false],"thumbnail":["https:\/\/infoecos.com.ar\/wp-content\/uploads\/concejod-150x150.jpg",150,150,true],"medium":["https:\/\/infoecos.com.ar\/wp-content\/uploads\/concejod-460x237.jpg",460,237,true],"medium_large":["https:\/\/infoecos.com.ar\/wp-content\/uploads\/concejod-768x396.jpg",640,330,true],"large":["https:\/\/infoecos.com.ar\/wp-content\/uploads\/concejod.jpg",640,330,false],"1536x1536":["https:\/\/infoecos.com.ar\/wp-content\/uploads\/concejod.jpg",825,425,false],"2048x2048":["https:\/\/infoecos.com.ar\/wp-content\/uploads\/concejod.jpg",825,425,false],"covernews-slider-full":["https:\/\/infoecos.com.ar\/wp-content\/uploads\/concejod.jpg",825,425,false],"covernews-slider-center":["https:\/\/infoecos.com.ar\/wp-content\/uploads\/concejod.jpg",800,412,false],"covernews-featured":["https:\/\/infoecos.com.ar\/wp-content\/uploads\/concejod.jpg",825,425,false],"covernews-medium":["https:\/\/infoecos.com.ar\/wp-content\/uploads\/concejod-720x380.jpg",540,285,true],"covernews-medium-square":["https:\/\/infoecos.com.ar\/wp-content\/uploads\/concejod-675x425.jpg",397,250,true]},"author_info":{"info":["Jorge Matheus"]},"category_info":"<a href=\"https:\/\/infoecos.com.ar\/index.php\/category\/inferior3\/\" rel=\"category tag\">Bloque inferior - 3<\/a>","tag_info":"Bloque inferior - 3","comment_count":"0","_links":{"self":[{"href":"https:\/\/infoecos.com.ar\/index.php\/wp-json\/wp\/v2\/posts\/94813"}],"collection":[{"href":"https:\/\/infoecos.com.ar\/index.php\/wp-json\/wp\/v2\/posts"}],"about":[{"href":"https:\/\/infoecos.com.ar\/index.php\/wp-json\/wp\/v2\/types\/post"}],"author":[{"embeddable":true,"href":"https:\/\/infoecos.com.ar\/index.php\/wp-json\/wp\/v2\/users\/2"}],"replies":[{"embeddable":true,"href":"https:\/\/infoecos.com.ar\/index.php\/wp-json\/wp\/v2\/comments?post=94813"}],"version-history":[{"count":1,"href":"https:\/\/infoecos.com.ar\/index.php\/wp-json\/wp\/v2\/posts\/94813\/revisions"}],"predecessor-version":[{"id":94814,"href":"https:\/\/infoecos.com.ar\/index.php\/wp-json\/wp\/v2\/posts\/94813\/revisions\/94814"}],"wp:featuredmedia":[{"embeddable":true,"href":"https:\/\/infoecos.com.ar\/index.php\/wp-json\/wp\/v2\/media\/61711"}],"wp:attachment":[{"href":"https:\/\/infoecos.com.ar\/index.php\/wp-json\/wp\/v2\/media?parent=94813"}],"wp:term":[{"taxonomy":"category","embeddable":true,"href":"https:\/\/infoecos.com.ar\/index.php\/wp-json\/wp\/v2\/categories?post=94813"},{"taxonomy":"post_tag","embeddable":true,"href":"https:\/\/infoecos.com.ar\/index.php\/wp-json\/wp\/v2\/tags?post=94813"}],"curies":[{"name":"wp","href":"https:\/\/api.w.org\/{rel}","templated":true}]}}