{"id":94874,"date":"2022-07-23T00:34:39","date_gmt":"2022-07-23T03:34:39","guid":{"rendered":"http:\/\/infoecos.com.ar\/?p=94874"},"modified":"2022-07-23T00:34:40","modified_gmt":"2022-07-23T03:34:40","slug":"que-se-recuerda-y-festeja-el-23-de-julio","status":"publish","type":"post","link":"https:\/\/infoecos.com.ar\/index.php\/que-se-recuerda-y-festeja-el-23-de-julio\/","title":{"rendered":"Que se recuerda y festeja el 23 de Julio&#8230;"},"content":{"rendered":"\n<figure class=\"wp-block-image aligncenter size-full is-resized\"><img loading=\"lazy\" decoding=\"async\" src=\"http:\/\/infoecos.com.ar\/wp-content\/uploads\/2022\/07\/HECTOR-GERMAN-OESTERHELD.jpg\" alt=\"\" class=\"wp-image-94875\" width=\"512\" height=\"348\"\/><\/figure>\n\n\n\n<ul class=\"wp-block-list\"><li><strong>1919<\/strong>\u00a0&#8211;\u00a0<strong>H\u00c9CTOR OESTERHELD<\/strong>. Nace en Buenos Aires el escritor y guionista H\u00e9ctor Germ\u00e1n Oesterheld, autor de la tira de ciencia ficci\u00f3n \u00abEl Eternauta\u00bb, considerada su obra maestra. Oesterheld fue secuestrado y asesinado en 1978 por agentes de la \u00faltima dictadura c\u00edvico militar.<\/li><li><\/li><li><strong>1935<\/strong>\u00a0&#8211;\u00a0<strong>ENZO BORDABEHERE<\/strong>. Muere asesinado a balazos el senador santafesino Enzo Bordabehere, atacado por un sicario en medio de una sesi\u00f3n del Senado para tratar presuntos sobornos para la exportaci\u00f3n de carnes al Reino Unido bajo el Pacto Roca-Runciman, como denunci\u00f3 su compa\u00f1ero de bancada Lisandro De la Torre, el verdadero blanco del asesino.<\/li><li><\/li><li><strong>1952<\/strong>\u00a0&#8211;\u00a0<strong>CAPOZZO-GUERRERO<\/strong>. Los remeros argentinos Eduardo Guerrero y Tranquilo Capozzo ganan la medalla de oro en los Juegos Ol\u00edmpicos de Helsinki (Finlandia) de 1952 en la especialidad doble par de remos sin timonel.<\/li><li><\/li><li><strong>1959<\/strong>\u00a0&#8211;\u00a0<strong>PEDRO AZNAR<\/strong>. Nace en Buenos Aires el m\u00fasico, compositor y cantante Pedro Aznar, ganador de dos premios Konex, quien lleva grabados m\u00e1s de 30 discos. Form\u00f3 parte de las bandas Ser\u00fa Gir\u00e1n y Pat Metheny Group. En 2012 fue declarado \u201dPersonalidad destacada de la Cultura\u201d de la ciudad de Buenos Aires.<\/li><li><\/li><li><strong>1966<\/strong>\u00a0&#8211;<strong>\u00a0ESC\u00c1NDALO DE WEMBLEY.<\/strong>\u00a0La selecci\u00f3n de Inglaterra elimina a la de Argentina del Mundial de 1966 al ganarle por 1-0 en el estadio de Wembley, donde el capit\u00e1n argentino, Ubaldo Ratt\u00edn, fue expulsado por increpar al \u00e1rbitro Rudolf Kreitlein. Ratt\u00edn se sent\u00f3 en la alfombra roja de la reina Isabel II y luego estruj\u00f3 un bander\u00edn con los colores ingleses mientras le gritaban \u201canimales\u201d a los argentinos.<\/li><li><\/li><li><strong>1967<\/strong>\u00a0&#8211;\u00a0<strong>CARLOS BIANCHI.<\/strong>\u00a0El delantero Carlos Bianchi debuta en la primera divisi\u00f3n de V\u00e9lez Sarsfield, en partido con empate 1-1 con Boca Juniors en el estadio Amalfitani. Bianchi, uno de los m\u00e1ximos artilleros del futbol argentino, jug\u00f3 324 partidos y convirti\u00f3 206 goles con la camiseta \u201cvelezana\u201d.<\/li><li><\/li><li><strong>1989<\/strong>\u00a0&#8211;<strong>\u00a0DANIEL RADCLIFFE<\/strong>. Nace en la zona londinense de Fulham el actor brit\u00e1nico Daniel Radcliffe, popularmente conocido por protagonizar la saga del mago Harry Potter. Lleva ganados 25 premios por su labor actoral.<\/li><li><\/li><li><strong>2002<\/strong>\u00a0&#8211;\u00a0<strong>ALBERTO CASTILLO<\/strong>. A la edad de 87 a\u00f1os muere en Buenos Aires el m\u00e9dico, cantante de tangos y actor Alberto Castillo (Alberto Salvador De Lucca), quien trabaj\u00f3 en una docena de filmes, entre ellos las celebradas Adi\u00f3s pampa m\u00eda y El tango vuelve a Par\u00eds.<\/li><li><\/li><li><strong>2011<\/strong>\u00a0&#8211;\u00a0<strong>AMY WINEHOUSE<\/strong>. Muere en Londres, a la edad de 27 a\u00f1os, la popular cantante y compositora brit\u00e1nica Amy Winehouse, ganadora de doce premios, entre ellos seis Grammy. Solo hab\u00eda grabado dos discos.<\/li><li><\/li><li><strong>2022<\/strong>\u00a0&#8211;<strong>\u00a0D\u00cdA DEL PAYADOR.<\/strong>\u00a0Desde 1996 se festeja el D\u00eda del Payador, instituido por la Secretar\u00eda de Cultura argentina en 1992 en homenaje a la famosa payada realizada en 1884 en la ciudad de Paysand\u00fa (Uruguay) entre el uruguayo Juan Nava y el argentino Gabino Ezeiza. La fecha se celebra adem\u00e1s en el sur de Brasil, parte de Paraguay, Uruguay y Chile.<\/li><\/ul>\n","protected":false},"excerpt":{"rendered":"<p>Nace en Buenos Aires el escritor y guionista H\u00e9ctor Germ\u00e1n Oesterheld, autor de la tira de ciencia ficci\u00f3n \u00abEl Eternauta\u00bb, considerada su obra maestra. Oesterheld fue secuestrado y asesinado en 1978 por agentes de la \u00faltima dictadura c\u00edvico militar<\/p>\n","protected":false},"author":2,"featured_media":94875,"comment_status":"closed","ping_status":"open","sticky":false,"template":"","format":"standard","meta":{"footnotes":""},"categories":[1614],"tags":[4812],"class_list":["post-94874","post","type-post","status-publish","format-standard","has-post-thumbnail","hentry","category-c2nota7","tag-efemerides-infoecos-2"],"yoast_head":"<!-- This site is optimized with the Yoast SEO plugin v23.4 - https:\/\/yoast.com\/wordpress\/plugins\/seo\/ -->\n<title>Que se recuerda y festeja el 23 de Julio... - Infoecos<\/title>\n<meta name=\"robots\" content=\"index, follow, max-snippet:-1, max-image-preview:large, max-video-preview:-1\" \/>\n<link rel=\"canonical\" href=\"https:\/\/infoecos.com.ar\/index.php\/que-se-recuerda-y-festeja-el-23-de-julio\/\" \/>\n<meta property=\"og:locale\" content=\"es_ES\" \/>\n<meta property=\"og:type\" content=\"article\" \/>\n<meta property=\"og:title\" content=\"Que se recuerda y festeja el 23 de Julio... - Infoecos\" \/>\n<meta property=\"og:description\" content=\"Nace en Buenos Aires el escritor y guionista H\u00e9ctor Germ\u00e1n Oesterheld, autor de la tira de ciencia ficci\u00f3n &quot;El Eternauta&quot;, considerada su obra maestra. Oesterheld fue secuestrado y asesinado en 1978 por agentes de la \u00faltima dictadura c\u00edvico militar\" \/>\n<meta property=\"og:url\" content=\"https:\/\/infoecos.com.ar\/index.php\/que-se-recuerda-y-festeja-el-23-de-julio\/\" \/>\n<meta property=\"og:site_name\" content=\"Infoecos\" \/>\n<meta property=\"article:publisher\" content=\"https:\/\/www.facebook.com\/profile.php?id=100063200290284\" \/>\n<meta property=\"article:published_time\" content=\"2022-07-23T03:34:39+00:00\" \/>\n<meta property=\"article:modified_time\" content=\"2022-07-23T03:34:40+00:00\" \/>\n<meta property=\"og:image\" content=\"https:\/\/infoecos.com.ar\/wp-content\/uploads\/2022\/07\/HECTOR-GERMAN-OESTERHELD.jpg\" \/>\n\t<meta property=\"og:image:width\" content=\"300\" \/>\n\t<meta property=\"og:image:height\" content=\"204\" \/>\n\t<meta property=\"og:image:type\" content=\"image\/jpeg\" \/>\n<meta name=\"author\" content=\"Jorge Matheus\" \/>\n<meta name=\"twitter:card\" content=\"summary_large_image\" \/>\n<meta name=\"twitter:creator\" content=\"@infoecos\" \/>\n<meta name=\"twitter:site\" content=\"@infoecos\" \/>\n<meta name=\"twitter:label1\" content=\"Escrito por\" \/>\n\t<meta name=\"twitter:data1\" content=\"Jorge Matheus\" \/>\n\t<meta name=\"twitter:label2\" content=\"Tiempo de lectura\" \/>\n\t<meta name=\"twitter:data2\" content=\"2 minutos\" \/>\n<script type=\"application\/ld+json\" class=\"yoast-schema-graph\">{\"@context\":\"https:\/\/schema.org\",\"@graph\":[{\"@type\":\"Article\",\"@id\":\"https:\/\/infoecos.com.ar\/index.php\/que-se-recuerda-y-festeja-el-23-de-julio\/#article\",\"isPartOf\":{\"@id\":\"https:\/\/infoecos.com.ar\/index.php\/que-se-recuerda-y-festeja-el-23-de-julio\/\"},\"author\":{\"name\":\"Jorge Matheus\",\"@id\":\"https:\/\/infoecos.com.ar\/#\/schema\/person\/8f5ace5ce73b4b4aac4b7245aee6f191\"},\"headline\":\"Que se recuerda y festeja el 23 de Julio&#8230;\",\"datePublished\":\"2022-07-23T03:34:39+00:00\",\"dateModified\":\"2022-07-23T03:34:40+00:00\",\"mainEntityOfPage\":{\"@id\":\"https:\/\/infoecos.com.ar\/index.php\/que-se-recuerda-y-festeja-el-23-de-julio\/\"},\"wordCount\":499,\"publisher\":{\"@id\":\"https:\/\/infoecos.com.ar\/#organization\"},\"image\":{\"@id\":\"https:\/\/infoecos.com.ar\/index.php\/que-se-recuerda-y-festeja-el-23-de-julio\/#primaryimage\"},\"thumbnailUrl\":\"https:\/\/infoecos.com.ar\/wp-content\/uploads\/2022\/07\/HECTOR-GERMAN-OESTERHELD.jpg\",\"keywords\":[\"EFEM\u00c9RIDES INFOECOS\"],\"articleSection\":[\"C2 N7\"],\"inLanguage\":\"es\"},{\"@type\":\"WebPage\",\"@id\":\"https:\/\/infoecos.com.ar\/index.php\/que-se-recuerda-y-festeja-el-23-de-julio\/\",\"url\":\"https:\/\/infoecos.com.ar\/index.php\/que-se-recuerda-y-festeja-el-23-de-julio\/\",\"name\":\"Que se recuerda y festeja el 23 de Julio... - Infoecos\",\"isPartOf\":{\"@id\":\"https:\/\/infoecos.com.ar\/#website\"},\"primaryImageOfPage\":{\"@id\":\"https:\/\/infoecos.com.ar\/index.php\/que-se-recuerda-y-festeja-el-23-de-julio\/#primaryimage\"},\"image\":{\"@id\":\"https:\/\/infoecos.com.ar\/index.php\/que-se-recuerda-y-festeja-el-23-de-julio\/#primaryimage\"},\"thumbnailUrl\":\"https:\/\/infoecos.com.ar\/wp-content\/uploads\/2022\/07\/HECTOR-GERMAN-OESTERHELD.jpg\",\"datePublished\":\"2022-07-23T03:34:39+00:00\",\"dateModified\":\"2022-07-23T03:34:40+00:00\",\"breadcrumb\":{\"@id\":\"https:\/\/infoecos.com.ar\/index.php\/que-se-recuerda-y-festeja-el-23-de-julio\/#breadcrumb\"},\"inLanguage\":\"es\",\"potentialAction\":[{\"@type\":\"ReadAction\",\"target\":[\"https:\/\/infoecos.com.ar\/index.php\/que-se-recuerda-y-festeja-el-23-de-julio\/\"]}]},{\"@type\":\"ImageObject\",\"inLanguage\":\"es\",\"@id\":\"https:\/\/infoecos.com.ar\/index.php\/que-se-recuerda-y-festeja-el-23-de-julio\/#primaryimage\",\"url\":\"https:\/\/infoecos.com.ar\/wp-content\/uploads\/2022\/07\/HECTOR-GERMAN-OESTERHELD.jpg\",\"contentUrl\":\"https:\/\/infoecos.com.ar\/wp-content\/uploads\/2022\/07\/HECTOR-GERMAN-OESTERHELD.jpg\",\"width\":300,\"height\":204},{\"@type\":\"BreadcrumbList\",\"@id\":\"https:\/\/infoecos.com.ar\/index.php\/que-se-recuerda-y-festeja-el-23-de-julio\/#breadcrumb\",\"itemListElement\":[{\"@type\":\"ListItem\",\"position\":1,\"name\":\"Portada\",\"item\":\"https:\/\/infoecos.com.ar\/\"},{\"@type\":\"ListItem\",\"position\":2,\"name\":\"Que se recuerda y festeja el 23 de Julio&#8230;\"}]},{\"@type\":\"WebSite\",\"@id\":\"https:\/\/infoecos.com.ar\/#website\",\"url\":\"https:\/\/infoecos.com.ar\/\",\"name\":\"Infoecos\",\"description\":\"Noticias de trenque lauquen y la zona\",\"publisher\":{\"@id\":\"https:\/\/infoecos.com.ar\/#organization\"},\"alternateName\":\"Noticias\",\"potentialAction\":[{\"@type\":\"SearchAction\",\"target\":{\"@type\":\"EntryPoint\",\"urlTemplate\":\"https:\/\/infoecos.com.ar\/?s={search_term_string}\"},\"query-input\":{\"@type\":\"PropertyValueSpecification\",\"valueRequired\":true,\"valueName\":\"search_term_string\"}}],\"inLanguage\":\"es\"},{\"@type\":\"Organization\",\"@id\":\"https:\/\/infoecos.com.ar\/#organization\",\"name\":\"Infoecos\",\"alternateName\":\"Noticias\",\"url\":\"https:\/\/infoecos.com.ar\/\",\"logo\":{\"@type\":\"ImageObject\",\"inLanguage\":\"es\",\"@id\":\"https:\/\/infoecos.com.ar\/#\/schema\/logo\/image\/\",\"url\":\"https:\/\/infoecos.com.ar\/wp-content\/uploads\/2024\/03\/cropped-logo.png\",\"contentUrl\":\"https:\/\/infoecos.com.ar\/wp-content\/uploads\/2024\/03\/cropped-logo.png\",\"width\":374,\"height\":90,\"caption\":\"Infoecos\"},\"image\":{\"@id\":\"https:\/\/infoecos.com.ar\/#\/schema\/logo\/image\/\"},\"sameAs\":[\"https:\/\/www.facebook.com\/profile.php?id=100063200290284\",\"https:\/\/x.com\/infoecos\"]},{\"@type\":\"Person\",\"@id\":\"https:\/\/infoecos.com.ar\/#\/schema\/person\/8f5ace5ce73b4b4aac4b7245aee6f191\",\"name\":\"Jorge Matheus\",\"url\":\"https:\/\/infoecos.com.ar\/index.php\/author\/jomatheus\/\"}]}<\/script>\n<!-- \/ Yoast SEO plugin. -->","yoast_head_json":{"title":"Que se recuerda y festeja el 23 de Julio... - Infoecos","robots":{"index":"index","follow":"follow","max-snippet":"max-snippet:-1","max-image-preview":"max-image-preview:large","max-video-preview":"max-video-preview:-1"},"canonical":"https:\/\/infoecos.com.ar\/index.php\/que-se-recuerda-y-festeja-el-23-de-julio\/","og_locale":"es_ES","og_type":"article","og_title":"Que se recuerda y festeja el 23 de Julio... - Infoecos","og_description":"Nace en Buenos Aires el escritor y guionista H\u00e9ctor Germ\u00e1n Oesterheld, autor de la tira de ciencia ficci\u00f3n \"El Eternauta\", considerada su obra maestra. Oesterheld fue secuestrado y asesinado en 1978 por agentes de la \u00faltima dictadura c\u00edvico militar","og_url":"https:\/\/infoecos.com.ar\/index.php\/que-se-recuerda-y-festeja-el-23-de-julio\/","og_site_name":"Infoecos","article_publisher":"https:\/\/www.facebook.com\/profile.php?id=100063200290284","article_published_time":"2022-07-23T03:34:39+00:00","article_modified_time":"2022-07-23T03:34:40+00:00","og_image":[{"width":300,"height":204,"url":"https:\/\/infoecos.com.ar\/wp-content\/uploads\/2022\/07\/HECTOR-GERMAN-OESTERHELD.jpg","type":"image\/jpeg"}],"author":"Jorge Matheus","twitter_card":"summary_large_image","twitter_creator":"@infoecos","twitter_site":"@infoecos","twitter_misc":{"Escrito por":"Jorge Matheus","Tiempo de lectura":"2 minutos"},"schema":{"@context":"https:\/\/schema.org","@graph":[{"@type":"Article","@id":"https:\/\/infoecos.com.ar\/index.php\/que-se-recuerda-y-festeja-el-23-de-julio\/#article","isPartOf":{"@id":"https:\/\/infoecos.com.ar\/index.php\/que-se-recuerda-y-festeja-el-23-de-julio\/"},"author":{"name":"Jorge Matheus","@id":"https:\/\/infoecos.com.ar\/#\/schema\/person\/8f5ace5ce73b4b4aac4b7245aee6f191"},"headline":"Que se recuerda y festeja el 23 de Julio&#8230;","datePublished":"2022-07-23T03:34:39+00:00","dateModified":"2022-07-23T03:34:40+00:00","mainEntityOfPage":{"@id":"https:\/\/infoecos.com.ar\/index.php\/que-se-recuerda-y-festeja-el-23-de-julio\/"},"wordCount":499,"publisher":{"@id":"https:\/\/infoecos.com.ar\/#organization"},"image":{"@id":"https:\/\/infoecos.com.ar\/index.php\/que-se-recuerda-y-festeja-el-23-de-julio\/#primaryimage"},"thumbnailUrl":"https:\/\/infoecos.com.ar\/wp-content\/uploads\/2022\/07\/HECTOR-GERMAN-OESTERHELD.jpg","keywords":["EFEM\u00c9RIDES INFOECOS"],"articleSection":["C2 N7"],"inLanguage":"es"},{"@type":"WebPage","@id":"https:\/\/infoecos.com.ar\/index.php\/que-se-recuerda-y-festeja-el-23-de-julio\/","url":"https:\/\/infoecos.com.ar\/index.php\/que-se-recuerda-y-festeja-el-23-de-julio\/","name":"Que se recuerda y festeja el 23 de Julio... - Infoecos","isPartOf":{"@id":"https:\/\/infoecos.com.ar\/#website"},"primaryImageOfPage":{"@id":"https:\/\/infoecos.com.ar\/index.php\/que-se-recuerda-y-festeja-el-23-de-julio\/#primaryimage"},"image":{"@id":"https:\/\/infoecos.com.ar\/index.php\/que-se-recuerda-y-festeja-el-23-de-julio\/#primaryimage"},"thumbnailUrl":"https:\/\/infoecos.com.ar\/wp-content\/uploads\/2022\/07\/HECTOR-GERMAN-OESTERHELD.jpg","datePublished":"2022-07-23T03:34:39+00:00","dateModified":"2022-07-23T03:34:40+00:00","breadcrumb":{"@id":"https:\/\/infoecos.com.ar\/index.php\/que-se-recuerda-y-festeja-el-23-de-julio\/#breadcrumb"},"inLanguage":"es","potentialAction":[{"@type":"ReadAction","target":["https:\/\/infoecos.com.ar\/index.php\/que-se-recuerda-y-festeja-el-23-de-julio\/"]}]},{"@type":"ImageObject","inLanguage":"es","@id":"https:\/\/infoecos.com.ar\/index.php\/que-se-recuerda-y-festeja-el-23-de-julio\/#primaryimage","url":"https:\/\/infoecos.com.ar\/wp-content\/uploads\/2022\/07\/HECTOR-GERMAN-OESTERHELD.jpg","contentUrl":"https:\/\/infoecos.com.ar\/wp-content\/uploads\/2022\/07\/HECTOR-GERMAN-OESTERHELD.jpg","width":300,"height":204},{"@type":"BreadcrumbList","@id":"https:\/\/infoecos.com.ar\/index.php\/que-se-recuerda-y-festeja-el-23-de-julio\/#breadcrumb","itemListElement":[{"@type":"ListItem","position":1,"name":"Portada","item":"https:\/\/infoecos.com.ar\/"},{"@type":"ListItem","position":2,"name":"Que se recuerda y festeja el 23 de Julio&#8230;"}]},{"@type":"WebSite","@id":"https:\/\/infoecos.com.ar\/#website","url":"https:\/\/infoecos.com.ar\/","name":"Infoecos","description":"Noticias de trenque lauquen y la zona","publisher":{"@id":"https:\/\/infoecos.com.ar\/#organization"},"alternateName":"Noticias","potentialAction":[{"@type":"SearchAction","target":{"@type":"EntryPoint","urlTemplate":"https:\/\/infoecos.com.ar\/?s={search_term_string}"},"query-input":{"@type":"PropertyValueSpecification","valueRequired":true,"valueName":"search_term_string"}}],"inLanguage":"es"},{"@type":"Organization","@id":"https:\/\/infoecos.com.ar\/#organization","name":"Infoecos","alternateName":"Noticias","url":"https:\/\/infoecos.com.ar\/","logo":{"@type":"ImageObject","inLanguage":"es","@id":"https:\/\/infoecos.com.ar\/#\/schema\/logo\/image\/","url":"https:\/\/infoecos.com.ar\/wp-content\/uploads\/2024\/03\/cropped-logo.png","contentUrl":"https:\/\/infoecos.com.ar\/wp-content\/uploads\/2024\/03\/cropped-logo.png","width":374,"height":90,"caption":"Infoecos"},"image":{"@id":"https:\/\/infoecos.com.ar\/#\/schema\/logo\/image\/"},"sameAs":["https:\/\/www.facebook.com\/profile.php?id=100063200290284","https:\/\/x.com\/infoecos"]},{"@type":"Person","@id":"https:\/\/infoecos.com.ar\/#\/schema\/person\/8f5ace5ce73b4b4aac4b7245aee6f191","name":"Jorge Matheus","url":"https:\/\/infoecos.com.ar\/index.php\/author\/jomatheus\/"}]}},"featured_image_urls":{"full":["https:\/\/infoecos.com.ar\/wp-content\/uploads\/2022\/07\/HECTOR-GERMAN-OESTERHELD.jpg",300,204,false],"thumbnail":["https:\/\/infoecos.com.ar\/wp-content\/uploads\/2022\/07\/HECTOR-GERMAN-OESTERHELD-150x150.jpg",150,150,true],"medium":["https:\/\/infoecos.com.ar\/wp-content\/uploads\/2022\/07\/HECTOR-GERMAN-OESTERHELD.jpg",300,204,false],"medium_large":["https:\/\/infoecos.com.ar\/wp-content\/uploads\/2022\/07\/HECTOR-GERMAN-OESTERHELD.jpg",300,204,false],"large":["https:\/\/infoecos.com.ar\/wp-content\/uploads\/2022\/07\/HECTOR-GERMAN-OESTERHELD.jpg",300,204,false],"1536x1536":["https:\/\/infoecos.com.ar\/wp-content\/uploads\/2022\/07\/HECTOR-GERMAN-OESTERHELD.jpg",300,204,false],"2048x2048":["https:\/\/infoecos.com.ar\/wp-content\/uploads\/2022\/07\/HECTOR-GERMAN-OESTERHELD.jpg",300,204,false],"covernews-slider-full":["https:\/\/infoecos.com.ar\/wp-content\/uploads\/2022\/07\/HECTOR-GERMAN-OESTERHELD.jpg",300,204,false],"covernews-slider-center":["https:\/\/infoecos.com.ar\/wp-content\/uploads\/2022\/07\/HECTOR-GERMAN-OESTERHELD.jpg",300,204,false],"covernews-featured":["https:\/\/infoecos.com.ar\/wp-content\/uploads\/2022\/07\/HECTOR-GERMAN-OESTERHELD.jpg",300,204,false],"covernews-medium":["https:\/\/infoecos.com.ar\/wp-content\/uploads\/2022\/07\/HECTOR-GERMAN-OESTERHELD.jpg",300,204,false],"covernews-medium-square":["https:\/\/infoecos.com.ar\/wp-content\/uploads\/2022\/07\/HECTOR-GERMAN-OESTERHELD.jpg",300,204,false]},"author_info":{"info":["Jorge Matheus"]},"category_info":"<a href=\"https:\/\/infoecos.com.ar\/index.php\/category\/c2nota7\/\" rel=\"category tag\">C2 N7<\/a>","tag_info":"C2 N7","comment_count":"0","_links":{"self":[{"href":"https:\/\/infoecos.com.ar\/index.php\/wp-json\/wp\/v2\/posts\/94874"}],"collection":[{"href":"https:\/\/infoecos.com.ar\/index.php\/wp-json\/wp\/v2\/posts"}],"about":[{"href":"https:\/\/infoecos.com.ar\/index.php\/wp-json\/wp\/v2\/types\/post"}],"author":[{"embeddable":true,"href":"https:\/\/infoecos.com.ar\/index.php\/wp-json\/wp\/v2\/users\/2"}],"replies":[{"embeddable":true,"href":"https:\/\/infoecos.com.ar\/index.php\/wp-json\/wp\/v2\/comments?post=94874"}],"version-history":[{"count":1,"href":"https:\/\/infoecos.com.ar\/index.php\/wp-json\/wp\/v2\/posts\/94874\/revisions"}],"predecessor-version":[{"id":94876,"href":"https:\/\/infoecos.com.ar\/index.php\/wp-json\/wp\/v2\/posts\/94874\/revisions\/94876"}],"wp:featuredmedia":[{"embeddable":true,"href":"https:\/\/infoecos.com.ar\/index.php\/wp-json\/wp\/v2\/media\/94875"}],"wp:attachment":[{"href":"https:\/\/infoecos.com.ar\/index.php\/wp-json\/wp\/v2\/media?parent=94874"}],"wp:term":[{"taxonomy":"category","embeddable":true,"href":"https:\/\/infoecos.com.ar\/index.php\/wp-json\/wp\/v2\/categories?post=94874"},{"taxonomy":"post_tag","embeddable":true,"href":"https:\/\/infoecos.com.ar\/index.php\/wp-json\/wp\/v2\/tags?post=94874"}],"curies":[{"name":"wp","href":"https:\/\/api.w.org\/{rel}","templated":true}]}}