{"id":94885,"date":"2022-07-23T01:25:36","date_gmt":"2022-07-23T04:25:36","guid":{"rendered":"http:\/\/infoecos.com.ar\/?p=94885"},"modified":"2022-07-23T01:25:37","modified_gmt":"2022-07-23T04:25:37","slug":"200-policias-participarian-esta-manana-de-la-busqueda-de-juan-carlos-woldryk","status":"publish","type":"post","link":"https:\/\/infoecos.com.ar\/index.php\/200-policias-participarian-esta-manana-de-la-busqueda-de-juan-carlos-woldryk\/","title":{"rendered":"200 polic\u00edas participar\u00edan esta ma\u00f1ana de la b\u00fasqueda de Juan Carlos Woldryk"},"content":{"rendered":"\n<p>Hoy a partir de las 07.30 horas realizar\u00e1n una nueva b\u00fasqueda en la zona rural en donde fue visto por \u00faltima vez Juan Carlos Woldryk, el joven de 30 a\u00f1os desaparecido desde el 30 de marzo. Participar\u00e1n m\u00e1s de 200 polic\u00edas de la Provincia de Buenos Aires. No se descarta la presencia del ministro de seguridad, Sergio Berni.<\/p>\n\n\n\n<figure class=\"wp-block-image aligncenter size-full\"><img loading=\"lazy\" decoding=\"async\" width=\"500\" height=\"261\" src=\"http:\/\/infoecos.com.ar\/wp-content\/uploads\/2022\/07\/17123941206386682344.jpg\" alt=\"\" class=\"wp-image-94886\" srcset=\"https:\/\/infoecos.com.ar\/wp-content\/uploads\/2022\/07\/17123941206386682344.jpg 500w, https:\/\/infoecos.com.ar\/wp-content\/uploads\/2022\/07\/17123941206386682344-460x240.jpg 460w\" sizes=\"(max-width: 500px) 100vw, 500px\" \/><figcaption>Juan Carlos Woldryk<\/figcaption><\/figure>\n\n\n\n<p>Las nuevas b\u00fasquedas, que se ser\u00e1n supervisadas por la fiscal Julia Mar\u00eda Sebasti\u00e1n, se centrar\u00e1n en\u00a0 montes en un per\u00edmetro ampliado a los rastrillajes que se han realizado anteriormente. De la misma participar\u00e1n polic\u00edas de diferentes dependencias que se dividir\u00e1n en grupos y cada uno de los grupos estar\u00e1 coordinado por un jefe departamental. <\/p>\n\n\n\n<p>De los operativos tambi\u00e9n participar\u00e1n familiares de Juan Carlos Woldryk y sus abogadas, la Dra. Gabriela Rodr\u00edguez en representaci\u00f3n de sus padres y hermanas\u00a0 y en representaci\u00f3n de los primos, que se presentaron como particulares damnificados, la Dra. Graciela Achabal, de la ciudad de Saladillo.<\/p>\n\n\n\n<p>Las nuevas b\u00fasquedas ser\u00e1n supervisadas por la fiscal Julia Mar\u00eda Sebasti\u00e1n.<\/p>\n\n\n\n<p><strong>Fuente: Diario La Ma\u00f1ana de Bol\u00edvar<\/strong><\/p>\n","protected":false},"excerpt":{"rendered":"<p>No se descarta la presencia del ministro de seguridad, Sergio Berni<\/p>\n","protected":false},"author":2,"featured_media":94886,"comment_status":"closed","ping_status":"open","sticky":false,"template":"","format":"standard","meta":{"footnotes":""},"categories":[25],"tags":[6358],"class_list":["post-94885","post","type-post","status-publish","format-standard","has-post-thumbnail","hentry","category-c3nota1","tag-continuan-los-rastrillajes"],"yoast_head":"<!-- This site is optimized with the Yoast SEO plugin v23.4 - https:\/\/yoast.com\/wordpress\/plugins\/seo\/ -->\n<title>200 polic\u00edas participar\u00edan esta ma\u00f1ana de la b\u00fasqueda de Juan Carlos Woldryk - Infoecos<\/title>\n<meta name=\"robots\" content=\"index, follow, max-snippet:-1, max-image-preview:large, max-video-preview:-1\" \/>\n<link rel=\"canonical\" href=\"https:\/\/infoecos.com.ar\/index.php\/200-policias-participarian-esta-manana-de-la-busqueda-de-juan-carlos-woldryk\/\" \/>\n<meta property=\"og:locale\" content=\"es_ES\" \/>\n<meta property=\"og:type\" content=\"article\" \/>\n<meta property=\"og:title\" content=\"200 polic\u00edas participar\u00edan esta ma\u00f1ana de la b\u00fasqueda de Juan Carlos Woldryk - Infoecos\" \/>\n<meta property=\"og:description\" content=\"No se descarta la presencia del ministro de seguridad, Sergio Berni\" \/>\n<meta property=\"og:url\" content=\"https:\/\/infoecos.com.ar\/index.php\/200-policias-participarian-esta-manana-de-la-busqueda-de-juan-carlos-woldryk\/\" \/>\n<meta property=\"og:site_name\" content=\"Infoecos\" \/>\n<meta property=\"article:publisher\" content=\"https:\/\/www.facebook.com\/profile.php?id=100063200290284\" \/>\n<meta property=\"article:published_time\" content=\"2022-07-23T04:25:36+00:00\" \/>\n<meta property=\"article:modified_time\" content=\"2022-07-23T04:25:37+00:00\" \/>\n<meta property=\"og:image\" content=\"https:\/\/infoecos.com.ar\/wp-content\/uploads\/2022\/07\/17123941206386682344.jpg\" \/>\n\t<meta property=\"og:image:width\" content=\"500\" \/>\n\t<meta property=\"og:image:height\" content=\"261\" \/>\n\t<meta property=\"og:image:type\" content=\"image\/jpeg\" \/>\n<meta name=\"author\" content=\"Jorge Matheus\" \/>\n<meta name=\"twitter:card\" content=\"summary_large_image\" \/>\n<meta name=\"twitter:creator\" content=\"@infoecos\" \/>\n<meta name=\"twitter:site\" content=\"@infoecos\" \/>\n<meta name=\"twitter:label1\" content=\"Escrito por\" \/>\n\t<meta name=\"twitter:data1\" content=\"Jorge Matheus\" \/>\n\t<meta name=\"twitter:label2\" content=\"Tiempo de lectura\" \/>\n\t<meta name=\"twitter:data2\" content=\"1 minuto\" \/>\n<script type=\"application\/ld+json\" class=\"yoast-schema-graph\">{\"@context\":\"https:\/\/schema.org\",\"@graph\":[{\"@type\":\"Article\",\"@id\":\"https:\/\/infoecos.com.ar\/index.php\/200-policias-participarian-esta-manana-de-la-busqueda-de-juan-carlos-woldryk\/#article\",\"isPartOf\":{\"@id\":\"https:\/\/infoecos.com.ar\/index.php\/200-policias-participarian-esta-manana-de-la-busqueda-de-juan-carlos-woldryk\/\"},\"author\":{\"name\":\"Jorge Matheus\",\"@id\":\"https:\/\/infoecos.com.ar\/#\/schema\/person\/8f5ace5ce73b4b4aac4b7245aee6f191\"},\"headline\":\"200 polic\u00edas participar\u00edan esta ma\u00f1ana de la b\u00fasqueda de Juan Carlos Woldryk\",\"datePublished\":\"2022-07-23T04:25:36+00:00\",\"dateModified\":\"2022-07-23T04:25:37+00:00\",\"mainEntityOfPage\":{\"@id\":\"https:\/\/infoecos.com.ar\/index.php\/200-policias-participarian-esta-manana-de-la-busqueda-de-juan-carlos-woldryk\/\"},\"wordCount\":214,\"publisher\":{\"@id\":\"https:\/\/infoecos.com.ar\/#organization\"},\"image\":{\"@id\":\"https:\/\/infoecos.com.ar\/index.php\/200-policias-participarian-esta-manana-de-la-busqueda-de-juan-carlos-woldryk\/#primaryimage\"},\"thumbnailUrl\":\"https:\/\/infoecos.com.ar\/wp-content\/uploads\/2022\/07\/17123941206386682344.jpg\",\"keywords\":[\"CONTIN\u00daAN LOS RASTRILLAJES\"],\"articleSection\":[\"C3 N1\"],\"inLanguage\":\"es\"},{\"@type\":\"WebPage\",\"@id\":\"https:\/\/infoecos.com.ar\/index.php\/200-policias-participarian-esta-manana-de-la-busqueda-de-juan-carlos-woldryk\/\",\"url\":\"https:\/\/infoecos.com.ar\/index.php\/200-policias-participarian-esta-manana-de-la-busqueda-de-juan-carlos-woldryk\/\",\"name\":\"200 polic\u00edas participar\u00edan esta ma\u00f1ana de la b\u00fasqueda de Juan Carlos Woldryk - Infoecos\",\"isPartOf\":{\"@id\":\"https:\/\/infoecos.com.ar\/#website\"},\"primaryImageOfPage\":{\"@id\":\"https:\/\/infoecos.com.ar\/index.php\/200-policias-participarian-esta-manana-de-la-busqueda-de-juan-carlos-woldryk\/#primaryimage\"},\"image\":{\"@id\":\"https:\/\/infoecos.com.ar\/index.php\/200-policias-participarian-esta-manana-de-la-busqueda-de-juan-carlos-woldryk\/#primaryimage\"},\"thumbnailUrl\":\"https:\/\/infoecos.com.ar\/wp-content\/uploads\/2022\/07\/17123941206386682344.jpg\",\"datePublished\":\"2022-07-23T04:25:36+00:00\",\"dateModified\":\"2022-07-23T04:25:37+00:00\",\"breadcrumb\":{\"@id\":\"https:\/\/infoecos.com.ar\/index.php\/200-policias-participarian-esta-manana-de-la-busqueda-de-juan-carlos-woldryk\/#breadcrumb\"},\"inLanguage\":\"es\",\"potentialAction\":[{\"@type\":\"ReadAction\",\"target\":[\"https:\/\/infoecos.com.ar\/index.php\/200-policias-participarian-esta-manana-de-la-busqueda-de-juan-carlos-woldryk\/\"]}]},{\"@type\":\"ImageObject\",\"inLanguage\":\"es\",\"@id\":\"https:\/\/infoecos.com.ar\/index.php\/200-policias-participarian-esta-manana-de-la-busqueda-de-juan-carlos-woldryk\/#primaryimage\",\"url\":\"https:\/\/infoecos.com.ar\/wp-content\/uploads\/2022\/07\/17123941206386682344.jpg\",\"contentUrl\":\"https:\/\/infoecos.com.ar\/wp-content\/uploads\/2022\/07\/17123941206386682344.jpg\",\"width\":500,\"height\":261},{\"@type\":\"BreadcrumbList\",\"@id\":\"https:\/\/infoecos.com.ar\/index.php\/200-policias-participarian-esta-manana-de-la-busqueda-de-juan-carlos-woldryk\/#breadcrumb\",\"itemListElement\":[{\"@type\":\"ListItem\",\"position\":1,\"name\":\"Portada\",\"item\":\"https:\/\/infoecos.com.ar\/\"},{\"@type\":\"ListItem\",\"position\":2,\"name\":\"200 polic\u00edas participar\u00edan esta ma\u00f1ana de la b\u00fasqueda de Juan Carlos Woldryk\"}]},{\"@type\":\"WebSite\",\"@id\":\"https:\/\/infoecos.com.ar\/#website\",\"url\":\"https:\/\/infoecos.com.ar\/\",\"name\":\"Infoecos\",\"description\":\"Noticias de trenque lauquen y la zona\",\"publisher\":{\"@id\":\"https:\/\/infoecos.com.ar\/#organization\"},\"alternateName\":\"Noticias\",\"potentialAction\":[{\"@type\":\"SearchAction\",\"target\":{\"@type\":\"EntryPoint\",\"urlTemplate\":\"https:\/\/infoecos.com.ar\/?s={search_term_string}\"},\"query-input\":{\"@type\":\"PropertyValueSpecification\",\"valueRequired\":true,\"valueName\":\"search_term_string\"}}],\"inLanguage\":\"es\"},{\"@type\":\"Organization\",\"@id\":\"https:\/\/infoecos.com.ar\/#organization\",\"name\":\"Infoecos\",\"alternateName\":\"Noticias\",\"url\":\"https:\/\/infoecos.com.ar\/\",\"logo\":{\"@type\":\"ImageObject\",\"inLanguage\":\"es\",\"@id\":\"https:\/\/infoecos.com.ar\/#\/schema\/logo\/image\/\",\"url\":\"https:\/\/infoecos.com.ar\/wp-content\/uploads\/2024\/03\/cropped-logo.png\",\"contentUrl\":\"https:\/\/infoecos.com.ar\/wp-content\/uploads\/2024\/03\/cropped-logo.png\",\"width\":374,\"height\":90,\"caption\":\"Infoecos\"},\"image\":{\"@id\":\"https:\/\/infoecos.com.ar\/#\/schema\/logo\/image\/\"},\"sameAs\":[\"https:\/\/www.facebook.com\/profile.php?id=100063200290284\",\"https:\/\/x.com\/infoecos\"]},{\"@type\":\"Person\",\"@id\":\"https:\/\/infoecos.com.ar\/#\/schema\/person\/8f5ace5ce73b4b4aac4b7245aee6f191\",\"name\":\"Jorge Matheus\",\"url\":\"https:\/\/infoecos.com.ar\/index.php\/author\/jomatheus\/\"}]}<\/script>\n<!-- \/ Yoast SEO plugin. -->","yoast_head_json":{"title":"200 polic\u00edas participar\u00edan esta ma\u00f1ana de la b\u00fasqueda de Juan Carlos Woldryk - Infoecos","robots":{"index":"index","follow":"follow","max-snippet":"max-snippet:-1","max-image-preview":"max-image-preview:large","max-video-preview":"max-video-preview:-1"},"canonical":"https:\/\/infoecos.com.ar\/index.php\/200-policias-participarian-esta-manana-de-la-busqueda-de-juan-carlos-woldryk\/","og_locale":"es_ES","og_type":"article","og_title":"200 polic\u00edas participar\u00edan esta ma\u00f1ana de la b\u00fasqueda de Juan Carlos Woldryk - Infoecos","og_description":"No se descarta la presencia del ministro de seguridad, Sergio Berni","og_url":"https:\/\/infoecos.com.ar\/index.php\/200-policias-participarian-esta-manana-de-la-busqueda-de-juan-carlos-woldryk\/","og_site_name":"Infoecos","article_publisher":"https:\/\/www.facebook.com\/profile.php?id=100063200290284","article_published_time":"2022-07-23T04:25:36+00:00","article_modified_time":"2022-07-23T04:25:37+00:00","og_image":[{"width":500,"height":261,"url":"https:\/\/infoecos.com.ar\/wp-content\/uploads\/2022\/07\/17123941206386682344.jpg","type":"image\/jpeg"}],"author":"Jorge Matheus","twitter_card":"summary_large_image","twitter_creator":"@infoecos","twitter_site":"@infoecos","twitter_misc":{"Escrito por":"Jorge Matheus","Tiempo de lectura":"1 minuto"},"schema":{"@context":"https:\/\/schema.org","@graph":[{"@type":"Article","@id":"https:\/\/infoecos.com.ar\/index.php\/200-policias-participarian-esta-manana-de-la-busqueda-de-juan-carlos-woldryk\/#article","isPartOf":{"@id":"https:\/\/infoecos.com.ar\/index.php\/200-policias-participarian-esta-manana-de-la-busqueda-de-juan-carlos-woldryk\/"},"author":{"name":"Jorge Matheus","@id":"https:\/\/infoecos.com.ar\/#\/schema\/person\/8f5ace5ce73b4b4aac4b7245aee6f191"},"headline":"200 polic\u00edas participar\u00edan esta ma\u00f1ana de la b\u00fasqueda de Juan Carlos Woldryk","datePublished":"2022-07-23T04:25:36+00:00","dateModified":"2022-07-23T04:25:37+00:00","mainEntityOfPage":{"@id":"https:\/\/infoecos.com.ar\/index.php\/200-policias-participarian-esta-manana-de-la-busqueda-de-juan-carlos-woldryk\/"},"wordCount":214,"publisher":{"@id":"https:\/\/infoecos.com.ar\/#organization"},"image":{"@id":"https:\/\/infoecos.com.ar\/index.php\/200-policias-participarian-esta-manana-de-la-busqueda-de-juan-carlos-woldryk\/#primaryimage"},"thumbnailUrl":"https:\/\/infoecos.com.ar\/wp-content\/uploads\/2022\/07\/17123941206386682344.jpg","keywords":["CONTIN\u00daAN LOS RASTRILLAJES"],"articleSection":["C3 N1"],"inLanguage":"es"},{"@type":"WebPage","@id":"https:\/\/infoecos.com.ar\/index.php\/200-policias-participarian-esta-manana-de-la-busqueda-de-juan-carlos-woldryk\/","url":"https:\/\/infoecos.com.ar\/index.php\/200-policias-participarian-esta-manana-de-la-busqueda-de-juan-carlos-woldryk\/","name":"200 polic\u00edas participar\u00edan esta ma\u00f1ana de la b\u00fasqueda de Juan Carlos Woldryk - Infoecos","isPartOf":{"@id":"https:\/\/infoecos.com.ar\/#website"},"primaryImageOfPage":{"@id":"https:\/\/infoecos.com.ar\/index.php\/200-policias-participarian-esta-manana-de-la-busqueda-de-juan-carlos-woldryk\/#primaryimage"},"image":{"@id":"https:\/\/infoecos.com.ar\/index.php\/200-policias-participarian-esta-manana-de-la-busqueda-de-juan-carlos-woldryk\/#primaryimage"},"thumbnailUrl":"https:\/\/infoecos.com.ar\/wp-content\/uploads\/2022\/07\/17123941206386682344.jpg","datePublished":"2022-07-23T04:25:36+00:00","dateModified":"2022-07-23T04:25:37+00:00","breadcrumb":{"@id":"https:\/\/infoecos.com.ar\/index.php\/200-policias-participarian-esta-manana-de-la-busqueda-de-juan-carlos-woldryk\/#breadcrumb"},"inLanguage":"es","potentialAction":[{"@type":"ReadAction","target":["https:\/\/infoecos.com.ar\/index.php\/200-policias-participarian-esta-manana-de-la-busqueda-de-juan-carlos-woldryk\/"]}]},{"@type":"ImageObject","inLanguage":"es","@id":"https:\/\/infoecos.com.ar\/index.php\/200-policias-participarian-esta-manana-de-la-busqueda-de-juan-carlos-woldryk\/#primaryimage","url":"https:\/\/infoecos.com.ar\/wp-content\/uploads\/2022\/07\/17123941206386682344.jpg","contentUrl":"https:\/\/infoecos.com.ar\/wp-content\/uploads\/2022\/07\/17123941206386682344.jpg","width":500,"height":261},{"@type":"BreadcrumbList","@id":"https:\/\/infoecos.com.ar\/index.php\/200-policias-participarian-esta-manana-de-la-busqueda-de-juan-carlos-woldryk\/#breadcrumb","itemListElement":[{"@type":"ListItem","position":1,"name":"Portada","item":"https:\/\/infoecos.com.ar\/"},{"@type":"ListItem","position":2,"name":"200 polic\u00edas participar\u00edan esta ma\u00f1ana de la b\u00fasqueda de Juan Carlos Woldryk"}]},{"@type":"WebSite","@id":"https:\/\/infoecos.com.ar\/#website","url":"https:\/\/infoecos.com.ar\/","name":"Infoecos","description":"Noticias de trenque lauquen y la zona","publisher":{"@id":"https:\/\/infoecos.com.ar\/#organization"},"alternateName":"Noticias","potentialAction":[{"@type":"SearchAction","target":{"@type":"EntryPoint","urlTemplate":"https:\/\/infoecos.com.ar\/?s={search_term_string}"},"query-input":{"@type":"PropertyValueSpecification","valueRequired":true,"valueName":"search_term_string"}}],"inLanguage":"es"},{"@type":"Organization","@id":"https:\/\/infoecos.com.ar\/#organization","name":"Infoecos","alternateName":"Noticias","url":"https:\/\/infoecos.com.ar\/","logo":{"@type":"ImageObject","inLanguage":"es","@id":"https:\/\/infoecos.com.ar\/#\/schema\/logo\/image\/","url":"https:\/\/infoecos.com.ar\/wp-content\/uploads\/2024\/03\/cropped-logo.png","contentUrl":"https:\/\/infoecos.com.ar\/wp-content\/uploads\/2024\/03\/cropped-logo.png","width":374,"height":90,"caption":"Infoecos"},"image":{"@id":"https:\/\/infoecos.com.ar\/#\/schema\/logo\/image\/"},"sameAs":["https:\/\/www.facebook.com\/profile.php?id=100063200290284","https:\/\/x.com\/infoecos"]},{"@type":"Person","@id":"https:\/\/infoecos.com.ar\/#\/schema\/person\/8f5ace5ce73b4b4aac4b7245aee6f191","name":"Jorge Matheus","url":"https:\/\/infoecos.com.ar\/index.php\/author\/jomatheus\/"}]}},"featured_image_urls":{"full":["https:\/\/infoecos.com.ar\/wp-content\/uploads\/2022\/07\/17123941206386682344.jpg",500,261,false],"thumbnail":["https:\/\/infoecos.com.ar\/wp-content\/uploads\/2022\/07\/17123941206386682344-150x150.jpg",150,150,true],"medium":["https:\/\/infoecos.com.ar\/wp-content\/uploads\/2022\/07\/17123941206386682344-460x240.jpg",460,240,true],"medium_large":["https:\/\/infoecos.com.ar\/wp-content\/uploads\/2022\/07\/17123941206386682344.jpg",500,261,false],"large":["https:\/\/infoecos.com.ar\/wp-content\/uploads\/2022\/07\/17123941206386682344.jpg",500,261,false],"1536x1536":["https:\/\/infoecos.com.ar\/wp-content\/uploads\/2022\/07\/17123941206386682344.jpg",500,261,false],"2048x2048":["https:\/\/infoecos.com.ar\/wp-content\/uploads\/2022\/07\/17123941206386682344.jpg",500,261,false],"covernews-slider-full":["https:\/\/infoecos.com.ar\/wp-content\/uploads\/2022\/07\/17123941206386682344.jpg",500,261,false],"covernews-slider-center":["https:\/\/infoecos.com.ar\/wp-content\/uploads\/2022\/07\/17123941206386682344.jpg",500,261,false],"covernews-featured":["https:\/\/infoecos.com.ar\/wp-content\/uploads\/2022\/07\/17123941206386682344.jpg",500,261,false],"covernews-medium":["https:\/\/infoecos.com.ar\/wp-content\/uploads\/2022\/07\/17123941206386682344.jpg",500,261,false],"covernews-medium-square":["https:\/\/infoecos.com.ar\/wp-content\/uploads\/2022\/07\/17123941206386682344.jpg",400,209,false]},"author_info":{"info":["Jorge Matheus"]},"category_info":"<a href=\"https:\/\/infoecos.com.ar\/index.php\/category\/c3nota1\/\" rel=\"category tag\">C3 N1<\/a>","tag_info":"C3 N1","comment_count":"0","_links":{"self":[{"href":"https:\/\/infoecos.com.ar\/index.php\/wp-json\/wp\/v2\/posts\/94885"}],"collection":[{"href":"https:\/\/infoecos.com.ar\/index.php\/wp-json\/wp\/v2\/posts"}],"about":[{"href":"https:\/\/infoecos.com.ar\/index.php\/wp-json\/wp\/v2\/types\/post"}],"author":[{"embeddable":true,"href":"https:\/\/infoecos.com.ar\/index.php\/wp-json\/wp\/v2\/users\/2"}],"replies":[{"embeddable":true,"href":"https:\/\/infoecos.com.ar\/index.php\/wp-json\/wp\/v2\/comments?post=94885"}],"version-history":[{"count":1,"href":"https:\/\/infoecos.com.ar\/index.php\/wp-json\/wp\/v2\/posts\/94885\/revisions"}],"predecessor-version":[{"id":94887,"href":"https:\/\/infoecos.com.ar\/index.php\/wp-json\/wp\/v2\/posts\/94885\/revisions\/94887"}],"wp:featuredmedia":[{"embeddable":true,"href":"https:\/\/infoecos.com.ar\/index.php\/wp-json\/wp\/v2\/media\/94886"}],"wp:attachment":[{"href":"https:\/\/infoecos.com.ar\/index.php\/wp-json\/wp\/v2\/media?parent=94885"}],"wp:term":[{"taxonomy":"category","embeddable":true,"href":"https:\/\/infoecos.com.ar\/index.php\/wp-json\/wp\/v2\/categories?post=94885"},{"taxonomy":"post_tag","embeddable":true,"href":"https:\/\/infoecos.com.ar\/index.php\/wp-json\/wp\/v2\/tags?post=94885"}],"curies":[{"name":"wp","href":"https:\/\/api.w.org\/{rel}","templated":true}]}}