{"id":94891,"date":"2022-07-23T01:44:32","date_gmt":"2022-07-23T04:44:32","guid":{"rendered":"http:\/\/infoecos.com.ar\/?p=94891"},"modified":"2022-07-26T03:40:04","modified_gmt":"2022-07-26T06:40:04","slug":"se-presentara-en-trenque-lauquen-el-15-de-agosto-el-musico-y-compositor-hugo-fattoruso","status":"publish","type":"post","link":"https:\/\/infoecos.com.ar\/index.php\/se-presentara-en-trenque-lauquen-el-15-de-agosto-el-musico-y-compositor-hugo-fattoruso\/","title":{"rendered":"Se presentar\u00e1 en Trenque Lauquen el 15 de Agosto el m\u00fasico y compositor Hugo Fattoruso"},"content":{"rendered":"\n<p>El m\u00fasico y compositor uruguayo Hugo Fattoruso se presentar\u00e1 junto a Albana Barrocas en el Teatro Espa\u00f1ol de Trenque Lauquen, el lunes 15 de agosto (feriado nacional) a partir de las 20.<\/p>\n\n\n\n<p>Las entradas est\u00e1n a la venta en la direcci\u00f3n de Cultura municipal de lunes a viernes de 7 a 13.<\/p>\n\n\n\n<figure class=\"wp-block-image aligncenter size-full\"><img loading=\"lazy\" decoding=\"async\" width=\"756\" height=\"544\" src=\"http:\/\/infoecos.com.ar\/wp-content\/uploads\/2022\/07\/Hugo-Fattoruso.jpeg\" alt=\"\" class=\"wp-image-94892\" srcset=\"https:\/\/infoecos.com.ar\/wp-content\/uploads\/2022\/07\/Hugo-Fattoruso.jpeg 756w, https:\/\/infoecos.com.ar\/wp-content\/uploads\/2022\/07\/Hugo-Fattoruso-460x331.jpeg 460w\" sizes=\"(max-width: 756px) 100vw, 756px\" \/><\/figure>\n\n\n\n<p>El m\u00fasico, compositor, multi-instrumentista y vocalista uruguayo tiene una amplia trayectoria e integr\u00f3 grupos como Los Shakers, Opa, La Escuelita, Tr\u00edo Fattoruso, Cuarteto Oriental, HA D\u00fao, entre otros.<\/p>\n\n\n\n<p>Fattoruso colabor\u00f3 con artistas de la talla de Chico Buarque, Milton Nascimento, JaIme Roos y Rub\u00e9n Rada, citar a algunos de los m\u00e1s reconocidos.<\/p>\n\n\n\n<p>En 2010 recibi\u00f3 el Premio Gardel en la Argentina al mejor \u00c1lbum de jazz, y en 2015 fue reconocido con el Premio Konex Mercosur en la actividad de la m\u00fasica popular, uno de los premios m\u00e1s prestigiosos en el \u00e1mbito latinoamericano, galard\u00f3n dado en calidad de ser el m\u00fasico m\u00e1s relevante de Sudam\u00e9rica en la \u00faltima d\u00e9cada.<\/p>\n\n\n\n<p>En 2019 el maestro Fattoruso recibi\u00f3 en Las Vegas, Estados Unidos, el Premio Grammy a la excelencia musical, consider\u00e1ndolo como Maestro y Pionero de la M\u00fasica Latina.<\/p>\n","protected":false},"excerpt":{"rendered":"<p>Las entradas est\u00e1n a la venta en la direcci\u00f3n de Cultura municipal de lunes a viernes de 7 a 13<\/p>\n","protected":false},"author":2,"featured_media":94892,"comment_status":"closed","ping_status":"open","sticky":false,"template":"","format":"standard","meta":{"footnotes":""},"categories":[200],"tags":[6221],"class_list":["post-94891","post","type-post","status-publish","format-standard","has-post-thumbnail","hentry","category-inferior8","tag-en-el-teatro-espanol"],"yoast_head":"<!-- This site is optimized with the Yoast SEO plugin v23.4 - https:\/\/yoast.com\/wordpress\/plugins\/seo\/ -->\n<title>Se presentar\u00e1 en Trenque Lauquen el 15 de Agosto el m\u00fasico y compositor Hugo Fattoruso - Infoecos<\/title>\n<meta name=\"robots\" content=\"index, follow, max-snippet:-1, max-image-preview:large, max-video-preview:-1\" \/>\n<link rel=\"canonical\" href=\"https:\/\/infoecos.com.ar\/index.php\/se-presentara-en-trenque-lauquen-el-15-de-agosto-el-musico-y-compositor-hugo-fattoruso\/\" \/>\n<meta property=\"og:locale\" content=\"es_ES\" \/>\n<meta property=\"og:type\" content=\"article\" \/>\n<meta property=\"og:title\" content=\"Se presentar\u00e1 en Trenque Lauquen el 15 de Agosto el m\u00fasico y compositor Hugo Fattoruso - Infoecos\" \/>\n<meta property=\"og:description\" content=\"Las entradas est\u00e1n a la venta en la direcci\u00f3n de Cultura municipal de lunes a viernes de 7 a 13\" \/>\n<meta property=\"og:url\" content=\"https:\/\/infoecos.com.ar\/index.php\/se-presentara-en-trenque-lauquen-el-15-de-agosto-el-musico-y-compositor-hugo-fattoruso\/\" \/>\n<meta property=\"og:site_name\" content=\"Infoecos\" \/>\n<meta property=\"article:publisher\" content=\"https:\/\/www.facebook.com\/profile.php?id=100063200290284\" \/>\n<meta property=\"article:published_time\" content=\"2022-07-23T04:44:32+00:00\" \/>\n<meta property=\"article:modified_time\" content=\"2022-07-26T06:40:04+00:00\" \/>\n<meta property=\"og:image\" content=\"https:\/\/infoecos.com.ar\/wp-content\/uploads\/2022\/07\/Hugo-Fattoruso.jpeg\" \/>\n\t<meta property=\"og:image:width\" content=\"756\" \/>\n\t<meta property=\"og:image:height\" content=\"544\" \/>\n\t<meta property=\"og:image:type\" content=\"image\/jpeg\" \/>\n<meta name=\"author\" content=\"Jorge Matheus\" \/>\n<meta name=\"twitter:card\" content=\"summary_large_image\" \/>\n<meta name=\"twitter:creator\" content=\"@infoecos\" \/>\n<meta name=\"twitter:site\" content=\"@infoecos\" \/>\n<meta name=\"twitter:label1\" content=\"Escrito por\" \/>\n\t<meta name=\"twitter:data1\" content=\"Jorge Matheus\" \/>\n\t<meta name=\"twitter:label2\" content=\"Tiempo de lectura\" \/>\n\t<meta name=\"twitter:data2\" content=\"1 minuto\" \/>\n<script type=\"application\/ld+json\" class=\"yoast-schema-graph\">{\"@context\":\"https:\/\/schema.org\",\"@graph\":[{\"@type\":\"Article\",\"@id\":\"https:\/\/infoecos.com.ar\/index.php\/se-presentara-en-trenque-lauquen-el-15-de-agosto-el-musico-y-compositor-hugo-fattoruso\/#article\",\"isPartOf\":{\"@id\":\"https:\/\/infoecos.com.ar\/index.php\/se-presentara-en-trenque-lauquen-el-15-de-agosto-el-musico-y-compositor-hugo-fattoruso\/\"},\"author\":{\"name\":\"Jorge Matheus\",\"@id\":\"https:\/\/infoecos.com.ar\/#\/schema\/person\/8f5ace5ce73b4b4aac4b7245aee6f191\"},\"headline\":\"Se presentar\u00e1 en Trenque Lauquen el 15 de Agosto el m\u00fasico y compositor Hugo Fattoruso\",\"datePublished\":\"2022-07-23T04:44:32+00:00\",\"dateModified\":\"2022-07-26T06:40:04+00:00\",\"mainEntityOfPage\":{\"@id\":\"https:\/\/infoecos.com.ar\/index.php\/se-presentara-en-trenque-lauquen-el-15-de-agosto-el-musico-y-compositor-hugo-fattoruso\/\"},\"wordCount\":214,\"publisher\":{\"@id\":\"https:\/\/infoecos.com.ar\/#organization\"},\"image\":{\"@id\":\"https:\/\/infoecos.com.ar\/index.php\/se-presentara-en-trenque-lauquen-el-15-de-agosto-el-musico-y-compositor-hugo-fattoruso\/#primaryimage\"},\"thumbnailUrl\":\"https:\/\/infoecos.com.ar\/wp-content\/uploads\/2022\/07\/Hugo-Fattoruso.jpeg\",\"keywords\":[\"EN EL TEATRO ESPA\u00d1OL\"],\"articleSection\":[\"Bloque inferior - 8\"],\"inLanguage\":\"es\"},{\"@type\":\"WebPage\",\"@id\":\"https:\/\/infoecos.com.ar\/index.php\/se-presentara-en-trenque-lauquen-el-15-de-agosto-el-musico-y-compositor-hugo-fattoruso\/\",\"url\":\"https:\/\/infoecos.com.ar\/index.php\/se-presentara-en-trenque-lauquen-el-15-de-agosto-el-musico-y-compositor-hugo-fattoruso\/\",\"name\":\"Se presentar\u00e1 en Trenque Lauquen el 15 de Agosto el m\u00fasico y compositor Hugo Fattoruso - Infoecos\",\"isPartOf\":{\"@id\":\"https:\/\/infoecos.com.ar\/#website\"},\"primaryImageOfPage\":{\"@id\":\"https:\/\/infoecos.com.ar\/index.php\/se-presentara-en-trenque-lauquen-el-15-de-agosto-el-musico-y-compositor-hugo-fattoruso\/#primaryimage\"},\"image\":{\"@id\":\"https:\/\/infoecos.com.ar\/index.php\/se-presentara-en-trenque-lauquen-el-15-de-agosto-el-musico-y-compositor-hugo-fattoruso\/#primaryimage\"},\"thumbnailUrl\":\"https:\/\/infoecos.com.ar\/wp-content\/uploads\/2022\/07\/Hugo-Fattoruso.jpeg\",\"datePublished\":\"2022-07-23T04:44:32+00:00\",\"dateModified\":\"2022-07-26T06:40:04+00:00\",\"breadcrumb\":{\"@id\":\"https:\/\/infoecos.com.ar\/index.php\/se-presentara-en-trenque-lauquen-el-15-de-agosto-el-musico-y-compositor-hugo-fattoruso\/#breadcrumb\"},\"inLanguage\":\"es\",\"potentialAction\":[{\"@type\":\"ReadAction\",\"target\":[\"https:\/\/infoecos.com.ar\/index.php\/se-presentara-en-trenque-lauquen-el-15-de-agosto-el-musico-y-compositor-hugo-fattoruso\/\"]}]},{\"@type\":\"ImageObject\",\"inLanguage\":\"es\",\"@id\":\"https:\/\/infoecos.com.ar\/index.php\/se-presentara-en-trenque-lauquen-el-15-de-agosto-el-musico-y-compositor-hugo-fattoruso\/#primaryimage\",\"url\":\"https:\/\/infoecos.com.ar\/wp-content\/uploads\/2022\/07\/Hugo-Fattoruso.jpeg\",\"contentUrl\":\"https:\/\/infoecos.com.ar\/wp-content\/uploads\/2022\/07\/Hugo-Fattoruso.jpeg\",\"width\":756,\"height\":544},{\"@type\":\"BreadcrumbList\",\"@id\":\"https:\/\/infoecos.com.ar\/index.php\/se-presentara-en-trenque-lauquen-el-15-de-agosto-el-musico-y-compositor-hugo-fattoruso\/#breadcrumb\",\"itemListElement\":[{\"@type\":\"ListItem\",\"position\":1,\"name\":\"Portada\",\"item\":\"https:\/\/infoecos.com.ar\/\"},{\"@type\":\"ListItem\",\"position\":2,\"name\":\"Se presentar\u00e1 en Trenque Lauquen el 15 de Agosto el m\u00fasico y compositor Hugo Fattoruso\"}]},{\"@type\":\"WebSite\",\"@id\":\"https:\/\/infoecos.com.ar\/#website\",\"url\":\"https:\/\/infoecos.com.ar\/\",\"name\":\"Infoecos\",\"description\":\"Noticias de trenque lauquen y la zona\",\"publisher\":{\"@id\":\"https:\/\/infoecos.com.ar\/#organization\"},\"alternateName\":\"Noticias\",\"potentialAction\":[{\"@type\":\"SearchAction\",\"target\":{\"@type\":\"EntryPoint\",\"urlTemplate\":\"https:\/\/infoecos.com.ar\/?s={search_term_string}\"},\"query-input\":{\"@type\":\"PropertyValueSpecification\",\"valueRequired\":true,\"valueName\":\"search_term_string\"}}],\"inLanguage\":\"es\"},{\"@type\":\"Organization\",\"@id\":\"https:\/\/infoecos.com.ar\/#organization\",\"name\":\"Infoecos\",\"alternateName\":\"Noticias\",\"url\":\"https:\/\/infoecos.com.ar\/\",\"logo\":{\"@type\":\"ImageObject\",\"inLanguage\":\"es\",\"@id\":\"https:\/\/infoecos.com.ar\/#\/schema\/logo\/image\/\",\"url\":\"https:\/\/infoecos.com.ar\/wp-content\/uploads\/2024\/03\/cropped-logo.png\",\"contentUrl\":\"https:\/\/infoecos.com.ar\/wp-content\/uploads\/2024\/03\/cropped-logo.png\",\"width\":374,\"height\":90,\"caption\":\"Infoecos\"},\"image\":{\"@id\":\"https:\/\/infoecos.com.ar\/#\/schema\/logo\/image\/\"},\"sameAs\":[\"https:\/\/www.facebook.com\/profile.php?id=100063200290284\",\"https:\/\/x.com\/infoecos\"]},{\"@type\":\"Person\",\"@id\":\"https:\/\/infoecos.com.ar\/#\/schema\/person\/8f5ace5ce73b4b4aac4b7245aee6f191\",\"name\":\"Jorge Matheus\",\"url\":\"https:\/\/infoecos.com.ar\/index.php\/author\/jomatheus\/\"}]}<\/script>\n<!-- \/ Yoast SEO plugin. -->","yoast_head_json":{"title":"Se presentar\u00e1 en Trenque Lauquen el 15 de Agosto el m\u00fasico y compositor Hugo Fattoruso - Infoecos","robots":{"index":"index","follow":"follow","max-snippet":"max-snippet:-1","max-image-preview":"max-image-preview:large","max-video-preview":"max-video-preview:-1"},"canonical":"https:\/\/infoecos.com.ar\/index.php\/se-presentara-en-trenque-lauquen-el-15-de-agosto-el-musico-y-compositor-hugo-fattoruso\/","og_locale":"es_ES","og_type":"article","og_title":"Se presentar\u00e1 en Trenque Lauquen el 15 de Agosto el m\u00fasico y compositor Hugo Fattoruso - Infoecos","og_description":"Las entradas est\u00e1n a la venta en la direcci\u00f3n de Cultura municipal de lunes a viernes de 7 a 13","og_url":"https:\/\/infoecos.com.ar\/index.php\/se-presentara-en-trenque-lauquen-el-15-de-agosto-el-musico-y-compositor-hugo-fattoruso\/","og_site_name":"Infoecos","article_publisher":"https:\/\/www.facebook.com\/profile.php?id=100063200290284","article_published_time":"2022-07-23T04:44:32+00:00","article_modified_time":"2022-07-26T06:40:04+00:00","og_image":[{"width":756,"height":544,"url":"https:\/\/infoecos.com.ar\/wp-content\/uploads\/2022\/07\/Hugo-Fattoruso.jpeg","type":"image\/jpeg"}],"author":"Jorge Matheus","twitter_card":"summary_large_image","twitter_creator":"@infoecos","twitter_site":"@infoecos","twitter_misc":{"Escrito por":"Jorge Matheus","Tiempo de lectura":"1 minuto"},"schema":{"@context":"https:\/\/schema.org","@graph":[{"@type":"Article","@id":"https:\/\/infoecos.com.ar\/index.php\/se-presentara-en-trenque-lauquen-el-15-de-agosto-el-musico-y-compositor-hugo-fattoruso\/#article","isPartOf":{"@id":"https:\/\/infoecos.com.ar\/index.php\/se-presentara-en-trenque-lauquen-el-15-de-agosto-el-musico-y-compositor-hugo-fattoruso\/"},"author":{"name":"Jorge Matheus","@id":"https:\/\/infoecos.com.ar\/#\/schema\/person\/8f5ace5ce73b4b4aac4b7245aee6f191"},"headline":"Se presentar\u00e1 en Trenque Lauquen el 15 de Agosto el m\u00fasico y compositor Hugo Fattoruso","datePublished":"2022-07-23T04:44:32+00:00","dateModified":"2022-07-26T06:40:04+00:00","mainEntityOfPage":{"@id":"https:\/\/infoecos.com.ar\/index.php\/se-presentara-en-trenque-lauquen-el-15-de-agosto-el-musico-y-compositor-hugo-fattoruso\/"},"wordCount":214,"publisher":{"@id":"https:\/\/infoecos.com.ar\/#organization"},"image":{"@id":"https:\/\/infoecos.com.ar\/index.php\/se-presentara-en-trenque-lauquen-el-15-de-agosto-el-musico-y-compositor-hugo-fattoruso\/#primaryimage"},"thumbnailUrl":"https:\/\/infoecos.com.ar\/wp-content\/uploads\/2022\/07\/Hugo-Fattoruso.jpeg","keywords":["EN EL TEATRO ESPA\u00d1OL"],"articleSection":["Bloque inferior - 8"],"inLanguage":"es"},{"@type":"WebPage","@id":"https:\/\/infoecos.com.ar\/index.php\/se-presentara-en-trenque-lauquen-el-15-de-agosto-el-musico-y-compositor-hugo-fattoruso\/","url":"https:\/\/infoecos.com.ar\/index.php\/se-presentara-en-trenque-lauquen-el-15-de-agosto-el-musico-y-compositor-hugo-fattoruso\/","name":"Se presentar\u00e1 en Trenque Lauquen el 15 de Agosto el m\u00fasico y compositor Hugo Fattoruso - Infoecos","isPartOf":{"@id":"https:\/\/infoecos.com.ar\/#website"},"primaryImageOfPage":{"@id":"https:\/\/infoecos.com.ar\/index.php\/se-presentara-en-trenque-lauquen-el-15-de-agosto-el-musico-y-compositor-hugo-fattoruso\/#primaryimage"},"image":{"@id":"https:\/\/infoecos.com.ar\/index.php\/se-presentara-en-trenque-lauquen-el-15-de-agosto-el-musico-y-compositor-hugo-fattoruso\/#primaryimage"},"thumbnailUrl":"https:\/\/infoecos.com.ar\/wp-content\/uploads\/2022\/07\/Hugo-Fattoruso.jpeg","datePublished":"2022-07-23T04:44:32+00:00","dateModified":"2022-07-26T06:40:04+00:00","breadcrumb":{"@id":"https:\/\/infoecos.com.ar\/index.php\/se-presentara-en-trenque-lauquen-el-15-de-agosto-el-musico-y-compositor-hugo-fattoruso\/#breadcrumb"},"inLanguage":"es","potentialAction":[{"@type":"ReadAction","target":["https:\/\/infoecos.com.ar\/index.php\/se-presentara-en-trenque-lauquen-el-15-de-agosto-el-musico-y-compositor-hugo-fattoruso\/"]}]},{"@type":"ImageObject","inLanguage":"es","@id":"https:\/\/infoecos.com.ar\/index.php\/se-presentara-en-trenque-lauquen-el-15-de-agosto-el-musico-y-compositor-hugo-fattoruso\/#primaryimage","url":"https:\/\/infoecos.com.ar\/wp-content\/uploads\/2022\/07\/Hugo-Fattoruso.jpeg","contentUrl":"https:\/\/infoecos.com.ar\/wp-content\/uploads\/2022\/07\/Hugo-Fattoruso.jpeg","width":756,"height":544},{"@type":"BreadcrumbList","@id":"https:\/\/infoecos.com.ar\/index.php\/se-presentara-en-trenque-lauquen-el-15-de-agosto-el-musico-y-compositor-hugo-fattoruso\/#breadcrumb","itemListElement":[{"@type":"ListItem","position":1,"name":"Portada","item":"https:\/\/infoecos.com.ar\/"},{"@type":"ListItem","position":2,"name":"Se presentar\u00e1 en Trenque Lauquen el 15 de Agosto el m\u00fasico y compositor Hugo Fattoruso"}]},{"@type":"WebSite","@id":"https:\/\/infoecos.com.ar\/#website","url":"https:\/\/infoecos.com.ar\/","name":"Infoecos","description":"Noticias de trenque lauquen y la zona","publisher":{"@id":"https:\/\/infoecos.com.ar\/#organization"},"alternateName":"Noticias","potentialAction":[{"@type":"SearchAction","target":{"@type":"EntryPoint","urlTemplate":"https:\/\/infoecos.com.ar\/?s={search_term_string}"},"query-input":{"@type":"PropertyValueSpecification","valueRequired":true,"valueName":"search_term_string"}}],"inLanguage":"es"},{"@type":"Organization","@id":"https:\/\/infoecos.com.ar\/#organization","name":"Infoecos","alternateName":"Noticias","url":"https:\/\/infoecos.com.ar\/","logo":{"@type":"ImageObject","inLanguage":"es","@id":"https:\/\/infoecos.com.ar\/#\/schema\/logo\/image\/","url":"https:\/\/infoecos.com.ar\/wp-content\/uploads\/2024\/03\/cropped-logo.png","contentUrl":"https:\/\/infoecos.com.ar\/wp-content\/uploads\/2024\/03\/cropped-logo.png","width":374,"height":90,"caption":"Infoecos"},"image":{"@id":"https:\/\/infoecos.com.ar\/#\/schema\/logo\/image\/"},"sameAs":["https:\/\/www.facebook.com\/profile.php?id=100063200290284","https:\/\/x.com\/infoecos"]},{"@type":"Person","@id":"https:\/\/infoecos.com.ar\/#\/schema\/person\/8f5ace5ce73b4b4aac4b7245aee6f191","name":"Jorge Matheus","url":"https:\/\/infoecos.com.ar\/index.php\/author\/jomatheus\/"}]}},"featured_image_urls":{"full":["https:\/\/infoecos.com.ar\/wp-content\/uploads\/2022\/07\/Hugo-Fattoruso.jpeg",756,544,false],"thumbnail":["https:\/\/infoecos.com.ar\/wp-content\/uploads\/2022\/07\/Hugo-Fattoruso-150x150.jpeg",150,150,true],"medium":["https:\/\/infoecos.com.ar\/wp-content\/uploads\/2022\/07\/Hugo-Fattoruso-460x331.jpeg",460,331,true],"medium_large":["https:\/\/infoecos.com.ar\/wp-content\/uploads\/2022\/07\/Hugo-Fattoruso.jpeg",640,461,false],"large":["https:\/\/infoecos.com.ar\/wp-content\/uploads\/2022\/07\/Hugo-Fattoruso.jpeg",640,461,false],"1536x1536":["https:\/\/infoecos.com.ar\/wp-content\/uploads\/2022\/07\/Hugo-Fattoruso.jpeg",756,544,false],"2048x2048":["https:\/\/infoecos.com.ar\/wp-content\/uploads\/2022\/07\/Hugo-Fattoruso.jpeg",756,544,false],"covernews-slider-full":["https:\/\/infoecos.com.ar\/wp-content\/uploads\/2022\/07\/Hugo-Fattoruso.jpeg",756,544,false],"covernews-slider-center":["https:\/\/infoecos.com.ar\/wp-content\/uploads\/2022\/07\/Hugo-Fattoruso.jpeg",695,500,false],"covernews-featured":["https:\/\/infoecos.com.ar\/wp-content\/uploads\/2022\/07\/Hugo-Fattoruso.jpeg",756,544,false],"covernews-medium":["https:\/\/infoecos.com.ar\/wp-content\/uploads\/2022\/07\/Hugo-Fattoruso-720x380.jpeg",540,285,true],"covernews-medium-square":["https:\/\/infoecos.com.ar\/wp-content\/uploads\/2022\/07\/Hugo-Fattoruso-675x450.jpeg",375,250,true]},"author_info":{"info":["Jorge Matheus"]},"category_info":"<a href=\"https:\/\/infoecos.com.ar\/index.php\/category\/inferior8\/\" rel=\"category tag\">Bloque inferior - 8<\/a>","tag_info":"Bloque inferior - 8","comment_count":"0","_links":{"self":[{"href":"https:\/\/infoecos.com.ar\/index.php\/wp-json\/wp\/v2\/posts\/94891"}],"collection":[{"href":"https:\/\/infoecos.com.ar\/index.php\/wp-json\/wp\/v2\/posts"}],"about":[{"href":"https:\/\/infoecos.com.ar\/index.php\/wp-json\/wp\/v2\/types\/post"}],"author":[{"embeddable":true,"href":"https:\/\/infoecos.com.ar\/index.php\/wp-json\/wp\/v2\/users\/2"}],"replies":[{"embeddable":true,"href":"https:\/\/infoecos.com.ar\/index.php\/wp-json\/wp\/v2\/comments?post=94891"}],"version-history":[{"count":1,"href":"https:\/\/infoecos.com.ar\/index.php\/wp-json\/wp\/v2\/posts\/94891\/revisions"}],"predecessor-version":[{"id":94893,"href":"https:\/\/infoecos.com.ar\/index.php\/wp-json\/wp\/v2\/posts\/94891\/revisions\/94893"}],"wp:featuredmedia":[{"embeddable":true,"href":"https:\/\/infoecos.com.ar\/index.php\/wp-json\/wp\/v2\/media\/94892"}],"wp:attachment":[{"href":"https:\/\/infoecos.com.ar\/index.php\/wp-json\/wp\/v2\/media?parent=94891"}],"wp:term":[{"taxonomy":"category","embeddable":true,"href":"https:\/\/infoecos.com.ar\/index.php\/wp-json\/wp\/v2\/categories?post=94891"},{"taxonomy":"post_tag","embeddable":true,"href":"https:\/\/infoecos.com.ar\/index.php\/wp-json\/wp\/v2\/tags?post=94891"}],"curies":[{"name":"wp","href":"https:\/\/api.w.org\/{rel}","templated":true}]}}