{"id":94898,"date":"2022-07-23T02:18:00","date_gmt":"2022-07-23T05:18:00","guid":{"rendered":"http:\/\/infoecos.com.ar\/?p=94898"},"modified":"2022-07-24T15:39:48","modified_gmt":"2022-07-24T18:39:48","slug":"opinion-soy-ciudadano-de-trenquelauquen-pero-hijo-de-pellegrini","status":"publish","type":"post","link":"https:\/\/infoecos.com.ar\/index.php\/opinion-soy-ciudadano-de-trenquelauquen-pero-hijo-de-pellegrini\/","title":{"rendered":"\u00abSoy ciudadano de Trenque Lauquen pero hijo de Pellegrini\u00bb"},"content":{"rendered":"\n<p><code>El Pueblo donde nac\u00ed, y en el que transitan el sue\u00f1o eterno Mis Padres, a los que visit\u00e9 todos los meses - hasta el momento donde la pandemia resolvi\u00f3 pegarnos con dureza impensada - cumpli\u00f3 115 a\u00f1os.<\/code><\/p>\n\n\n\n<p><code>Cuando Pellegrini lleg\u00f3 a su Centenario era conducido por Roberto Etchegaray (fallecido muy joven en Agosto del 2006, luego de atravesar una dolorosa enfermedad) particip\u00e9 activamente de los festejos.<\/code><\/p>\n\n\n\n<p><code>En su condici\u00f3n de intendente, 'Robertito' propuso que fuera el maestro de ceremonias en esa fiesta. Acept\u00e9 con esta condici\u00f3n: no deber\u00edan pagarme. As\u00ed fue. Lo hice con la satisfacci\u00f3n de mi Madre y ausencia de mi Padre que hab\u00eda partido en el 2002.<\/code><\/p>\n\n\n\n<p><code>Solo s\u00e9 'Yo' con el regocijo que lo hice. Poseedor de m\u00e1s aceitada memoria que en estos tiempos, con ver la cara de tantas Amigas\/os propios y de la familia, era suficiente para hilvanar historias de las registradas siendo ni\u00f1o y preadolescente.<\/code><\/p>\n\n\n\n<p><code>Soy ciudadano de <a href=\"https:\/\/www.facebook.com\/hashtag\/trenquelauquen?__eep__=6&amp;__cft__[0]=AZUxRWJ0qLHdteCz9tIgLI7hbZiSn7ncPzDZEcTB8Z_vVax_cu1u5AF8CuD4oBs2-2OknBUWrL9W1yjM2gpove1uKUknUnfhju9Mmwn0gzdiwOjpClCVG8gmcT2gX-0D5VY8Pf2F-IGAQYuON99F2xLD&amp;__tn__=*NK-R\">#TrenqueLauquen<\/a> pero hijo de <a href=\"https:\/\/www.facebook.com\/hashtag\/pellegrini?__eep__=6&amp;__cft__[0]=AZUxRWJ0qLHdteCz9tIgLI7hbZiSn7ncPzDZEcTB8Z_vVax_cu1u5AF8CuD4oBs2-2OknBUWrL9W1yjM2gpove1uKUknUnfhju9Mmwn0gzdiwOjpClCVG8gmcT2gX-0D5VY8Pf2F-IGAQYuON99F2xLD&amp;__tn__=*NK-R\">#Pellegrini<\/a>. Tendr\u00eda decenas de hechos para renegar de ese origen. Ser\u00eda faltarle el respeto a los Viejos, a t\u00edos, primos y personas que Amo entra\u00f1ablemente, residentes en el lugar, si los mencionara.<\/code><\/p>\n\n\n\n<p><code>Supe de los festejos de los 115 a\u00f1os a trav\u00e9s de las redes. Un fuerte cimbronazo ha mantenido y mantiene en zona de cuidados, lo que inhibi\u00f3 participara de muchos de ellos. No suceder\u00eda lo mismo con el almuerzo del d\u00eda 20. Seguro, con los l\u00f3gicos cuidados, hubiese concurrido con mi hermano. La comida, coincidentemente con el D\u00eda del Amigo ha sido y es muy bien ponderada por mucha gente, en estas redes. No se me hizo saber del encuentro de confraternidad entre vecinos, ni siquiera considerando que soy periodista y escribo en varias aplicaciones de Internet e infoecos.com.ar.<\/code><\/p>\n\n\n\n<p><code>No estoy demandando alfombras rojas o que atronara el nombre durante \u00f3 a los postres. Estoy censurando la descortes\u00eda de ignorar que en recuerdo de mi Madre, al menos, especie femenina de \"procer\" civil, una llamada de celular o correo electr\u00f3nico que son d\u00e9cimas de segundo en el costo laboral de la burocracia del Estado Municipal, la realizaran o redactaran.<\/code><\/p>\n\n\n\n<p><code>Tengo respeto por <a href=\"https:\/\/www.facebook.com\/guillermo.pacheco.52?__cft__[0]=AZUxRWJ0qLHdteCz9tIgLI7hbZiSn7ncPzDZEcTB8Z_vVax_cu1u5AF8CuD4oBs2-2OknBUWrL9W1yjM2gpove1uKUknUnfhju9Mmwn0gzdiwOjpClCVG8gmcT2gX-0D5VY8Pf2F-IGAQYuON99F2xLD&amp;__tn__=-]K-R\">Guillermo Pacheco<\/a> (el actual Jefe Comunal), pero ello no inhibe de haberle dicho en intercambio de audios por 'wsp' en estas horas, que estoy triste, porque como escrib\u00ed soy hijo de <a href=\"https:\/\/www.facebook.com\/hashtag\/pellegrini?__eep__=6&amp;__cft__[0]=AZUxRWJ0qLHdteCz9tIgLI7hbZiSn7ncPzDZEcTB8Z_vVax_cu1u5AF8CuD4oBs2-2OknBUWrL9W1yjM2gpove1uKUknUnfhju9Mmwn0gzdiwOjpClCVG8gmcT2gX-0D5VY8Pf2F-IGAQYuON99F2xLD&amp;__tn__=*NK-R\">#Pellegrini<\/a>, m\u00e1s all\u00e1 de las circunstancias de Vida.<\/code><\/p>\n","protected":false},"excerpt":{"rendered":"<p>Cuando Pellegrini lleg\u00f3 a su Centenario era conducido por Roberto Etchegaray (fallecido muy joven en Agosto del 2006, luego de atravesar una dolorosa enfermedad) particip\u00e9 activamente de los festejos<\/p>\n","protected":false},"author":2,"featured_media":94899,"comment_status":"closed","ping_status":"open","sticky":false,"template":"","format":"standard","meta":{"footnotes":""},"categories":[41],"tags":[1875],"class_list":["post-94898","post","type-post","status-publish","format-standard","has-post-thumbnail","hentry","category-inferior2","tag-escribe-jorge-matheus"],"yoast_head":"<!-- This site is optimized with the Yoast SEO plugin v23.4 - https:\/\/yoast.com\/wordpress\/plugins\/seo\/ -->\n<title>&quot;Soy ciudadano de Trenque Lauquen pero hijo de Pellegrini&quot; - Infoecos<\/title>\n<meta name=\"robots\" content=\"index, follow, max-snippet:-1, max-image-preview:large, max-video-preview:-1\" \/>\n<link rel=\"canonical\" href=\"https:\/\/infoecos.com.ar\/index.php\/opinion-soy-ciudadano-de-trenquelauquen-pero-hijo-de-pellegrini\/\" \/>\n<meta property=\"og:locale\" content=\"es_ES\" \/>\n<meta property=\"og:type\" content=\"article\" \/>\n<meta property=\"og:title\" content=\"&quot;Soy ciudadano de Trenque Lauquen pero hijo de Pellegrini&quot; - Infoecos\" \/>\n<meta property=\"og:description\" content=\"Cuando Pellegrini lleg\u00f3 a su Centenario era conducido por Roberto Etchegaray (fallecido muy joven en Agosto del 2006, luego de atravesar una dolorosa enfermedad) particip\u00e9 activamente de los festejos\" \/>\n<meta property=\"og:url\" content=\"https:\/\/infoecos.com.ar\/index.php\/opinion-soy-ciudadano-de-trenquelauquen-pero-hijo-de-pellegrini\/\" \/>\n<meta property=\"og:site_name\" content=\"Infoecos\" \/>\n<meta property=\"article:publisher\" content=\"https:\/\/www.facebook.com\/profile.php?id=100063200290284\" \/>\n<meta property=\"article:published_time\" content=\"2022-07-23T05:18:00+00:00\" \/>\n<meta property=\"article:modified_time\" content=\"2022-07-24T18:39:48+00:00\" \/>\n<meta property=\"og:image\" content=\"https:\/\/infoecos.com.ar\/wp-content\/uploads\/2022\/07\/pellegrinianiversario.jpg\" \/>\n\t<meta property=\"og:image:width\" content=\"1280\" \/>\n\t<meta property=\"og:image:height\" content=\"854\" \/>\n\t<meta property=\"og:image:type\" content=\"image\/jpeg\" \/>\n<meta name=\"author\" content=\"Jorge Matheus\" \/>\n<meta name=\"twitter:card\" content=\"summary_large_image\" \/>\n<meta name=\"twitter:creator\" content=\"@infoecos\" \/>\n<meta name=\"twitter:site\" content=\"@infoecos\" \/>\n<meta name=\"twitter:label1\" content=\"Escrito por\" \/>\n\t<meta name=\"twitter:data1\" content=\"Jorge Matheus\" \/>\n\t<meta name=\"twitter:label2\" content=\"Tiempo de lectura\" \/>\n\t<meta name=\"twitter:data2\" content=\"2 minutos\" \/>\n<script type=\"application\/ld+json\" class=\"yoast-schema-graph\">{\"@context\":\"https:\/\/schema.org\",\"@graph\":[{\"@type\":\"Article\",\"@id\":\"https:\/\/infoecos.com.ar\/index.php\/opinion-soy-ciudadano-de-trenquelauquen-pero-hijo-de-pellegrini\/#article\",\"isPartOf\":{\"@id\":\"https:\/\/infoecos.com.ar\/index.php\/opinion-soy-ciudadano-de-trenquelauquen-pero-hijo-de-pellegrini\/\"},\"author\":{\"name\":\"Jorge Matheus\",\"@id\":\"https:\/\/infoecos.com.ar\/#\/schema\/person\/8f5ace5ce73b4b4aac4b7245aee6f191\"},\"headline\":\"\u00abSoy ciudadano de Trenque Lauquen pero hijo de Pellegrini\u00bb\",\"datePublished\":\"2022-07-23T05:18:00+00:00\",\"dateModified\":\"2022-07-24T18:39:48+00:00\",\"mainEntityOfPage\":{\"@id\":\"https:\/\/infoecos.com.ar\/index.php\/opinion-soy-ciudadano-de-trenquelauquen-pero-hijo-de-pellegrini\/\"},\"wordCount\":9,\"publisher\":{\"@id\":\"https:\/\/infoecos.com.ar\/#organization\"},\"image\":{\"@id\":\"https:\/\/infoecos.com.ar\/index.php\/opinion-soy-ciudadano-de-trenquelauquen-pero-hijo-de-pellegrini\/#primaryimage\"},\"thumbnailUrl\":\"https:\/\/infoecos.com.ar\/wp-content\/uploads\/2022\/07\/pellegrinianiversario.jpg\",\"keywords\":[\"ESCRIBE: JORGE MATHEUS\"],\"articleSection\":[\"Bloque inferior - 2\"],\"inLanguage\":\"es\"},{\"@type\":\"WebPage\",\"@id\":\"https:\/\/infoecos.com.ar\/index.php\/opinion-soy-ciudadano-de-trenquelauquen-pero-hijo-de-pellegrini\/\",\"url\":\"https:\/\/infoecos.com.ar\/index.php\/opinion-soy-ciudadano-de-trenquelauquen-pero-hijo-de-pellegrini\/\",\"name\":\"\\\"Soy ciudadano de Trenque Lauquen pero hijo de Pellegrini\\\" - Infoecos\",\"isPartOf\":{\"@id\":\"https:\/\/infoecos.com.ar\/#website\"},\"primaryImageOfPage\":{\"@id\":\"https:\/\/infoecos.com.ar\/index.php\/opinion-soy-ciudadano-de-trenquelauquen-pero-hijo-de-pellegrini\/#primaryimage\"},\"image\":{\"@id\":\"https:\/\/infoecos.com.ar\/index.php\/opinion-soy-ciudadano-de-trenquelauquen-pero-hijo-de-pellegrini\/#primaryimage\"},\"thumbnailUrl\":\"https:\/\/infoecos.com.ar\/wp-content\/uploads\/2022\/07\/pellegrinianiversario.jpg\",\"datePublished\":\"2022-07-23T05:18:00+00:00\",\"dateModified\":\"2022-07-24T18:39:48+00:00\",\"breadcrumb\":{\"@id\":\"https:\/\/infoecos.com.ar\/index.php\/opinion-soy-ciudadano-de-trenquelauquen-pero-hijo-de-pellegrini\/#breadcrumb\"},\"inLanguage\":\"es\",\"potentialAction\":[{\"@type\":\"ReadAction\",\"target\":[\"https:\/\/infoecos.com.ar\/index.php\/opinion-soy-ciudadano-de-trenquelauquen-pero-hijo-de-pellegrini\/\"]}]},{\"@type\":\"ImageObject\",\"inLanguage\":\"es\",\"@id\":\"https:\/\/infoecos.com.ar\/index.php\/opinion-soy-ciudadano-de-trenquelauquen-pero-hijo-de-pellegrini\/#primaryimage\",\"url\":\"https:\/\/infoecos.com.ar\/wp-content\/uploads\/2022\/07\/pellegrinianiversario.jpg\",\"contentUrl\":\"https:\/\/infoecos.com.ar\/wp-content\/uploads\/2022\/07\/pellegrinianiversario.jpg\",\"width\":1280,\"height\":854},{\"@type\":\"BreadcrumbList\",\"@id\":\"https:\/\/infoecos.com.ar\/index.php\/opinion-soy-ciudadano-de-trenquelauquen-pero-hijo-de-pellegrini\/#breadcrumb\",\"itemListElement\":[{\"@type\":\"ListItem\",\"position\":1,\"name\":\"Portada\",\"item\":\"https:\/\/infoecos.com.ar\/\"},{\"@type\":\"ListItem\",\"position\":2,\"name\":\"\u00abSoy ciudadano de Trenque Lauquen pero hijo de Pellegrini\u00bb\"}]},{\"@type\":\"WebSite\",\"@id\":\"https:\/\/infoecos.com.ar\/#website\",\"url\":\"https:\/\/infoecos.com.ar\/\",\"name\":\"Infoecos\",\"description\":\"Noticias de trenque lauquen y la zona\",\"publisher\":{\"@id\":\"https:\/\/infoecos.com.ar\/#organization\"},\"alternateName\":\"Noticias\",\"potentialAction\":[{\"@type\":\"SearchAction\",\"target\":{\"@type\":\"EntryPoint\",\"urlTemplate\":\"https:\/\/infoecos.com.ar\/?s={search_term_string}\"},\"query-input\":{\"@type\":\"PropertyValueSpecification\",\"valueRequired\":true,\"valueName\":\"search_term_string\"}}],\"inLanguage\":\"es\"},{\"@type\":\"Organization\",\"@id\":\"https:\/\/infoecos.com.ar\/#organization\",\"name\":\"Infoecos\",\"alternateName\":\"Noticias\",\"url\":\"https:\/\/infoecos.com.ar\/\",\"logo\":{\"@type\":\"ImageObject\",\"inLanguage\":\"es\",\"@id\":\"https:\/\/infoecos.com.ar\/#\/schema\/logo\/image\/\",\"url\":\"https:\/\/infoecos.com.ar\/wp-content\/uploads\/2024\/03\/cropped-logo.png\",\"contentUrl\":\"https:\/\/infoecos.com.ar\/wp-content\/uploads\/2024\/03\/cropped-logo.png\",\"width\":374,\"height\":90,\"caption\":\"Infoecos\"},\"image\":{\"@id\":\"https:\/\/infoecos.com.ar\/#\/schema\/logo\/image\/\"},\"sameAs\":[\"https:\/\/www.facebook.com\/profile.php?id=100063200290284\",\"https:\/\/x.com\/infoecos\"]},{\"@type\":\"Person\",\"@id\":\"https:\/\/infoecos.com.ar\/#\/schema\/person\/8f5ace5ce73b4b4aac4b7245aee6f191\",\"name\":\"Jorge Matheus\",\"url\":\"https:\/\/infoecos.com.ar\/index.php\/author\/jomatheus\/\"}]}<\/script>\n<!-- \/ Yoast SEO plugin. -->","yoast_head_json":{"title":"\"Soy ciudadano de Trenque Lauquen pero hijo de Pellegrini\" - Infoecos","robots":{"index":"index","follow":"follow","max-snippet":"max-snippet:-1","max-image-preview":"max-image-preview:large","max-video-preview":"max-video-preview:-1"},"canonical":"https:\/\/infoecos.com.ar\/index.php\/opinion-soy-ciudadano-de-trenquelauquen-pero-hijo-de-pellegrini\/","og_locale":"es_ES","og_type":"article","og_title":"\"Soy ciudadano de Trenque Lauquen pero hijo de Pellegrini\" - Infoecos","og_description":"Cuando Pellegrini lleg\u00f3 a su Centenario era conducido por Roberto Etchegaray (fallecido muy joven en Agosto del 2006, luego de atravesar una dolorosa enfermedad) particip\u00e9 activamente de los festejos","og_url":"https:\/\/infoecos.com.ar\/index.php\/opinion-soy-ciudadano-de-trenquelauquen-pero-hijo-de-pellegrini\/","og_site_name":"Infoecos","article_publisher":"https:\/\/www.facebook.com\/profile.php?id=100063200290284","article_published_time":"2022-07-23T05:18:00+00:00","article_modified_time":"2022-07-24T18:39:48+00:00","og_image":[{"width":1280,"height":854,"url":"https:\/\/infoecos.com.ar\/wp-content\/uploads\/2022\/07\/pellegrinianiversario.jpg","type":"image\/jpeg"}],"author":"Jorge Matheus","twitter_card":"summary_large_image","twitter_creator":"@infoecos","twitter_site":"@infoecos","twitter_misc":{"Escrito por":"Jorge Matheus","Tiempo de lectura":"2 minutos"},"schema":{"@context":"https:\/\/schema.org","@graph":[{"@type":"Article","@id":"https:\/\/infoecos.com.ar\/index.php\/opinion-soy-ciudadano-de-trenquelauquen-pero-hijo-de-pellegrini\/#article","isPartOf":{"@id":"https:\/\/infoecos.com.ar\/index.php\/opinion-soy-ciudadano-de-trenquelauquen-pero-hijo-de-pellegrini\/"},"author":{"name":"Jorge Matheus","@id":"https:\/\/infoecos.com.ar\/#\/schema\/person\/8f5ace5ce73b4b4aac4b7245aee6f191"},"headline":"\u00abSoy ciudadano de Trenque Lauquen pero hijo de Pellegrini\u00bb","datePublished":"2022-07-23T05:18:00+00:00","dateModified":"2022-07-24T18:39:48+00:00","mainEntityOfPage":{"@id":"https:\/\/infoecos.com.ar\/index.php\/opinion-soy-ciudadano-de-trenquelauquen-pero-hijo-de-pellegrini\/"},"wordCount":9,"publisher":{"@id":"https:\/\/infoecos.com.ar\/#organization"},"image":{"@id":"https:\/\/infoecos.com.ar\/index.php\/opinion-soy-ciudadano-de-trenquelauquen-pero-hijo-de-pellegrini\/#primaryimage"},"thumbnailUrl":"https:\/\/infoecos.com.ar\/wp-content\/uploads\/2022\/07\/pellegrinianiversario.jpg","keywords":["ESCRIBE: JORGE MATHEUS"],"articleSection":["Bloque inferior - 2"],"inLanguage":"es"},{"@type":"WebPage","@id":"https:\/\/infoecos.com.ar\/index.php\/opinion-soy-ciudadano-de-trenquelauquen-pero-hijo-de-pellegrini\/","url":"https:\/\/infoecos.com.ar\/index.php\/opinion-soy-ciudadano-de-trenquelauquen-pero-hijo-de-pellegrini\/","name":"\"Soy ciudadano de Trenque Lauquen pero hijo de Pellegrini\" - Infoecos","isPartOf":{"@id":"https:\/\/infoecos.com.ar\/#website"},"primaryImageOfPage":{"@id":"https:\/\/infoecos.com.ar\/index.php\/opinion-soy-ciudadano-de-trenquelauquen-pero-hijo-de-pellegrini\/#primaryimage"},"image":{"@id":"https:\/\/infoecos.com.ar\/index.php\/opinion-soy-ciudadano-de-trenquelauquen-pero-hijo-de-pellegrini\/#primaryimage"},"thumbnailUrl":"https:\/\/infoecos.com.ar\/wp-content\/uploads\/2022\/07\/pellegrinianiversario.jpg","datePublished":"2022-07-23T05:18:00+00:00","dateModified":"2022-07-24T18:39:48+00:00","breadcrumb":{"@id":"https:\/\/infoecos.com.ar\/index.php\/opinion-soy-ciudadano-de-trenquelauquen-pero-hijo-de-pellegrini\/#breadcrumb"},"inLanguage":"es","potentialAction":[{"@type":"ReadAction","target":["https:\/\/infoecos.com.ar\/index.php\/opinion-soy-ciudadano-de-trenquelauquen-pero-hijo-de-pellegrini\/"]}]},{"@type":"ImageObject","inLanguage":"es","@id":"https:\/\/infoecos.com.ar\/index.php\/opinion-soy-ciudadano-de-trenquelauquen-pero-hijo-de-pellegrini\/#primaryimage","url":"https:\/\/infoecos.com.ar\/wp-content\/uploads\/2022\/07\/pellegrinianiversario.jpg","contentUrl":"https:\/\/infoecos.com.ar\/wp-content\/uploads\/2022\/07\/pellegrinianiversario.jpg","width":1280,"height":854},{"@type":"BreadcrumbList","@id":"https:\/\/infoecos.com.ar\/index.php\/opinion-soy-ciudadano-de-trenquelauquen-pero-hijo-de-pellegrini\/#breadcrumb","itemListElement":[{"@type":"ListItem","position":1,"name":"Portada","item":"https:\/\/infoecos.com.ar\/"},{"@type":"ListItem","position":2,"name":"\u00abSoy ciudadano de Trenque Lauquen pero hijo de Pellegrini\u00bb"}]},{"@type":"WebSite","@id":"https:\/\/infoecos.com.ar\/#website","url":"https:\/\/infoecos.com.ar\/","name":"Infoecos","description":"Noticias de trenque lauquen y la zona","publisher":{"@id":"https:\/\/infoecos.com.ar\/#organization"},"alternateName":"Noticias","potentialAction":[{"@type":"SearchAction","target":{"@type":"EntryPoint","urlTemplate":"https:\/\/infoecos.com.ar\/?s={search_term_string}"},"query-input":{"@type":"PropertyValueSpecification","valueRequired":true,"valueName":"search_term_string"}}],"inLanguage":"es"},{"@type":"Organization","@id":"https:\/\/infoecos.com.ar\/#organization","name":"Infoecos","alternateName":"Noticias","url":"https:\/\/infoecos.com.ar\/","logo":{"@type":"ImageObject","inLanguage":"es","@id":"https:\/\/infoecos.com.ar\/#\/schema\/logo\/image\/","url":"https:\/\/infoecos.com.ar\/wp-content\/uploads\/2024\/03\/cropped-logo.png","contentUrl":"https:\/\/infoecos.com.ar\/wp-content\/uploads\/2024\/03\/cropped-logo.png","width":374,"height":90,"caption":"Infoecos"},"image":{"@id":"https:\/\/infoecos.com.ar\/#\/schema\/logo\/image\/"},"sameAs":["https:\/\/www.facebook.com\/profile.php?id=100063200290284","https:\/\/x.com\/infoecos"]},{"@type":"Person","@id":"https:\/\/infoecos.com.ar\/#\/schema\/person\/8f5ace5ce73b4b4aac4b7245aee6f191","name":"Jorge Matheus","url":"https:\/\/infoecos.com.ar\/index.php\/author\/jomatheus\/"}]}},"featured_image_urls":{"full":["https:\/\/infoecos.com.ar\/wp-content\/uploads\/2022\/07\/pellegrinianiversario.jpg",1280,854,false],"thumbnail":["https:\/\/infoecos.com.ar\/wp-content\/uploads\/2022\/07\/pellegrinianiversario-150x150.jpg",150,150,true],"medium":["https:\/\/infoecos.com.ar\/wp-content\/uploads\/2022\/07\/pellegrinianiversario-460x307.jpg",460,307,true],"medium_large":["https:\/\/infoecos.com.ar\/wp-content\/uploads\/2022\/07\/pellegrinianiversario-768x512.jpg",640,427,true],"large":["https:\/\/infoecos.com.ar\/wp-content\/uploads\/2022\/07\/pellegrinianiversario-920x614.jpg",640,427,true],"1536x1536":["https:\/\/infoecos.com.ar\/wp-content\/uploads\/2022\/07\/pellegrinianiversario.jpg",1280,854,false],"2048x2048":["https:\/\/infoecos.com.ar\/wp-content\/uploads\/2022\/07\/pellegrinianiversario.jpg",1280,854,false],"covernews-slider-full":["https:\/\/infoecos.com.ar\/wp-content\/uploads\/2022\/07\/pellegrinianiversario.jpg",1072,715,false],"covernews-slider-center":["https:\/\/infoecos.com.ar\/wp-content\/uploads\/2022\/07\/pellegrinianiversario-936x854.jpg",548,500,true],"covernews-featured":["https:\/\/infoecos.com.ar\/wp-content\/uploads\/2022\/07\/pellegrinianiversario-1024x683.jpg",1024,683,true],"covernews-medium":["https:\/\/infoecos.com.ar\/wp-content\/uploads\/2022\/07\/pellegrinianiversario-720x380.jpg",540,285,true],"covernews-medium-square":["https:\/\/infoecos.com.ar\/wp-content\/uploads\/2022\/07\/pellegrinianiversario-675x450.jpg",375,250,true]},"author_info":{"info":["Jorge Matheus"]},"category_info":"<a href=\"https:\/\/infoecos.com.ar\/index.php\/category\/inferior2\/\" rel=\"category tag\">Bloque inferior - 2<\/a>","tag_info":"Bloque inferior - 2","comment_count":"0","_links":{"self":[{"href":"https:\/\/infoecos.com.ar\/index.php\/wp-json\/wp\/v2\/posts\/94898"}],"collection":[{"href":"https:\/\/infoecos.com.ar\/index.php\/wp-json\/wp\/v2\/posts"}],"about":[{"href":"https:\/\/infoecos.com.ar\/index.php\/wp-json\/wp\/v2\/types\/post"}],"author":[{"embeddable":true,"href":"https:\/\/infoecos.com.ar\/index.php\/wp-json\/wp\/v2\/users\/2"}],"replies":[{"embeddable":true,"href":"https:\/\/infoecos.com.ar\/index.php\/wp-json\/wp\/v2\/comments?post=94898"}],"version-history":[{"count":3,"href":"https:\/\/infoecos.com.ar\/index.php\/wp-json\/wp\/v2\/posts\/94898\/revisions"}],"predecessor-version":[{"id":94902,"href":"https:\/\/infoecos.com.ar\/index.php\/wp-json\/wp\/v2\/posts\/94898\/revisions\/94902"}],"wp:featuredmedia":[{"embeddable":true,"href":"https:\/\/infoecos.com.ar\/index.php\/wp-json\/wp\/v2\/media\/94899"}],"wp:attachment":[{"href":"https:\/\/infoecos.com.ar\/index.php\/wp-json\/wp\/v2\/media?parent=94898"}],"wp:term":[{"taxonomy":"category","embeddable":true,"href":"https:\/\/infoecos.com.ar\/index.php\/wp-json\/wp\/v2\/categories?post=94898"},{"taxonomy":"post_tag","embeddable":true,"href":"https:\/\/infoecos.com.ar\/index.php\/wp-json\/wp\/v2\/tags?post=94898"}],"curies":[{"name":"wp","href":"https:\/\/api.w.org\/{rel}","templated":true}]}}