{"id":94908,"date":"2022-07-24T03:00:03","date_gmt":"2022-07-24T06:00:03","guid":{"rendered":"http:\/\/infoecos.com.ar\/?p=94908"},"modified":"2022-07-26T03:42:35","modified_gmt":"2022-07-26T06:42:35","slug":"valentin-miranda-en-general-villegas-el-aporte-de-los-apicultores-para-la-redaccion-de-la-ley-es-fundamental","status":"publish","type":"post","link":"https:\/\/infoecos.com.ar\/index.php\/valentin-miranda-en-general-villegas-el-aporte-de-los-apicultores-para-la-redaccion-de-la-ley-es-fundamental\/","title":{"rendered":"Valent\u00edn Miranda en General Villegas: \u00abel aporte de los apicultores para la redacci\u00f3n de la ley es fundamental\u00bb"},"content":{"rendered":"\n<p>En el contexto de una visita que realiz\u00f3 a General Villegas para reunirse con dirigentes de Juntos por el Cambio y productores ap\u00edcolas para abordar su proyecto de Ley de Apicultura, el diputado provincial de la 4\u00b0 Secci\u00f3n Electoral, Valent\u00edn Miranda fue entrevistado por nuestros colegas de Diario Actualidad. <\/p>\n\n\n\n<figure class=\"wp-block-image alignright size-full is-resized\"><img loading=\"lazy\" decoding=\"async\" src=\"http:\/\/infoecos.com.ar\/wp-content\/uploads\/2022\/07\/mirandavalentinvillegas.jpg\" alt=\"\" class=\"wp-image-94909\" width=\"413\" height=\"171\" srcset=\"https:\/\/infoecos.com.ar\/wp-content\/uploads\/2022\/07\/mirandavalentinvillegas.jpg 800w, https:\/\/infoecos.com.ar\/wp-content\/uploads\/2022\/07\/mirandavalentinvillegas-460x190.jpg 460w, https:\/\/infoecos.com.ar\/wp-content\/uploads\/2022\/07\/mirandavalentinvillegas-768x318.jpg 768w\" sizes=\"(max-width: 413px) 100vw, 413px\" \/><\/figure>\n\n\n\n<p>Fue interrogado en torno al Consejo de la Magistratura para el que fue designado d\u00edas pasados, se\u00f1alando que <strong><em>\u00abpara todos los abogados y que tenemos relaci\u00f3n con justicia, queremos aportar nuestro granito de arena y tener la posibilidad de integrar un \u00f3rgano como el Consejo de la Magistratura\u00bb<\/em><\/strong>, sobre todo, resalt\u00f3 <strong><em>\u00aben una situaci\u00f3n delicada como la que est\u00e1 pasando la justicia en t\u00e9rminos generales, con una importante cantidad de vacantes en la provincia, con casi 600 cargos sin cubrir<\/em><\/strong>.<strong><em> Esto provoca que la justicia sea m\u00e1s lenta y menos efectiva por lo que, desde el Consejo de la Magistratura hay mucho por hacer de avanzar en esta cobertura de vacantes, para que puedan llevar adelante los casos y pueden hacer una justicia m\u00e1s eficiente y cercana a los vecinos.\u00bb<\/em><\/strong><\/p>\n\n\n\n<p>Miranda agreg\u00f3 adem\u00e1s que al ser de Trenque Lauquen <strong><em>\u00abcompartimos el mismo Departamento Judicial de Villegas, estamos siempre en contacto, tratando siempre de colaborar y ponerme a disposici\u00f3n, ahora con este desaf\u00edo de integrar el Consejo\u00bb<\/em><\/strong>.<\/p>\n\n\n\n<p><strong><em>\u00abEn momentos dif\u00edciles como los que estamos viviendo, la tarea de todos los que tenemos una representaci\u00f3n es \u00e9sa: tratar de acompa\u00f1ar, de solucionar algunos conflictos y aun, cuando no se pueden solucionar determinadas cuestiones, poner la cara y escuchar\u00bb<\/em><\/strong>, respondi\u00f3 cuando se lo consult\u00f3 en torno a sus visitas a General Villegas y sus encuentros con la dirigencia pol\u00edtica de ese distrito. <\/p>\n\n\n\n<figure class=\"wp-block-image aligncenter size-full\"><img loading=\"lazy\" decoding=\"async\" width=\"800\" height=\"378\" src=\"http:\/\/infoecos.com.ar\/wp-content\/uploads\/2022\/07\/mirandavalentinmiel.jpg\" alt=\"\" class=\"wp-image-94910\" srcset=\"https:\/\/infoecos.com.ar\/wp-content\/uploads\/2022\/07\/mirandavalentinmiel.jpg 800w, https:\/\/infoecos.com.ar\/wp-content\/uploads\/2022\/07\/mirandavalentinmiel-460x217.jpg 460w, https:\/\/infoecos.com.ar\/wp-content\/uploads\/2022\/07\/mirandavalentinmiel-768x363.jpg 768w\" sizes=\"(max-width: 800px) 100vw, 800px\" \/><\/figure>\n\n\n\n<p>Con relaci\u00f3n a su proyecto sobre la Apicultura y al que se refiri\u00f3 en una charla que brind\u00f3 en el Club Eclipse manifest\u00f3 que <strong><em>\u00abes una actividad importante en el interior provincial, genera empleo, genera divisas, pero adem\u00e1s tiene un rol muy importante que tiene que ver con la cadena como agente polinizador, el valor de la conservaci\u00f3n de la biodiversidad, el cuidado del medio ambiente y de la alimentaci\u00f3n\u00bb<\/em><\/strong>.<\/p>\n\n\n\n<p>Destac\u00f3 que <em><strong>\u00abel aporte de los apicultores para la redacci\u00f3n de esta ley es fundamental y que se va enriqueciendo a trav\u00e9s del recorrido por la regi\u00f3n, para mejorar el proyecto y poniendo el tema en la agenda pol\u00edtica<\/strong>\u00ab<\/em>.<\/p>\n\n\n\n<figure class=\"wp-block-image aligncenter size-full\"><img loading=\"lazy\" decoding=\"async\" width=\"800\" height=\"378\" src=\"http:\/\/infoecos.com.ar\/wp-content\/uploads\/2022\/07\/mirandavalentinmiel2.jpg\" alt=\"\" class=\"wp-image-94911\" srcset=\"https:\/\/infoecos.com.ar\/wp-content\/uploads\/2022\/07\/mirandavalentinmiel2.jpg 800w, https:\/\/infoecos.com.ar\/wp-content\/uploads\/2022\/07\/mirandavalentinmiel2-460x217.jpg 460w, https:\/\/infoecos.com.ar\/wp-content\/uploads\/2022\/07\/mirandavalentinmiel2-768x363.jpg 768w\" sizes=\"(max-width: 800px) 100vw, 800px\" \/><\/figure>\n\n\n\n<p>El legislador habl\u00f3 tambi\u00e9n de la necesidad de generar incentivos para la producci\u00f3n, teniendo en cuenta que <strong><em>\u00abArgentina est\u00e1 entre los primeros cuatro mayores productores y exportadores del mundo, debido a que la calidad de la miel es muy buena\u00bb<\/em><\/strong>.<\/p>\n\n\n\n<p><strong>Fuente y Fotos: diarioactualidad.com (General Villegas)<\/strong><\/p>\n","protected":false},"excerpt":{"rendered":"<p>Fue interrogado en torno al Consejo de la Magistratura para el que fue designado d\u00edas pasados, se\u00f1alando que \u00abpara todos los abogados y que tenemos relaci\u00f3n con justicia, queremos aportar nuestro granito de arena y tener la posibilidad de integrar un \u00f3rgano como el Consejo de la Magistratura\u00bb<\/p>\n","protected":false},"author":2,"featured_media":94910,"comment_status":"closed","ping_status":"open","sticky":false,"template":"","format":"standard","meta":{"footnotes":""},"categories":[1332],"tags":[6371],"class_list":["post-94908","post","type-post","status-publish","format-standard","has-post-thumbnail","hentry","category-inferior12","tag-no-se-detiene"],"yoast_head":"<!-- This site is optimized with the Yoast SEO plugin v23.4 - https:\/\/yoast.com\/wordpress\/plugins\/seo\/ -->\n<title>Valent\u00edn Miranda en General Villegas: &quot;el aporte de los apicultores para la redacci\u00f3n de la ley es fundamental&quot; - Infoecos<\/title>\n<meta name=\"robots\" content=\"index, follow, max-snippet:-1, max-image-preview:large, max-video-preview:-1\" \/>\n<link rel=\"canonical\" href=\"https:\/\/infoecos.com.ar\/index.php\/valentin-miranda-en-general-villegas-el-aporte-de-los-apicultores-para-la-redaccion-de-la-ley-es-fundamental\/\" \/>\n<meta property=\"og:locale\" content=\"es_ES\" \/>\n<meta property=\"og:type\" content=\"article\" \/>\n<meta property=\"og:title\" content=\"Valent\u00edn Miranda en General Villegas: &quot;el aporte de los apicultores para la redacci\u00f3n de la ley es fundamental&quot; - Infoecos\" \/>\n<meta property=\"og:description\" content=\"Fue interrogado en torno al Consejo de la Magistratura para el que fue designado d\u00edas pasados, se\u00f1alando que \u00abpara todos los abogados y que tenemos relaci\u00f3n con justicia, queremos aportar nuestro granito de arena y tener la posibilidad de integrar un \u00f3rgano como el Consejo de la Magistratura\u00bb\" \/>\n<meta property=\"og:url\" content=\"https:\/\/infoecos.com.ar\/index.php\/valentin-miranda-en-general-villegas-el-aporte-de-los-apicultores-para-la-redaccion-de-la-ley-es-fundamental\/\" \/>\n<meta property=\"og:site_name\" content=\"Infoecos\" \/>\n<meta property=\"article:publisher\" content=\"https:\/\/www.facebook.com\/profile.php?id=100063200290284\" \/>\n<meta property=\"article:published_time\" content=\"2022-07-24T06:00:03+00:00\" \/>\n<meta property=\"article:modified_time\" content=\"2022-07-26T06:42:35+00:00\" \/>\n<meta property=\"og:image\" content=\"https:\/\/infoecos.com.ar\/wp-content\/uploads\/2022\/07\/mirandavalentinmiel.jpg\" \/>\n\t<meta property=\"og:image:width\" content=\"800\" \/>\n\t<meta property=\"og:image:height\" content=\"378\" \/>\n\t<meta property=\"og:image:type\" content=\"image\/jpeg\" \/>\n<meta name=\"author\" content=\"Jorge Matheus\" \/>\n<meta name=\"twitter:card\" content=\"summary_large_image\" \/>\n<meta name=\"twitter:creator\" content=\"@infoecos\" \/>\n<meta name=\"twitter:site\" content=\"@infoecos\" \/>\n<meta name=\"twitter:label1\" content=\"Escrito por\" \/>\n\t<meta name=\"twitter:data1\" content=\"Jorge Matheus\" \/>\n\t<meta name=\"twitter:label2\" content=\"Tiempo de lectura\" \/>\n\t<meta name=\"twitter:data2\" content=\"2 minutos\" \/>\n<script type=\"application\/ld+json\" class=\"yoast-schema-graph\">{\"@context\":\"https:\/\/schema.org\",\"@graph\":[{\"@type\":\"Article\",\"@id\":\"https:\/\/infoecos.com.ar\/index.php\/valentin-miranda-en-general-villegas-el-aporte-de-los-apicultores-para-la-redaccion-de-la-ley-es-fundamental\/#article\",\"isPartOf\":{\"@id\":\"https:\/\/infoecos.com.ar\/index.php\/valentin-miranda-en-general-villegas-el-aporte-de-los-apicultores-para-la-redaccion-de-la-ley-es-fundamental\/\"},\"author\":{\"name\":\"Jorge Matheus\",\"@id\":\"https:\/\/infoecos.com.ar\/#\/schema\/person\/8f5ace5ce73b4b4aac4b7245aee6f191\"},\"headline\":\"Valent\u00edn Miranda en General Villegas: \u00abel aporte de los apicultores para la redacci\u00f3n de la ley es fundamental\u00bb\",\"datePublished\":\"2022-07-24T06:00:03+00:00\",\"dateModified\":\"2022-07-26T06:42:35+00:00\",\"mainEntityOfPage\":{\"@id\":\"https:\/\/infoecos.com.ar\/index.php\/valentin-miranda-en-general-villegas-el-aporte-de-los-apicultores-para-la-redaccion-de-la-ley-es-fundamental\/\"},\"wordCount\":479,\"publisher\":{\"@id\":\"https:\/\/infoecos.com.ar\/#organization\"},\"image\":{\"@id\":\"https:\/\/infoecos.com.ar\/index.php\/valentin-miranda-en-general-villegas-el-aporte-de-los-apicultores-para-la-redaccion-de-la-ley-es-fundamental\/#primaryimage\"},\"thumbnailUrl\":\"https:\/\/infoecos.com.ar\/wp-content\/uploads\/2022\/07\/mirandavalentinmiel.jpg\",\"keywords\":[\"NO SE DETIENE\"],\"articleSection\":[\"Bloque inferior - 12\"],\"inLanguage\":\"es\"},{\"@type\":\"WebPage\",\"@id\":\"https:\/\/infoecos.com.ar\/index.php\/valentin-miranda-en-general-villegas-el-aporte-de-los-apicultores-para-la-redaccion-de-la-ley-es-fundamental\/\",\"url\":\"https:\/\/infoecos.com.ar\/index.php\/valentin-miranda-en-general-villegas-el-aporte-de-los-apicultores-para-la-redaccion-de-la-ley-es-fundamental\/\",\"name\":\"Valent\u00edn Miranda en General Villegas: \\\"el aporte de los apicultores para la redacci\u00f3n de la ley es fundamental\\\" - Infoecos\",\"isPartOf\":{\"@id\":\"https:\/\/infoecos.com.ar\/#website\"},\"primaryImageOfPage\":{\"@id\":\"https:\/\/infoecos.com.ar\/index.php\/valentin-miranda-en-general-villegas-el-aporte-de-los-apicultores-para-la-redaccion-de-la-ley-es-fundamental\/#primaryimage\"},\"image\":{\"@id\":\"https:\/\/infoecos.com.ar\/index.php\/valentin-miranda-en-general-villegas-el-aporte-de-los-apicultores-para-la-redaccion-de-la-ley-es-fundamental\/#primaryimage\"},\"thumbnailUrl\":\"https:\/\/infoecos.com.ar\/wp-content\/uploads\/2022\/07\/mirandavalentinmiel.jpg\",\"datePublished\":\"2022-07-24T06:00:03+00:00\",\"dateModified\":\"2022-07-26T06:42:35+00:00\",\"breadcrumb\":{\"@id\":\"https:\/\/infoecos.com.ar\/index.php\/valentin-miranda-en-general-villegas-el-aporte-de-los-apicultores-para-la-redaccion-de-la-ley-es-fundamental\/#breadcrumb\"},\"inLanguage\":\"es\",\"potentialAction\":[{\"@type\":\"ReadAction\",\"target\":[\"https:\/\/infoecos.com.ar\/index.php\/valentin-miranda-en-general-villegas-el-aporte-de-los-apicultores-para-la-redaccion-de-la-ley-es-fundamental\/\"]}]},{\"@type\":\"ImageObject\",\"inLanguage\":\"es\",\"@id\":\"https:\/\/infoecos.com.ar\/index.php\/valentin-miranda-en-general-villegas-el-aporte-de-los-apicultores-para-la-redaccion-de-la-ley-es-fundamental\/#primaryimage\",\"url\":\"https:\/\/infoecos.com.ar\/wp-content\/uploads\/2022\/07\/mirandavalentinmiel.jpg\",\"contentUrl\":\"https:\/\/infoecos.com.ar\/wp-content\/uploads\/2022\/07\/mirandavalentinmiel.jpg\",\"width\":800,\"height\":378},{\"@type\":\"BreadcrumbList\",\"@id\":\"https:\/\/infoecos.com.ar\/index.php\/valentin-miranda-en-general-villegas-el-aporte-de-los-apicultores-para-la-redaccion-de-la-ley-es-fundamental\/#breadcrumb\",\"itemListElement\":[{\"@type\":\"ListItem\",\"position\":1,\"name\":\"Portada\",\"item\":\"https:\/\/infoecos.com.ar\/\"},{\"@type\":\"ListItem\",\"position\":2,\"name\":\"Valent\u00edn Miranda en General Villegas: \u00abel aporte de los apicultores para la redacci\u00f3n de la ley es fundamental\u00bb\"}]},{\"@type\":\"WebSite\",\"@id\":\"https:\/\/infoecos.com.ar\/#website\",\"url\":\"https:\/\/infoecos.com.ar\/\",\"name\":\"Infoecos\",\"description\":\"Noticias de trenque lauquen y la zona\",\"publisher\":{\"@id\":\"https:\/\/infoecos.com.ar\/#organization\"},\"alternateName\":\"Noticias\",\"potentialAction\":[{\"@type\":\"SearchAction\",\"target\":{\"@type\":\"EntryPoint\",\"urlTemplate\":\"https:\/\/infoecos.com.ar\/?s={search_term_string}\"},\"query-input\":{\"@type\":\"PropertyValueSpecification\",\"valueRequired\":true,\"valueName\":\"search_term_string\"}}],\"inLanguage\":\"es\"},{\"@type\":\"Organization\",\"@id\":\"https:\/\/infoecos.com.ar\/#organization\",\"name\":\"Infoecos\",\"alternateName\":\"Noticias\",\"url\":\"https:\/\/infoecos.com.ar\/\",\"logo\":{\"@type\":\"ImageObject\",\"inLanguage\":\"es\",\"@id\":\"https:\/\/infoecos.com.ar\/#\/schema\/logo\/image\/\",\"url\":\"https:\/\/infoecos.com.ar\/wp-content\/uploads\/2024\/03\/cropped-logo.png\",\"contentUrl\":\"https:\/\/infoecos.com.ar\/wp-content\/uploads\/2024\/03\/cropped-logo.png\",\"width\":374,\"height\":90,\"caption\":\"Infoecos\"},\"image\":{\"@id\":\"https:\/\/infoecos.com.ar\/#\/schema\/logo\/image\/\"},\"sameAs\":[\"https:\/\/www.facebook.com\/profile.php?id=100063200290284\",\"https:\/\/x.com\/infoecos\"]},{\"@type\":\"Person\",\"@id\":\"https:\/\/infoecos.com.ar\/#\/schema\/person\/8f5ace5ce73b4b4aac4b7245aee6f191\",\"name\":\"Jorge Matheus\",\"url\":\"https:\/\/infoecos.com.ar\/index.php\/author\/jomatheus\/\"}]}<\/script>\n<!-- \/ Yoast SEO plugin. -->","yoast_head_json":{"title":"Valent\u00edn Miranda en General Villegas: \"el aporte de los apicultores para la redacci\u00f3n de la ley es fundamental\" - Infoecos","robots":{"index":"index","follow":"follow","max-snippet":"max-snippet:-1","max-image-preview":"max-image-preview:large","max-video-preview":"max-video-preview:-1"},"canonical":"https:\/\/infoecos.com.ar\/index.php\/valentin-miranda-en-general-villegas-el-aporte-de-los-apicultores-para-la-redaccion-de-la-ley-es-fundamental\/","og_locale":"es_ES","og_type":"article","og_title":"Valent\u00edn Miranda en General Villegas: \"el aporte de los apicultores para la redacci\u00f3n de la ley es fundamental\" - Infoecos","og_description":"Fue interrogado en torno al Consejo de la Magistratura para el que fue designado d\u00edas pasados, se\u00f1alando que \u00abpara todos los abogados y que tenemos relaci\u00f3n con justicia, queremos aportar nuestro granito de arena y tener la posibilidad de integrar un \u00f3rgano como el Consejo de la Magistratura\u00bb","og_url":"https:\/\/infoecos.com.ar\/index.php\/valentin-miranda-en-general-villegas-el-aporte-de-los-apicultores-para-la-redaccion-de-la-ley-es-fundamental\/","og_site_name":"Infoecos","article_publisher":"https:\/\/www.facebook.com\/profile.php?id=100063200290284","article_published_time":"2022-07-24T06:00:03+00:00","article_modified_time":"2022-07-26T06:42:35+00:00","og_image":[{"width":800,"height":378,"url":"https:\/\/infoecos.com.ar\/wp-content\/uploads\/2022\/07\/mirandavalentinmiel.jpg","type":"image\/jpeg"}],"author":"Jorge Matheus","twitter_card":"summary_large_image","twitter_creator":"@infoecos","twitter_site":"@infoecos","twitter_misc":{"Escrito por":"Jorge Matheus","Tiempo de lectura":"2 minutos"},"schema":{"@context":"https:\/\/schema.org","@graph":[{"@type":"Article","@id":"https:\/\/infoecos.com.ar\/index.php\/valentin-miranda-en-general-villegas-el-aporte-de-los-apicultores-para-la-redaccion-de-la-ley-es-fundamental\/#article","isPartOf":{"@id":"https:\/\/infoecos.com.ar\/index.php\/valentin-miranda-en-general-villegas-el-aporte-de-los-apicultores-para-la-redaccion-de-la-ley-es-fundamental\/"},"author":{"name":"Jorge Matheus","@id":"https:\/\/infoecos.com.ar\/#\/schema\/person\/8f5ace5ce73b4b4aac4b7245aee6f191"},"headline":"Valent\u00edn Miranda en General Villegas: \u00abel aporte de los apicultores para la redacci\u00f3n de la ley es fundamental\u00bb","datePublished":"2022-07-24T06:00:03+00:00","dateModified":"2022-07-26T06:42:35+00:00","mainEntityOfPage":{"@id":"https:\/\/infoecos.com.ar\/index.php\/valentin-miranda-en-general-villegas-el-aporte-de-los-apicultores-para-la-redaccion-de-la-ley-es-fundamental\/"},"wordCount":479,"publisher":{"@id":"https:\/\/infoecos.com.ar\/#organization"},"image":{"@id":"https:\/\/infoecos.com.ar\/index.php\/valentin-miranda-en-general-villegas-el-aporte-de-los-apicultores-para-la-redaccion-de-la-ley-es-fundamental\/#primaryimage"},"thumbnailUrl":"https:\/\/infoecos.com.ar\/wp-content\/uploads\/2022\/07\/mirandavalentinmiel.jpg","keywords":["NO SE DETIENE"],"articleSection":["Bloque inferior - 12"],"inLanguage":"es"},{"@type":"WebPage","@id":"https:\/\/infoecos.com.ar\/index.php\/valentin-miranda-en-general-villegas-el-aporte-de-los-apicultores-para-la-redaccion-de-la-ley-es-fundamental\/","url":"https:\/\/infoecos.com.ar\/index.php\/valentin-miranda-en-general-villegas-el-aporte-de-los-apicultores-para-la-redaccion-de-la-ley-es-fundamental\/","name":"Valent\u00edn Miranda en General Villegas: \"el aporte de los apicultores para la redacci\u00f3n de la ley es fundamental\" - Infoecos","isPartOf":{"@id":"https:\/\/infoecos.com.ar\/#website"},"primaryImageOfPage":{"@id":"https:\/\/infoecos.com.ar\/index.php\/valentin-miranda-en-general-villegas-el-aporte-de-los-apicultores-para-la-redaccion-de-la-ley-es-fundamental\/#primaryimage"},"image":{"@id":"https:\/\/infoecos.com.ar\/index.php\/valentin-miranda-en-general-villegas-el-aporte-de-los-apicultores-para-la-redaccion-de-la-ley-es-fundamental\/#primaryimage"},"thumbnailUrl":"https:\/\/infoecos.com.ar\/wp-content\/uploads\/2022\/07\/mirandavalentinmiel.jpg","datePublished":"2022-07-24T06:00:03+00:00","dateModified":"2022-07-26T06:42:35+00:00","breadcrumb":{"@id":"https:\/\/infoecos.com.ar\/index.php\/valentin-miranda-en-general-villegas-el-aporte-de-los-apicultores-para-la-redaccion-de-la-ley-es-fundamental\/#breadcrumb"},"inLanguage":"es","potentialAction":[{"@type":"ReadAction","target":["https:\/\/infoecos.com.ar\/index.php\/valentin-miranda-en-general-villegas-el-aporte-de-los-apicultores-para-la-redaccion-de-la-ley-es-fundamental\/"]}]},{"@type":"ImageObject","inLanguage":"es","@id":"https:\/\/infoecos.com.ar\/index.php\/valentin-miranda-en-general-villegas-el-aporte-de-los-apicultores-para-la-redaccion-de-la-ley-es-fundamental\/#primaryimage","url":"https:\/\/infoecos.com.ar\/wp-content\/uploads\/2022\/07\/mirandavalentinmiel.jpg","contentUrl":"https:\/\/infoecos.com.ar\/wp-content\/uploads\/2022\/07\/mirandavalentinmiel.jpg","width":800,"height":378},{"@type":"BreadcrumbList","@id":"https:\/\/infoecos.com.ar\/index.php\/valentin-miranda-en-general-villegas-el-aporte-de-los-apicultores-para-la-redaccion-de-la-ley-es-fundamental\/#breadcrumb","itemListElement":[{"@type":"ListItem","position":1,"name":"Portada","item":"https:\/\/infoecos.com.ar\/"},{"@type":"ListItem","position":2,"name":"Valent\u00edn Miranda en General Villegas: \u00abel aporte de los apicultores para la redacci\u00f3n de la ley es fundamental\u00bb"}]},{"@type":"WebSite","@id":"https:\/\/infoecos.com.ar\/#website","url":"https:\/\/infoecos.com.ar\/","name":"Infoecos","description":"Noticias de trenque lauquen y la zona","publisher":{"@id":"https:\/\/infoecos.com.ar\/#organization"},"alternateName":"Noticias","potentialAction":[{"@type":"SearchAction","target":{"@type":"EntryPoint","urlTemplate":"https:\/\/infoecos.com.ar\/?s={search_term_string}"},"query-input":{"@type":"PropertyValueSpecification","valueRequired":true,"valueName":"search_term_string"}}],"inLanguage":"es"},{"@type":"Organization","@id":"https:\/\/infoecos.com.ar\/#organization","name":"Infoecos","alternateName":"Noticias","url":"https:\/\/infoecos.com.ar\/","logo":{"@type":"ImageObject","inLanguage":"es","@id":"https:\/\/infoecos.com.ar\/#\/schema\/logo\/image\/","url":"https:\/\/infoecos.com.ar\/wp-content\/uploads\/2024\/03\/cropped-logo.png","contentUrl":"https:\/\/infoecos.com.ar\/wp-content\/uploads\/2024\/03\/cropped-logo.png","width":374,"height":90,"caption":"Infoecos"},"image":{"@id":"https:\/\/infoecos.com.ar\/#\/schema\/logo\/image\/"},"sameAs":["https:\/\/www.facebook.com\/profile.php?id=100063200290284","https:\/\/x.com\/infoecos"]},{"@type":"Person","@id":"https:\/\/infoecos.com.ar\/#\/schema\/person\/8f5ace5ce73b4b4aac4b7245aee6f191","name":"Jorge Matheus","url":"https:\/\/infoecos.com.ar\/index.php\/author\/jomatheus\/"}]}},"featured_image_urls":{"full":["https:\/\/infoecos.com.ar\/wp-content\/uploads\/2022\/07\/mirandavalentinmiel.jpg",800,378,false],"thumbnail":["https:\/\/infoecos.com.ar\/wp-content\/uploads\/2022\/07\/mirandavalentinmiel-150x150.jpg",150,150,true],"medium":["https:\/\/infoecos.com.ar\/wp-content\/uploads\/2022\/07\/mirandavalentinmiel-460x217.jpg",460,217,true],"medium_large":["https:\/\/infoecos.com.ar\/wp-content\/uploads\/2022\/07\/mirandavalentinmiel-768x363.jpg",640,303,true],"large":["https:\/\/infoecos.com.ar\/wp-content\/uploads\/2022\/07\/mirandavalentinmiel.jpg",640,302,false],"1536x1536":["https:\/\/infoecos.com.ar\/wp-content\/uploads\/2022\/07\/mirandavalentinmiel.jpg",800,378,false],"2048x2048":["https:\/\/infoecos.com.ar\/wp-content\/uploads\/2022\/07\/mirandavalentinmiel.jpg",800,378,false],"covernews-slider-full":["https:\/\/infoecos.com.ar\/wp-content\/uploads\/2022\/07\/mirandavalentinmiel.jpg",800,378,false],"covernews-slider-center":["https:\/\/infoecos.com.ar\/wp-content\/uploads\/2022\/07\/mirandavalentinmiel.jpg",800,378,false],"covernews-featured":["https:\/\/infoecos.com.ar\/wp-content\/uploads\/2022\/07\/mirandavalentinmiel.jpg",800,378,false],"covernews-medium":["https:\/\/infoecos.com.ar\/wp-content\/uploads\/2022\/07\/mirandavalentinmiel-720x378.jpg",540,284,true],"covernews-medium-square":["https:\/\/infoecos.com.ar\/wp-content\/uploads\/2022\/07\/mirandavalentinmiel-675x378.jpg",400,224,true]},"author_info":{"info":["Jorge Matheus"]},"category_info":"<a href=\"https:\/\/infoecos.com.ar\/index.php\/category\/inferior12\/\" rel=\"category tag\">Bloque inferior - 12<\/a>","tag_info":"Bloque inferior - 12","comment_count":"0","_links":{"self":[{"href":"https:\/\/infoecos.com.ar\/index.php\/wp-json\/wp\/v2\/posts\/94908"}],"collection":[{"href":"https:\/\/infoecos.com.ar\/index.php\/wp-json\/wp\/v2\/posts"}],"about":[{"href":"https:\/\/infoecos.com.ar\/index.php\/wp-json\/wp\/v2\/types\/post"}],"author":[{"embeddable":true,"href":"https:\/\/infoecos.com.ar\/index.php\/wp-json\/wp\/v2\/users\/2"}],"replies":[{"embeddable":true,"href":"https:\/\/infoecos.com.ar\/index.php\/wp-json\/wp\/v2\/comments?post=94908"}],"version-history":[{"count":1,"href":"https:\/\/infoecos.com.ar\/index.php\/wp-json\/wp\/v2\/posts\/94908\/revisions"}],"predecessor-version":[{"id":94912,"href":"https:\/\/infoecos.com.ar\/index.php\/wp-json\/wp\/v2\/posts\/94908\/revisions\/94912"}],"wp:featuredmedia":[{"embeddable":true,"href":"https:\/\/infoecos.com.ar\/index.php\/wp-json\/wp\/v2\/media\/94910"}],"wp:attachment":[{"href":"https:\/\/infoecos.com.ar\/index.php\/wp-json\/wp\/v2\/media?parent=94908"}],"wp:term":[{"taxonomy":"category","embeddable":true,"href":"https:\/\/infoecos.com.ar\/index.php\/wp-json\/wp\/v2\/categories?post=94908"},{"taxonomy":"post_tag","embeddable":true,"href":"https:\/\/infoecos.com.ar\/index.php\/wp-json\/wp\/v2\/tags?post=94908"}],"curies":[{"name":"wp","href":"https:\/\/api.w.org\/{rel}","templated":true}]}}