{"id":94927,"date":"2022-07-24T03:58:14","date_gmt":"2022-07-24T06:58:14","guid":{"rendered":"http:\/\/infoecos.com.ar\/?p=94927"},"modified":"2022-07-26T03:34:16","modified_gmt":"2022-07-26T06:34:16","slug":"barroso-hay-que-sacarle-el-pie-de-encima-a-la-produccion-y-el-campo","status":"publish","type":"post","link":"https:\/\/infoecos.com.ar\/index.php\/barroso-hay-que-sacarle-el-pie-de-encima-a-la-produccion-y-el-campo\/","title":{"rendered":"Barroso: \u201chay que sacarle el pie de encima a la producci\u00f3n y el campo\u00bb"},"content":{"rendered":"\n<p>Un grupo de intendentes del PRO bonaerense de los distritos m\u00e1s productivos,&nbsp;recorri\u00f3 la Exposici\u00f3n Rural de Palermo. Entre ellos, el mandatario comunal de 9 de Julio, Mariano Barroso.<\/p>\n\n\n\n<figure class=\"wp-block-image aligncenter size-full is-resized\"><img loading=\"lazy\" decoding=\"async\" src=\"http:\/\/infoecos.com.ar\/wp-content\/uploads\/2022\/07\/barrosoconsantilliyotros.jpg\" alt=\"\" class=\"wp-image-94928\" width=\"496\" height=\"330\" srcset=\"https:\/\/infoecos.com.ar\/wp-content\/uploads\/2022\/07\/barrosoconsantilliyotros.jpg 880w, https:\/\/infoecos.com.ar\/wp-content\/uploads\/2022\/07\/barrosoconsantilliyotros-460x306.jpg 460w, https:\/\/infoecos.com.ar\/wp-content\/uploads\/2022\/07\/barrosoconsantilliyotros-768x511.jpg 768w, https:\/\/infoecos.com.ar\/wp-content\/uploads\/2022\/07\/barrosoconsantilliyotros-675x450.jpg 675w\" sizes=\"(max-width: 496px) 100vw, 496px\" \/><\/figure>\n\n\n\n<p>\u201cHay que sacarle el pie de encima a la producci\u00f3n y el campo. Buenos Aires y el pa\u00eds cambian con el campo y los sectores productivos, con los que generan trabajo. El modelo de sociedad al que aspiramos es uno que estimule a los sectores productivos, sin actitudes confrontativos, trabajando con ellos y no contra ellos. Hoy los productores hacen todo el esfuerzo en soledad sin apoyo del gobierno\u201d, manifest\u00f3 el nuevejuliense en declaraciones al sitio infonoroeste.com.ar.<\/p>\n\n\n\n<p>\u201cLa clave es reactivar, acompa\u00f1ar a los que emprenden para generar inversiones y de esa forma generar empleo, que es lo que necesitan tantos argentinos. Creemos en una provincia diferente, que deje de poner parches y ataque a los problemas en serio, que deje de atacar al campo y lo entienda como un aliado para el crecimiento de todos\u201d, agreg\u00f3.&nbsp;<\/p>\n\n\n\n<p>El grupo que recorri\u00f3 Palermo acompa\u00f1ado por el diputado nacional por provincia Buenos Aires, Diego Santilli, estuvo integrado adem\u00e1s del mencionado intendente por <strong>Pablo Petrecca (Jun\u00edn),  Javier Mart\u00ednez (Pergamino) y Ezequiel Galli (Olavarr\u00eda).<\/strong><\/p>\n","protected":false},"excerpt":{"rendered":"<p>Un grupo de intendentes del PRO bonaerense de los distritos m\u00e1s productivos,\u00a0recorri\u00f3 la Exposici\u00f3n Rural <\/p>\n","protected":false},"author":2,"featured_media":94928,"comment_status":"closed","ping_status":"open","sticky":false,"template":"","format":"standard","meta":{"footnotes":""},"categories":[1325],"tags":[1767],"class_list":["post-94927","post","type-post","status-publish","format-standard","has-post-thumbnail","hentry","category-c1nota6","tag-politica-y-economia-3"],"yoast_head":"<!-- This site is optimized with the Yoast SEO plugin v23.4 - https:\/\/yoast.com\/wordpress\/plugins\/seo\/ -->\n<title>Barroso: \u201chay que sacarle el pie de encima a la producci\u00f3n y el campo&quot; - Infoecos<\/title>\n<meta name=\"robots\" content=\"index, follow, max-snippet:-1, max-image-preview:large, max-video-preview:-1\" \/>\n<link rel=\"canonical\" href=\"https:\/\/infoecos.com.ar\/index.php\/barroso-hay-que-sacarle-el-pie-de-encima-a-la-produccion-y-el-campo\/\" \/>\n<meta property=\"og:locale\" content=\"es_ES\" \/>\n<meta property=\"og:type\" content=\"article\" \/>\n<meta property=\"og:title\" content=\"Barroso: \u201chay que sacarle el pie de encima a la producci\u00f3n y el campo&quot; - Infoecos\" \/>\n<meta property=\"og:description\" content=\"Un grupo de intendentes del PRO bonaerense de los distritos m\u00e1s productivos,\u00a0recorri\u00f3 la Exposici\u00f3n Rural\" \/>\n<meta property=\"og:url\" content=\"https:\/\/infoecos.com.ar\/index.php\/barroso-hay-que-sacarle-el-pie-de-encima-a-la-produccion-y-el-campo\/\" \/>\n<meta property=\"og:site_name\" content=\"Infoecos\" \/>\n<meta property=\"article:publisher\" content=\"https:\/\/www.facebook.com\/profile.php?id=100063200290284\" \/>\n<meta property=\"article:published_time\" content=\"2022-07-24T06:58:14+00:00\" \/>\n<meta property=\"article:modified_time\" content=\"2022-07-26T06:34:16+00:00\" \/>\n<meta property=\"og:image\" content=\"https:\/\/infoecos.com.ar\/wp-content\/uploads\/2022\/07\/barrosoconsantilliyotros.jpg\" \/>\n\t<meta property=\"og:image:width\" content=\"880\" \/>\n\t<meta property=\"og:image:height\" content=\"586\" \/>\n\t<meta property=\"og:image:type\" content=\"image\/jpeg\" \/>\n<meta name=\"author\" content=\"Jorge Matheus\" \/>\n<meta name=\"twitter:card\" content=\"summary_large_image\" \/>\n<meta name=\"twitter:creator\" content=\"@infoecos\" \/>\n<meta name=\"twitter:site\" content=\"@infoecos\" \/>\n<meta name=\"twitter:label1\" content=\"Escrito por\" \/>\n\t<meta name=\"twitter:data1\" content=\"Jorge Matheus\" \/>\n\t<meta name=\"twitter:label2\" content=\"Tiempo de lectura\" \/>\n\t<meta name=\"twitter:data2\" content=\"1 minuto\" \/>\n<script type=\"application\/ld+json\" class=\"yoast-schema-graph\">{\"@context\":\"https:\/\/schema.org\",\"@graph\":[{\"@type\":\"Article\",\"@id\":\"https:\/\/infoecos.com.ar\/index.php\/barroso-hay-que-sacarle-el-pie-de-encima-a-la-produccion-y-el-campo\/#article\",\"isPartOf\":{\"@id\":\"https:\/\/infoecos.com.ar\/index.php\/barroso-hay-que-sacarle-el-pie-de-encima-a-la-produccion-y-el-campo\/\"},\"author\":{\"name\":\"Jorge Matheus\",\"@id\":\"https:\/\/infoecos.com.ar\/#\/schema\/person\/8f5ace5ce73b4b4aac4b7245aee6f191\"},\"headline\":\"Barroso: \u201chay que sacarle el pie de encima a la producci\u00f3n y el campo\u00bb\",\"datePublished\":\"2022-07-24T06:58:14+00:00\",\"dateModified\":\"2022-07-26T06:34:16+00:00\",\"mainEntityOfPage\":{\"@id\":\"https:\/\/infoecos.com.ar\/index.php\/barroso-hay-que-sacarle-el-pie-de-encima-a-la-produccion-y-el-campo\/\"},\"wordCount\":227,\"publisher\":{\"@id\":\"https:\/\/infoecos.com.ar\/#organization\"},\"image\":{\"@id\":\"https:\/\/infoecos.com.ar\/index.php\/barroso-hay-que-sacarle-el-pie-de-encima-a-la-produccion-y-el-campo\/#primaryimage\"},\"thumbnailUrl\":\"https:\/\/infoecos.com.ar\/wp-content\/uploads\/2022\/07\/barrosoconsantilliyotros.jpg\",\"keywords\":[\"POL\u00cdTICA Y ECONOM\u00cdA\"],\"articleSection\":[\"C1 nota 6\"],\"inLanguage\":\"es\"},{\"@type\":\"WebPage\",\"@id\":\"https:\/\/infoecos.com.ar\/index.php\/barroso-hay-que-sacarle-el-pie-de-encima-a-la-produccion-y-el-campo\/\",\"url\":\"https:\/\/infoecos.com.ar\/index.php\/barroso-hay-que-sacarle-el-pie-de-encima-a-la-produccion-y-el-campo\/\",\"name\":\"Barroso: \u201chay que sacarle el pie de encima a la producci\u00f3n y el campo\\\" - Infoecos\",\"isPartOf\":{\"@id\":\"https:\/\/infoecos.com.ar\/#website\"},\"primaryImageOfPage\":{\"@id\":\"https:\/\/infoecos.com.ar\/index.php\/barroso-hay-que-sacarle-el-pie-de-encima-a-la-produccion-y-el-campo\/#primaryimage\"},\"image\":{\"@id\":\"https:\/\/infoecos.com.ar\/index.php\/barroso-hay-que-sacarle-el-pie-de-encima-a-la-produccion-y-el-campo\/#primaryimage\"},\"thumbnailUrl\":\"https:\/\/infoecos.com.ar\/wp-content\/uploads\/2022\/07\/barrosoconsantilliyotros.jpg\",\"datePublished\":\"2022-07-24T06:58:14+00:00\",\"dateModified\":\"2022-07-26T06:34:16+00:00\",\"breadcrumb\":{\"@id\":\"https:\/\/infoecos.com.ar\/index.php\/barroso-hay-que-sacarle-el-pie-de-encima-a-la-produccion-y-el-campo\/#breadcrumb\"},\"inLanguage\":\"es\",\"potentialAction\":[{\"@type\":\"ReadAction\",\"target\":[\"https:\/\/infoecos.com.ar\/index.php\/barroso-hay-que-sacarle-el-pie-de-encima-a-la-produccion-y-el-campo\/\"]}]},{\"@type\":\"ImageObject\",\"inLanguage\":\"es\",\"@id\":\"https:\/\/infoecos.com.ar\/index.php\/barroso-hay-que-sacarle-el-pie-de-encima-a-la-produccion-y-el-campo\/#primaryimage\",\"url\":\"https:\/\/infoecos.com.ar\/wp-content\/uploads\/2022\/07\/barrosoconsantilliyotros.jpg\",\"contentUrl\":\"https:\/\/infoecos.com.ar\/wp-content\/uploads\/2022\/07\/barrosoconsantilliyotros.jpg\",\"width\":880,\"height\":586},{\"@type\":\"BreadcrumbList\",\"@id\":\"https:\/\/infoecos.com.ar\/index.php\/barroso-hay-que-sacarle-el-pie-de-encima-a-la-produccion-y-el-campo\/#breadcrumb\",\"itemListElement\":[{\"@type\":\"ListItem\",\"position\":1,\"name\":\"Portada\",\"item\":\"https:\/\/infoecos.com.ar\/\"},{\"@type\":\"ListItem\",\"position\":2,\"name\":\"Barroso: \u201chay que sacarle el pie de encima a la producci\u00f3n y el campo\u00bb\"}]},{\"@type\":\"WebSite\",\"@id\":\"https:\/\/infoecos.com.ar\/#website\",\"url\":\"https:\/\/infoecos.com.ar\/\",\"name\":\"Infoecos\",\"description\":\"Noticias de trenque lauquen y la zona\",\"publisher\":{\"@id\":\"https:\/\/infoecos.com.ar\/#organization\"},\"alternateName\":\"Noticias\",\"potentialAction\":[{\"@type\":\"SearchAction\",\"target\":{\"@type\":\"EntryPoint\",\"urlTemplate\":\"https:\/\/infoecos.com.ar\/?s={search_term_string}\"},\"query-input\":{\"@type\":\"PropertyValueSpecification\",\"valueRequired\":true,\"valueName\":\"search_term_string\"}}],\"inLanguage\":\"es\"},{\"@type\":\"Organization\",\"@id\":\"https:\/\/infoecos.com.ar\/#organization\",\"name\":\"Infoecos\",\"alternateName\":\"Noticias\",\"url\":\"https:\/\/infoecos.com.ar\/\",\"logo\":{\"@type\":\"ImageObject\",\"inLanguage\":\"es\",\"@id\":\"https:\/\/infoecos.com.ar\/#\/schema\/logo\/image\/\",\"url\":\"https:\/\/infoecos.com.ar\/wp-content\/uploads\/2024\/03\/cropped-logo.png\",\"contentUrl\":\"https:\/\/infoecos.com.ar\/wp-content\/uploads\/2024\/03\/cropped-logo.png\",\"width\":374,\"height\":90,\"caption\":\"Infoecos\"},\"image\":{\"@id\":\"https:\/\/infoecos.com.ar\/#\/schema\/logo\/image\/\"},\"sameAs\":[\"https:\/\/www.facebook.com\/profile.php?id=100063200290284\",\"https:\/\/x.com\/infoecos\"]},{\"@type\":\"Person\",\"@id\":\"https:\/\/infoecos.com.ar\/#\/schema\/person\/8f5ace5ce73b4b4aac4b7245aee6f191\",\"name\":\"Jorge Matheus\",\"url\":\"https:\/\/infoecos.com.ar\/index.php\/author\/jomatheus\/\"}]}<\/script>\n<!-- \/ Yoast SEO plugin. -->","yoast_head_json":{"title":"Barroso: \u201chay que sacarle el pie de encima a la producci\u00f3n y el campo\" - Infoecos","robots":{"index":"index","follow":"follow","max-snippet":"max-snippet:-1","max-image-preview":"max-image-preview:large","max-video-preview":"max-video-preview:-1"},"canonical":"https:\/\/infoecos.com.ar\/index.php\/barroso-hay-que-sacarle-el-pie-de-encima-a-la-produccion-y-el-campo\/","og_locale":"es_ES","og_type":"article","og_title":"Barroso: \u201chay que sacarle el pie de encima a la producci\u00f3n y el campo\" - Infoecos","og_description":"Un grupo de intendentes del PRO bonaerense de los distritos m\u00e1s productivos,\u00a0recorri\u00f3 la Exposici\u00f3n Rural","og_url":"https:\/\/infoecos.com.ar\/index.php\/barroso-hay-que-sacarle-el-pie-de-encima-a-la-produccion-y-el-campo\/","og_site_name":"Infoecos","article_publisher":"https:\/\/www.facebook.com\/profile.php?id=100063200290284","article_published_time":"2022-07-24T06:58:14+00:00","article_modified_time":"2022-07-26T06:34:16+00:00","og_image":[{"width":880,"height":586,"url":"https:\/\/infoecos.com.ar\/wp-content\/uploads\/2022\/07\/barrosoconsantilliyotros.jpg","type":"image\/jpeg"}],"author":"Jorge Matheus","twitter_card":"summary_large_image","twitter_creator":"@infoecos","twitter_site":"@infoecos","twitter_misc":{"Escrito por":"Jorge Matheus","Tiempo de lectura":"1 minuto"},"schema":{"@context":"https:\/\/schema.org","@graph":[{"@type":"Article","@id":"https:\/\/infoecos.com.ar\/index.php\/barroso-hay-que-sacarle-el-pie-de-encima-a-la-produccion-y-el-campo\/#article","isPartOf":{"@id":"https:\/\/infoecos.com.ar\/index.php\/barroso-hay-que-sacarle-el-pie-de-encima-a-la-produccion-y-el-campo\/"},"author":{"name":"Jorge Matheus","@id":"https:\/\/infoecos.com.ar\/#\/schema\/person\/8f5ace5ce73b4b4aac4b7245aee6f191"},"headline":"Barroso: \u201chay que sacarle el pie de encima a la producci\u00f3n y el campo\u00bb","datePublished":"2022-07-24T06:58:14+00:00","dateModified":"2022-07-26T06:34:16+00:00","mainEntityOfPage":{"@id":"https:\/\/infoecos.com.ar\/index.php\/barroso-hay-que-sacarle-el-pie-de-encima-a-la-produccion-y-el-campo\/"},"wordCount":227,"publisher":{"@id":"https:\/\/infoecos.com.ar\/#organization"},"image":{"@id":"https:\/\/infoecos.com.ar\/index.php\/barroso-hay-que-sacarle-el-pie-de-encima-a-la-produccion-y-el-campo\/#primaryimage"},"thumbnailUrl":"https:\/\/infoecos.com.ar\/wp-content\/uploads\/2022\/07\/barrosoconsantilliyotros.jpg","keywords":["POL\u00cdTICA Y ECONOM\u00cdA"],"articleSection":["C1 nota 6"],"inLanguage":"es"},{"@type":"WebPage","@id":"https:\/\/infoecos.com.ar\/index.php\/barroso-hay-que-sacarle-el-pie-de-encima-a-la-produccion-y-el-campo\/","url":"https:\/\/infoecos.com.ar\/index.php\/barroso-hay-que-sacarle-el-pie-de-encima-a-la-produccion-y-el-campo\/","name":"Barroso: \u201chay que sacarle el pie de encima a la producci\u00f3n y el campo\" - Infoecos","isPartOf":{"@id":"https:\/\/infoecos.com.ar\/#website"},"primaryImageOfPage":{"@id":"https:\/\/infoecos.com.ar\/index.php\/barroso-hay-que-sacarle-el-pie-de-encima-a-la-produccion-y-el-campo\/#primaryimage"},"image":{"@id":"https:\/\/infoecos.com.ar\/index.php\/barroso-hay-que-sacarle-el-pie-de-encima-a-la-produccion-y-el-campo\/#primaryimage"},"thumbnailUrl":"https:\/\/infoecos.com.ar\/wp-content\/uploads\/2022\/07\/barrosoconsantilliyotros.jpg","datePublished":"2022-07-24T06:58:14+00:00","dateModified":"2022-07-26T06:34:16+00:00","breadcrumb":{"@id":"https:\/\/infoecos.com.ar\/index.php\/barroso-hay-que-sacarle-el-pie-de-encima-a-la-produccion-y-el-campo\/#breadcrumb"},"inLanguage":"es","potentialAction":[{"@type":"ReadAction","target":["https:\/\/infoecos.com.ar\/index.php\/barroso-hay-que-sacarle-el-pie-de-encima-a-la-produccion-y-el-campo\/"]}]},{"@type":"ImageObject","inLanguage":"es","@id":"https:\/\/infoecos.com.ar\/index.php\/barroso-hay-que-sacarle-el-pie-de-encima-a-la-produccion-y-el-campo\/#primaryimage","url":"https:\/\/infoecos.com.ar\/wp-content\/uploads\/2022\/07\/barrosoconsantilliyotros.jpg","contentUrl":"https:\/\/infoecos.com.ar\/wp-content\/uploads\/2022\/07\/barrosoconsantilliyotros.jpg","width":880,"height":586},{"@type":"BreadcrumbList","@id":"https:\/\/infoecos.com.ar\/index.php\/barroso-hay-que-sacarle-el-pie-de-encima-a-la-produccion-y-el-campo\/#breadcrumb","itemListElement":[{"@type":"ListItem","position":1,"name":"Portada","item":"https:\/\/infoecos.com.ar\/"},{"@type":"ListItem","position":2,"name":"Barroso: \u201chay que sacarle el pie de encima a la producci\u00f3n y el campo\u00bb"}]},{"@type":"WebSite","@id":"https:\/\/infoecos.com.ar\/#website","url":"https:\/\/infoecos.com.ar\/","name":"Infoecos","description":"Noticias de trenque lauquen y la zona","publisher":{"@id":"https:\/\/infoecos.com.ar\/#organization"},"alternateName":"Noticias","potentialAction":[{"@type":"SearchAction","target":{"@type":"EntryPoint","urlTemplate":"https:\/\/infoecos.com.ar\/?s={search_term_string}"},"query-input":{"@type":"PropertyValueSpecification","valueRequired":true,"valueName":"search_term_string"}}],"inLanguage":"es"},{"@type":"Organization","@id":"https:\/\/infoecos.com.ar\/#organization","name":"Infoecos","alternateName":"Noticias","url":"https:\/\/infoecos.com.ar\/","logo":{"@type":"ImageObject","inLanguage":"es","@id":"https:\/\/infoecos.com.ar\/#\/schema\/logo\/image\/","url":"https:\/\/infoecos.com.ar\/wp-content\/uploads\/2024\/03\/cropped-logo.png","contentUrl":"https:\/\/infoecos.com.ar\/wp-content\/uploads\/2024\/03\/cropped-logo.png","width":374,"height":90,"caption":"Infoecos"},"image":{"@id":"https:\/\/infoecos.com.ar\/#\/schema\/logo\/image\/"},"sameAs":["https:\/\/www.facebook.com\/profile.php?id=100063200290284","https:\/\/x.com\/infoecos"]},{"@type":"Person","@id":"https:\/\/infoecos.com.ar\/#\/schema\/person\/8f5ace5ce73b4b4aac4b7245aee6f191","name":"Jorge Matheus","url":"https:\/\/infoecos.com.ar\/index.php\/author\/jomatheus\/"}]}},"featured_image_urls":{"full":["https:\/\/infoecos.com.ar\/wp-content\/uploads\/2022\/07\/barrosoconsantilliyotros.jpg",880,586,false],"thumbnail":["https:\/\/infoecos.com.ar\/wp-content\/uploads\/2022\/07\/barrosoconsantilliyotros-150x150.jpg",150,150,true],"medium":["https:\/\/infoecos.com.ar\/wp-content\/uploads\/2022\/07\/barrosoconsantilliyotros-460x306.jpg",460,306,true],"medium_large":["https:\/\/infoecos.com.ar\/wp-content\/uploads\/2022\/07\/barrosoconsantilliyotros-768x511.jpg",640,426,true],"large":["https:\/\/infoecos.com.ar\/wp-content\/uploads\/2022\/07\/barrosoconsantilliyotros.jpg",640,426,false],"1536x1536":["https:\/\/infoecos.com.ar\/wp-content\/uploads\/2022\/07\/barrosoconsantilliyotros.jpg",880,586,false],"2048x2048":["https:\/\/infoecos.com.ar\/wp-content\/uploads\/2022\/07\/barrosoconsantilliyotros.jpg",880,586,false],"covernews-slider-full":["https:\/\/infoecos.com.ar\/wp-content\/uploads\/2022\/07\/barrosoconsantilliyotros.jpg",880,586,false],"covernews-slider-center":["https:\/\/infoecos.com.ar\/wp-content\/uploads\/2022\/07\/barrosoconsantilliyotros.jpg",751,500,false],"covernews-featured":["https:\/\/infoecos.com.ar\/wp-content\/uploads\/2022\/07\/barrosoconsantilliyotros.jpg",880,586,false],"covernews-medium":["https:\/\/infoecos.com.ar\/wp-content\/uploads\/2022\/07\/barrosoconsantilliyotros-720x380.jpg",540,285,true],"covernews-medium-square":["https:\/\/infoecos.com.ar\/wp-content\/uploads\/2022\/07\/barrosoconsantilliyotros-675x450.jpg",375,250,true]},"author_info":{"info":["Jorge Matheus"]},"category_info":"<a href=\"https:\/\/infoecos.com.ar\/index.php\/category\/c1nota6\/\" rel=\"category tag\">C1 nota 6<\/a>","tag_info":"C1 nota 6","comment_count":"0","_links":{"self":[{"href":"https:\/\/infoecos.com.ar\/index.php\/wp-json\/wp\/v2\/posts\/94927"}],"collection":[{"href":"https:\/\/infoecos.com.ar\/index.php\/wp-json\/wp\/v2\/posts"}],"about":[{"href":"https:\/\/infoecos.com.ar\/index.php\/wp-json\/wp\/v2\/types\/post"}],"author":[{"embeddable":true,"href":"https:\/\/infoecos.com.ar\/index.php\/wp-json\/wp\/v2\/users\/2"}],"replies":[{"embeddable":true,"href":"https:\/\/infoecos.com.ar\/index.php\/wp-json\/wp\/v2\/comments?post=94927"}],"version-history":[{"count":2,"href":"https:\/\/infoecos.com.ar\/index.php\/wp-json\/wp\/v2\/posts\/94927\/revisions"}],"predecessor-version":[{"id":95093,"href":"https:\/\/infoecos.com.ar\/index.php\/wp-json\/wp\/v2\/posts\/94927\/revisions\/95093"}],"wp:featuredmedia":[{"embeddable":true,"href":"https:\/\/infoecos.com.ar\/index.php\/wp-json\/wp\/v2\/media\/94928"}],"wp:attachment":[{"href":"https:\/\/infoecos.com.ar\/index.php\/wp-json\/wp\/v2\/media?parent=94927"}],"wp:term":[{"taxonomy":"category","embeddable":true,"href":"https:\/\/infoecos.com.ar\/index.php\/wp-json\/wp\/v2\/categories?post=94927"},{"taxonomy":"post_tag","embeddable":true,"href":"https:\/\/infoecos.com.ar\/index.php\/wp-json\/wp\/v2\/tags?post=94927"}],"curies":[{"name":"wp","href":"https:\/\/api.w.org\/{rel}","templated":true}]}}