{"id":94942,"date":"2022-07-24T04:47:19","date_gmt":"2022-07-24T07:47:19","guid":{"rendered":"http:\/\/infoecos.com.ar\/?p=94942"},"modified":"2022-07-24T04:47:23","modified_gmt":"2022-07-24T07:47:23","slug":"la-ministra-de-economia-viaja-a-estados-unidos-y-manana-reunion-con-kristalina-georgieva","status":"publish","type":"post","link":"https:\/\/infoecos.com.ar\/index.php\/la-ministra-de-economia-viaja-a-estados-unidos-y-manana-reunion-con-kristalina-georgieva\/","title":{"rendered":"La ministra de Econom\u00eda viaja a Estados Unidos y ma\u00f1ana reuni\u00f3n con Kristalina Georgieva"},"content":{"rendered":"\n<p>La ministra de Econom\u00eda, Silvina Batakis, viaja a Washington, d\u00f3nde tiene previsto reunirse con la directora gerente del Fondo Monetario Internacional, Kristalina Georgieva, y autoridades del Departamento del Tesoro de los Estados Unidos, confirmaron fuentes ministeriales.<\/p>\n\n\n\n<figure class=\"wp-block-image aligncenter size-full\"><img decoding=\"async\" src=\"http:\/\/infoecos.com.ar\/wp-content\/uploads\/Silvina-Batakis.jpg\" alt=\"\" class=\"wp-image-16081\"\/><figcaption>Batakis, Silvina &#8211; ex ministra Econom\u00eda Buenos Aires<\/figcaption><\/figure>\n\n\n\n<p>En el encuentro, que se desarrollar\u00e1 el lunes, Batakis\u00a0buscar\u00e1\u00a0que la titular del FMI\u00a0se muestre flexible en cuestiones clave como la disparada del d\u00f3lar, la ca\u00edda de reservas, la emisi\u00f3n monetaria y el desequilibrio fiscal.<\/p>\n\n\n\n<p>Batakis llevar\u00e1 n\u00fameros para explicar que, si bien el objetivo del Gobierno es cumplir las metas comprometidas, podr\u00eda haber algunas desviaciones en esos objetivos, confiaron fuentes cercanas al equipo econ\u00f3mico<\/p>\n\n\n\n<p>La funcionaria tiene agendada su reuni\u00f3n con Kristalina Georgieva para el mediod\u00eda del lunes.\u00a0Planea explicar c\u00f3mo el Gobierno estima una recuperaci\u00f3n de reservas a partir de septiembre, cuando se reduzca la importaci\u00f3n de energ\u00eda.<\/p>\n","protected":false},"excerpt":{"rendered":"<p>Batakis\u00a0buscar\u00e1\u00a0que la titular del FMI\u00a0se muestre flexible en cuestiones clave como la disparada del d\u00f3lar, la ca\u00edda de reservas, la emisi\u00f3n monetaria y el desequilibrio fiscal<\/p>\n","protected":false},"author":2,"featured_media":16081,"comment_status":"closed","ping_status":"open","sticky":false,"template":"","format":"standard","meta":{"footnotes":""},"categories":[46],"tags":[1767],"class_list":["post-94942","post","type-post","status-publish","format-standard","has-post-thumbnail","hentry","category-c2nota2","tag-politica-y-economia-3"],"yoast_head":"<!-- This site is optimized with the Yoast SEO plugin v23.4 - https:\/\/yoast.com\/wordpress\/plugins\/seo\/ -->\n<title>La ministra de Econom\u00eda viaja a Estados Unidos y ma\u00f1ana reuni\u00f3n con Kristalina Georgieva - Infoecos<\/title>\n<meta name=\"robots\" content=\"index, follow, max-snippet:-1, max-image-preview:large, max-video-preview:-1\" \/>\n<link rel=\"canonical\" href=\"https:\/\/infoecos.com.ar\/index.php\/la-ministra-de-economia-viaja-a-estados-unidos-y-manana-reunion-con-kristalina-georgieva\/\" \/>\n<meta property=\"og:locale\" content=\"es_ES\" \/>\n<meta property=\"og:type\" content=\"article\" \/>\n<meta property=\"og:title\" content=\"La ministra de Econom\u00eda viaja a Estados Unidos y ma\u00f1ana reuni\u00f3n con Kristalina Georgieva - Infoecos\" \/>\n<meta property=\"og:description\" content=\"Batakis\u00a0buscar\u00e1\u00a0que la titular del FMI\u00a0se muestre flexible en cuestiones clave como la disparada del d\u00f3lar, la ca\u00edda de reservas, la emisi\u00f3n monetaria y el desequilibrio fiscal\" \/>\n<meta property=\"og:url\" content=\"https:\/\/infoecos.com.ar\/index.php\/la-ministra-de-economia-viaja-a-estados-unidos-y-manana-reunion-con-kristalina-georgieva\/\" \/>\n<meta property=\"og:site_name\" content=\"Infoecos\" \/>\n<meta property=\"article:publisher\" content=\"https:\/\/www.facebook.com\/profile.php?id=100063200290284\" \/>\n<meta property=\"article:published_time\" content=\"2022-07-24T07:47:19+00:00\" \/>\n<meta property=\"article:modified_time\" content=\"2022-07-24T07:47:23+00:00\" \/>\n<meta property=\"og:image\" content=\"https:\/\/infoecos.com.ar\/wp-content\/uploads\/Silvina-Batakis.jpg\" \/>\n\t<meta property=\"og:image:width\" content=\"456\" \/>\n\t<meta property=\"og:image:height\" content=\"295\" \/>\n\t<meta property=\"og:image:type\" content=\"image\/jpeg\" \/>\n<meta name=\"author\" content=\"Jorge Matheus\" \/>\n<meta name=\"twitter:card\" content=\"summary_large_image\" \/>\n<meta name=\"twitter:creator\" content=\"@infoecos\" \/>\n<meta name=\"twitter:site\" content=\"@infoecos\" \/>\n<meta name=\"twitter:label1\" content=\"Escrito por\" \/>\n\t<meta name=\"twitter:data1\" content=\"Jorge Matheus\" \/>\n\t<meta name=\"twitter:label2\" content=\"Tiempo de lectura\" \/>\n\t<meta name=\"twitter:data2\" content=\"1 minuto\" \/>\n<script type=\"application\/ld+json\" class=\"yoast-schema-graph\">{\"@context\":\"https:\/\/schema.org\",\"@graph\":[{\"@type\":\"Article\",\"@id\":\"https:\/\/infoecos.com.ar\/index.php\/la-ministra-de-economia-viaja-a-estados-unidos-y-manana-reunion-con-kristalina-georgieva\/#article\",\"isPartOf\":{\"@id\":\"https:\/\/infoecos.com.ar\/index.php\/la-ministra-de-economia-viaja-a-estados-unidos-y-manana-reunion-con-kristalina-georgieva\/\"},\"author\":{\"name\":\"Jorge Matheus\",\"@id\":\"https:\/\/infoecos.com.ar\/#\/schema\/person\/8f5ace5ce73b4b4aac4b7245aee6f191\"},\"headline\":\"La ministra de Econom\u00eda viaja a Estados Unidos y ma\u00f1ana reuni\u00f3n con Kristalina Georgieva\",\"datePublished\":\"2022-07-24T07:47:19+00:00\",\"dateModified\":\"2022-07-24T07:47:23+00:00\",\"mainEntityOfPage\":{\"@id\":\"https:\/\/infoecos.com.ar\/index.php\/la-ministra-de-economia-viaja-a-estados-unidos-y-manana-reunion-con-kristalina-georgieva\/\"},\"wordCount\":178,\"publisher\":{\"@id\":\"https:\/\/infoecos.com.ar\/#organization\"},\"image\":{\"@id\":\"https:\/\/infoecos.com.ar\/index.php\/la-ministra-de-economia-viaja-a-estados-unidos-y-manana-reunion-con-kristalina-georgieva\/#primaryimage\"},\"thumbnailUrl\":\"\",\"keywords\":[\"POL\u00cdTICA Y ECONOM\u00cdA\"],\"articleSection\":[\"C2 N2\"],\"inLanguage\":\"es\"},{\"@type\":\"WebPage\",\"@id\":\"https:\/\/infoecos.com.ar\/index.php\/la-ministra-de-economia-viaja-a-estados-unidos-y-manana-reunion-con-kristalina-georgieva\/\",\"url\":\"https:\/\/infoecos.com.ar\/index.php\/la-ministra-de-economia-viaja-a-estados-unidos-y-manana-reunion-con-kristalina-georgieva\/\",\"name\":\"La ministra de Econom\u00eda viaja a Estados Unidos y ma\u00f1ana reuni\u00f3n con Kristalina Georgieva - Infoecos\",\"isPartOf\":{\"@id\":\"https:\/\/infoecos.com.ar\/#website\"},\"primaryImageOfPage\":{\"@id\":\"https:\/\/infoecos.com.ar\/index.php\/la-ministra-de-economia-viaja-a-estados-unidos-y-manana-reunion-con-kristalina-georgieva\/#primaryimage\"},\"image\":{\"@id\":\"https:\/\/infoecos.com.ar\/index.php\/la-ministra-de-economia-viaja-a-estados-unidos-y-manana-reunion-con-kristalina-georgieva\/#primaryimage\"},\"thumbnailUrl\":\"\",\"datePublished\":\"2022-07-24T07:47:19+00:00\",\"dateModified\":\"2022-07-24T07:47:23+00:00\",\"breadcrumb\":{\"@id\":\"https:\/\/infoecos.com.ar\/index.php\/la-ministra-de-economia-viaja-a-estados-unidos-y-manana-reunion-con-kristalina-georgieva\/#breadcrumb\"},\"inLanguage\":\"es\",\"potentialAction\":[{\"@type\":\"ReadAction\",\"target\":[\"https:\/\/infoecos.com.ar\/index.php\/la-ministra-de-economia-viaja-a-estados-unidos-y-manana-reunion-con-kristalina-georgieva\/\"]}]},{\"@type\":\"ImageObject\",\"inLanguage\":\"es\",\"@id\":\"https:\/\/infoecos.com.ar\/index.php\/la-ministra-de-economia-viaja-a-estados-unidos-y-manana-reunion-con-kristalina-georgieva\/#primaryimage\",\"url\":\"\",\"contentUrl\":\"\"},{\"@type\":\"BreadcrumbList\",\"@id\":\"https:\/\/infoecos.com.ar\/index.php\/la-ministra-de-economia-viaja-a-estados-unidos-y-manana-reunion-con-kristalina-georgieva\/#breadcrumb\",\"itemListElement\":[{\"@type\":\"ListItem\",\"position\":1,\"name\":\"Portada\",\"item\":\"https:\/\/infoecos.com.ar\/\"},{\"@type\":\"ListItem\",\"position\":2,\"name\":\"La ministra de Econom\u00eda viaja a Estados Unidos y ma\u00f1ana reuni\u00f3n con Kristalina Georgieva\"}]},{\"@type\":\"WebSite\",\"@id\":\"https:\/\/infoecos.com.ar\/#website\",\"url\":\"https:\/\/infoecos.com.ar\/\",\"name\":\"Infoecos\",\"description\":\"Noticias de trenque lauquen y la zona\",\"publisher\":{\"@id\":\"https:\/\/infoecos.com.ar\/#organization\"},\"alternateName\":\"Noticias\",\"potentialAction\":[{\"@type\":\"SearchAction\",\"target\":{\"@type\":\"EntryPoint\",\"urlTemplate\":\"https:\/\/infoecos.com.ar\/?s={search_term_string}\"},\"query-input\":{\"@type\":\"PropertyValueSpecification\",\"valueRequired\":true,\"valueName\":\"search_term_string\"}}],\"inLanguage\":\"es\"},{\"@type\":\"Organization\",\"@id\":\"https:\/\/infoecos.com.ar\/#organization\",\"name\":\"Infoecos\",\"alternateName\":\"Noticias\",\"url\":\"https:\/\/infoecos.com.ar\/\",\"logo\":{\"@type\":\"ImageObject\",\"inLanguage\":\"es\",\"@id\":\"https:\/\/infoecos.com.ar\/#\/schema\/logo\/image\/\",\"url\":\"https:\/\/infoecos.com.ar\/wp-content\/uploads\/2024\/03\/cropped-logo.png\",\"contentUrl\":\"https:\/\/infoecos.com.ar\/wp-content\/uploads\/2024\/03\/cropped-logo.png\",\"width\":374,\"height\":90,\"caption\":\"Infoecos\"},\"image\":{\"@id\":\"https:\/\/infoecos.com.ar\/#\/schema\/logo\/image\/\"},\"sameAs\":[\"https:\/\/www.facebook.com\/profile.php?id=100063200290284\",\"https:\/\/x.com\/infoecos\"]},{\"@type\":\"Person\",\"@id\":\"https:\/\/infoecos.com.ar\/#\/schema\/person\/8f5ace5ce73b4b4aac4b7245aee6f191\",\"name\":\"Jorge Matheus\",\"url\":\"https:\/\/infoecos.com.ar\/index.php\/author\/jomatheus\/\"}]}<\/script>\n<!-- \/ Yoast SEO plugin. -->","yoast_head_json":{"title":"La ministra de Econom\u00eda viaja a Estados Unidos y ma\u00f1ana reuni\u00f3n con Kristalina Georgieva - Infoecos","robots":{"index":"index","follow":"follow","max-snippet":"max-snippet:-1","max-image-preview":"max-image-preview:large","max-video-preview":"max-video-preview:-1"},"canonical":"https:\/\/infoecos.com.ar\/index.php\/la-ministra-de-economia-viaja-a-estados-unidos-y-manana-reunion-con-kristalina-georgieva\/","og_locale":"es_ES","og_type":"article","og_title":"La ministra de Econom\u00eda viaja a Estados Unidos y ma\u00f1ana reuni\u00f3n con Kristalina Georgieva - Infoecos","og_description":"Batakis\u00a0buscar\u00e1\u00a0que la titular del FMI\u00a0se muestre flexible en cuestiones clave como la disparada del d\u00f3lar, la ca\u00edda de reservas, la emisi\u00f3n monetaria y el desequilibrio fiscal","og_url":"https:\/\/infoecos.com.ar\/index.php\/la-ministra-de-economia-viaja-a-estados-unidos-y-manana-reunion-con-kristalina-georgieva\/","og_site_name":"Infoecos","article_publisher":"https:\/\/www.facebook.com\/profile.php?id=100063200290284","article_published_time":"2022-07-24T07:47:19+00:00","article_modified_time":"2022-07-24T07:47:23+00:00","og_image":[{"width":456,"height":295,"url":"https:\/\/infoecos.com.ar\/wp-content\/uploads\/Silvina-Batakis.jpg","type":"image\/jpeg"}],"author":"Jorge Matheus","twitter_card":"summary_large_image","twitter_creator":"@infoecos","twitter_site":"@infoecos","twitter_misc":{"Escrito por":"Jorge Matheus","Tiempo de lectura":"1 minuto"},"schema":{"@context":"https:\/\/schema.org","@graph":[{"@type":"Article","@id":"https:\/\/infoecos.com.ar\/index.php\/la-ministra-de-economia-viaja-a-estados-unidos-y-manana-reunion-con-kristalina-georgieva\/#article","isPartOf":{"@id":"https:\/\/infoecos.com.ar\/index.php\/la-ministra-de-economia-viaja-a-estados-unidos-y-manana-reunion-con-kristalina-georgieva\/"},"author":{"name":"Jorge Matheus","@id":"https:\/\/infoecos.com.ar\/#\/schema\/person\/8f5ace5ce73b4b4aac4b7245aee6f191"},"headline":"La ministra de Econom\u00eda viaja a Estados Unidos y ma\u00f1ana reuni\u00f3n con Kristalina Georgieva","datePublished":"2022-07-24T07:47:19+00:00","dateModified":"2022-07-24T07:47:23+00:00","mainEntityOfPage":{"@id":"https:\/\/infoecos.com.ar\/index.php\/la-ministra-de-economia-viaja-a-estados-unidos-y-manana-reunion-con-kristalina-georgieva\/"},"wordCount":178,"publisher":{"@id":"https:\/\/infoecos.com.ar\/#organization"},"image":{"@id":"https:\/\/infoecos.com.ar\/index.php\/la-ministra-de-economia-viaja-a-estados-unidos-y-manana-reunion-con-kristalina-georgieva\/#primaryimage"},"thumbnailUrl":"","keywords":["POL\u00cdTICA Y ECONOM\u00cdA"],"articleSection":["C2 N2"],"inLanguage":"es"},{"@type":"WebPage","@id":"https:\/\/infoecos.com.ar\/index.php\/la-ministra-de-economia-viaja-a-estados-unidos-y-manana-reunion-con-kristalina-georgieva\/","url":"https:\/\/infoecos.com.ar\/index.php\/la-ministra-de-economia-viaja-a-estados-unidos-y-manana-reunion-con-kristalina-georgieva\/","name":"La ministra de Econom\u00eda viaja a Estados Unidos y ma\u00f1ana reuni\u00f3n con Kristalina Georgieva - Infoecos","isPartOf":{"@id":"https:\/\/infoecos.com.ar\/#website"},"primaryImageOfPage":{"@id":"https:\/\/infoecos.com.ar\/index.php\/la-ministra-de-economia-viaja-a-estados-unidos-y-manana-reunion-con-kristalina-georgieva\/#primaryimage"},"image":{"@id":"https:\/\/infoecos.com.ar\/index.php\/la-ministra-de-economia-viaja-a-estados-unidos-y-manana-reunion-con-kristalina-georgieva\/#primaryimage"},"thumbnailUrl":"","datePublished":"2022-07-24T07:47:19+00:00","dateModified":"2022-07-24T07:47:23+00:00","breadcrumb":{"@id":"https:\/\/infoecos.com.ar\/index.php\/la-ministra-de-economia-viaja-a-estados-unidos-y-manana-reunion-con-kristalina-georgieva\/#breadcrumb"},"inLanguage":"es","potentialAction":[{"@type":"ReadAction","target":["https:\/\/infoecos.com.ar\/index.php\/la-ministra-de-economia-viaja-a-estados-unidos-y-manana-reunion-con-kristalina-georgieva\/"]}]},{"@type":"ImageObject","inLanguage":"es","@id":"https:\/\/infoecos.com.ar\/index.php\/la-ministra-de-economia-viaja-a-estados-unidos-y-manana-reunion-con-kristalina-georgieva\/#primaryimage","url":"","contentUrl":""},{"@type":"BreadcrumbList","@id":"https:\/\/infoecos.com.ar\/index.php\/la-ministra-de-economia-viaja-a-estados-unidos-y-manana-reunion-con-kristalina-georgieva\/#breadcrumb","itemListElement":[{"@type":"ListItem","position":1,"name":"Portada","item":"https:\/\/infoecos.com.ar\/"},{"@type":"ListItem","position":2,"name":"La ministra de Econom\u00eda viaja a Estados Unidos y ma\u00f1ana reuni\u00f3n con Kristalina Georgieva"}]},{"@type":"WebSite","@id":"https:\/\/infoecos.com.ar\/#website","url":"https:\/\/infoecos.com.ar\/","name":"Infoecos","description":"Noticias de trenque lauquen y la zona","publisher":{"@id":"https:\/\/infoecos.com.ar\/#organization"},"alternateName":"Noticias","potentialAction":[{"@type":"SearchAction","target":{"@type":"EntryPoint","urlTemplate":"https:\/\/infoecos.com.ar\/?s={search_term_string}"},"query-input":{"@type":"PropertyValueSpecification","valueRequired":true,"valueName":"search_term_string"}}],"inLanguage":"es"},{"@type":"Organization","@id":"https:\/\/infoecos.com.ar\/#organization","name":"Infoecos","alternateName":"Noticias","url":"https:\/\/infoecos.com.ar\/","logo":{"@type":"ImageObject","inLanguage":"es","@id":"https:\/\/infoecos.com.ar\/#\/schema\/logo\/image\/","url":"https:\/\/infoecos.com.ar\/wp-content\/uploads\/2024\/03\/cropped-logo.png","contentUrl":"https:\/\/infoecos.com.ar\/wp-content\/uploads\/2024\/03\/cropped-logo.png","width":374,"height":90,"caption":"Infoecos"},"image":{"@id":"https:\/\/infoecos.com.ar\/#\/schema\/logo\/image\/"},"sameAs":["https:\/\/www.facebook.com\/profile.php?id=100063200290284","https:\/\/x.com\/infoecos"]},{"@type":"Person","@id":"https:\/\/infoecos.com.ar\/#\/schema\/person\/8f5ace5ce73b4b4aac4b7245aee6f191","name":"Jorge Matheus","url":"https:\/\/infoecos.com.ar\/index.php\/author\/jomatheus\/"}]}},"featured_image_urls":{"full":"","thumbnail":"","medium":"","medium_large":"","large":"","1536x1536":"","2048x2048":"","covernews-slider-full":"","covernews-slider-center":"","covernews-featured":"","covernews-medium":"","covernews-medium-square":""},"author_info":{"info":["Jorge Matheus"]},"category_info":"<a href=\"https:\/\/infoecos.com.ar\/index.php\/category\/c2nota2\/\" rel=\"category tag\">C2 N2<\/a>","tag_info":"C2 N2","comment_count":"0","_links":{"self":[{"href":"https:\/\/infoecos.com.ar\/index.php\/wp-json\/wp\/v2\/posts\/94942"}],"collection":[{"href":"https:\/\/infoecos.com.ar\/index.php\/wp-json\/wp\/v2\/posts"}],"about":[{"href":"https:\/\/infoecos.com.ar\/index.php\/wp-json\/wp\/v2\/types\/post"}],"author":[{"embeddable":true,"href":"https:\/\/infoecos.com.ar\/index.php\/wp-json\/wp\/v2\/users\/2"}],"replies":[{"embeddable":true,"href":"https:\/\/infoecos.com.ar\/index.php\/wp-json\/wp\/v2\/comments?post=94942"}],"version-history":[{"count":1,"href":"https:\/\/infoecos.com.ar\/index.php\/wp-json\/wp\/v2\/posts\/94942\/revisions"}],"predecessor-version":[{"id":94943,"href":"https:\/\/infoecos.com.ar\/index.php\/wp-json\/wp\/v2\/posts\/94942\/revisions\/94943"}],"wp:featuredmedia":[{"embeddable":true,"href":"https:\/\/infoecos.com.ar\/index.php\/wp-json\/"}],"wp:attachment":[{"href":"https:\/\/infoecos.com.ar\/index.php\/wp-json\/wp\/v2\/media?parent=94942"}],"wp:term":[{"taxonomy":"category","embeddable":true,"href":"https:\/\/infoecos.com.ar\/index.php\/wp-json\/wp\/v2\/categories?post=94942"},{"taxonomy":"post_tag","embeddable":true,"href":"https:\/\/infoecos.com.ar\/index.php\/wp-json\/wp\/v2\/tags?post=94942"}],"curies":[{"name":"wp","href":"https:\/\/api.w.org\/{rel}","templated":true}]}}