{"id":94952,"date":"2022-07-24T05:27:29","date_gmt":"2022-07-24T08:27:29","guid":{"rendered":"http:\/\/infoecos.com.ar\/?p=94952"},"modified":"2022-07-24T14:40:43","modified_gmt":"2022-07-24T17:40:43","slug":"que-se-recuerda-y-festeja-el-24-de-julio","status":"publish","type":"post","link":"https:\/\/infoecos.com.ar\/index.php\/que-se-recuerda-y-festeja-el-24-de-julio\/","title":{"rendered":"Que se recuerda y festeja el 24 de Julio&#8230;"},"content":{"rendered":"\n<figure class=\"wp-block-image aligncenter size-large is-resized\"><img loading=\"lazy\" decoding=\"async\" src=\"http:\/\/infoecos.com.ar\/wp-content\/uploads\/2022\/07\/JENNIFERLOPEZ-920x920.jpg\" alt=\"\" class=\"wp-image-94953\" width=\"458\" height=\"458\" srcset=\"https:\/\/infoecos.com.ar\/wp-content\/uploads\/2022\/07\/JENNIFERLOPEZ-920x920.jpg 920w, https:\/\/infoecos.com.ar\/wp-content\/uploads\/2022\/07\/JENNIFERLOPEZ-460x460.jpg 460w, https:\/\/infoecos.com.ar\/wp-content\/uploads\/2022\/07\/JENNIFERLOPEZ-150x150.jpg 150w, https:\/\/infoecos.com.ar\/wp-content\/uploads\/2022\/07\/JENNIFERLOPEZ-768x768.jpg 768w, https:\/\/infoecos.com.ar\/wp-content\/uploads\/2022\/07\/JENNIFERLOPEZ-1024x1024.jpg 1024w, https:\/\/infoecos.com.ar\/wp-content\/uploads\/2022\/07\/JENNIFERLOPEZ.jpg 1200w\" sizes=\"(max-width: 458px) 100vw, 458px\" \/><\/figure>\n\n\n\n<ul class=\"wp-block-list\"><li><strong>1783<\/strong>&nbsp;&#8211;&nbsp;<strong>SIM\u00d3N BOL\u00cdVAR<\/strong>. Nace en Caracas el militar y pol\u00edtico venezolano Sim\u00f3n Bol\u00edvar, fundador de las rep\u00fablicas de la Gran Colombia y de Bolivia. Junto al general Jos\u00e9 de San Mart\u00edn fue una de las figuras m\u00e1s destacadas de la independencia sudamericana de la corona espa\u00f1ola.<\/li><li><\/li><li><strong>1896<\/strong>&nbsp;&#8211;&nbsp;<strong>HOSPITAL PIROVANO<\/strong>. Se inaugura en el barrio Coghlan de Buenos Aires el Hospital General de Agudos Dr. Ignacio Pirovano, en honor al destacado cirujano que hizo la primera operaci\u00f3n de laparoscop\u00eda en el pa\u00eds. El m\u00e9dico Arturo Billinghurst fue el primer director de ese hospital p\u00fablico porte\u00f1o.<\/li><li><\/li><li><strong>1897<\/strong>&nbsp;&#8211;<strong>&nbsp;AMELIA EARHART<\/strong>. Nace en la ciudad de Atchison (Kansas, EEUU) la aviadora estadounidense Amelia Earhart, la primera mujer en cruzar en avi\u00f3n el oc\u00e9ano Atl\u00e1ntico y c\u00e9lebre por sus marcas de vuelo. Desapareci\u00f3 en el oc\u00e9ano Pac\u00edfico en 1937, cuando se propon\u00eda dar la vuelta al mundo en avi\u00f3n sobre la l\u00ednea ecuatorial.<\/li><li><\/li><li><strong>1911<\/strong>&nbsp;&#8211;&nbsp;<strong>MACHU PICCHU<\/strong>. El explorador estadounidense Hiram Bingham descubre las ruinas del poblado incaico de Machu Picchu (\u201cMonte viejo\u201d en lengua quechua) en la cordillera de Los Andes del sur de Per\u00fa, a 2.430 metros sobre el nivel del mar. Machu Picchu fue declarado Patrimonio de la Humanidad en 1983.<\/li><li><\/li><li><strong>1937<\/strong>&nbsp;&#8211;&nbsp;<strong>CARLOS SCAZZIOTTA<\/strong>. Nace en el barrio porte\u00f1o de Flores el actor, humorista y payaso Carlos Scazziota, famoso por su labor en los programas de televisi\u00f3n La Tuerka, El Circo de Carlitos Bal\u00e1 y Los Campanelli. Actu\u00f3 junto a grandes humoristas como Jos\u00e9 Marrone y Jos\u00e9 \u201cPepe\u201d Biondi.<\/li><li><\/li><li><strong>1951<\/strong>&nbsp;&#8211;&nbsp;<strong>LYNDA CARTER.<\/strong>&nbsp;Nace en la ciudad de Phoenix (Arizona, EEUU) la actriz y cantante estadounidense Lynda Carter (Linda Jean C\u00f3rdova Carter),popularmente conocida por interpretar a la Mujer Maravilla en la serie de televisi\u00f3n hom\u00f3nima, de gran \u00e9xito en la d\u00e9cada de 1970.<\/li><li><\/li><li><strong>1958<\/strong>&nbsp;&#8211;&nbsp;<strong>ARTURO FRONDIZI.<\/strong>&nbsp;El presidente Arturo Frondizi anuncia la firma de contratos con petroleras extranjeras en la llamada \u00abbatalla del petr\u00f3leo\u00bb para lograr el autoabastecimiento de hidrocarburos, meta que logr\u00f3 en tres a\u00f1os. Frondizi pag\u00f3 un alto costo pol\u00edtico al perder el apoyo de varios sectores pol\u00edticos y sufrir la renuncia de su vicepresidente, Alejandro G\u00f3mez.<\/li><li><\/li><li><strong>1964<\/strong>&nbsp;&#8211;&nbsp;<strong>GABRIEL F. CAPELLO<\/strong>. Nace en Buenos Aires el m\u00fasico y cantautor Vicentico (Gabriel Julio Fern\u00e1ndez Capello), ganador de dos premios Grammy Latinos, tres Carlos Gardel y dos Konex. Fue cofundador y vocalista de la banda Los Fabulosos Cadillacs hasta 2002, cuando comenz\u00f3 su carrera solista.<\/li><li><\/li><li><strong>1969<\/strong>&nbsp;&#8211;&nbsp;<strong>JENNIFER L\u00d3PEZ<\/strong>. Nace en el barrio neoyorquino del Bronx la actriz, cantante, bailarina y productora discogr\u00e1fica estadounidense Jennifer Lopez (Jennifer Lynn Lopez Rodr\u00edguez), quien lleva vendidos m\u00e1s de 80 millones de discos. Actu\u00f3 en 33 filmes.<\/li><li><\/li><li><strong>2022<\/strong>&nbsp;&#8211;&nbsp;<strong>AM\u00c9RICA LATIN<\/strong>A. Se celebra el D\u00eda de la Integraci\u00f3n de Am\u00e9rica Latina con el fin de fortalecer los lazos culturales y las democracias en la regi\u00f3n. Fue instituido por la Asociaci\u00f3n Latinoamericana de Integraci\u00f3n en la fecha de 1783 del natalicio del general Sim\u00f3n Bol\u00edvar.<\/li><\/ul>\n","protected":false},"excerpt":{"rendered":"<p>Nace en el barrio neoyorquino del Bronx la actriz, cantante, bailarina y productora discogr\u00e1fica estadounidense Jennifer Lopez (Jennifer Lynn Lopez Rodr\u00edguez), quien lleva vendidos m\u00e1s de 80 millones de discos. Actu\u00f3 en 33 filmes<\/p>\n","protected":false},"author":2,"featured_media":94953,"comment_status":"closed","ping_status":"open","sticky":false,"template":"","format":"standard","meta":{"footnotes":""},"categories":[1614],"tags":[4812],"class_list":["post-94952","post","type-post","status-publish","format-standard","has-post-thumbnail","hentry","category-c2nota7","tag-efemerides-infoecos-2"],"yoast_head":"<!-- This site is optimized with the Yoast SEO plugin v23.4 - https:\/\/yoast.com\/wordpress\/plugins\/seo\/ -->\n<title>Que se recuerda y festeja el 24 de Julio... - Infoecos<\/title>\n<meta name=\"robots\" content=\"index, follow, max-snippet:-1, max-image-preview:large, max-video-preview:-1\" \/>\n<link rel=\"canonical\" href=\"https:\/\/infoecos.com.ar\/index.php\/que-se-recuerda-y-festeja-el-24-de-julio\/\" \/>\n<meta property=\"og:locale\" content=\"es_ES\" \/>\n<meta property=\"og:type\" content=\"article\" \/>\n<meta property=\"og:title\" content=\"Que se recuerda y festeja el 24 de Julio... - Infoecos\" \/>\n<meta property=\"og:description\" content=\"Nace en el barrio neoyorquino del Bronx la actriz, cantante, bailarina y productora discogr\u00e1fica estadounidense Jennifer Lopez (Jennifer Lynn Lopez Rodr\u00edguez), quien lleva vendidos m\u00e1s de 80 millones de discos. Actu\u00f3 en 33 filmes\" \/>\n<meta property=\"og:url\" content=\"https:\/\/infoecos.com.ar\/index.php\/que-se-recuerda-y-festeja-el-24-de-julio\/\" \/>\n<meta property=\"og:site_name\" content=\"Infoecos\" \/>\n<meta property=\"article:publisher\" content=\"https:\/\/www.facebook.com\/profile.php?id=100063200290284\" \/>\n<meta property=\"article:published_time\" content=\"2022-07-24T08:27:29+00:00\" \/>\n<meta property=\"article:modified_time\" content=\"2022-07-24T17:40:43+00:00\" \/>\n<meta property=\"og:image\" content=\"https:\/\/infoecos.com.ar\/wp-content\/uploads\/2022\/07\/JENNIFERLOPEZ.jpg\" \/>\n\t<meta property=\"og:image:width\" content=\"1200\" \/>\n\t<meta property=\"og:image:height\" content=\"1200\" \/>\n\t<meta property=\"og:image:type\" content=\"image\/jpeg\" \/>\n<meta name=\"author\" content=\"Jorge Matheus\" \/>\n<meta name=\"twitter:card\" content=\"summary_large_image\" \/>\n<meta name=\"twitter:creator\" content=\"@infoecos\" \/>\n<meta name=\"twitter:site\" content=\"@infoecos\" \/>\n<meta name=\"twitter:label1\" content=\"Escrito por\" \/>\n\t<meta name=\"twitter:data1\" content=\"Jorge Matheus\" \/>\n\t<meta name=\"twitter:label2\" content=\"Tiempo de lectura\" \/>\n\t<meta name=\"twitter:data2\" content=\"3 minutos\" \/>\n<script type=\"application\/ld+json\" class=\"yoast-schema-graph\">{\"@context\":\"https:\/\/schema.org\",\"@graph\":[{\"@type\":\"Article\",\"@id\":\"https:\/\/infoecos.com.ar\/index.php\/que-se-recuerda-y-festeja-el-24-de-julio\/#article\",\"isPartOf\":{\"@id\":\"https:\/\/infoecos.com.ar\/index.php\/que-se-recuerda-y-festeja-el-24-de-julio\/\"},\"author\":{\"name\":\"Jorge Matheus\",\"@id\":\"https:\/\/infoecos.com.ar\/#\/schema\/person\/8f5ace5ce73b4b4aac4b7245aee6f191\"},\"headline\":\"Que se recuerda y festeja el 24 de Julio&#8230;\",\"datePublished\":\"2022-07-24T08:27:29+00:00\",\"dateModified\":\"2022-07-24T17:40:43+00:00\",\"mainEntityOfPage\":{\"@id\":\"https:\/\/infoecos.com.ar\/index.php\/que-se-recuerda-y-festeja-el-24-de-julio\/\"},\"wordCount\":547,\"publisher\":{\"@id\":\"https:\/\/infoecos.com.ar\/#organization\"},\"image\":{\"@id\":\"https:\/\/infoecos.com.ar\/index.php\/que-se-recuerda-y-festeja-el-24-de-julio\/#primaryimage\"},\"thumbnailUrl\":\"https:\/\/infoecos.com.ar\/wp-content\/uploads\/2022\/07\/JENNIFERLOPEZ.jpg\",\"keywords\":[\"EFEM\u00c9RIDES INFOECOS\"],\"articleSection\":[\"C2 N7\"],\"inLanguage\":\"es\"},{\"@type\":\"WebPage\",\"@id\":\"https:\/\/infoecos.com.ar\/index.php\/que-se-recuerda-y-festeja-el-24-de-julio\/\",\"url\":\"https:\/\/infoecos.com.ar\/index.php\/que-se-recuerda-y-festeja-el-24-de-julio\/\",\"name\":\"Que se recuerda y festeja el 24 de Julio... - Infoecos\",\"isPartOf\":{\"@id\":\"https:\/\/infoecos.com.ar\/#website\"},\"primaryImageOfPage\":{\"@id\":\"https:\/\/infoecos.com.ar\/index.php\/que-se-recuerda-y-festeja-el-24-de-julio\/#primaryimage\"},\"image\":{\"@id\":\"https:\/\/infoecos.com.ar\/index.php\/que-se-recuerda-y-festeja-el-24-de-julio\/#primaryimage\"},\"thumbnailUrl\":\"https:\/\/infoecos.com.ar\/wp-content\/uploads\/2022\/07\/JENNIFERLOPEZ.jpg\",\"datePublished\":\"2022-07-24T08:27:29+00:00\",\"dateModified\":\"2022-07-24T17:40:43+00:00\",\"breadcrumb\":{\"@id\":\"https:\/\/infoecos.com.ar\/index.php\/que-se-recuerda-y-festeja-el-24-de-julio\/#breadcrumb\"},\"inLanguage\":\"es\",\"potentialAction\":[{\"@type\":\"ReadAction\",\"target\":[\"https:\/\/infoecos.com.ar\/index.php\/que-se-recuerda-y-festeja-el-24-de-julio\/\"]}]},{\"@type\":\"ImageObject\",\"inLanguage\":\"es\",\"@id\":\"https:\/\/infoecos.com.ar\/index.php\/que-se-recuerda-y-festeja-el-24-de-julio\/#primaryimage\",\"url\":\"https:\/\/infoecos.com.ar\/wp-content\/uploads\/2022\/07\/JENNIFERLOPEZ.jpg\",\"contentUrl\":\"https:\/\/infoecos.com.ar\/wp-content\/uploads\/2022\/07\/JENNIFERLOPEZ.jpg\",\"width\":1200,\"height\":1200},{\"@type\":\"BreadcrumbList\",\"@id\":\"https:\/\/infoecos.com.ar\/index.php\/que-se-recuerda-y-festeja-el-24-de-julio\/#breadcrumb\",\"itemListElement\":[{\"@type\":\"ListItem\",\"position\":1,\"name\":\"Portada\",\"item\":\"https:\/\/infoecos.com.ar\/\"},{\"@type\":\"ListItem\",\"position\":2,\"name\":\"Que se recuerda y festeja el 24 de Julio&#8230;\"}]},{\"@type\":\"WebSite\",\"@id\":\"https:\/\/infoecos.com.ar\/#website\",\"url\":\"https:\/\/infoecos.com.ar\/\",\"name\":\"Infoecos\",\"description\":\"Noticias de trenque lauquen y la zona\",\"publisher\":{\"@id\":\"https:\/\/infoecos.com.ar\/#organization\"},\"alternateName\":\"Noticias\",\"potentialAction\":[{\"@type\":\"SearchAction\",\"target\":{\"@type\":\"EntryPoint\",\"urlTemplate\":\"https:\/\/infoecos.com.ar\/?s={search_term_string}\"},\"query-input\":{\"@type\":\"PropertyValueSpecification\",\"valueRequired\":true,\"valueName\":\"search_term_string\"}}],\"inLanguage\":\"es\"},{\"@type\":\"Organization\",\"@id\":\"https:\/\/infoecos.com.ar\/#organization\",\"name\":\"Infoecos\",\"alternateName\":\"Noticias\",\"url\":\"https:\/\/infoecos.com.ar\/\",\"logo\":{\"@type\":\"ImageObject\",\"inLanguage\":\"es\",\"@id\":\"https:\/\/infoecos.com.ar\/#\/schema\/logo\/image\/\",\"url\":\"https:\/\/infoecos.com.ar\/wp-content\/uploads\/2024\/03\/cropped-logo.png\",\"contentUrl\":\"https:\/\/infoecos.com.ar\/wp-content\/uploads\/2024\/03\/cropped-logo.png\",\"width\":374,\"height\":90,\"caption\":\"Infoecos\"},\"image\":{\"@id\":\"https:\/\/infoecos.com.ar\/#\/schema\/logo\/image\/\"},\"sameAs\":[\"https:\/\/www.facebook.com\/profile.php?id=100063200290284\",\"https:\/\/x.com\/infoecos\"]},{\"@type\":\"Person\",\"@id\":\"https:\/\/infoecos.com.ar\/#\/schema\/person\/8f5ace5ce73b4b4aac4b7245aee6f191\",\"name\":\"Jorge Matheus\",\"url\":\"https:\/\/infoecos.com.ar\/index.php\/author\/jomatheus\/\"}]}<\/script>\n<!-- \/ Yoast SEO plugin. -->","yoast_head_json":{"title":"Que se recuerda y festeja el 24 de Julio... - Infoecos","robots":{"index":"index","follow":"follow","max-snippet":"max-snippet:-1","max-image-preview":"max-image-preview:large","max-video-preview":"max-video-preview:-1"},"canonical":"https:\/\/infoecos.com.ar\/index.php\/que-se-recuerda-y-festeja-el-24-de-julio\/","og_locale":"es_ES","og_type":"article","og_title":"Que se recuerda y festeja el 24 de Julio... - Infoecos","og_description":"Nace en el barrio neoyorquino del Bronx la actriz, cantante, bailarina y productora discogr\u00e1fica estadounidense Jennifer Lopez (Jennifer Lynn Lopez Rodr\u00edguez), quien lleva vendidos m\u00e1s de 80 millones de discos. Actu\u00f3 en 33 filmes","og_url":"https:\/\/infoecos.com.ar\/index.php\/que-se-recuerda-y-festeja-el-24-de-julio\/","og_site_name":"Infoecos","article_publisher":"https:\/\/www.facebook.com\/profile.php?id=100063200290284","article_published_time":"2022-07-24T08:27:29+00:00","article_modified_time":"2022-07-24T17:40:43+00:00","og_image":[{"width":1200,"height":1200,"url":"https:\/\/infoecos.com.ar\/wp-content\/uploads\/2022\/07\/JENNIFERLOPEZ.jpg","type":"image\/jpeg"}],"author":"Jorge Matheus","twitter_card":"summary_large_image","twitter_creator":"@infoecos","twitter_site":"@infoecos","twitter_misc":{"Escrito por":"Jorge Matheus","Tiempo de lectura":"3 minutos"},"schema":{"@context":"https:\/\/schema.org","@graph":[{"@type":"Article","@id":"https:\/\/infoecos.com.ar\/index.php\/que-se-recuerda-y-festeja-el-24-de-julio\/#article","isPartOf":{"@id":"https:\/\/infoecos.com.ar\/index.php\/que-se-recuerda-y-festeja-el-24-de-julio\/"},"author":{"name":"Jorge Matheus","@id":"https:\/\/infoecos.com.ar\/#\/schema\/person\/8f5ace5ce73b4b4aac4b7245aee6f191"},"headline":"Que se recuerda y festeja el 24 de Julio&#8230;","datePublished":"2022-07-24T08:27:29+00:00","dateModified":"2022-07-24T17:40:43+00:00","mainEntityOfPage":{"@id":"https:\/\/infoecos.com.ar\/index.php\/que-se-recuerda-y-festeja-el-24-de-julio\/"},"wordCount":547,"publisher":{"@id":"https:\/\/infoecos.com.ar\/#organization"},"image":{"@id":"https:\/\/infoecos.com.ar\/index.php\/que-se-recuerda-y-festeja-el-24-de-julio\/#primaryimage"},"thumbnailUrl":"https:\/\/infoecos.com.ar\/wp-content\/uploads\/2022\/07\/JENNIFERLOPEZ.jpg","keywords":["EFEM\u00c9RIDES INFOECOS"],"articleSection":["C2 N7"],"inLanguage":"es"},{"@type":"WebPage","@id":"https:\/\/infoecos.com.ar\/index.php\/que-se-recuerda-y-festeja-el-24-de-julio\/","url":"https:\/\/infoecos.com.ar\/index.php\/que-se-recuerda-y-festeja-el-24-de-julio\/","name":"Que se recuerda y festeja el 24 de Julio... - Infoecos","isPartOf":{"@id":"https:\/\/infoecos.com.ar\/#website"},"primaryImageOfPage":{"@id":"https:\/\/infoecos.com.ar\/index.php\/que-se-recuerda-y-festeja-el-24-de-julio\/#primaryimage"},"image":{"@id":"https:\/\/infoecos.com.ar\/index.php\/que-se-recuerda-y-festeja-el-24-de-julio\/#primaryimage"},"thumbnailUrl":"https:\/\/infoecos.com.ar\/wp-content\/uploads\/2022\/07\/JENNIFERLOPEZ.jpg","datePublished":"2022-07-24T08:27:29+00:00","dateModified":"2022-07-24T17:40:43+00:00","breadcrumb":{"@id":"https:\/\/infoecos.com.ar\/index.php\/que-se-recuerda-y-festeja-el-24-de-julio\/#breadcrumb"},"inLanguage":"es","potentialAction":[{"@type":"ReadAction","target":["https:\/\/infoecos.com.ar\/index.php\/que-se-recuerda-y-festeja-el-24-de-julio\/"]}]},{"@type":"ImageObject","inLanguage":"es","@id":"https:\/\/infoecos.com.ar\/index.php\/que-se-recuerda-y-festeja-el-24-de-julio\/#primaryimage","url":"https:\/\/infoecos.com.ar\/wp-content\/uploads\/2022\/07\/JENNIFERLOPEZ.jpg","contentUrl":"https:\/\/infoecos.com.ar\/wp-content\/uploads\/2022\/07\/JENNIFERLOPEZ.jpg","width":1200,"height":1200},{"@type":"BreadcrumbList","@id":"https:\/\/infoecos.com.ar\/index.php\/que-se-recuerda-y-festeja-el-24-de-julio\/#breadcrumb","itemListElement":[{"@type":"ListItem","position":1,"name":"Portada","item":"https:\/\/infoecos.com.ar\/"},{"@type":"ListItem","position":2,"name":"Que se recuerda y festeja el 24 de Julio&#8230;"}]},{"@type":"WebSite","@id":"https:\/\/infoecos.com.ar\/#website","url":"https:\/\/infoecos.com.ar\/","name":"Infoecos","description":"Noticias de trenque lauquen y la zona","publisher":{"@id":"https:\/\/infoecos.com.ar\/#organization"},"alternateName":"Noticias","potentialAction":[{"@type":"SearchAction","target":{"@type":"EntryPoint","urlTemplate":"https:\/\/infoecos.com.ar\/?s={search_term_string}"},"query-input":{"@type":"PropertyValueSpecification","valueRequired":true,"valueName":"search_term_string"}}],"inLanguage":"es"},{"@type":"Organization","@id":"https:\/\/infoecos.com.ar\/#organization","name":"Infoecos","alternateName":"Noticias","url":"https:\/\/infoecos.com.ar\/","logo":{"@type":"ImageObject","inLanguage":"es","@id":"https:\/\/infoecos.com.ar\/#\/schema\/logo\/image\/","url":"https:\/\/infoecos.com.ar\/wp-content\/uploads\/2024\/03\/cropped-logo.png","contentUrl":"https:\/\/infoecos.com.ar\/wp-content\/uploads\/2024\/03\/cropped-logo.png","width":374,"height":90,"caption":"Infoecos"},"image":{"@id":"https:\/\/infoecos.com.ar\/#\/schema\/logo\/image\/"},"sameAs":["https:\/\/www.facebook.com\/profile.php?id=100063200290284","https:\/\/x.com\/infoecos"]},{"@type":"Person","@id":"https:\/\/infoecos.com.ar\/#\/schema\/person\/8f5ace5ce73b4b4aac4b7245aee6f191","name":"Jorge Matheus","url":"https:\/\/infoecos.com.ar\/index.php\/author\/jomatheus\/"}]}},"featured_image_urls":{"full":["https:\/\/infoecos.com.ar\/wp-content\/uploads\/2022\/07\/JENNIFERLOPEZ.jpg",1200,1200,false],"thumbnail":["https:\/\/infoecos.com.ar\/wp-content\/uploads\/2022\/07\/JENNIFERLOPEZ-150x150.jpg",150,150,true],"medium":["https:\/\/infoecos.com.ar\/wp-content\/uploads\/2022\/07\/JENNIFERLOPEZ-460x460.jpg",460,460,true],"medium_large":["https:\/\/infoecos.com.ar\/wp-content\/uploads\/2022\/07\/JENNIFERLOPEZ-768x768.jpg",640,640,true],"large":["https:\/\/infoecos.com.ar\/wp-content\/uploads\/2022\/07\/JENNIFERLOPEZ-920x920.jpg",640,640,true],"1536x1536":["https:\/\/infoecos.com.ar\/wp-content\/uploads\/2022\/07\/JENNIFERLOPEZ.jpg",1200,1200,false],"2048x2048":["https:\/\/infoecos.com.ar\/wp-content\/uploads\/2022\/07\/JENNIFERLOPEZ.jpg",1200,1200,false],"covernews-slider-full":["https:\/\/infoecos.com.ar\/wp-content\/uploads\/2022\/07\/JENNIFERLOPEZ-1200x1020.jpg",841,715,true],"covernews-slider-center":["https:\/\/infoecos.com.ar\/wp-content\/uploads\/2022\/07\/JENNIFERLOPEZ-936x897.jpg",522,500,true],"covernews-featured":["https:\/\/infoecos.com.ar\/wp-content\/uploads\/2022\/07\/JENNIFERLOPEZ-1024x1024.jpg",1024,1024,true],"covernews-medium":["https:\/\/infoecos.com.ar\/wp-content\/uploads\/2022\/07\/JENNIFERLOPEZ-720x380.jpg",540,285,true],"covernews-medium-square":["https:\/\/infoecos.com.ar\/wp-content\/uploads\/2022\/07\/JENNIFERLOPEZ-675x450.jpg",375,250,true]},"author_info":{"info":["Jorge Matheus"]},"category_info":"<a href=\"https:\/\/infoecos.com.ar\/index.php\/category\/c2nota7\/\" rel=\"category tag\">C2 N7<\/a>","tag_info":"C2 N7","comment_count":"0","_links":{"self":[{"href":"https:\/\/infoecos.com.ar\/index.php\/wp-json\/wp\/v2\/posts\/94952"}],"collection":[{"href":"https:\/\/infoecos.com.ar\/index.php\/wp-json\/wp\/v2\/posts"}],"about":[{"href":"https:\/\/infoecos.com.ar\/index.php\/wp-json\/wp\/v2\/types\/post"}],"author":[{"embeddable":true,"href":"https:\/\/infoecos.com.ar\/index.php\/wp-json\/wp\/v2\/users\/2"}],"replies":[{"embeddable":true,"href":"https:\/\/infoecos.com.ar\/index.php\/wp-json\/wp\/v2\/comments?post=94952"}],"version-history":[{"count":2,"href":"https:\/\/infoecos.com.ar\/index.php\/wp-json\/wp\/v2\/posts\/94952\/revisions"}],"predecessor-version":[{"id":94955,"href":"https:\/\/infoecos.com.ar\/index.php\/wp-json\/wp\/v2\/posts\/94952\/revisions\/94955"}],"wp:featuredmedia":[{"embeddable":true,"href":"https:\/\/infoecos.com.ar\/index.php\/wp-json\/wp\/v2\/media\/94953"}],"wp:attachment":[{"href":"https:\/\/infoecos.com.ar\/index.php\/wp-json\/wp\/v2\/media?parent=94952"}],"wp:term":[{"taxonomy":"category","embeddable":true,"href":"https:\/\/infoecos.com.ar\/index.php\/wp-json\/wp\/v2\/categories?post=94952"},{"taxonomy":"post_tag","embeddable":true,"href":"https:\/\/infoecos.com.ar\/index.php\/wp-json\/wp\/v2\/tags?post=94952"}],"curies":[{"name":"wp","href":"https:\/\/api.w.org\/{rel}","templated":true}]}}