{"id":95027,"date":"2022-07-25T18:44:50","date_gmt":"2022-07-25T21:44:50","guid":{"rendered":"http:\/\/infoecos.com.ar\/?p=95027"},"modified":"2022-07-25T18:44:51","modified_gmt":"2022-07-25T21:44:51","slug":"valores-meteorologicos-en-trenque-lauquen-hasta-las-17-45-de-este-lunes-25-de-julio","status":"publish","type":"post","link":"https:\/\/infoecos.com.ar\/index.php\/valores-meteorologicos-en-trenque-lauquen-hasta-las-17-45-de-este-lunes-25-de-julio\/","title":{"rendered":"Valores meteorol\u00f3gicos en Trenque Lauquen hasta las 17.45 de este lunes 25 de Julio"},"content":{"rendered":"\n<p>Valores meteorol\u00f3gicos en <mark style=\"background-color:rgba(0, 0, 0, 0)\" class=\"has-inline-color has-luminous-vivid-amber-color\"><strong>Trenque Lauquen<\/strong><\/mark> hasta las 17.45 de este lunes 25 de Julio. <\/p>\n\n\n\n<p>Informaci\u00f3n tomada de los Sensores Clim\u00e1ticos que posee el municipio. <\/p>\n\n\n\n<p><\/p>\n\n\n\n<figure class=\"wp-block-image size-large\"><img loading=\"lazy\" decoding=\"async\" width=\"920\" height=\"496\" src=\"http:\/\/infoecos.com.ar\/wp-content\/uploads\/2022\/07\/VALORESMETEOROLOGICOS-920x496.jpg\" alt=\"\" class=\"wp-image-95028\" srcset=\"https:\/\/infoecos.com.ar\/wp-content\/uploads\/2022\/07\/VALORESMETEOROLOGICOS-920x496.jpg 920w, https:\/\/infoecos.com.ar\/wp-content\/uploads\/2022\/07\/VALORESMETEOROLOGICOS-460x248.jpg 460w, https:\/\/infoecos.com.ar\/wp-content\/uploads\/2022\/07\/VALORESMETEOROLOGICOS-768x414.jpg 768w, https:\/\/infoecos.com.ar\/wp-content\/uploads\/2022\/07\/VALORESMETEOROLOGICOS-1024x552.jpg 1024w, https:\/\/infoecos.com.ar\/wp-content\/uploads\/2022\/07\/VALORESMETEOROLOGICOS.jpg 1235w\" sizes=\"(max-width: 920px) 100vw, 920px\" \/><\/figure>\n","protected":false},"excerpt":{"rendered":"<p>Informaci\u00f3n tomada de los Sensores Clim\u00e1ticos que posee el municipio<\/p>\n","protected":false},"author":2,"featured_media":52940,"comment_status":"closed","ping_status":"open","sticky":false,"template":"","format":"standard","meta":{"footnotes":""},"categories":[25],"tags":[6376],"class_list":["post-95027","post","type-post","status-publish","format-standard","has-post-thumbnail","hentry","category-c3nota1","tag-el-tiempo"],"yoast_head":"<!-- This site is optimized with the Yoast SEO plugin v23.4 - https:\/\/yoast.com\/wordpress\/plugins\/seo\/ -->\n<title>Valores meteorol\u00f3gicos en Trenque Lauquen hasta las 17.45 de este lunes 25 de Julio - Infoecos<\/title>\n<meta name=\"robots\" content=\"index, follow, max-snippet:-1, max-image-preview:large, max-video-preview:-1\" \/>\n<link rel=\"canonical\" href=\"https:\/\/infoecos.com.ar\/index.php\/valores-meteorologicos-en-trenque-lauquen-hasta-las-17-45-de-este-lunes-25-de-julio\/\" \/>\n<meta property=\"og:locale\" content=\"es_ES\" \/>\n<meta property=\"og:type\" content=\"article\" \/>\n<meta property=\"og:title\" content=\"Valores meteorol\u00f3gicos en Trenque Lauquen hasta las 17.45 de este lunes 25 de Julio - Infoecos\" \/>\n<meta property=\"og:description\" content=\"Informaci\u00f3n tomada de los Sensores Clim\u00e1ticos que posee el municipio\" \/>\n<meta property=\"og:url\" content=\"https:\/\/infoecos.com.ar\/index.php\/valores-meteorologicos-en-trenque-lauquen-hasta-las-17-45-de-este-lunes-25-de-julio\/\" \/>\n<meta property=\"og:site_name\" content=\"Infoecos\" \/>\n<meta property=\"article:publisher\" content=\"https:\/\/www.facebook.com\/profile.php?id=100063200290284\" \/>\n<meta property=\"article:published_time\" content=\"2022-07-25T21:44:50+00:00\" \/>\n<meta property=\"article:modified_time\" content=\"2022-07-25T21:44:51+00:00\" \/>\n<meta property=\"og:image\" content=\"https:\/\/infoecos.com.ar\/wp-content\/uploads\/alerta.jpg\" \/>\n\t<meta property=\"og:image:width\" content=\"800\" \/>\n\t<meta property=\"og:image:height\" content=\"515\" \/>\n\t<meta property=\"og:image:type\" content=\"image\/jpeg\" \/>\n<meta name=\"author\" content=\"Jorge Matheus\" \/>\n<meta name=\"twitter:card\" content=\"summary_large_image\" \/>\n<meta name=\"twitter:creator\" content=\"@infoecos\" \/>\n<meta name=\"twitter:site\" content=\"@infoecos\" \/>\n<meta name=\"twitter:label1\" content=\"Escrito por\" \/>\n\t<meta name=\"twitter:data1\" content=\"Jorge Matheus\" \/>\n<script type=\"application\/ld+json\" class=\"yoast-schema-graph\">{\"@context\":\"https:\/\/schema.org\",\"@graph\":[{\"@type\":\"Article\",\"@id\":\"https:\/\/infoecos.com.ar\/index.php\/valores-meteorologicos-en-trenque-lauquen-hasta-las-17-45-de-este-lunes-25-de-julio\/#article\",\"isPartOf\":{\"@id\":\"https:\/\/infoecos.com.ar\/index.php\/valores-meteorologicos-en-trenque-lauquen-hasta-las-17-45-de-este-lunes-25-de-julio\/\"},\"author\":{\"name\":\"Jorge Matheus\",\"@id\":\"https:\/\/infoecos.com.ar\/#\/schema\/person\/8f5ace5ce73b4b4aac4b7245aee6f191\"},\"headline\":\"Valores meteorol\u00f3gicos en Trenque Lauquen hasta las 17.45 de este lunes 25 de Julio\",\"datePublished\":\"2022-07-25T21:44:50+00:00\",\"dateModified\":\"2022-07-25T21:44:51+00:00\",\"mainEntityOfPage\":{\"@id\":\"https:\/\/infoecos.com.ar\/index.php\/valores-meteorologicos-en-trenque-lauquen-hasta-las-17-45-de-este-lunes-25-de-julio\/\"},\"wordCount\":38,\"publisher\":{\"@id\":\"https:\/\/infoecos.com.ar\/#organization\"},\"image\":{\"@id\":\"https:\/\/infoecos.com.ar\/index.php\/valores-meteorologicos-en-trenque-lauquen-hasta-las-17-45-de-este-lunes-25-de-julio\/#primaryimage\"},\"thumbnailUrl\":\"\",\"keywords\":[\"el tiempo\"],\"articleSection\":[\"C3 N1\"],\"inLanguage\":\"es\"},{\"@type\":\"WebPage\",\"@id\":\"https:\/\/infoecos.com.ar\/index.php\/valores-meteorologicos-en-trenque-lauquen-hasta-las-17-45-de-este-lunes-25-de-julio\/\",\"url\":\"https:\/\/infoecos.com.ar\/index.php\/valores-meteorologicos-en-trenque-lauquen-hasta-las-17-45-de-este-lunes-25-de-julio\/\",\"name\":\"Valores meteorol\u00f3gicos en Trenque Lauquen hasta las 17.45 de este lunes 25 de Julio - Infoecos\",\"isPartOf\":{\"@id\":\"https:\/\/infoecos.com.ar\/#website\"},\"primaryImageOfPage\":{\"@id\":\"https:\/\/infoecos.com.ar\/index.php\/valores-meteorologicos-en-trenque-lauquen-hasta-las-17-45-de-este-lunes-25-de-julio\/#primaryimage\"},\"image\":{\"@id\":\"https:\/\/infoecos.com.ar\/index.php\/valores-meteorologicos-en-trenque-lauquen-hasta-las-17-45-de-este-lunes-25-de-julio\/#primaryimage\"},\"thumbnailUrl\":\"\",\"datePublished\":\"2022-07-25T21:44:50+00:00\",\"dateModified\":\"2022-07-25T21:44:51+00:00\",\"breadcrumb\":{\"@id\":\"https:\/\/infoecos.com.ar\/index.php\/valores-meteorologicos-en-trenque-lauquen-hasta-las-17-45-de-este-lunes-25-de-julio\/#breadcrumb\"},\"inLanguage\":\"es\",\"potentialAction\":[{\"@type\":\"ReadAction\",\"target\":[\"https:\/\/infoecos.com.ar\/index.php\/valores-meteorologicos-en-trenque-lauquen-hasta-las-17-45-de-este-lunes-25-de-julio\/\"]}]},{\"@type\":\"ImageObject\",\"inLanguage\":\"es\",\"@id\":\"https:\/\/infoecos.com.ar\/index.php\/valores-meteorologicos-en-trenque-lauquen-hasta-las-17-45-de-este-lunes-25-de-julio\/#primaryimage\",\"url\":\"\",\"contentUrl\":\"\"},{\"@type\":\"BreadcrumbList\",\"@id\":\"https:\/\/infoecos.com.ar\/index.php\/valores-meteorologicos-en-trenque-lauquen-hasta-las-17-45-de-este-lunes-25-de-julio\/#breadcrumb\",\"itemListElement\":[{\"@type\":\"ListItem\",\"position\":1,\"name\":\"Portada\",\"item\":\"https:\/\/infoecos.com.ar\/\"},{\"@type\":\"ListItem\",\"position\":2,\"name\":\"Valores meteorol\u00f3gicos en Trenque Lauquen hasta las 17.45 de este lunes 25 de Julio\"}]},{\"@type\":\"WebSite\",\"@id\":\"https:\/\/infoecos.com.ar\/#website\",\"url\":\"https:\/\/infoecos.com.ar\/\",\"name\":\"Infoecos\",\"description\":\"Noticias de trenque lauquen y la zona\",\"publisher\":{\"@id\":\"https:\/\/infoecos.com.ar\/#organization\"},\"alternateName\":\"Noticias\",\"potentialAction\":[{\"@type\":\"SearchAction\",\"target\":{\"@type\":\"EntryPoint\",\"urlTemplate\":\"https:\/\/infoecos.com.ar\/?s={search_term_string}\"},\"query-input\":{\"@type\":\"PropertyValueSpecification\",\"valueRequired\":true,\"valueName\":\"search_term_string\"}}],\"inLanguage\":\"es\"},{\"@type\":\"Organization\",\"@id\":\"https:\/\/infoecos.com.ar\/#organization\",\"name\":\"Infoecos\",\"alternateName\":\"Noticias\",\"url\":\"https:\/\/infoecos.com.ar\/\",\"logo\":{\"@type\":\"ImageObject\",\"inLanguage\":\"es\",\"@id\":\"https:\/\/infoecos.com.ar\/#\/schema\/logo\/image\/\",\"url\":\"https:\/\/infoecos.com.ar\/wp-content\/uploads\/2024\/03\/cropped-logo.png\",\"contentUrl\":\"https:\/\/infoecos.com.ar\/wp-content\/uploads\/2024\/03\/cropped-logo.png\",\"width\":374,\"height\":90,\"caption\":\"Infoecos\"},\"image\":{\"@id\":\"https:\/\/infoecos.com.ar\/#\/schema\/logo\/image\/\"},\"sameAs\":[\"https:\/\/www.facebook.com\/profile.php?id=100063200290284\",\"https:\/\/x.com\/infoecos\"]},{\"@type\":\"Person\",\"@id\":\"https:\/\/infoecos.com.ar\/#\/schema\/person\/8f5ace5ce73b4b4aac4b7245aee6f191\",\"name\":\"Jorge Matheus\",\"url\":\"https:\/\/infoecos.com.ar\/index.php\/author\/jomatheus\/\"}]}<\/script>\n<!-- \/ Yoast SEO plugin. -->","yoast_head_json":{"title":"Valores meteorol\u00f3gicos en Trenque Lauquen hasta las 17.45 de este lunes 25 de Julio - Infoecos","robots":{"index":"index","follow":"follow","max-snippet":"max-snippet:-1","max-image-preview":"max-image-preview:large","max-video-preview":"max-video-preview:-1"},"canonical":"https:\/\/infoecos.com.ar\/index.php\/valores-meteorologicos-en-trenque-lauquen-hasta-las-17-45-de-este-lunes-25-de-julio\/","og_locale":"es_ES","og_type":"article","og_title":"Valores meteorol\u00f3gicos en Trenque Lauquen hasta las 17.45 de este lunes 25 de Julio - Infoecos","og_description":"Informaci\u00f3n tomada de los Sensores Clim\u00e1ticos que posee el municipio","og_url":"https:\/\/infoecos.com.ar\/index.php\/valores-meteorologicos-en-trenque-lauquen-hasta-las-17-45-de-este-lunes-25-de-julio\/","og_site_name":"Infoecos","article_publisher":"https:\/\/www.facebook.com\/profile.php?id=100063200290284","article_published_time":"2022-07-25T21:44:50+00:00","article_modified_time":"2022-07-25T21:44:51+00:00","og_image":[{"width":800,"height":515,"url":"https:\/\/infoecos.com.ar\/wp-content\/uploads\/alerta.jpg","type":"image\/jpeg"}],"author":"Jorge Matheus","twitter_card":"summary_large_image","twitter_creator":"@infoecos","twitter_site":"@infoecos","twitter_misc":{"Escrito por":"Jorge Matheus"},"schema":{"@context":"https:\/\/schema.org","@graph":[{"@type":"Article","@id":"https:\/\/infoecos.com.ar\/index.php\/valores-meteorologicos-en-trenque-lauquen-hasta-las-17-45-de-este-lunes-25-de-julio\/#article","isPartOf":{"@id":"https:\/\/infoecos.com.ar\/index.php\/valores-meteorologicos-en-trenque-lauquen-hasta-las-17-45-de-este-lunes-25-de-julio\/"},"author":{"name":"Jorge Matheus","@id":"https:\/\/infoecos.com.ar\/#\/schema\/person\/8f5ace5ce73b4b4aac4b7245aee6f191"},"headline":"Valores meteorol\u00f3gicos en Trenque Lauquen hasta las 17.45 de este lunes 25 de Julio","datePublished":"2022-07-25T21:44:50+00:00","dateModified":"2022-07-25T21:44:51+00:00","mainEntityOfPage":{"@id":"https:\/\/infoecos.com.ar\/index.php\/valores-meteorologicos-en-trenque-lauquen-hasta-las-17-45-de-este-lunes-25-de-julio\/"},"wordCount":38,"publisher":{"@id":"https:\/\/infoecos.com.ar\/#organization"},"image":{"@id":"https:\/\/infoecos.com.ar\/index.php\/valores-meteorologicos-en-trenque-lauquen-hasta-las-17-45-de-este-lunes-25-de-julio\/#primaryimage"},"thumbnailUrl":"","keywords":["el tiempo"],"articleSection":["C3 N1"],"inLanguage":"es"},{"@type":"WebPage","@id":"https:\/\/infoecos.com.ar\/index.php\/valores-meteorologicos-en-trenque-lauquen-hasta-las-17-45-de-este-lunes-25-de-julio\/","url":"https:\/\/infoecos.com.ar\/index.php\/valores-meteorologicos-en-trenque-lauquen-hasta-las-17-45-de-este-lunes-25-de-julio\/","name":"Valores meteorol\u00f3gicos en Trenque Lauquen hasta las 17.45 de este lunes 25 de Julio - Infoecos","isPartOf":{"@id":"https:\/\/infoecos.com.ar\/#website"},"primaryImageOfPage":{"@id":"https:\/\/infoecos.com.ar\/index.php\/valores-meteorologicos-en-trenque-lauquen-hasta-las-17-45-de-este-lunes-25-de-julio\/#primaryimage"},"image":{"@id":"https:\/\/infoecos.com.ar\/index.php\/valores-meteorologicos-en-trenque-lauquen-hasta-las-17-45-de-este-lunes-25-de-julio\/#primaryimage"},"thumbnailUrl":"","datePublished":"2022-07-25T21:44:50+00:00","dateModified":"2022-07-25T21:44:51+00:00","breadcrumb":{"@id":"https:\/\/infoecos.com.ar\/index.php\/valores-meteorologicos-en-trenque-lauquen-hasta-las-17-45-de-este-lunes-25-de-julio\/#breadcrumb"},"inLanguage":"es","potentialAction":[{"@type":"ReadAction","target":["https:\/\/infoecos.com.ar\/index.php\/valores-meteorologicos-en-trenque-lauquen-hasta-las-17-45-de-este-lunes-25-de-julio\/"]}]},{"@type":"ImageObject","inLanguage":"es","@id":"https:\/\/infoecos.com.ar\/index.php\/valores-meteorologicos-en-trenque-lauquen-hasta-las-17-45-de-este-lunes-25-de-julio\/#primaryimage","url":"","contentUrl":""},{"@type":"BreadcrumbList","@id":"https:\/\/infoecos.com.ar\/index.php\/valores-meteorologicos-en-trenque-lauquen-hasta-las-17-45-de-este-lunes-25-de-julio\/#breadcrumb","itemListElement":[{"@type":"ListItem","position":1,"name":"Portada","item":"https:\/\/infoecos.com.ar\/"},{"@type":"ListItem","position":2,"name":"Valores meteorol\u00f3gicos en Trenque Lauquen hasta las 17.45 de este lunes 25 de Julio"}]},{"@type":"WebSite","@id":"https:\/\/infoecos.com.ar\/#website","url":"https:\/\/infoecos.com.ar\/","name":"Infoecos","description":"Noticias de trenque lauquen y la zona","publisher":{"@id":"https:\/\/infoecos.com.ar\/#organization"},"alternateName":"Noticias","potentialAction":[{"@type":"SearchAction","target":{"@type":"EntryPoint","urlTemplate":"https:\/\/infoecos.com.ar\/?s={search_term_string}"},"query-input":{"@type":"PropertyValueSpecification","valueRequired":true,"valueName":"search_term_string"}}],"inLanguage":"es"},{"@type":"Organization","@id":"https:\/\/infoecos.com.ar\/#organization","name":"Infoecos","alternateName":"Noticias","url":"https:\/\/infoecos.com.ar\/","logo":{"@type":"ImageObject","inLanguage":"es","@id":"https:\/\/infoecos.com.ar\/#\/schema\/logo\/image\/","url":"https:\/\/infoecos.com.ar\/wp-content\/uploads\/2024\/03\/cropped-logo.png","contentUrl":"https:\/\/infoecos.com.ar\/wp-content\/uploads\/2024\/03\/cropped-logo.png","width":374,"height":90,"caption":"Infoecos"},"image":{"@id":"https:\/\/infoecos.com.ar\/#\/schema\/logo\/image\/"},"sameAs":["https:\/\/www.facebook.com\/profile.php?id=100063200290284","https:\/\/x.com\/infoecos"]},{"@type":"Person","@id":"https:\/\/infoecos.com.ar\/#\/schema\/person\/8f5ace5ce73b4b4aac4b7245aee6f191","name":"Jorge Matheus","url":"https:\/\/infoecos.com.ar\/index.php\/author\/jomatheus\/"}]}},"featured_image_urls":{"full":"","thumbnail":"","medium":"","medium_large":"","large":"","1536x1536":"","2048x2048":"","covernews-slider-full":"","covernews-slider-center":"","covernews-featured":"","covernews-medium":"","covernews-medium-square":""},"author_info":{"info":["Jorge Matheus"]},"category_info":"<a href=\"https:\/\/infoecos.com.ar\/index.php\/category\/c3nota1\/\" rel=\"category tag\">C3 N1<\/a>","tag_info":"C3 N1","comment_count":"0","_links":{"self":[{"href":"https:\/\/infoecos.com.ar\/index.php\/wp-json\/wp\/v2\/posts\/95027"}],"collection":[{"href":"https:\/\/infoecos.com.ar\/index.php\/wp-json\/wp\/v2\/posts"}],"about":[{"href":"https:\/\/infoecos.com.ar\/index.php\/wp-json\/wp\/v2\/types\/post"}],"author":[{"embeddable":true,"href":"https:\/\/infoecos.com.ar\/index.php\/wp-json\/wp\/v2\/users\/2"}],"replies":[{"embeddable":true,"href":"https:\/\/infoecos.com.ar\/index.php\/wp-json\/wp\/v2\/comments?post=95027"}],"version-history":[{"count":1,"href":"https:\/\/infoecos.com.ar\/index.php\/wp-json\/wp\/v2\/posts\/95027\/revisions"}],"predecessor-version":[{"id":95029,"href":"https:\/\/infoecos.com.ar\/index.php\/wp-json\/wp\/v2\/posts\/95027\/revisions\/95029"}],"wp:featuredmedia":[{"embeddable":true,"href":"https:\/\/infoecos.com.ar\/index.php\/wp-json\/"}],"wp:attachment":[{"href":"https:\/\/infoecos.com.ar\/index.php\/wp-json\/wp\/v2\/media?parent=95027"}],"wp:term":[{"taxonomy":"category","embeddable":true,"href":"https:\/\/infoecos.com.ar\/index.php\/wp-json\/wp\/v2\/categories?post=95027"},{"taxonomy":"post_tag","embeddable":true,"href":"https:\/\/infoecos.com.ar\/index.php\/wp-json\/wp\/v2\/tags?post=95027"}],"curies":[{"name":"wp","href":"https:\/\/api.w.org\/{rel}","templated":true}]}}