{"id":95154,"date":"2022-07-27T21:22:31","date_gmt":"2022-07-28T00:22:31","guid":{"rendered":"http:\/\/infoecos.com.ar\/?p=95154"},"modified":"2022-07-27T21:22:32","modified_gmt":"2022-07-28T00:22:32","slug":"que-se-recuerda-y-festeja-el-28-de-julio","status":"publish","type":"post","link":"https:\/\/infoecos.com.ar\/index.php\/que-se-recuerda-y-festeja-el-28-de-julio\/","title":{"rendered":"Que se recuerda y festeja el 28 de Julio&#8230;"},"content":{"rendered":"\n<figure class=\"wp-block-image aligncenter size-large is-resized\"><img loading=\"lazy\" decoding=\"async\" src=\"http:\/\/infoecos.com.ar\/wp-content\/uploads\/2022\/07\/image-87-920x518.png\" alt=\"\" class=\"wp-image-95155\" width=\"545\" height=\"306\" srcset=\"https:\/\/infoecos.com.ar\/wp-content\/uploads\/2022\/07\/image-87-920x518.png 920w, https:\/\/infoecos.com.ar\/wp-content\/uploads\/2022\/07\/image-87-460x259.png 460w, https:\/\/infoecos.com.ar\/wp-content\/uploads\/2022\/07\/image-87-768x432.png 768w, https:\/\/infoecos.com.ar\/wp-content\/uploads\/2022\/07\/image-87-1024x576.png 1024w, https:\/\/infoecos.com.ar\/wp-content\/uploads\/2022\/07\/image-87.png 1320w\" sizes=\"(max-width: 545px) 100vw, 545px\" \/><\/figure>\n\n\n\n<ul class=\"wp-block-list\"><li><strong>1750<\/strong>\u00a0&#8211;\u00a0<strong>JOHANN S. BACH<\/strong>. A la edad de 65 a\u00f1os muere en la ciudad alemana de Leipzig el violinista y compositor Johann Sebastian Bach, considerado el m\u00e1ximo exponente de la m\u00fasica cl\u00e1sica barroca. Entre sus obras se destacan los Conciertos de Brandeburgo y la Tocata y fuga.<\/li><li><\/li><li><strong>1872<\/strong>\u00a0&#8211;\u00a0<strong>SOCIEDAD CIENT\u00cdFICA<\/strong>. Se funda en Buenos Aires la Sociedad Cient\u00edfica Argentina, cuyo primer presidente fue Luis Augusto Huergo, el primer ingeniero graduado en una universidad argentina.<\/li><li><\/li><li><strong>1903<\/strong>\u00a0&#8211;\u00a0<strong>SILVINA OCAMPO<\/strong>. Nace en Buenos Aires la escritora y poeta Silvina Ocampo, considerada una autora fundamental de la literatura argentina del siglo XX. Gan\u00f3 un premio Konex en 1984 y el de Honor de la SADE de 1992.<\/li><li><\/li><li><strong>1914<\/strong>\u00a0&#8211;<strong>\u00a01\u00b0 GUERRA MUNDIAL<\/strong>. Comienza la Primera Guerra Mundial, que enfrent\u00f3 a la alianza de Alemania con Austria, Hungr\u00eda e Italia con la \u201cTriple Entente\u201d del Reino Unido, Francia y Rusia. La tambi\u00e9n llamada Gran Guerra dej\u00f3 m\u00e1s de diez millones de muertos al concluir en 1918 con la derrota de Alemania y sus aliados..<\/li><li><\/li><li><strong>1936<\/strong>\u00a0&#8211;\u00a0<strong>NORBERTO GALASSO<\/strong>. Nace en Buenos Aires el escritor e historiador Norberto Galasso, autor de m\u00e1s de cincuenta ensayos, antolog\u00edas, estudios hist\u00f3ricos, pol\u00edticos y diversas investigaciones. Fue declarado \u201cEmbajador de la cultura popular argentina\u201d en 2004.<\/li><li><\/li><li><strong>1954<\/strong>\u00a0&#8211;\u00a0<strong>HUGO CH\u00c1VEZ<\/strong>. Nace en la ciudad venezolana de Sabaneta el militar y pol\u00edtico Hugo Rafael Ch\u00e1vez Fr\u00edas, presidente de la Rep\u00fablica Bolivariana de Venezuela desde febrero de 1999 hasta su fallecimiento en marzo de 2013.<\/li><li><\/li><li><strong>1955<\/strong>\u00a0&#8211;\u00a0<strong>UBALDO SACCO.<\/strong>\u00a0Nace en la ciudad de Buenos Aires el boxeador Ubaldo N\u00e9stor Sacco, excampe\u00f3n mundial de la categor\u00eda welter junior de la Asociaci\u00f3n Mundial de Boxeo.<\/li><li><\/li><li><strong>1977<\/strong>\u00a0&#8211;\u00a0<strong>EMANUEL GINOBILI.<\/strong>\u00a0Nace en Bah\u00eda Blanca el ex basquetbolista Emanuel Ginobili, considerado el mejor jugador de Am\u00e9rica Latina y uno de los m\u00e1s influyentes de la historia de la NBA de EEUU, donde jug\u00f3 16 temporadas con los San Antonio Spurs. Con la selecci\u00f3n argentina gan\u00f3 la medalla de plata en el Mundial de Indian\u00e1polis en 2002 y la medalla dorada en los Juegos Ol\u00edmpicos de Atenas 2004.<\/li><li><\/li><li><strong>2022<\/strong>\u00a0&#8211;\u00a0<strong>CONTRA LA HEPATITIS<\/strong>. Se celebra el D\u00eda Mundial contra la Hepatitis en conmemoraci\u00f3n del natalicio del cient\u00edfico estadounidense Baruch Blumberg, premio Nobel de Medicina 1976, quien descubri\u00f3 el virus de la hepatitis B y cre\u00f3 la vacuna contra esa enfermedad del h\u00edgado.<\/li><li><\/li><li><strong>2022<\/strong>\u00a0&#8211;\u00a0<strong>GENDARMER\u00cdA NACIONAL<\/strong>. Se celebra el D\u00eda de la Gendarmer\u00eda Nacional en conmemoraci\u00f3n de la fecha de 1938 en la que se cre\u00f3 la fuerza de seguridad destinada a controlar las zonas de frontera argentinas.<\/li><\/ul>\n","protected":false},"excerpt":{"rendered":"<p>Nace en Bah\u00eda Blanca el ex basquetbolista Emanuel Ginobili, considerado el mejor jugador de Am\u00e9rica Latina y uno de los m\u00e1s influyentes de la historia de la NBA de EEUU, donde jug\u00f3 16 temporadas con los San Antonio Spurs<\/p>\n","protected":false},"author":2,"featured_media":95155,"comment_status":"closed","ping_status":"open","sticky":false,"template":"","format":"standard","meta":{"footnotes":""},"categories":[1614],"tags":[4812],"class_list":["post-95154","post","type-post","status-publish","format-standard","has-post-thumbnail","hentry","category-c2nota7","tag-efemerides-infoecos-2"],"yoast_head":"<!-- This site is optimized with the Yoast SEO plugin v23.4 - https:\/\/yoast.com\/wordpress\/plugins\/seo\/ -->\n<title>Que se recuerda y festeja el 28 de Julio... - Infoecos<\/title>\n<meta name=\"robots\" content=\"index, follow, max-snippet:-1, max-image-preview:large, max-video-preview:-1\" \/>\n<link rel=\"canonical\" href=\"https:\/\/infoecos.com.ar\/index.php\/que-se-recuerda-y-festeja-el-28-de-julio\/\" \/>\n<meta property=\"og:locale\" content=\"es_ES\" \/>\n<meta property=\"og:type\" content=\"article\" \/>\n<meta property=\"og:title\" content=\"Que se recuerda y festeja el 28 de Julio... - Infoecos\" \/>\n<meta property=\"og:description\" content=\"Nace en Bah\u00eda Blanca el ex basquetbolista Emanuel Ginobili, considerado el mejor jugador de Am\u00e9rica Latina y uno de los m\u00e1s influyentes de la historia de la NBA de EEUU, donde jug\u00f3 16 temporadas con los San Antonio Spurs\" \/>\n<meta property=\"og:url\" content=\"https:\/\/infoecos.com.ar\/index.php\/que-se-recuerda-y-festeja-el-28-de-julio\/\" \/>\n<meta property=\"og:site_name\" content=\"Infoecos\" \/>\n<meta property=\"article:publisher\" content=\"https:\/\/www.facebook.com\/profile.php?id=100063200290284\" \/>\n<meta property=\"article:published_time\" content=\"2022-07-28T00:22:31+00:00\" \/>\n<meta property=\"article:modified_time\" content=\"2022-07-28T00:22:32+00:00\" \/>\n<meta property=\"og:image\" content=\"https:\/\/infoecos.com.ar\/wp-content\/uploads\/2022\/07\/image-87.png\" \/>\n\t<meta property=\"og:image:width\" content=\"1320\" \/>\n\t<meta property=\"og:image:height\" content=\"743\" \/>\n\t<meta property=\"og:image:type\" content=\"image\/png\" \/>\n<meta name=\"author\" content=\"Jorge Matheus\" \/>\n<meta name=\"twitter:card\" content=\"summary_large_image\" \/>\n<meta name=\"twitter:creator\" content=\"@infoecos\" \/>\n<meta name=\"twitter:site\" content=\"@infoecos\" \/>\n<meta name=\"twitter:label1\" content=\"Escrito por\" \/>\n\t<meta name=\"twitter:data1\" content=\"Jorge Matheus\" \/>\n\t<meta name=\"twitter:label2\" content=\"Tiempo de lectura\" \/>\n\t<meta name=\"twitter:data2\" content=\"2 minutos\" \/>\n<script type=\"application\/ld+json\" class=\"yoast-schema-graph\">{\"@context\":\"https:\/\/schema.org\",\"@graph\":[{\"@type\":\"Article\",\"@id\":\"https:\/\/infoecos.com.ar\/index.php\/que-se-recuerda-y-festeja-el-28-de-julio\/#article\",\"isPartOf\":{\"@id\":\"https:\/\/infoecos.com.ar\/index.php\/que-se-recuerda-y-festeja-el-28-de-julio\/\"},\"author\":{\"name\":\"Jorge Matheus\",\"@id\":\"https:\/\/infoecos.com.ar\/#\/schema\/person\/8f5ace5ce73b4b4aac4b7245aee6f191\"},\"headline\":\"Que se recuerda y festeja el 28 de Julio&#8230;\",\"datePublished\":\"2022-07-28T00:22:31+00:00\",\"dateModified\":\"2022-07-28T00:22:32+00:00\",\"mainEntityOfPage\":{\"@id\":\"https:\/\/infoecos.com.ar\/index.php\/que-se-recuerda-y-festeja-el-28-de-julio\/\"},\"wordCount\":446,\"publisher\":{\"@id\":\"https:\/\/infoecos.com.ar\/#organization\"},\"image\":{\"@id\":\"https:\/\/infoecos.com.ar\/index.php\/que-se-recuerda-y-festeja-el-28-de-julio\/#primaryimage\"},\"thumbnailUrl\":\"https:\/\/infoecos.com.ar\/wp-content\/uploads\/2022\/07\/image-87.png\",\"keywords\":[\"EFEM\u00c9RIDES INFOECOS\"],\"articleSection\":[\"C2 N7\"],\"inLanguage\":\"es\"},{\"@type\":\"WebPage\",\"@id\":\"https:\/\/infoecos.com.ar\/index.php\/que-se-recuerda-y-festeja-el-28-de-julio\/\",\"url\":\"https:\/\/infoecos.com.ar\/index.php\/que-se-recuerda-y-festeja-el-28-de-julio\/\",\"name\":\"Que se recuerda y festeja el 28 de Julio... - Infoecos\",\"isPartOf\":{\"@id\":\"https:\/\/infoecos.com.ar\/#website\"},\"primaryImageOfPage\":{\"@id\":\"https:\/\/infoecos.com.ar\/index.php\/que-se-recuerda-y-festeja-el-28-de-julio\/#primaryimage\"},\"image\":{\"@id\":\"https:\/\/infoecos.com.ar\/index.php\/que-se-recuerda-y-festeja-el-28-de-julio\/#primaryimage\"},\"thumbnailUrl\":\"https:\/\/infoecos.com.ar\/wp-content\/uploads\/2022\/07\/image-87.png\",\"datePublished\":\"2022-07-28T00:22:31+00:00\",\"dateModified\":\"2022-07-28T00:22:32+00:00\",\"breadcrumb\":{\"@id\":\"https:\/\/infoecos.com.ar\/index.php\/que-se-recuerda-y-festeja-el-28-de-julio\/#breadcrumb\"},\"inLanguage\":\"es\",\"potentialAction\":[{\"@type\":\"ReadAction\",\"target\":[\"https:\/\/infoecos.com.ar\/index.php\/que-se-recuerda-y-festeja-el-28-de-julio\/\"]}]},{\"@type\":\"ImageObject\",\"inLanguage\":\"es\",\"@id\":\"https:\/\/infoecos.com.ar\/index.php\/que-se-recuerda-y-festeja-el-28-de-julio\/#primaryimage\",\"url\":\"https:\/\/infoecos.com.ar\/wp-content\/uploads\/2022\/07\/image-87.png\",\"contentUrl\":\"https:\/\/infoecos.com.ar\/wp-content\/uploads\/2022\/07\/image-87.png\",\"width\":1320,\"height\":743},{\"@type\":\"BreadcrumbList\",\"@id\":\"https:\/\/infoecos.com.ar\/index.php\/que-se-recuerda-y-festeja-el-28-de-julio\/#breadcrumb\",\"itemListElement\":[{\"@type\":\"ListItem\",\"position\":1,\"name\":\"Portada\",\"item\":\"https:\/\/infoecos.com.ar\/\"},{\"@type\":\"ListItem\",\"position\":2,\"name\":\"Que se recuerda y festeja el 28 de Julio&#8230;\"}]},{\"@type\":\"WebSite\",\"@id\":\"https:\/\/infoecos.com.ar\/#website\",\"url\":\"https:\/\/infoecos.com.ar\/\",\"name\":\"Infoecos\",\"description\":\"Noticias de trenque lauquen y la zona\",\"publisher\":{\"@id\":\"https:\/\/infoecos.com.ar\/#organization\"},\"alternateName\":\"Noticias\",\"potentialAction\":[{\"@type\":\"SearchAction\",\"target\":{\"@type\":\"EntryPoint\",\"urlTemplate\":\"https:\/\/infoecos.com.ar\/?s={search_term_string}\"},\"query-input\":{\"@type\":\"PropertyValueSpecification\",\"valueRequired\":true,\"valueName\":\"search_term_string\"}}],\"inLanguage\":\"es\"},{\"@type\":\"Organization\",\"@id\":\"https:\/\/infoecos.com.ar\/#organization\",\"name\":\"Infoecos\",\"alternateName\":\"Noticias\",\"url\":\"https:\/\/infoecos.com.ar\/\",\"logo\":{\"@type\":\"ImageObject\",\"inLanguage\":\"es\",\"@id\":\"https:\/\/infoecos.com.ar\/#\/schema\/logo\/image\/\",\"url\":\"https:\/\/infoecos.com.ar\/wp-content\/uploads\/2024\/03\/cropped-logo.png\",\"contentUrl\":\"https:\/\/infoecos.com.ar\/wp-content\/uploads\/2024\/03\/cropped-logo.png\",\"width\":374,\"height\":90,\"caption\":\"Infoecos\"},\"image\":{\"@id\":\"https:\/\/infoecos.com.ar\/#\/schema\/logo\/image\/\"},\"sameAs\":[\"https:\/\/www.facebook.com\/profile.php?id=100063200290284\",\"https:\/\/x.com\/infoecos\"]},{\"@type\":\"Person\",\"@id\":\"https:\/\/infoecos.com.ar\/#\/schema\/person\/8f5ace5ce73b4b4aac4b7245aee6f191\",\"name\":\"Jorge Matheus\",\"url\":\"https:\/\/infoecos.com.ar\/index.php\/author\/jomatheus\/\"}]}<\/script>\n<!-- \/ Yoast SEO plugin. -->","yoast_head_json":{"title":"Que se recuerda y festeja el 28 de Julio... - Infoecos","robots":{"index":"index","follow":"follow","max-snippet":"max-snippet:-1","max-image-preview":"max-image-preview:large","max-video-preview":"max-video-preview:-1"},"canonical":"https:\/\/infoecos.com.ar\/index.php\/que-se-recuerda-y-festeja-el-28-de-julio\/","og_locale":"es_ES","og_type":"article","og_title":"Que se recuerda y festeja el 28 de Julio... - Infoecos","og_description":"Nace en Bah\u00eda Blanca el ex basquetbolista Emanuel Ginobili, considerado el mejor jugador de Am\u00e9rica Latina y uno de los m\u00e1s influyentes de la historia de la NBA de EEUU, donde jug\u00f3 16 temporadas con los San Antonio Spurs","og_url":"https:\/\/infoecos.com.ar\/index.php\/que-se-recuerda-y-festeja-el-28-de-julio\/","og_site_name":"Infoecos","article_publisher":"https:\/\/www.facebook.com\/profile.php?id=100063200290284","article_published_time":"2022-07-28T00:22:31+00:00","article_modified_time":"2022-07-28T00:22:32+00:00","og_image":[{"width":1320,"height":743,"url":"https:\/\/infoecos.com.ar\/wp-content\/uploads\/2022\/07\/image-87.png","type":"image\/png"}],"author":"Jorge Matheus","twitter_card":"summary_large_image","twitter_creator":"@infoecos","twitter_site":"@infoecos","twitter_misc":{"Escrito por":"Jorge Matheus","Tiempo de lectura":"2 minutos"},"schema":{"@context":"https:\/\/schema.org","@graph":[{"@type":"Article","@id":"https:\/\/infoecos.com.ar\/index.php\/que-se-recuerda-y-festeja-el-28-de-julio\/#article","isPartOf":{"@id":"https:\/\/infoecos.com.ar\/index.php\/que-se-recuerda-y-festeja-el-28-de-julio\/"},"author":{"name":"Jorge Matheus","@id":"https:\/\/infoecos.com.ar\/#\/schema\/person\/8f5ace5ce73b4b4aac4b7245aee6f191"},"headline":"Que se recuerda y festeja el 28 de Julio&#8230;","datePublished":"2022-07-28T00:22:31+00:00","dateModified":"2022-07-28T00:22:32+00:00","mainEntityOfPage":{"@id":"https:\/\/infoecos.com.ar\/index.php\/que-se-recuerda-y-festeja-el-28-de-julio\/"},"wordCount":446,"publisher":{"@id":"https:\/\/infoecos.com.ar\/#organization"},"image":{"@id":"https:\/\/infoecos.com.ar\/index.php\/que-se-recuerda-y-festeja-el-28-de-julio\/#primaryimage"},"thumbnailUrl":"https:\/\/infoecos.com.ar\/wp-content\/uploads\/2022\/07\/image-87.png","keywords":["EFEM\u00c9RIDES INFOECOS"],"articleSection":["C2 N7"],"inLanguage":"es"},{"@type":"WebPage","@id":"https:\/\/infoecos.com.ar\/index.php\/que-se-recuerda-y-festeja-el-28-de-julio\/","url":"https:\/\/infoecos.com.ar\/index.php\/que-se-recuerda-y-festeja-el-28-de-julio\/","name":"Que se recuerda y festeja el 28 de Julio... - Infoecos","isPartOf":{"@id":"https:\/\/infoecos.com.ar\/#website"},"primaryImageOfPage":{"@id":"https:\/\/infoecos.com.ar\/index.php\/que-se-recuerda-y-festeja-el-28-de-julio\/#primaryimage"},"image":{"@id":"https:\/\/infoecos.com.ar\/index.php\/que-se-recuerda-y-festeja-el-28-de-julio\/#primaryimage"},"thumbnailUrl":"https:\/\/infoecos.com.ar\/wp-content\/uploads\/2022\/07\/image-87.png","datePublished":"2022-07-28T00:22:31+00:00","dateModified":"2022-07-28T00:22:32+00:00","breadcrumb":{"@id":"https:\/\/infoecos.com.ar\/index.php\/que-se-recuerda-y-festeja-el-28-de-julio\/#breadcrumb"},"inLanguage":"es","potentialAction":[{"@type":"ReadAction","target":["https:\/\/infoecos.com.ar\/index.php\/que-se-recuerda-y-festeja-el-28-de-julio\/"]}]},{"@type":"ImageObject","inLanguage":"es","@id":"https:\/\/infoecos.com.ar\/index.php\/que-se-recuerda-y-festeja-el-28-de-julio\/#primaryimage","url":"https:\/\/infoecos.com.ar\/wp-content\/uploads\/2022\/07\/image-87.png","contentUrl":"https:\/\/infoecos.com.ar\/wp-content\/uploads\/2022\/07\/image-87.png","width":1320,"height":743},{"@type":"BreadcrumbList","@id":"https:\/\/infoecos.com.ar\/index.php\/que-se-recuerda-y-festeja-el-28-de-julio\/#breadcrumb","itemListElement":[{"@type":"ListItem","position":1,"name":"Portada","item":"https:\/\/infoecos.com.ar\/"},{"@type":"ListItem","position":2,"name":"Que se recuerda y festeja el 28 de Julio&#8230;"}]},{"@type":"WebSite","@id":"https:\/\/infoecos.com.ar\/#website","url":"https:\/\/infoecos.com.ar\/","name":"Infoecos","description":"Noticias de trenque lauquen y la zona","publisher":{"@id":"https:\/\/infoecos.com.ar\/#organization"},"alternateName":"Noticias","potentialAction":[{"@type":"SearchAction","target":{"@type":"EntryPoint","urlTemplate":"https:\/\/infoecos.com.ar\/?s={search_term_string}"},"query-input":{"@type":"PropertyValueSpecification","valueRequired":true,"valueName":"search_term_string"}}],"inLanguage":"es"},{"@type":"Organization","@id":"https:\/\/infoecos.com.ar\/#organization","name":"Infoecos","alternateName":"Noticias","url":"https:\/\/infoecos.com.ar\/","logo":{"@type":"ImageObject","inLanguage":"es","@id":"https:\/\/infoecos.com.ar\/#\/schema\/logo\/image\/","url":"https:\/\/infoecos.com.ar\/wp-content\/uploads\/2024\/03\/cropped-logo.png","contentUrl":"https:\/\/infoecos.com.ar\/wp-content\/uploads\/2024\/03\/cropped-logo.png","width":374,"height":90,"caption":"Infoecos"},"image":{"@id":"https:\/\/infoecos.com.ar\/#\/schema\/logo\/image\/"},"sameAs":["https:\/\/www.facebook.com\/profile.php?id=100063200290284","https:\/\/x.com\/infoecos"]},{"@type":"Person","@id":"https:\/\/infoecos.com.ar\/#\/schema\/person\/8f5ace5ce73b4b4aac4b7245aee6f191","name":"Jorge Matheus","url":"https:\/\/infoecos.com.ar\/index.php\/author\/jomatheus\/"}]}},"featured_image_urls":{"full":["https:\/\/infoecos.com.ar\/wp-content\/uploads\/2022\/07\/image-87.png",1320,743,false],"thumbnail":["https:\/\/infoecos.com.ar\/wp-content\/uploads\/2022\/07\/image-87-150x150.png",150,150,true],"medium":["https:\/\/infoecos.com.ar\/wp-content\/uploads\/2022\/07\/image-87-460x259.png",460,259,true],"medium_large":["https:\/\/infoecos.com.ar\/wp-content\/uploads\/2022\/07\/image-87-768x432.png",640,360,true],"large":["https:\/\/infoecos.com.ar\/wp-content\/uploads\/2022\/07\/image-87-920x518.png",640,360,true],"1536x1536":["https:\/\/infoecos.com.ar\/wp-content\/uploads\/2022\/07\/image-87.png",1320,743,false],"2048x2048":["https:\/\/infoecos.com.ar\/wp-content\/uploads\/2022\/07\/image-87.png",1320,743,false],"covernews-slider-full":["https:\/\/infoecos.com.ar\/wp-content\/uploads\/2022\/07\/image-87.png",1115,628,false],"covernews-slider-center":["https:\/\/infoecos.com.ar\/wp-content\/uploads\/2022\/07\/image-87-936x743.png",630,500,true],"covernews-featured":["https:\/\/infoecos.com.ar\/wp-content\/uploads\/2022\/07\/image-87-1024x576.png",1024,576,true],"covernews-medium":["https:\/\/infoecos.com.ar\/wp-content\/uploads\/2022\/07\/image-87-720x380.png",540,285,true],"covernews-medium-square":["https:\/\/infoecos.com.ar\/wp-content\/uploads\/2022\/07\/image-87-675x450.png",375,250,true]},"author_info":{"info":["Jorge Matheus"]},"category_info":"<a href=\"https:\/\/infoecos.com.ar\/index.php\/category\/c2nota7\/\" rel=\"category tag\">C2 N7<\/a>","tag_info":"C2 N7","comment_count":"0","_links":{"self":[{"href":"https:\/\/infoecos.com.ar\/index.php\/wp-json\/wp\/v2\/posts\/95154"}],"collection":[{"href":"https:\/\/infoecos.com.ar\/index.php\/wp-json\/wp\/v2\/posts"}],"about":[{"href":"https:\/\/infoecos.com.ar\/index.php\/wp-json\/wp\/v2\/types\/post"}],"author":[{"embeddable":true,"href":"https:\/\/infoecos.com.ar\/index.php\/wp-json\/wp\/v2\/users\/2"}],"replies":[{"embeddable":true,"href":"https:\/\/infoecos.com.ar\/index.php\/wp-json\/wp\/v2\/comments?post=95154"}],"version-history":[{"count":1,"href":"https:\/\/infoecos.com.ar\/index.php\/wp-json\/wp\/v2\/posts\/95154\/revisions"}],"predecessor-version":[{"id":95156,"href":"https:\/\/infoecos.com.ar\/index.php\/wp-json\/wp\/v2\/posts\/95154\/revisions\/95156"}],"wp:featuredmedia":[{"embeddable":true,"href":"https:\/\/infoecos.com.ar\/index.php\/wp-json\/wp\/v2\/media\/95155"}],"wp:attachment":[{"href":"https:\/\/infoecos.com.ar\/index.php\/wp-json\/wp\/v2\/media?parent=95154"}],"wp:term":[{"taxonomy":"category","embeddable":true,"href":"https:\/\/infoecos.com.ar\/index.php\/wp-json\/wp\/v2\/categories?post=95154"},{"taxonomy":"post_tag","embeddable":true,"href":"https:\/\/infoecos.com.ar\/index.php\/wp-json\/wp\/v2\/tags?post=95154"}],"curies":[{"name":"wp","href":"https:\/\/api.w.org\/{rel}","templated":true}]}}