{"id":95199,"date":"2022-07-28T03:57:16","date_gmt":"2022-07-28T06:57:16","guid":{"rendered":"http:\/\/infoecos.com.ar\/?p=95199"},"modified":"2022-07-28T03:58:12","modified_gmt":"2022-07-28T06:58:12","slug":"100-milimetros-en-parte-del-distrito-de-carlos-casares-produce-el-corte-del-camino-real-a-cadret","status":"publish","type":"post","link":"https:\/\/infoecos.com.ar\/index.php\/100-milimetros-en-parte-del-distrito-de-carlos-casares-produce-el-corte-del-camino-real-a-cadret\/","title":{"rendered":"100 mil\u00edmetros en parte del distrito de Carlos Casares produce el corte del camino real a Cadret"},"content":{"rendered":"\n<p>El martes cayeron 100 mil\u00edmetros sobre la zona de <strong><mark style=\"background-color:rgba(0, 0, 0, 0)\" class=\"has-inline-color has-vivid-red-color\">Cadret,<\/mark><\/strong> en el distrito de <strong><mark style=\"background-color:rgba(0, 0, 0, 0)\" class=\"has-inline-color has-vivid-red-color\">Carlos Casares<\/mark><\/strong>.<\/p>\n\n\n\n<figure class=\"wp-block-image alignright size-large is-resized\"><img loading=\"lazy\" decoding=\"async\" src=\"http:\/\/infoecos.com.ar\/wp-content\/uploads\/2022\/07\/carloscasareslluvia-690x920.jpg\" alt=\"\" class=\"wp-image-95200\" width=\"394\" height=\"526\" srcset=\"https:\/\/infoecos.com.ar\/wp-content\/uploads\/2022\/07\/carloscasareslluvia-690x920.jpg 690w, https:\/\/infoecos.com.ar\/wp-content\/uploads\/2022\/07\/carloscasareslluvia-345x460.jpg 345w, https:\/\/infoecos.com.ar\/wp-content\/uploads\/2022\/07\/carloscasareslluvia.jpg 768w\" sizes=\"(max-width: 394px) 100vw, 394px\" \/><\/figure>\n\n\n\n<p><strong>Casares On Line<\/strong> inform\u00f3 ayer que maquinas viales hab\u00edan estado trabajando sobre el camino aprovechado la humedad de la tierra para acomodarlo, pero la lluvia no solo lo \u201clav\u00f3\u201d sino que gener\u00f3 algunas cortadas de hasta 40 cent\u00edmetros.<\/p>\n\n\n\n<p>El Intendente <strong><mark style=\"background-color:rgba(0, 0, 0, 0)\" class=\"has-inline-color has-vivid-red-color\">Stadnik<\/mark><\/strong>, se\u00f1al\u00f3 a <strong><mark style=\"background-color:rgba(0, 0, 0, 0)\" class=\"has-inline-color has-vivid-red-color\">casaresonline.com.ar <\/mark><\/strong>que<strong> \u00abesta lluvia volvi\u00f3 a movilizar la masa de agua que hab\u00eda quedado quieta en algunos campos debido a que ahora pueden pasar alg\u00fan desnivel que la paraba. En unos d\u00edas se va a poder saber con mayor certeza como ha afectado esta lluvia, que no fue poca, a toda la zona sur. Seguro traer\u00e1 algunas complicaciones\u00bb<\/strong>.<\/p>\n\n\n\n<p>Las lluvias tambi\u00e9n fueron copiosas en <strong><mark style=\"background-color:rgba(0, 0, 0, 0)\" class=\"has-inline-color has-vivid-red-color\">Ordoqui<\/mark><\/strong> y <strong><mark style=\"background-color:rgba(0, 0, 0, 0)\" class=\"has-inline-color has-vivid-red-color\">Hortensia<\/mark><\/strong>.<\/p>\n","protected":false},"excerpt":{"rendered":"<p>Las lluvias tambi\u00e9n fueron copiosas en Ordoqui y Hortensia<\/p>\n","protected":false},"author":2,"featured_media":95200,"comment_status":"closed","ping_status":"open","sticky":false,"template":"","format":"standard","meta":{"footnotes":""},"categories":[48],"tags":[6399],"class_list":["post-95199","post","type-post","status-publish","format-standard","has-post-thumbnail","hentry","category-c2nota3","tag-lluvias-del-martes"],"yoast_head":"<!-- This site is optimized with the Yoast SEO plugin v23.4 - https:\/\/yoast.com\/wordpress\/plugins\/seo\/ -->\n<title>100 mil\u00edmetros en parte del distrito de Carlos Casares produce el corte del camino real a Cadret - Infoecos<\/title>\n<meta name=\"robots\" content=\"index, follow, max-snippet:-1, max-image-preview:large, max-video-preview:-1\" \/>\n<link rel=\"canonical\" href=\"https:\/\/infoecos.com.ar\/index.php\/100-milimetros-en-parte-del-distrito-de-carlos-casares-produce-el-corte-del-camino-real-a-cadret\/\" \/>\n<meta property=\"og:locale\" content=\"es_ES\" \/>\n<meta property=\"og:type\" content=\"article\" \/>\n<meta property=\"og:title\" content=\"100 mil\u00edmetros en parte del distrito de Carlos Casares produce el corte del camino real a Cadret - Infoecos\" \/>\n<meta property=\"og:description\" content=\"Las lluvias tambi\u00e9n fueron copiosas en Ordoqui y Hortensia\" \/>\n<meta property=\"og:url\" content=\"https:\/\/infoecos.com.ar\/index.php\/100-milimetros-en-parte-del-distrito-de-carlos-casares-produce-el-corte-del-camino-real-a-cadret\/\" \/>\n<meta property=\"og:site_name\" content=\"Infoecos\" \/>\n<meta property=\"article:publisher\" content=\"https:\/\/www.facebook.com\/profile.php?id=100063200290284\" \/>\n<meta property=\"article:published_time\" content=\"2022-07-28T06:57:16+00:00\" \/>\n<meta property=\"article:modified_time\" content=\"2022-07-28T06:58:12+00:00\" \/>\n<meta property=\"og:image\" content=\"https:\/\/infoecos.com.ar\/wp-content\/uploads\/2022\/07\/carloscasareslluvia.jpg\" \/>\n\t<meta property=\"og:image:width\" content=\"768\" \/>\n\t<meta property=\"og:image:height\" content=\"1024\" \/>\n\t<meta property=\"og:image:type\" content=\"image\/jpeg\" \/>\n<meta name=\"author\" content=\"Jorge Matheus\" \/>\n<meta name=\"twitter:card\" content=\"summary_large_image\" \/>\n<meta name=\"twitter:creator\" content=\"@infoecos\" \/>\n<meta name=\"twitter:site\" content=\"@infoecos\" \/>\n<meta name=\"twitter:label1\" content=\"Escrito por\" \/>\n\t<meta name=\"twitter:data1\" content=\"Jorge Matheus\" \/>\n\t<meta name=\"twitter:label2\" content=\"Tiempo de lectura\" \/>\n\t<meta name=\"twitter:data2\" content=\"1 minuto\" \/>\n<script type=\"application\/ld+json\" class=\"yoast-schema-graph\">{\"@context\":\"https:\/\/schema.org\",\"@graph\":[{\"@type\":\"Article\",\"@id\":\"https:\/\/infoecos.com.ar\/index.php\/100-milimetros-en-parte-del-distrito-de-carlos-casares-produce-el-corte-del-camino-real-a-cadret\/#article\",\"isPartOf\":{\"@id\":\"https:\/\/infoecos.com.ar\/index.php\/100-milimetros-en-parte-del-distrito-de-carlos-casares-produce-el-corte-del-camino-real-a-cadret\/\"},\"author\":{\"name\":\"Jorge Matheus\",\"@id\":\"https:\/\/infoecos.com.ar\/#\/schema\/person\/8f5ace5ce73b4b4aac4b7245aee6f191\"},\"headline\":\"100 mil\u00edmetros en parte del distrito de Carlos Casares produce el corte del camino real a Cadret\",\"datePublished\":\"2022-07-28T06:57:16+00:00\",\"dateModified\":\"2022-07-28T06:58:12+00:00\",\"mainEntityOfPage\":{\"@id\":\"https:\/\/infoecos.com.ar\/index.php\/100-milimetros-en-parte-del-distrito-de-carlos-casares-produce-el-corte-del-camino-real-a-cadret\/\"},\"wordCount\":151,\"publisher\":{\"@id\":\"https:\/\/infoecos.com.ar\/#organization\"},\"image\":{\"@id\":\"https:\/\/infoecos.com.ar\/index.php\/100-milimetros-en-parte-del-distrito-de-carlos-casares-produce-el-corte-del-camino-real-a-cadret\/#primaryimage\"},\"thumbnailUrl\":\"https:\/\/infoecos.com.ar\/wp-content\/uploads\/2022\/07\/carloscasareslluvia.jpg\",\"keywords\":[\"LLUVIAS DEL MARTES\"],\"articleSection\":[\"C2 N3\"],\"inLanguage\":\"es\"},{\"@type\":\"WebPage\",\"@id\":\"https:\/\/infoecos.com.ar\/index.php\/100-milimetros-en-parte-del-distrito-de-carlos-casares-produce-el-corte-del-camino-real-a-cadret\/\",\"url\":\"https:\/\/infoecos.com.ar\/index.php\/100-milimetros-en-parte-del-distrito-de-carlos-casares-produce-el-corte-del-camino-real-a-cadret\/\",\"name\":\"100 mil\u00edmetros en parte del distrito de Carlos Casares produce el corte del camino real a Cadret - Infoecos\",\"isPartOf\":{\"@id\":\"https:\/\/infoecos.com.ar\/#website\"},\"primaryImageOfPage\":{\"@id\":\"https:\/\/infoecos.com.ar\/index.php\/100-milimetros-en-parte-del-distrito-de-carlos-casares-produce-el-corte-del-camino-real-a-cadret\/#primaryimage\"},\"image\":{\"@id\":\"https:\/\/infoecos.com.ar\/index.php\/100-milimetros-en-parte-del-distrito-de-carlos-casares-produce-el-corte-del-camino-real-a-cadret\/#primaryimage\"},\"thumbnailUrl\":\"https:\/\/infoecos.com.ar\/wp-content\/uploads\/2022\/07\/carloscasareslluvia.jpg\",\"datePublished\":\"2022-07-28T06:57:16+00:00\",\"dateModified\":\"2022-07-28T06:58:12+00:00\",\"breadcrumb\":{\"@id\":\"https:\/\/infoecos.com.ar\/index.php\/100-milimetros-en-parte-del-distrito-de-carlos-casares-produce-el-corte-del-camino-real-a-cadret\/#breadcrumb\"},\"inLanguage\":\"es\",\"potentialAction\":[{\"@type\":\"ReadAction\",\"target\":[\"https:\/\/infoecos.com.ar\/index.php\/100-milimetros-en-parte-del-distrito-de-carlos-casares-produce-el-corte-del-camino-real-a-cadret\/\"]}]},{\"@type\":\"ImageObject\",\"inLanguage\":\"es\",\"@id\":\"https:\/\/infoecos.com.ar\/index.php\/100-milimetros-en-parte-del-distrito-de-carlos-casares-produce-el-corte-del-camino-real-a-cadret\/#primaryimage\",\"url\":\"https:\/\/infoecos.com.ar\/wp-content\/uploads\/2022\/07\/carloscasareslluvia.jpg\",\"contentUrl\":\"https:\/\/infoecos.com.ar\/wp-content\/uploads\/2022\/07\/carloscasareslluvia.jpg\",\"width\":768,\"height\":1024},{\"@type\":\"BreadcrumbList\",\"@id\":\"https:\/\/infoecos.com.ar\/index.php\/100-milimetros-en-parte-del-distrito-de-carlos-casares-produce-el-corte-del-camino-real-a-cadret\/#breadcrumb\",\"itemListElement\":[{\"@type\":\"ListItem\",\"position\":1,\"name\":\"Portada\",\"item\":\"https:\/\/infoecos.com.ar\/\"},{\"@type\":\"ListItem\",\"position\":2,\"name\":\"100 mil\u00edmetros en parte del distrito de Carlos Casares produce el corte del camino real a Cadret\"}]},{\"@type\":\"WebSite\",\"@id\":\"https:\/\/infoecos.com.ar\/#website\",\"url\":\"https:\/\/infoecos.com.ar\/\",\"name\":\"Infoecos\",\"description\":\"Noticias de trenque lauquen y la zona\",\"publisher\":{\"@id\":\"https:\/\/infoecos.com.ar\/#organization\"},\"alternateName\":\"Noticias\",\"potentialAction\":[{\"@type\":\"SearchAction\",\"target\":{\"@type\":\"EntryPoint\",\"urlTemplate\":\"https:\/\/infoecos.com.ar\/?s={search_term_string}\"},\"query-input\":{\"@type\":\"PropertyValueSpecification\",\"valueRequired\":true,\"valueName\":\"search_term_string\"}}],\"inLanguage\":\"es\"},{\"@type\":\"Organization\",\"@id\":\"https:\/\/infoecos.com.ar\/#organization\",\"name\":\"Infoecos\",\"alternateName\":\"Noticias\",\"url\":\"https:\/\/infoecos.com.ar\/\",\"logo\":{\"@type\":\"ImageObject\",\"inLanguage\":\"es\",\"@id\":\"https:\/\/infoecos.com.ar\/#\/schema\/logo\/image\/\",\"url\":\"https:\/\/infoecos.com.ar\/wp-content\/uploads\/2024\/03\/cropped-logo.png\",\"contentUrl\":\"https:\/\/infoecos.com.ar\/wp-content\/uploads\/2024\/03\/cropped-logo.png\",\"width\":374,\"height\":90,\"caption\":\"Infoecos\"},\"image\":{\"@id\":\"https:\/\/infoecos.com.ar\/#\/schema\/logo\/image\/\"},\"sameAs\":[\"https:\/\/www.facebook.com\/profile.php?id=100063200290284\",\"https:\/\/x.com\/infoecos\"]},{\"@type\":\"Person\",\"@id\":\"https:\/\/infoecos.com.ar\/#\/schema\/person\/8f5ace5ce73b4b4aac4b7245aee6f191\",\"name\":\"Jorge Matheus\",\"url\":\"https:\/\/infoecos.com.ar\/index.php\/author\/jomatheus\/\"}]}<\/script>\n<!-- \/ Yoast SEO plugin. -->","yoast_head_json":{"title":"100 mil\u00edmetros en parte del distrito de Carlos Casares produce el corte del camino real a Cadret - Infoecos","robots":{"index":"index","follow":"follow","max-snippet":"max-snippet:-1","max-image-preview":"max-image-preview:large","max-video-preview":"max-video-preview:-1"},"canonical":"https:\/\/infoecos.com.ar\/index.php\/100-milimetros-en-parte-del-distrito-de-carlos-casares-produce-el-corte-del-camino-real-a-cadret\/","og_locale":"es_ES","og_type":"article","og_title":"100 mil\u00edmetros en parte del distrito de Carlos Casares produce el corte del camino real a Cadret - Infoecos","og_description":"Las lluvias tambi\u00e9n fueron copiosas en Ordoqui y Hortensia","og_url":"https:\/\/infoecos.com.ar\/index.php\/100-milimetros-en-parte-del-distrito-de-carlos-casares-produce-el-corte-del-camino-real-a-cadret\/","og_site_name":"Infoecos","article_publisher":"https:\/\/www.facebook.com\/profile.php?id=100063200290284","article_published_time":"2022-07-28T06:57:16+00:00","article_modified_time":"2022-07-28T06:58:12+00:00","og_image":[{"width":768,"height":1024,"url":"https:\/\/infoecos.com.ar\/wp-content\/uploads\/2022\/07\/carloscasareslluvia.jpg","type":"image\/jpeg"}],"author":"Jorge Matheus","twitter_card":"summary_large_image","twitter_creator":"@infoecos","twitter_site":"@infoecos","twitter_misc":{"Escrito por":"Jorge Matheus","Tiempo de lectura":"1 minuto"},"schema":{"@context":"https:\/\/schema.org","@graph":[{"@type":"Article","@id":"https:\/\/infoecos.com.ar\/index.php\/100-milimetros-en-parte-del-distrito-de-carlos-casares-produce-el-corte-del-camino-real-a-cadret\/#article","isPartOf":{"@id":"https:\/\/infoecos.com.ar\/index.php\/100-milimetros-en-parte-del-distrito-de-carlos-casares-produce-el-corte-del-camino-real-a-cadret\/"},"author":{"name":"Jorge Matheus","@id":"https:\/\/infoecos.com.ar\/#\/schema\/person\/8f5ace5ce73b4b4aac4b7245aee6f191"},"headline":"100 mil\u00edmetros en parte del distrito de Carlos Casares produce el corte del camino real a Cadret","datePublished":"2022-07-28T06:57:16+00:00","dateModified":"2022-07-28T06:58:12+00:00","mainEntityOfPage":{"@id":"https:\/\/infoecos.com.ar\/index.php\/100-milimetros-en-parte-del-distrito-de-carlos-casares-produce-el-corte-del-camino-real-a-cadret\/"},"wordCount":151,"publisher":{"@id":"https:\/\/infoecos.com.ar\/#organization"},"image":{"@id":"https:\/\/infoecos.com.ar\/index.php\/100-milimetros-en-parte-del-distrito-de-carlos-casares-produce-el-corte-del-camino-real-a-cadret\/#primaryimage"},"thumbnailUrl":"https:\/\/infoecos.com.ar\/wp-content\/uploads\/2022\/07\/carloscasareslluvia.jpg","keywords":["LLUVIAS DEL MARTES"],"articleSection":["C2 N3"],"inLanguage":"es"},{"@type":"WebPage","@id":"https:\/\/infoecos.com.ar\/index.php\/100-milimetros-en-parte-del-distrito-de-carlos-casares-produce-el-corte-del-camino-real-a-cadret\/","url":"https:\/\/infoecos.com.ar\/index.php\/100-milimetros-en-parte-del-distrito-de-carlos-casares-produce-el-corte-del-camino-real-a-cadret\/","name":"100 mil\u00edmetros en parte del distrito de Carlos Casares produce el corte del camino real a Cadret - Infoecos","isPartOf":{"@id":"https:\/\/infoecos.com.ar\/#website"},"primaryImageOfPage":{"@id":"https:\/\/infoecos.com.ar\/index.php\/100-milimetros-en-parte-del-distrito-de-carlos-casares-produce-el-corte-del-camino-real-a-cadret\/#primaryimage"},"image":{"@id":"https:\/\/infoecos.com.ar\/index.php\/100-milimetros-en-parte-del-distrito-de-carlos-casares-produce-el-corte-del-camino-real-a-cadret\/#primaryimage"},"thumbnailUrl":"https:\/\/infoecos.com.ar\/wp-content\/uploads\/2022\/07\/carloscasareslluvia.jpg","datePublished":"2022-07-28T06:57:16+00:00","dateModified":"2022-07-28T06:58:12+00:00","breadcrumb":{"@id":"https:\/\/infoecos.com.ar\/index.php\/100-milimetros-en-parte-del-distrito-de-carlos-casares-produce-el-corte-del-camino-real-a-cadret\/#breadcrumb"},"inLanguage":"es","potentialAction":[{"@type":"ReadAction","target":["https:\/\/infoecos.com.ar\/index.php\/100-milimetros-en-parte-del-distrito-de-carlos-casares-produce-el-corte-del-camino-real-a-cadret\/"]}]},{"@type":"ImageObject","inLanguage":"es","@id":"https:\/\/infoecos.com.ar\/index.php\/100-milimetros-en-parte-del-distrito-de-carlos-casares-produce-el-corte-del-camino-real-a-cadret\/#primaryimage","url":"https:\/\/infoecos.com.ar\/wp-content\/uploads\/2022\/07\/carloscasareslluvia.jpg","contentUrl":"https:\/\/infoecos.com.ar\/wp-content\/uploads\/2022\/07\/carloscasareslluvia.jpg","width":768,"height":1024},{"@type":"BreadcrumbList","@id":"https:\/\/infoecos.com.ar\/index.php\/100-milimetros-en-parte-del-distrito-de-carlos-casares-produce-el-corte-del-camino-real-a-cadret\/#breadcrumb","itemListElement":[{"@type":"ListItem","position":1,"name":"Portada","item":"https:\/\/infoecos.com.ar\/"},{"@type":"ListItem","position":2,"name":"100 mil\u00edmetros en parte del distrito de Carlos Casares produce el corte del camino real a Cadret"}]},{"@type":"WebSite","@id":"https:\/\/infoecos.com.ar\/#website","url":"https:\/\/infoecos.com.ar\/","name":"Infoecos","description":"Noticias de trenque lauquen y la zona","publisher":{"@id":"https:\/\/infoecos.com.ar\/#organization"},"alternateName":"Noticias","potentialAction":[{"@type":"SearchAction","target":{"@type":"EntryPoint","urlTemplate":"https:\/\/infoecos.com.ar\/?s={search_term_string}"},"query-input":{"@type":"PropertyValueSpecification","valueRequired":true,"valueName":"search_term_string"}}],"inLanguage":"es"},{"@type":"Organization","@id":"https:\/\/infoecos.com.ar\/#organization","name":"Infoecos","alternateName":"Noticias","url":"https:\/\/infoecos.com.ar\/","logo":{"@type":"ImageObject","inLanguage":"es","@id":"https:\/\/infoecos.com.ar\/#\/schema\/logo\/image\/","url":"https:\/\/infoecos.com.ar\/wp-content\/uploads\/2024\/03\/cropped-logo.png","contentUrl":"https:\/\/infoecos.com.ar\/wp-content\/uploads\/2024\/03\/cropped-logo.png","width":374,"height":90,"caption":"Infoecos"},"image":{"@id":"https:\/\/infoecos.com.ar\/#\/schema\/logo\/image\/"},"sameAs":["https:\/\/www.facebook.com\/profile.php?id=100063200290284","https:\/\/x.com\/infoecos"]},{"@type":"Person","@id":"https:\/\/infoecos.com.ar\/#\/schema\/person\/8f5ace5ce73b4b4aac4b7245aee6f191","name":"Jorge Matheus","url":"https:\/\/infoecos.com.ar\/index.php\/author\/jomatheus\/"}]}},"featured_image_urls":{"full":["https:\/\/infoecos.com.ar\/wp-content\/uploads\/2022\/07\/carloscasareslluvia.jpg",768,1024,false],"thumbnail":["https:\/\/infoecos.com.ar\/wp-content\/uploads\/2022\/07\/carloscasareslluvia-150x150.jpg",150,150,true],"medium":["https:\/\/infoecos.com.ar\/wp-content\/uploads\/2022\/07\/carloscasareslluvia-345x460.jpg",345,460,true],"medium_large":["https:\/\/infoecos.com.ar\/wp-content\/uploads\/2022\/07\/carloscasareslluvia.jpg",640,853,false],"large":["https:\/\/infoecos.com.ar\/wp-content\/uploads\/2022\/07\/carloscasareslluvia-690x920.jpg",640,853,true],"1536x1536":["https:\/\/infoecos.com.ar\/wp-content\/uploads\/2022\/07\/carloscasareslluvia.jpg",768,1024,false],"2048x2048":["https:\/\/infoecos.com.ar\/wp-content\/uploads\/2022\/07\/carloscasareslluvia.jpg",768,1024,false],"covernews-slider-full":["https:\/\/infoecos.com.ar\/wp-content\/uploads\/2022\/07\/carloscasareslluvia-768x1020.jpg",538,715,true],"covernews-slider-center":["https:\/\/infoecos.com.ar\/wp-content\/uploads\/2022\/07\/carloscasareslluvia-768x897.jpg",428,500,true],"covernews-featured":["https:\/\/infoecos.com.ar\/wp-content\/uploads\/2022\/07\/carloscasareslluvia.jpg",768,1024,false],"covernews-medium":["https:\/\/infoecos.com.ar\/wp-content\/uploads\/2022\/07\/carloscasareslluvia-720x380.jpg",540,285,true],"covernews-medium-square":["https:\/\/infoecos.com.ar\/wp-content\/uploads\/2022\/07\/carloscasareslluvia-675x450.jpg",375,250,true]},"author_info":{"info":["Jorge Matheus"]},"category_info":"<a href=\"https:\/\/infoecos.com.ar\/index.php\/category\/c2nota3\/\" rel=\"category tag\">C2 N3<\/a>","tag_info":"C2 N3","comment_count":"0","_links":{"self":[{"href":"https:\/\/infoecos.com.ar\/index.php\/wp-json\/wp\/v2\/posts\/95199"}],"collection":[{"href":"https:\/\/infoecos.com.ar\/index.php\/wp-json\/wp\/v2\/posts"}],"about":[{"href":"https:\/\/infoecos.com.ar\/index.php\/wp-json\/wp\/v2\/types\/post"}],"author":[{"embeddable":true,"href":"https:\/\/infoecos.com.ar\/index.php\/wp-json\/wp\/v2\/users\/2"}],"replies":[{"embeddable":true,"href":"https:\/\/infoecos.com.ar\/index.php\/wp-json\/wp\/v2\/comments?post=95199"}],"version-history":[{"count":1,"href":"https:\/\/infoecos.com.ar\/index.php\/wp-json\/wp\/v2\/posts\/95199\/revisions"}],"predecessor-version":[{"id":95201,"href":"https:\/\/infoecos.com.ar\/index.php\/wp-json\/wp\/v2\/posts\/95199\/revisions\/95201"}],"wp:featuredmedia":[{"embeddable":true,"href":"https:\/\/infoecos.com.ar\/index.php\/wp-json\/wp\/v2\/media\/95200"}],"wp:attachment":[{"href":"https:\/\/infoecos.com.ar\/index.php\/wp-json\/wp\/v2\/media?parent=95199"}],"wp:term":[{"taxonomy":"category","embeddable":true,"href":"https:\/\/infoecos.com.ar\/index.php\/wp-json\/wp\/v2\/categories?post=95199"},{"taxonomy":"post_tag","embeddable":true,"href":"https:\/\/infoecos.com.ar\/index.php\/wp-json\/wp\/v2\/tags?post=95199"}],"curies":[{"name":"wp","href":"https:\/\/api.w.org\/{rel}","templated":true}]}}