{"id":95243,"date":"2022-07-29T01:08:54","date_gmt":"2022-07-29T04:08:54","guid":{"rendered":"http:\/\/infoecos.com.ar\/?p=95243"},"modified":"2022-07-29T01:08:55","modified_gmt":"2022-07-29T04:08:55","slug":"que-se-recuerda-y-celebra-el-29-de-julio","status":"publish","type":"post","link":"https:\/\/infoecos.com.ar\/index.php\/que-se-recuerda-y-celebra-el-29-de-julio\/","title":{"rendered":"Que se recuerda y celebra el 29 de Julio&#8230;"},"content":{"rendered":"\n<figure class=\"wp-block-image aligncenter size-large is-resized\"><img loading=\"lazy\" decoding=\"async\" src=\"http:\/\/infoecos.com.ar\/wp-content\/uploads\/2022\/05\/rene-favaloro-920x582.jpg\" alt=\"\" class=\"wp-image-92359\" width=\"520\" height=\"329\" srcset=\"https:\/\/infoecos.com.ar\/wp-content\/uploads\/2022\/05\/rene-favaloro-920x582.jpg 920w, https:\/\/infoecos.com.ar\/wp-content\/uploads\/2022\/05\/rene-favaloro-460x291.jpg 460w, https:\/\/infoecos.com.ar\/wp-content\/uploads\/2022\/05\/rene-favaloro-768x485.jpg 768w, https:\/\/infoecos.com.ar\/wp-content\/uploads\/2022\/05\/rene-favaloro-1536x971.jpg 1536w, https:\/\/infoecos.com.ar\/wp-content\/uploads\/2022\/05\/rene-favaloro-2048x1295.jpg 2048w, https:\/\/infoecos.com.ar\/wp-content\/uploads\/2022\/05\/rene-favaloro-1024x647.jpg 1024w\" sizes=\"(max-width: 520px) 100vw, 520px\" \/><figcaption>DR. RENE FAVALORO<\/figcaption><\/figure>\n\n\n\n<ul class=\"wp-block-list\"><li><strong>1986 &#8211; ALFONS\u00cdN Y SARNEY.<\/strong>\u00a0Los presidentes de Argentina Ra\u00fal Alfons\u00edn y de Brasil Jos\u00e9 Sarney firman acuerdos econ\u00f3micos de integraci\u00f3n, entre ellos los protocolos de comercio de bienes de capital y confianza mutua en el desarrollo de la tecnolog\u00eda nuclear, que se constituir\u00e1n en la base del Mercosur, bloque que adem\u00e1s incluye a Paraguay y Uruguay.<\/li><li><\/li><li><strong>1981 &#8211; LA BODA M\u00c1S VISTA.<\/strong>\u00a0El pr\u00edncipe Carlos de Gales y Diana Spencer, m\u00e1s conocida como Lady Di, se casan en la catedral de San Pablo en Londres, ceremonia que fue transmitida por televisi\u00f3n a todo el mundo y se calcula que vieron unos 750 millones de personas. Luego de su divorcio, Lady Di declarar\u00eda que ese 29 de julio de 1981 fue \u201cel peor d\u00eda\u201d de su vida.<\/li><li><\/li><li><strong>2000 &#8211; REN\u00c9 FAVALORO.<\/strong>\u00a0A la edad de 77 a\u00f1os, se suicida en Buenos Aires, el m\u00e9dico, cardiocirujano y educador Ren\u00e9 Favaloro, reconocido en todo el mundo por haber desarrollado el bypass coronario con empleo de la vena safena. \u201dEn este \u00faltimo tiempo me he transformado en un mendigo. Mi tarea es llamar, llamar y golpear puertas para recaudar alg\u00fan dinero que nos permita seguir\u201d en la Fundaci\u00f3n Favaloro, hab\u00eda dicho.<\/li><li><\/li><li><strong>1963 &#8211; DIARIO CR\u00d3NICA.<\/strong>\u00a0Comienza a circular el diario Cr\u00f3nica, fundado por el fot\u00f3grafo, periodista y empresario teatral H\u00e9ctor Ricardo Garc\u00eda. Comenz\u00f3 con una tirada de 5.000 ejemplares en ediciones vespertinas de lunes a s\u00e1bado. Al poco tiempo se a\u00f1adi\u00f3 una edici\u00f3n matutina todos los d\u00edas de la semana.<\/li><li><\/li><li><strong>1966 &#8211; BASTONES LARGOS.<\/strong>\u00a0La Polic\u00eda Federal desaloja violentamente a cinco facultades de la Universidad de Buenos Aires ocupadas por estudiantes, profesores y graduados que rechazaban la decisi\u00f3n de la dictadura del general Juan Carlos Ongan\u00eda de intervenir las universidades y anular su r\u00e9gimen de gobierno. La llamada \u201cNoche de los bastones largos\u201d provoc\u00f3 la emigraci\u00f3n de decenas de acad\u00e9micos, entre ellos C\u00e9sar Milstein, exiliado en el Reino Unido y ganador del Premio Nobel de Medicina de 1984.<\/li><li><\/li><li><strong>1958 &#8211; JUAN A. FERREYRA.<\/strong>\u00a0Nace en Buenos Aires el cantante y guitarrista Juan Antonio Ferreyra, popularmente conocido como JAF, quien grab\u00f3 una veintena de discos y form\u00f3 parte de la banda de hard rock Riff, junto a Pappo (Norberto An\u00edbal Napolitano).<\/li><li><\/li><li><strong>1904 &#8211; RICARDO BALB\u00cdN.<\/strong>\u00a0Nace Buenos Aires el abogado y pol\u00edtico Ricardo Balb\u00edn, una de las figuras prominentes de la Uni\u00f3n C\u00edvica Radical, a la que presidi\u00f3 entre 1959 (en aquel entonces como Uni\u00f3n C\u00edvica Radical del Pueblo) hasta su muerte en septiembre de 1981. Fue candidato radical a presidente de la Naci\u00f3n en las elecciones de 1951,1958 y las de 1973.<\/li><li><\/li><li><strong>1890 &#8211; VINCENT VAN GOGH.<\/strong>\u00a0Muere en la comuna francesa de Auvers-sur-Oise, a la edad de 37 a\u00f1os, el pintor neerland\u00e9s Vincent Van Gogh, uno de los principales exponentes del postimpresionismo.<\/li><li><\/li><li><strong>2020 &#8211; CULTURA NACIONAL.<\/strong>\u00a0Se celebra el D\u00eda de la Cultura Nacional en conmemoraci\u00f3n de la fecha de 1957 en la que falleci\u00f3 el escritor, dramaturgo y profesor universitario Ricardo Rojas.<\/li><\/ul>\n","protected":false},"excerpt":{"rendered":"<p>A la edad de 77 a\u00f1os, se suicida en Buenos Aires, el m\u00e9dico, cardiocirujano y educador Ren\u00e9 Favaloro, reconocido en todo el mundo por haber desarrollado el bypass coronario con empleo de la vena safena. \u201dEn este \u00faltimo tiempo me he transformado en un mendigo. Mi tarea es llamar, llamar y golpear puertas para recaudar alg\u00fan dinero que nos permita seguir\u201d en la Fundaci\u00f3n Favaloro, hab\u00eda dicho<\/p>\n","protected":false},"author":2,"featured_media":80842,"comment_status":"closed","ping_status":"open","sticky":false,"template":"","format":"standard","meta":{"footnotes":""},"categories":[1614],"tags":[],"class_list":["post-95243","post","type-post","status-publish","format-standard","has-post-thumbnail","hentry","category-c2nota7"],"yoast_head":"<!-- This site is optimized with the Yoast SEO plugin v23.4 - https:\/\/yoast.com\/wordpress\/plugins\/seo\/ -->\n<title>Que se recuerda y celebra el 29 de Julio... - Infoecos<\/title>\n<meta name=\"robots\" content=\"index, follow, max-snippet:-1, max-image-preview:large, max-video-preview:-1\" \/>\n<link rel=\"canonical\" href=\"https:\/\/infoecos.com.ar\/index.php\/que-se-recuerda-y-celebra-el-29-de-julio\/\" \/>\n<meta property=\"og:locale\" content=\"es_ES\" \/>\n<meta property=\"og:type\" content=\"article\" \/>\n<meta property=\"og:title\" content=\"Que se recuerda y celebra el 29 de Julio... - Infoecos\" \/>\n<meta property=\"og:description\" content=\"A la edad de 77 a\u00f1os, se suicida en Buenos Aires, el m\u00e9dico, cardiocirujano y educador Ren\u00e9 Favaloro, reconocido en todo el mundo por haber desarrollado el bypass coronario con empleo de la vena safena. \u201dEn este \u00faltimo tiempo me he transformado en un mendigo. Mi tarea es llamar, llamar y golpear puertas para recaudar alg\u00fan dinero que nos permita seguir\u201d en la Fundaci\u00f3n Favaloro, hab\u00eda dicho\" \/>\n<meta property=\"og:url\" content=\"https:\/\/infoecos.com.ar\/index.php\/que-se-recuerda-y-celebra-el-29-de-julio\/\" \/>\n<meta property=\"og:site_name\" content=\"Infoecos\" \/>\n<meta property=\"article:publisher\" content=\"https:\/\/www.facebook.com\/profile.php?id=100063200290284\" \/>\n<meta property=\"article:published_time\" content=\"2022-07-29T04:08:54+00:00\" \/>\n<meta property=\"article:modified_time\" content=\"2022-07-29T04:08:55+00:00\" \/>\n<meta property=\"og:image\" content=\"https:\/\/infoecos.com.ar\/wp-content\/uploads\/2021\/07\/favaloro_1-1024x442-1.jpg\" \/>\n\t<meta property=\"og:image:width\" content=\"1024\" \/>\n\t<meta property=\"og:image:height\" content=\"442\" \/>\n\t<meta property=\"og:image:type\" content=\"image\/jpeg\" \/>\n<meta name=\"author\" content=\"Jorge Matheus\" \/>\n<meta name=\"twitter:card\" content=\"summary_large_image\" \/>\n<meta name=\"twitter:creator\" content=\"@infoecos\" \/>\n<meta name=\"twitter:site\" content=\"@infoecos\" \/>\n<meta name=\"twitter:label1\" content=\"Escrito por\" \/>\n\t<meta name=\"twitter:data1\" content=\"Jorge Matheus\" \/>\n\t<meta name=\"twitter:label2\" content=\"Tiempo de lectura\" \/>\n\t<meta name=\"twitter:data2\" content=\"3 minutos\" \/>\n<script type=\"application\/ld+json\" class=\"yoast-schema-graph\">{\"@context\":\"https:\/\/schema.org\",\"@graph\":[{\"@type\":\"Article\",\"@id\":\"https:\/\/infoecos.com.ar\/index.php\/que-se-recuerda-y-celebra-el-29-de-julio\/#article\",\"isPartOf\":{\"@id\":\"https:\/\/infoecos.com.ar\/index.php\/que-se-recuerda-y-celebra-el-29-de-julio\/\"},\"author\":{\"name\":\"Jorge Matheus\",\"@id\":\"https:\/\/infoecos.com.ar\/#\/schema\/person\/8f5ace5ce73b4b4aac4b7245aee6f191\"},\"headline\":\"Que se recuerda y celebra el 29 de Julio&#8230;\",\"datePublished\":\"2022-07-29T04:08:54+00:00\",\"dateModified\":\"2022-07-29T04:08:55+00:00\",\"mainEntityOfPage\":{\"@id\":\"https:\/\/infoecos.com.ar\/index.php\/que-se-recuerda-y-celebra-el-29-de-julio\/\"},\"wordCount\":529,\"publisher\":{\"@id\":\"https:\/\/infoecos.com.ar\/#organization\"},\"image\":{\"@id\":\"https:\/\/infoecos.com.ar\/index.php\/que-se-recuerda-y-celebra-el-29-de-julio\/#primaryimage\"},\"thumbnailUrl\":\"https:\/\/infoecos.com.ar\/wp-content\/uploads\/2021\/07\/favaloro_1-1024x442-1.jpg\",\"articleSection\":[\"C2 N7\"],\"inLanguage\":\"es\"},{\"@type\":\"WebPage\",\"@id\":\"https:\/\/infoecos.com.ar\/index.php\/que-se-recuerda-y-celebra-el-29-de-julio\/\",\"url\":\"https:\/\/infoecos.com.ar\/index.php\/que-se-recuerda-y-celebra-el-29-de-julio\/\",\"name\":\"Que se recuerda y celebra el 29 de Julio... - Infoecos\",\"isPartOf\":{\"@id\":\"https:\/\/infoecos.com.ar\/#website\"},\"primaryImageOfPage\":{\"@id\":\"https:\/\/infoecos.com.ar\/index.php\/que-se-recuerda-y-celebra-el-29-de-julio\/#primaryimage\"},\"image\":{\"@id\":\"https:\/\/infoecos.com.ar\/index.php\/que-se-recuerda-y-celebra-el-29-de-julio\/#primaryimage\"},\"thumbnailUrl\":\"https:\/\/infoecos.com.ar\/wp-content\/uploads\/2021\/07\/favaloro_1-1024x442-1.jpg\",\"datePublished\":\"2022-07-29T04:08:54+00:00\",\"dateModified\":\"2022-07-29T04:08:55+00:00\",\"breadcrumb\":{\"@id\":\"https:\/\/infoecos.com.ar\/index.php\/que-se-recuerda-y-celebra-el-29-de-julio\/#breadcrumb\"},\"inLanguage\":\"es\",\"potentialAction\":[{\"@type\":\"ReadAction\",\"target\":[\"https:\/\/infoecos.com.ar\/index.php\/que-se-recuerda-y-celebra-el-29-de-julio\/\"]}]},{\"@type\":\"ImageObject\",\"inLanguage\":\"es\",\"@id\":\"https:\/\/infoecos.com.ar\/index.php\/que-se-recuerda-y-celebra-el-29-de-julio\/#primaryimage\",\"url\":\"https:\/\/infoecos.com.ar\/wp-content\/uploads\/2021\/07\/favaloro_1-1024x442-1.jpg\",\"contentUrl\":\"https:\/\/infoecos.com.ar\/wp-content\/uploads\/2021\/07\/favaloro_1-1024x442-1.jpg\",\"width\":1024,\"height\":442},{\"@type\":\"BreadcrumbList\",\"@id\":\"https:\/\/infoecos.com.ar\/index.php\/que-se-recuerda-y-celebra-el-29-de-julio\/#breadcrumb\",\"itemListElement\":[{\"@type\":\"ListItem\",\"position\":1,\"name\":\"Portada\",\"item\":\"https:\/\/infoecos.com.ar\/\"},{\"@type\":\"ListItem\",\"position\":2,\"name\":\"Que se recuerda y celebra el 29 de Julio&#8230;\"}]},{\"@type\":\"WebSite\",\"@id\":\"https:\/\/infoecos.com.ar\/#website\",\"url\":\"https:\/\/infoecos.com.ar\/\",\"name\":\"Infoecos\",\"description\":\"Noticias de trenque lauquen y la zona\",\"publisher\":{\"@id\":\"https:\/\/infoecos.com.ar\/#organization\"},\"alternateName\":\"Noticias\",\"potentialAction\":[{\"@type\":\"SearchAction\",\"target\":{\"@type\":\"EntryPoint\",\"urlTemplate\":\"https:\/\/infoecos.com.ar\/?s={search_term_string}\"},\"query-input\":{\"@type\":\"PropertyValueSpecification\",\"valueRequired\":true,\"valueName\":\"search_term_string\"}}],\"inLanguage\":\"es\"},{\"@type\":\"Organization\",\"@id\":\"https:\/\/infoecos.com.ar\/#organization\",\"name\":\"Infoecos\",\"alternateName\":\"Noticias\",\"url\":\"https:\/\/infoecos.com.ar\/\",\"logo\":{\"@type\":\"ImageObject\",\"inLanguage\":\"es\",\"@id\":\"https:\/\/infoecos.com.ar\/#\/schema\/logo\/image\/\",\"url\":\"https:\/\/infoecos.com.ar\/wp-content\/uploads\/2024\/03\/cropped-logo.png\",\"contentUrl\":\"https:\/\/infoecos.com.ar\/wp-content\/uploads\/2024\/03\/cropped-logo.png\",\"width\":374,\"height\":90,\"caption\":\"Infoecos\"},\"image\":{\"@id\":\"https:\/\/infoecos.com.ar\/#\/schema\/logo\/image\/\"},\"sameAs\":[\"https:\/\/www.facebook.com\/profile.php?id=100063200290284\",\"https:\/\/x.com\/infoecos\"]},{\"@type\":\"Person\",\"@id\":\"https:\/\/infoecos.com.ar\/#\/schema\/person\/8f5ace5ce73b4b4aac4b7245aee6f191\",\"name\":\"Jorge Matheus\",\"url\":\"https:\/\/infoecos.com.ar\/index.php\/author\/jomatheus\/\"}]}<\/script>\n<!-- \/ Yoast SEO plugin. -->","yoast_head_json":{"title":"Que se recuerda y celebra el 29 de Julio... - Infoecos","robots":{"index":"index","follow":"follow","max-snippet":"max-snippet:-1","max-image-preview":"max-image-preview:large","max-video-preview":"max-video-preview:-1"},"canonical":"https:\/\/infoecos.com.ar\/index.php\/que-se-recuerda-y-celebra-el-29-de-julio\/","og_locale":"es_ES","og_type":"article","og_title":"Que se recuerda y celebra el 29 de Julio... - Infoecos","og_description":"A la edad de 77 a\u00f1os, se suicida en Buenos Aires, el m\u00e9dico, cardiocirujano y educador Ren\u00e9 Favaloro, reconocido en todo el mundo por haber desarrollado el bypass coronario con empleo de la vena safena. \u201dEn este \u00faltimo tiempo me he transformado en un mendigo. Mi tarea es llamar, llamar y golpear puertas para recaudar alg\u00fan dinero que nos permita seguir\u201d en la Fundaci\u00f3n Favaloro, hab\u00eda dicho","og_url":"https:\/\/infoecos.com.ar\/index.php\/que-se-recuerda-y-celebra-el-29-de-julio\/","og_site_name":"Infoecos","article_publisher":"https:\/\/www.facebook.com\/profile.php?id=100063200290284","article_published_time":"2022-07-29T04:08:54+00:00","article_modified_time":"2022-07-29T04:08:55+00:00","og_image":[{"width":1024,"height":442,"url":"https:\/\/infoecos.com.ar\/wp-content\/uploads\/2021\/07\/favaloro_1-1024x442-1.jpg","type":"image\/jpeg"}],"author":"Jorge Matheus","twitter_card":"summary_large_image","twitter_creator":"@infoecos","twitter_site":"@infoecos","twitter_misc":{"Escrito por":"Jorge Matheus","Tiempo de lectura":"3 minutos"},"schema":{"@context":"https:\/\/schema.org","@graph":[{"@type":"Article","@id":"https:\/\/infoecos.com.ar\/index.php\/que-se-recuerda-y-celebra-el-29-de-julio\/#article","isPartOf":{"@id":"https:\/\/infoecos.com.ar\/index.php\/que-se-recuerda-y-celebra-el-29-de-julio\/"},"author":{"name":"Jorge Matheus","@id":"https:\/\/infoecos.com.ar\/#\/schema\/person\/8f5ace5ce73b4b4aac4b7245aee6f191"},"headline":"Que se recuerda y celebra el 29 de Julio&#8230;","datePublished":"2022-07-29T04:08:54+00:00","dateModified":"2022-07-29T04:08:55+00:00","mainEntityOfPage":{"@id":"https:\/\/infoecos.com.ar\/index.php\/que-se-recuerda-y-celebra-el-29-de-julio\/"},"wordCount":529,"publisher":{"@id":"https:\/\/infoecos.com.ar\/#organization"},"image":{"@id":"https:\/\/infoecos.com.ar\/index.php\/que-se-recuerda-y-celebra-el-29-de-julio\/#primaryimage"},"thumbnailUrl":"https:\/\/infoecos.com.ar\/wp-content\/uploads\/2021\/07\/favaloro_1-1024x442-1.jpg","articleSection":["C2 N7"],"inLanguage":"es"},{"@type":"WebPage","@id":"https:\/\/infoecos.com.ar\/index.php\/que-se-recuerda-y-celebra-el-29-de-julio\/","url":"https:\/\/infoecos.com.ar\/index.php\/que-se-recuerda-y-celebra-el-29-de-julio\/","name":"Que se recuerda y celebra el 29 de Julio... - Infoecos","isPartOf":{"@id":"https:\/\/infoecos.com.ar\/#website"},"primaryImageOfPage":{"@id":"https:\/\/infoecos.com.ar\/index.php\/que-se-recuerda-y-celebra-el-29-de-julio\/#primaryimage"},"image":{"@id":"https:\/\/infoecos.com.ar\/index.php\/que-se-recuerda-y-celebra-el-29-de-julio\/#primaryimage"},"thumbnailUrl":"https:\/\/infoecos.com.ar\/wp-content\/uploads\/2021\/07\/favaloro_1-1024x442-1.jpg","datePublished":"2022-07-29T04:08:54+00:00","dateModified":"2022-07-29T04:08:55+00:00","breadcrumb":{"@id":"https:\/\/infoecos.com.ar\/index.php\/que-se-recuerda-y-celebra-el-29-de-julio\/#breadcrumb"},"inLanguage":"es","potentialAction":[{"@type":"ReadAction","target":["https:\/\/infoecos.com.ar\/index.php\/que-se-recuerda-y-celebra-el-29-de-julio\/"]}]},{"@type":"ImageObject","inLanguage":"es","@id":"https:\/\/infoecos.com.ar\/index.php\/que-se-recuerda-y-celebra-el-29-de-julio\/#primaryimage","url":"https:\/\/infoecos.com.ar\/wp-content\/uploads\/2021\/07\/favaloro_1-1024x442-1.jpg","contentUrl":"https:\/\/infoecos.com.ar\/wp-content\/uploads\/2021\/07\/favaloro_1-1024x442-1.jpg","width":1024,"height":442},{"@type":"BreadcrumbList","@id":"https:\/\/infoecos.com.ar\/index.php\/que-se-recuerda-y-celebra-el-29-de-julio\/#breadcrumb","itemListElement":[{"@type":"ListItem","position":1,"name":"Portada","item":"https:\/\/infoecos.com.ar\/"},{"@type":"ListItem","position":2,"name":"Que se recuerda y celebra el 29 de Julio&#8230;"}]},{"@type":"WebSite","@id":"https:\/\/infoecos.com.ar\/#website","url":"https:\/\/infoecos.com.ar\/","name":"Infoecos","description":"Noticias de trenque lauquen y la zona","publisher":{"@id":"https:\/\/infoecos.com.ar\/#organization"},"alternateName":"Noticias","potentialAction":[{"@type":"SearchAction","target":{"@type":"EntryPoint","urlTemplate":"https:\/\/infoecos.com.ar\/?s={search_term_string}"},"query-input":{"@type":"PropertyValueSpecification","valueRequired":true,"valueName":"search_term_string"}}],"inLanguage":"es"},{"@type":"Organization","@id":"https:\/\/infoecos.com.ar\/#organization","name":"Infoecos","alternateName":"Noticias","url":"https:\/\/infoecos.com.ar\/","logo":{"@type":"ImageObject","inLanguage":"es","@id":"https:\/\/infoecos.com.ar\/#\/schema\/logo\/image\/","url":"https:\/\/infoecos.com.ar\/wp-content\/uploads\/2024\/03\/cropped-logo.png","contentUrl":"https:\/\/infoecos.com.ar\/wp-content\/uploads\/2024\/03\/cropped-logo.png","width":374,"height":90,"caption":"Infoecos"},"image":{"@id":"https:\/\/infoecos.com.ar\/#\/schema\/logo\/image\/"},"sameAs":["https:\/\/www.facebook.com\/profile.php?id=100063200290284","https:\/\/x.com\/infoecos"]},{"@type":"Person","@id":"https:\/\/infoecos.com.ar\/#\/schema\/person\/8f5ace5ce73b4b4aac4b7245aee6f191","name":"Jorge Matheus","url":"https:\/\/infoecos.com.ar\/index.php\/author\/jomatheus\/"}]}},"featured_image_urls":{"full":["https:\/\/infoecos.com.ar\/wp-content\/uploads\/2021\/07\/favaloro_1-1024x442-1.jpg",1024,442,false],"thumbnail":["https:\/\/infoecos.com.ar\/wp-content\/uploads\/2021\/07\/favaloro_1-1024x442-1-150x150.jpg",150,150,true],"medium":["https:\/\/infoecos.com.ar\/wp-content\/uploads\/2021\/07\/favaloro_1-1024x442-1-460x199.jpg",460,199,true],"medium_large":["https:\/\/infoecos.com.ar\/wp-content\/uploads\/2021\/07\/favaloro_1-1024x442-1-768x332.jpg",640,277,true],"large":["https:\/\/infoecos.com.ar\/wp-content\/uploads\/2021\/07\/favaloro_1-1024x442-1-920x397.jpg",640,276,true],"1536x1536":["https:\/\/infoecos.com.ar\/wp-content\/uploads\/2021\/07\/favaloro_1-1024x442-1.jpg",1024,442,false],"2048x2048":["https:\/\/infoecos.com.ar\/wp-content\/uploads\/2021\/07\/favaloro_1-1024x442-1.jpg",1024,442,false],"covernews-slider-full":["https:\/\/infoecos.com.ar\/wp-content\/uploads\/2021\/07\/favaloro_1-1024x442-1.jpg",1024,442,false],"covernews-slider-center":["https:\/\/infoecos.com.ar\/wp-content\/uploads\/2021\/07\/favaloro_1-1024x442-1-936x442.jpg",800,378,true],"covernews-featured":["https:\/\/infoecos.com.ar\/wp-content\/uploads\/2021\/07\/favaloro_1-1024x442-1.jpg",1024,442,false],"covernews-medium":["https:\/\/infoecos.com.ar\/wp-content\/uploads\/2021\/07\/favaloro_1-1024x442-1-720x380.jpg",540,285,true],"covernews-medium-square":["https:\/\/infoecos.com.ar\/wp-content\/uploads\/2021\/07\/favaloro_1-1024x442-1-675x442.jpg",382,250,true]},"author_info":{"info":["Jorge Matheus"]},"category_info":"<a href=\"https:\/\/infoecos.com.ar\/index.php\/category\/c2nota7\/\" rel=\"category tag\">C2 N7<\/a>","tag_info":"C2 N7","comment_count":"0","_links":{"self":[{"href":"https:\/\/infoecos.com.ar\/index.php\/wp-json\/wp\/v2\/posts\/95243"}],"collection":[{"href":"https:\/\/infoecos.com.ar\/index.php\/wp-json\/wp\/v2\/posts"}],"about":[{"href":"https:\/\/infoecos.com.ar\/index.php\/wp-json\/wp\/v2\/types\/post"}],"author":[{"embeddable":true,"href":"https:\/\/infoecos.com.ar\/index.php\/wp-json\/wp\/v2\/users\/2"}],"replies":[{"embeddable":true,"href":"https:\/\/infoecos.com.ar\/index.php\/wp-json\/wp\/v2\/comments?post=95243"}],"version-history":[{"count":1,"href":"https:\/\/infoecos.com.ar\/index.php\/wp-json\/wp\/v2\/posts\/95243\/revisions"}],"predecessor-version":[{"id":95244,"href":"https:\/\/infoecos.com.ar\/index.php\/wp-json\/wp\/v2\/posts\/95243\/revisions\/95244"}],"wp:featuredmedia":[{"embeddable":true,"href":"https:\/\/infoecos.com.ar\/index.php\/wp-json\/wp\/v2\/media\/80842"}],"wp:attachment":[{"href":"https:\/\/infoecos.com.ar\/index.php\/wp-json\/wp\/v2\/media?parent=95243"}],"wp:term":[{"taxonomy":"category","embeddable":true,"href":"https:\/\/infoecos.com.ar\/index.php\/wp-json\/wp\/v2\/categories?post=95243"},{"taxonomy":"post_tag","embeddable":true,"href":"https:\/\/infoecos.com.ar\/index.php\/wp-json\/wp\/v2\/tags?post=95243"}],"curies":[{"name":"wp","href":"https:\/\/api.w.org\/{rel}","templated":true}]}}