{"id":95268,"date":"2022-07-29T03:59:57","date_gmt":"2022-07-29T06:59:57","guid":{"rendered":"http:\/\/infoecos.com.ar\/?p=95268"},"modified":"2022-07-31T04:59:41","modified_gmt":"2022-07-31T07:59:41","slug":"rompieron-una-ventanilla-del-auto-en-que-se-moviliza-el-intendente-de-general-villegas-y-se-llevaron-lo-que-habia-en-su-interior","status":"publish","type":"post","link":"https:\/\/infoecos.com.ar\/index.php\/rompieron-una-ventanilla-del-auto-en-que-se-moviliza-el-intendente-de-general-villegas-y-se-llevaron-lo-que-habia-en-su-interior\/","title":{"rendered":"Rompieron una ventanilla del auto en que se moviliza el intendente de General Villegas y se llevaron lo que hab\u00eda en su interior"},"content":{"rendered":"\n<p>Rompieron la ventanilla trasera derecha del auto en que se movilizaba el intendente de General Villegas, Eduardo Campana, en La Plata y se llevaron una mochila de color negro, varios art\u00edculos de higiene y una computadora port\u00e1til. <\/p>\n\n\n\n<figure class=\"wp-block-image aligncenter size-large is-resized\"><img loading=\"lazy\" decoding=\"async\" src=\"http:\/\/infoecos.com.ar\/wp-content\/uploads\/2022\/07\/image-94-920x920.png\" alt=\"\" class=\"wp-image-95269\" width=\"455\" height=\"455\" srcset=\"https:\/\/infoecos.com.ar\/wp-content\/uploads\/2022\/07\/image-94-920x920.png 920w, https:\/\/infoecos.com.ar\/wp-content\/uploads\/2022\/07\/image-94-460x460.png 460w, https:\/\/infoecos.com.ar\/wp-content\/uploads\/2022\/07\/image-94-150x150.png 150w, https:\/\/infoecos.com.ar\/wp-content\/uploads\/2022\/07\/image-94-768x768.png 768w, https:\/\/infoecos.com.ar\/wp-content\/uploads\/2022\/07\/image-94-1536x1536.png 1536w, https:\/\/infoecos.com.ar\/wp-content\/uploads\/2022\/07\/image-94-2048x2048.png 2048w, https:\/\/infoecos.com.ar\/wp-content\/uploads\/2022\/07\/image-94-1024x1024.png 1024w\" sizes=\"(max-width: 455px) 100vw, 455px\" \/><figcaption>Calle 7 N\u00b01267 e\/58 y 59 La Plata<\/figcaption><\/figure>\n\n\n\n<p>El hecho ocurri\u00f3 cuando el mandatario comunal realizaba gestiones en el ministerio de Obras P\u00fablicas, ubicado sobre calle 7. <\/p>\n\n\n\n<p>El auto un  Volkswagen Passat CC de color gris, patente KQQ-283.<\/p>\n\n\n\n<p>Los investigadores pidieron los registros de las c\u00e1maras de seguridad del barrio para saber si existen im\u00e1genes que permitan descubrir la identidad de los ladrones.<\/p>\n\n\n\n<p><strong>Fuente: diarioactualidad.com (General Villegas)<\/strong><\/p>\n","protected":false},"excerpt":{"rendered":"<p>El hecho ocurri\u00f3 cuando el mandatario comunal realizaba gestiones en el ministerio de Obras P\u00fablicas, ubicado sobre calle 7<\/p>\n","protected":false},"author":2,"featured_media":95269,"comment_status":"closed","ping_status":"open","sticky":false,"template":"","format":"standard","meta":{"footnotes":""},"categories":[41],"tags":[154],"class_list":["post-95268","post","type-post","status-publish","format-standard","has-post-thumbnail","hentry","category-inferior2","tag-la-plata"],"yoast_head":"<!-- This site is optimized with the Yoast SEO plugin v23.4 - https:\/\/yoast.com\/wordpress\/plugins\/seo\/ -->\n<title>Rompieron una ventanilla del auto en que se moviliza el intendente de General Villegas y se llevaron lo que hab\u00eda en su interior - Infoecos<\/title>\n<meta name=\"robots\" content=\"index, follow, max-snippet:-1, max-image-preview:large, max-video-preview:-1\" \/>\n<link rel=\"canonical\" href=\"https:\/\/infoecos.com.ar\/index.php\/rompieron-una-ventanilla-del-auto-en-que-se-moviliza-el-intendente-de-general-villegas-y-se-llevaron-lo-que-habia-en-su-interior\/\" \/>\n<meta property=\"og:locale\" content=\"es_ES\" \/>\n<meta property=\"og:type\" content=\"article\" \/>\n<meta property=\"og:title\" content=\"Rompieron una ventanilla del auto en que se moviliza el intendente de General Villegas y se llevaron lo que hab\u00eda en su interior - Infoecos\" \/>\n<meta property=\"og:description\" content=\"El hecho ocurri\u00f3 cuando el mandatario comunal realizaba gestiones en el ministerio de Obras P\u00fablicas, ubicado sobre calle 7\" \/>\n<meta property=\"og:url\" content=\"https:\/\/infoecos.com.ar\/index.php\/rompieron-una-ventanilla-del-auto-en-que-se-moviliza-el-intendente-de-general-villegas-y-se-llevaron-lo-que-habia-en-su-interior\/\" \/>\n<meta property=\"og:site_name\" content=\"Infoecos\" \/>\n<meta property=\"article:publisher\" content=\"https:\/\/www.facebook.com\/profile.php?id=100063200290284\" \/>\n<meta property=\"article:published_time\" content=\"2022-07-29T06:59:57+00:00\" \/>\n<meta property=\"article:modified_time\" content=\"2022-07-31T07:59:41+00:00\" \/>\n<meta property=\"og:image\" content=\"https:\/\/infoecos.com.ar\/wp-content\/uploads\/2022\/07\/image-94-920x920.png\" \/>\n\t<meta property=\"og:image:width\" content=\"920\" \/>\n\t<meta property=\"og:image:height\" content=\"920\" \/>\n\t<meta property=\"og:image:type\" content=\"image\/png\" \/>\n<meta name=\"author\" content=\"Jorge Matheus\" \/>\n<meta name=\"twitter:card\" content=\"summary_large_image\" \/>\n<meta name=\"twitter:creator\" content=\"@infoecos\" \/>\n<meta name=\"twitter:site\" content=\"@infoecos\" \/>\n<meta name=\"twitter:label1\" content=\"Escrito por\" \/>\n\t<meta name=\"twitter:data1\" content=\"Jorge Matheus\" \/>\n\t<meta name=\"twitter:label2\" content=\"Tiempo de lectura\" \/>\n\t<meta name=\"twitter:data2\" content=\"1 minuto\" \/>\n<script type=\"application\/ld+json\" class=\"yoast-schema-graph\">{\"@context\":\"https:\/\/schema.org\",\"@graph\":[{\"@type\":\"Article\",\"@id\":\"https:\/\/infoecos.com.ar\/index.php\/rompieron-una-ventanilla-del-auto-en-que-se-moviliza-el-intendente-de-general-villegas-y-se-llevaron-lo-que-habia-en-su-interior\/#article\",\"isPartOf\":{\"@id\":\"https:\/\/infoecos.com.ar\/index.php\/rompieron-una-ventanilla-del-auto-en-que-se-moviliza-el-intendente-de-general-villegas-y-se-llevaron-lo-que-habia-en-su-interior\/\"},\"author\":{\"name\":\"Jorge Matheus\",\"@id\":\"https:\/\/infoecos.com.ar\/#\/schema\/person\/8f5ace5ce73b4b4aac4b7245aee6f191\"},\"headline\":\"Rompieron una ventanilla del auto en que se moviliza el intendente de General Villegas y se llevaron lo que hab\u00eda en su interior\",\"datePublished\":\"2022-07-29T06:59:57+00:00\",\"dateModified\":\"2022-07-31T07:59:41+00:00\",\"mainEntityOfPage\":{\"@id\":\"https:\/\/infoecos.com.ar\/index.php\/rompieron-una-ventanilla-del-auto-en-que-se-moviliza-el-intendente-de-general-villegas-y-se-llevaron-lo-que-habia-en-su-interior\/\"},\"wordCount\":131,\"publisher\":{\"@id\":\"https:\/\/infoecos.com.ar\/#organization\"},\"image\":{\"@id\":\"https:\/\/infoecos.com.ar\/index.php\/rompieron-una-ventanilla-del-auto-en-que-se-moviliza-el-intendente-de-general-villegas-y-se-llevaron-lo-que-habia-en-su-interior\/#primaryimage\"},\"thumbnailUrl\":\"https:\/\/infoecos.com.ar\/wp-content\/uploads\/2022\/07\/image-94.png\",\"keywords\":[\"LA PLATA\"],\"articleSection\":[\"Bloque inferior - 2\"],\"inLanguage\":\"es\"},{\"@type\":\"WebPage\",\"@id\":\"https:\/\/infoecos.com.ar\/index.php\/rompieron-una-ventanilla-del-auto-en-que-se-moviliza-el-intendente-de-general-villegas-y-se-llevaron-lo-que-habia-en-su-interior\/\",\"url\":\"https:\/\/infoecos.com.ar\/index.php\/rompieron-una-ventanilla-del-auto-en-que-se-moviliza-el-intendente-de-general-villegas-y-se-llevaron-lo-que-habia-en-su-interior\/\",\"name\":\"Rompieron una ventanilla del auto en que se moviliza el intendente de General Villegas y se llevaron lo que hab\u00eda en su interior - Infoecos\",\"isPartOf\":{\"@id\":\"https:\/\/infoecos.com.ar\/#website\"},\"primaryImageOfPage\":{\"@id\":\"https:\/\/infoecos.com.ar\/index.php\/rompieron-una-ventanilla-del-auto-en-que-se-moviliza-el-intendente-de-general-villegas-y-se-llevaron-lo-que-habia-en-su-interior\/#primaryimage\"},\"image\":{\"@id\":\"https:\/\/infoecos.com.ar\/index.php\/rompieron-una-ventanilla-del-auto-en-que-se-moviliza-el-intendente-de-general-villegas-y-se-llevaron-lo-que-habia-en-su-interior\/#primaryimage\"},\"thumbnailUrl\":\"https:\/\/infoecos.com.ar\/wp-content\/uploads\/2022\/07\/image-94.png\",\"datePublished\":\"2022-07-29T06:59:57+00:00\",\"dateModified\":\"2022-07-31T07:59:41+00:00\",\"breadcrumb\":{\"@id\":\"https:\/\/infoecos.com.ar\/index.php\/rompieron-una-ventanilla-del-auto-en-que-se-moviliza-el-intendente-de-general-villegas-y-se-llevaron-lo-que-habia-en-su-interior\/#breadcrumb\"},\"inLanguage\":\"es\",\"potentialAction\":[{\"@type\":\"ReadAction\",\"target\":[\"https:\/\/infoecos.com.ar\/index.php\/rompieron-una-ventanilla-del-auto-en-que-se-moviliza-el-intendente-de-general-villegas-y-se-llevaron-lo-que-habia-en-su-interior\/\"]}]},{\"@type\":\"ImageObject\",\"inLanguage\":\"es\",\"@id\":\"https:\/\/infoecos.com.ar\/index.php\/rompieron-una-ventanilla-del-auto-en-que-se-moviliza-el-intendente-de-general-villegas-y-se-llevaron-lo-que-habia-en-su-interior\/#primaryimage\",\"url\":\"https:\/\/infoecos.com.ar\/wp-content\/uploads\/2022\/07\/image-94.png\",\"contentUrl\":\"https:\/\/infoecos.com.ar\/wp-content\/uploads\/2022\/07\/image-94.png\",\"width\":2991,\"height\":2991},{\"@type\":\"BreadcrumbList\",\"@id\":\"https:\/\/infoecos.com.ar\/index.php\/rompieron-una-ventanilla-del-auto-en-que-se-moviliza-el-intendente-de-general-villegas-y-se-llevaron-lo-que-habia-en-su-interior\/#breadcrumb\",\"itemListElement\":[{\"@type\":\"ListItem\",\"position\":1,\"name\":\"Portada\",\"item\":\"https:\/\/infoecos.com.ar\/\"},{\"@type\":\"ListItem\",\"position\":2,\"name\":\"Rompieron una ventanilla del auto en que se moviliza el intendente de General Villegas y se llevaron lo que hab\u00eda en su interior\"}]},{\"@type\":\"WebSite\",\"@id\":\"https:\/\/infoecos.com.ar\/#website\",\"url\":\"https:\/\/infoecos.com.ar\/\",\"name\":\"Infoecos\",\"description\":\"Noticias de trenque lauquen y la zona\",\"publisher\":{\"@id\":\"https:\/\/infoecos.com.ar\/#organization\"},\"alternateName\":\"Noticias\",\"potentialAction\":[{\"@type\":\"SearchAction\",\"target\":{\"@type\":\"EntryPoint\",\"urlTemplate\":\"https:\/\/infoecos.com.ar\/?s={search_term_string}\"},\"query-input\":{\"@type\":\"PropertyValueSpecification\",\"valueRequired\":true,\"valueName\":\"search_term_string\"}}],\"inLanguage\":\"es\"},{\"@type\":\"Organization\",\"@id\":\"https:\/\/infoecos.com.ar\/#organization\",\"name\":\"Infoecos\",\"alternateName\":\"Noticias\",\"url\":\"https:\/\/infoecos.com.ar\/\",\"logo\":{\"@type\":\"ImageObject\",\"inLanguage\":\"es\",\"@id\":\"https:\/\/infoecos.com.ar\/#\/schema\/logo\/image\/\",\"url\":\"https:\/\/infoecos.com.ar\/wp-content\/uploads\/2024\/03\/cropped-logo.png\",\"contentUrl\":\"https:\/\/infoecos.com.ar\/wp-content\/uploads\/2024\/03\/cropped-logo.png\",\"width\":374,\"height\":90,\"caption\":\"Infoecos\"},\"image\":{\"@id\":\"https:\/\/infoecos.com.ar\/#\/schema\/logo\/image\/\"},\"sameAs\":[\"https:\/\/www.facebook.com\/profile.php?id=100063200290284\",\"https:\/\/x.com\/infoecos\"]},{\"@type\":\"Person\",\"@id\":\"https:\/\/infoecos.com.ar\/#\/schema\/person\/8f5ace5ce73b4b4aac4b7245aee6f191\",\"name\":\"Jorge Matheus\",\"url\":\"https:\/\/infoecos.com.ar\/index.php\/author\/jomatheus\/\"}]}<\/script>\n<!-- \/ Yoast SEO plugin. -->","yoast_head_json":{"title":"Rompieron una ventanilla del auto en que se moviliza el intendente de General Villegas y se llevaron lo que hab\u00eda en su interior - Infoecos","robots":{"index":"index","follow":"follow","max-snippet":"max-snippet:-1","max-image-preview":"max-image-preview:large","max-video-preview":"max-video-preview:-1"},"canonical":"https:\/\/infoecos.com.ar\/index.php\/rompieron-una-ventanilla-del-auto-en-que-se-moviliza-el-intendente-de-general-villegas-y-se-llevaron-lo-que-habia-en-su-interior\/","og_locale":"es_ES","og_type":"article","og_title":"Rompieron una ventanilla del auto en que se moviliza el intendente de General Villegas y se llevaron lo que hab\u00eda en su interior - Infoecos","og_description":"El hecho ocurri\u00f3 cuando el mandatario comunal realizaba gestiones en el ministerio de Obras P\u00fablicas, ubicado sobre calle 7","og_url":"https:\/\/infoecos.com.ar\/index.php\/rompieron-una-ventanilla-del-auto-en-que-se-moviliza-el-intendente-de-general-villegas-y-se-llevaron-lo-que-habia-en-su-interior\/","og_site_name":"Infoecos","article_publisher":"https:\/\/www.facebook.com\/profile.php?id=100063200290284","article_published_time":"2022-07-29T06:59:57+00:00","article_modified_time":"2022-07-31T07:59:41+00:00","og_image":[{"width":920,"height":920,"url":"https:\/\/infoecos.com.ar\/wp-content\/uploads\/2022\/07\/image-94-920x920.png","type":"image\/png"}],"author":"Jorge Matheus","twitter_card":"summary_large_image","twitter_creator":"@infoecos","twitter_site":"@infoecos","twitter_misc":{"Escrito por":"Jorge Matheus","Tiempo de lectura":"1 minuto"},"schema":{"@context":"https:\/\/schema.org","@graph":[{"@type":"Article","@id":"https:\/\/infoecos.com.ar\/index.php\/rompieron-una-ventanilla-del-auto-en-que-se-moviliza-el-intendente-de-general-villegas-y-se-llevaron-lo-que-habia-en-su-interior\/#article","isPartOf":{"@id":"https:\/\/infoecos.com.ar\/index.php\/rompieron-una-ventanilla-del-auto-en-que-se-moviliza-el-intendente-de-general-villegas-y-se-llevaron-lo-que-habia-en-su-interior\/"},"author":{"name":"Jorge Matheus","@id":"https:\/\/infoecos.com.ar\/#\/schema\/person\/8f5ace5ce73b4b4aac4b7245aee6f191"},"headline":"Rompieron una ventanilla del auto en que se moviliza el intendente de General Villegas y se llevaron lo que hab\u00eda en su interior","datePublished":"2022-07-29T06:59:57+00:00","dateModified":"2022-07-31T07:59:41+00:00","mainEntityOfPage":{"@id":"https:\/\/infoecos.com.ar\/index.php\/rompieron-una-ventanilla-del-auto-en-que-se-moviliza-el-intendente-de-general-villegas-y-se-llevaron-lo-que-habia-en-su-interior\/"},"wordCount":131,"publisher":{"@id":"https:\/\/infoecos.com.ar\/#organization"},"image":{"@id":"https:\/\/infoecos.com.ar\/index.php\/rompieron-una-ventanilla-del-auto-en-que-se-moviliza-el-intendente-de-general-villegas-y-se-llevaron-lo-que-habia-en-su-interior\/#primaryimage"},"thumbnailUrl":"https:\/\/infoecos.com.ar\/wp-content\/uploads\/2022\/07\/image-94.png","keywords":["LA PLATA"],"articleSection":["Bloque inferior - 2"],"inLanguage":"es"},{"@type":"WebPage","@id":"https:\/\/infoecos.com.ar\/index.php\/rompieron-una-ventanilla-del-auto-en-que-se-moviliza-el-intendente-de-general-villegas-y-se-llevaron-lo-que-habia-en-su-interior\/","url":"https:\/\/infoecos.com.ar\/index.php\/rompieron-una-ventanilla-del-auto-en-que-se-moviliza-el-intendente-de-general-villegas-y-se-llevaron-lo-que-habia-en-su-interior\/","name":"Rompieron una ventanilla del auto en que se moviliza el intendente de General Villegas y se llevaron lo que hab\u00eda en su interior - Infoecos","isPartOf":{"@id":"https:\/\/infoecos.com.ar\/#website"},"primaryImageOfPage":{"@id":"https:\/\/infoecos.com.ar\/index.php\/rompieron-una-ventanilla-del-auto-en-que-se-moviliza-el-intendente-de-general-villegas-y-se-llevaron-lo-que-habia-en-su-interior\/#primaryimage"},"image":{"@id":"https:\/\/infoecos.com.ar\/index.php\/rompieron-una-ventanilla-del-auto-en-que-se-moviliza-el-intendente-de-general-villegas-y-se-llevaron-lo-que-habia-en-su-interior\/#primaryimage"},"thumbnailUrl":"https:\/\/infoecos.com.ar\/wp-content\/uploads\/2022\/07\/image-94.png","datePublished":"2022-07-29T06:59:57+00:00","dateModified":"2022-07-31T07:59:41+00:00","breadcrumb":{"@id":"https:\/\/infoecos.com.ar\/index.php\/rompieron-una-ventanilla-del-auto-en-que-se-moviliza-el-intendente-de-general-villegas-y-se-llevaron-lo-que-habia-en-su-interior\/#breadcrumb"},"inLanguage":"es","potentialAction":[{"@type":"ReadAction","target":["https:\/\/infoecos.com.ar\/index.php\/rompieron-una-ventanilla-del-auto-en-que-se-moviliza-el-intendente-de-general-villegas-y-se-llevaron-lo-que-habia-en-su-interior\/"]}]},{"@type":"ImageObject","inLanguage":"es","@id":"https:\/\/infoecos.com.ar\/index.php\/rompieron-una-ventanilla-del-auto-en-que-se-moviliza-el-intendente-de-general-villegas-y-se-llevaron-lo-que-habia-en-su-interior\/#primaryimage","url":"https:\/\/infoecos.com.ar\/wp-content\/uploads\/2022\/07\/image-94.png","contentUrl":"https:\/\/infoecos.com.ar\/wp-content\/uploads\/2022\/07\/image-94.png","width":2991,"height":2991},{"@type":"BreadcrumbList","@id":"https:\/\/infoecos.com.ar\/index.php\/rompieron-una-ventanilla-del-auto-en-que-se-moviliza-el-intendente-de-general-villegas-y-se-llevaron-lo-que-habia-en-su-interior\/#breadcrumb","itemListElement":[{"@type":"ListItem","position":1,"name":"Portada","item":"https:\/\/infoecos.com.ar\/"},{"@type":"ListItem","position":2,"name":"Rompieron una ventanilla del auto en que se moviliza el intendente de General Villegas y se llevaron lo que hab\u00eda en su interior"}]},{"@type":"WebSite","@id":"https:\/\/infoecos.com.ar\/#website","url":"https:\/\/infoecos.com.ar\/","name":"Infoecos","description":"Noticias de trenque lauquen y la zona","publisher":{"@id":"https:\/\/infoecos.com.ar\/#organization"},"alternateName":"Noticias","potentialAction":[{"@type":"SearchAction","target":{"@type":"EntryPoint","urlTemplate":"https:\/\/infoecos.com.ar\/?s={search_term_string}"},"query-input":{"@type":"PropertyValueSpecification","valueRequired":true,"valueName":"search_term_string"}}],"inLanguage":"es"},{"@type":"Organization","@id":"https:\/\/infoecos.com.ar\/#organization","name":"Infoecos","alternateName":"Noticias","url":"https:\/\/infoecos.com.ar\/","logo":{"@type":"ImageObject","inLanguage":"es","@id":"https:\/\/infoecos.com.ar\/#\/schema\/logo\/image\/","url":"https:\/\/infoecos.com.ar\/wp-content\/uploads\/2024\/03\/cropped-logo.png","contentUrl":"https:\/\/infoecos.com.ar\/wp-content\/uploads\/2024\/03\/cropped-logo.png","width":374,"height":90,"caption":"Infoecos"},"image":{"@id":"https:\/\/infoecos.com.ar\/#\/schema\/logo\/image\/"},"sameAs":["https:\/\/www.facebook.com\/profile.php?id=100063200290284","https:\/\/x.com\/infoecos"]},{"@type":"Person","@id":"https:\/\/infoecos.com.ar\/#\/schema\/person\/8f5ace5ce73b4b4aac4b7245aee6f191","name":"Jorge Matheus","url":"https:\/\/infoecos.com.ar\/index.php\/author\/jomatheus\/"}]}},"featured_image_urls":{"full":["https:\/\/infoecos.com.ar\/wp-content\/uploads\/2022\/07\/image-94.png",2991,2991,false],"thumbnail":["https:\/\/infoecos.com.ar\/wp-content\/uploads\/2022\/07\/image-94-150x150.png",150,150,true],"medium":["https:\/\/infoecos.com.ar\/wp-content\/uploads\/2022\/07\/image-94-460x460.png",460,460,true],"medium_large":["https:\/\/infoecos.com.ar\/wp-content\/uploads\/2022\/07\/image-94-768x768.png",640,640,true],"large":["https:\/\/infoecos.com.ar\/wp-content\/uploads\/2022\/07\/image-94-920x920.png",640,640,true],"1536x1536":["https:\/\/infoecos.com.ar\/wp-content\/uploads\/2022\/07\/image-94-1536x1536.png",1536,1536,true],"2048x2048":["https:\/\/infoecos.com.ar\/wp-content\/uploads\/2022\/07\/image-94-2048x2048.png",2048,2048,true],"covernews-slider-full":["https:\/\/infoecos.com.ar\/wp-content\/uploads\/2022\/07\/image-94-1536x1020.png",1077,715,true],"covernews-slider-center":["https:\/\/infoecos.com.ar\/wp-content\/uploads\/2022\/07\/image-94-936x897.png",522,500,true],"covernews-featured":["https:\/\/infoecos.com.ar\/wp-content\/uploads\/2022\/07\/image-94-1024x1024.png",1024,1024,true],"covernews-medium":["https:\/\/infoecos.com.ar\/wp-content\/uploads\/2022\/07\/image-94-720x380.png",540,285,true],"covernews-medium-square":["https:\/\/infoecos.com.ar\/wp-content\/uploads\/2022\/07\/image-94-675x450.png",375,250,true]},"author_info":{"info":["Jorge Matheus"]},"category_info":"<a href=\"https:\/\/infoecos.com.ar\/index.php\/category\/inferior2\/\" rel=\"category tag\">Bloque inferior - 2<\/a>","tag_info":"Bloque inferior - 2","comment_count":"0","_links":{"self":[{"href":"https:\/\/infoecos.com.ar\/index.php\/wp-json\/wp\/v2\/posts\/95268"}],"collection":[{"href":"https:\/\/infoecos.com.ar\/index.php\/wp-json\/wp\/v2\/posts"}],"about":[{"href":"https:\/\/infoecos.com.ar\/index.php\/wp-json\/wp\/v2\/types\/post"}],"author":[{"embeddable":true,"href":"https:\/\/infoecos.com.ar\/index.php\/wp-json\/wp\/v2\/users\/2"}],"replies":[{"embeddable":true,"href":"https:\/\/infoecos.com.ar\/index.php\/wp-json\/wp\/v2\/comments?post=95268"}],"version-history":[{"count":1,"href":"https:\/\/infoecos.com.ar\/index.php\/wp-json\/wp\/v2\/posts\/95268\/revisions"}],"predecessor-version":[{"id":95270,"href":"https:\/\/infoecos.com.ar\/index.php\/wp-json\/wp\/v2\/posts\/95268\/revisions\/95270"}],"wp:featuredmedia":[{"embeddable":true,"href":"https:\/\/infoecos.com.ar\/index.php\/wp-json\/wp\/v2\/media\/95269"}],"wp:attachment":[{"href":"https:\/\/infoecos.com.ar\/index.php\/wp-json\/wp\/v2\/media?parent=95268"}],"wp:term":[{"taxonomy":"category","embeddable":true,"href":"https:\/\/infoecos.com.ar\/index.php\/wp-json\/wp\/v2\/categories?post=95268"},{"taxonomy":"post_tag","embeddable":true,"href":"https:\/\/infoecos.com.ar\/index.php\/wp-json\/wp\/v2\/tags?post=95268"}],"curies":[{"name":"wp","href":"https:\/\/api.w.org\/{rel}","templated":true}]}}