{"id":95304,"date":"2022-07-29T16:38:42","date_gmt":"2022-07-29T19:38:42","guid":{"rendered":"http:\/\/infoecos.com.ar\/?p=95304"},"modified":"2022-07-31T02:37:37","modified_gmt":"2022-07-31T05:37:37","slug":"nueve-casos-activos-de-covid-19-un-deceso-y-once-personas-recuperadas","status":"publish","type":"post","link":"https:\/\/infoecos.com.ar\/index.php\/nueve-casos-activos-de-covid-19-un-deceso-y-once-personas-recuperadas\/","title":{"rendered":"Nueve casos activos de COVID-19, un deceso y once personas recuperadas"},"content":{"rendered":"\n<p>La subsecretar\u00eda de Salud municipal de Trenque Lauquen inform\u00f3 que hay nueve (9) casos activos de Covid-19 en el distrito, despu\u00e9s que en la \u00faltima semana \u2013desde el pasado s\u00e1bado, 23 de julio, hasta este viernes 29 de julio- se reportaran siete (7) nuevos casos positivos, un (1) deceso, 11 personas recuperadas y 22 casos descartados.<\/p>\n\n\n\n<p>Los <strong>siete<\/strong> nuevos casos positivos fueron confirmados por testeo y corresponden a la ciudad cabecera, mientras que de los <strong>nueve<\/strong> casos activos, que tambi\u00e9n son de Trenque Lauquen, <strong>siete<\/strong> se encuentran en sus domicilios particulares y dos en el Hospital Municipal.<\/p>\n\n\n\n<p>La persona fallecida es un hombre de 70 a\u00f1os de Trenque Lauquen que ten\u00eda una enfermedad de base muy avanzada. Se encontraba internado en el Hospital Municipal.<\/p>\n\n\n\n<p>Con los 22 casos descartados, 21 de Trenque Lauquen y uno (1) de Treinta de Agosto, ascienden a 34.555 los casos as\u00ed considerados desde el inicio de la pandemia, hace m\u00e1s de dos a\u00f1os, hasta este viernes.<\/p>\n\n\n\n<p>En ese mismo lapso, con las 11 personas recuperadas en la \u00faltima semana, todas de Trenque Lauquen, se contabilizan 15.747 personas que recibieron el alta.<\/p>\n\n\n\n<figure class=\"wp-block-image aligncenter size-full\"><img loading=\"lazy\" decoding=\"async\" width=\"800\" height=\"695\" src=\"http:\/\/infoecos.com.ar\/wp-content\/uploads\/2022\/07\/image-98.png\" alt=\"\" class=\"wp-image-95305\" srcset=\"https:\/\/infoecos.com.ar\/wp-content\/uploads\/2022\/07\/image-98.png 800w, https:\/\/infoecos.com.ar\/wp-content\/uploads\/2022\/07\/image-98-460x400.png 460w, https:\/\/infoecos.com.ar\/wp-content\/uploads\/2022\/07\/image-98-768x667.png 768w\" sizes=\"(max-width: 800px) 100vw, 800px\" \/><\/figure>\n\n\n\n<p>. <strong>INFORME SEMANAL<\/strong><\/p>\n\n\n\n<p>Desde el \u00e1rea de Epidemiolog\u00eda informan que los resultados del informe semanal de Covid-19 son parciales teniendo en cuenta que reflejan solamente el n\u00famero de casos que son testeados en el Hospital Municipal, donde se atiende a la poblaci\u00f3n con factores de riesgo y a personas con orden m\u00e9dica.<br>Obviamente, el informe municipal no contabiliza los casos de vecinos\/as que son diagnosticados positivos de Covid-19 mediante el kit de testeo que adquieren en las farmacias o se realizan de forma privada.<\/p>\n\n\n\n<p>. <strong>CENTRO MUNICIPAL DE TESTEO<\/strong><br><\/p>\n\n\n\n<p>El Centro Municipal de Testeo funciona en el Hospital Municipal Dr. Pedro T. Orellana de lunes a viernes de 11 a 14. Los\/as vecinos\/as que necesiten hisoparse deber\u00e1n ingresar por el sector de Laboratorio o la entrada principal del centro de salud.<\/p>\n\n\n\n<p>Para hisoparse se sigue dando turno por mensaje de WhatsApp al tel\u00e9fono (2392) 52-0721 por una cuesti\u00f3n de organizaci\u00f3n, y quienes concurran deber\u00e1n llevar Documento Nacional de Identidad (DNI), carnet de obra social en caso de que tengan una y certificado de vacunaci\u00f3n Covid-19. El objetivo de este \u00faltimo requisito es conocer en qu\u00e9 situaci\u00f3n se encuentra cada vecino\/a que llega a hacerse el hisopado.<\/p>\n\n\n\n<p>. <strong>CRITERIO DE HISOPADOS<\/strong><\/p>\n\n\n\n<p>En cuanto al criterio de hisopados, para mayores de 60 a\u00f1os continuar\u00e1 como hasta ahora y los\/as menores de 60 deber\u00e1n presentar la receta extendida por un m\u00e9dico.<br><\/p>\n\n\n\n<p>Asimismo, se reitera que las personas que tengan planeado viajar al exterior deben ponerse en contacto con las embajadas o autoridades correspondientes del pa\u00eds elegido como destino para consultar qu\u00e9 tipo de requerimientos sanitarios tienen debido a la pandemia de Covid-19 para permitir el ingreso, particularmente en lo que respecta al tipo de test que exigen, el molecular, amplificaci\u00f3n isot\u00e9rmica, que es el que se realiza en Trenque Lauquen, o el PCR.<\/p>\n\n\n\n<p>\u2022 <strong>L\u00cdNEA TELEF\u00d3NICA<\/strong><\/p>\n\n\n\n<p>Las consultas sobre horarios de hisopados o de atenci\u00f3n por Covid-19 podr\u00e1n realizarse al 147 \u00f3 41-9060, n\u00famero de Atenci\u00f3n Ciudadana de la municipalidad de Trenque Lauquen, de 7 a 19 horas.<\/p>\n\n\n\n<p>\u2022 <strong>Casos confirmados durante la \u00faltima semana<\/strong>: 7<\/p>\n\n\n\n<ul class=\"wp-block-list\"><li>Por hisopado: 7<\/li><li>Por criterio o nexo epidemiol\u00f3gico: 0<\/li><li>En Trenque Lauquen: 7<\/li><\/ul>\n\n\n\n<p>\u2022 <strong>Total casos activos<\/strong>: 9<\/p>\n\n\n\n<ul class=\"wp-block-list\"><li>En Trenque Lauquen: 9<\/li><\/ul>\n\n\n\n<p>\u2022 <strong>Personas recuperadas durante la \u00faltima semana<\/strong>: 11<\/p>\n\n\n\n<ul class=\"wp-block-list\"><li>En Trenque Lauquen: 11<br><\/li><li>-Total de Personas recuperadas: 15.747<\/li><\/ul>\n\n\n\n<p>\u2022 <strong>Casos descartados durante la \u00faltima semana<\/strong>: 22<\/p>\n\n\n\n<ul class=\"wp-block-list\"><li>En Trenque Lauquen: 21<\/li><li>En Treinta de Agosto: 1<\/li><li>Total de Casos descartados: 34.555<\/li><\/ul>\n\n\n\n<p>\u2022 <strong>Defunciones<\/strong>: 203<\/p>\n","protected":false},"excerpt":{"rendered":"<p>Los siete nuevos casos positivos fueron confirmados por testeo y corresponden a la ciudad cabecera, mientras que de los nueve casos activos, que tambi\u00e9n son de Trenque Lauquen, siete se encuentran en sus domicilios particulares y dos en el Hospital Municipal<\/p>\n","protected":false},"author":2,"featured_media":88783,"comment_status":"closed","ping_status":"open","sticky":false,"template":"","format":"standard","meta":{"footnotes":""},"categories":[49],"tags":[6415],"class_list":["post-95304","post","type-post","status-publish","format-standard","has-post-thumbnail","hentry","category-c3nota3","tag-salud-estadisticas"],"yoast_head":"<!-- This site is optimized with the Yoast SEO plugin v23.4 - https:\/\/yoast.com\/wordpress\/plugins\/seo\/ -->\n<title>Nueve casos activos de COVID-19, un deceso y once personas recuperadas - Infoecos<\/title>\n<meta name=\"robots\" content=\"index, follow, max-snippet:-1, max-image-preview:large, max-video-preview:-1\" \/>\n<link rel=\"canonical\" href=\"https:\/\/infoecos.com.ar\/index.php\/nueve-casos-activos-de-covid-19-un-deceso-y-once-personas-recuperadas\/\" \/>\n<meta property=\"og:locale\" content=\"es_ES\" \/>\n<meta property=\"og:type\" content=\"article\" \/>\n<meta property=\"og:title\" content=\"Nueve casos activos de COVID-19, un deceso y once personas recuperadas - Infoecos\" \/>\n<meta property=\"og:description\" content=\"Los siete nuevos casos positivos fueron confirmados por testeo y corresponden a la ciudad cabecera, mientras que de los nueve casos activos, que tambi\u00e9n son de Trenque Lauquen, siete se encuentran en sus domicilios particulares y dos en el Hospital Municipal\" \/>\n<meta property=\"og:url\" content=\"https:\/\/infoecos.com.ar\/index.php\/nueve-casos-activos-de-covid-19-un-deceso-y-once-personas-recuperadas\/\" \/>\n<meta property=\"og:site_name\" content=\"Infoecos\" \/>\n<meta property=\"article:publisher\" content=\"https:\/\/www.facebook.com\/profile.php?id=100063200290284\" \/>\n<meta property=\"article:published_time\" content=\"2022-07-29T19:38:42+00:00\" \/>\n<meta property=\"article:modified_time\" content=\"2022-07-31T05:37:37+00:00\" \/>\n<meta property=\"og:image\" content=\"https:\/\/infoecos.com.ar\/wp-content\/uploads\/2021\/10\/vacunacion.jpeg\" \/>\n\t<meta property=\"og:image:width\" content=\"1200\" \/>\n\t<meta property=\"og:image:height\" content=\"564\" \/>\n\t<meta property=\"og:image:type\" content=\"image\/jpeg\" \/>\n<meta name=\"author\" content=\"Jorge Matheus\" \/>\n<meta name=\"twitter:card\" content=\"summary_large_image\" \/>\n<meta name=\"twitter:creator\" content=\"@infoecos\" \/>\n<meta name=\"twitter:site\" content=\"@infoecos\" \/>\n<meta name=\"twitter:label1\" content=\"Escrito por\" \/>\n\t<meta name=\"twitter:data1\" content=\"Jorge Matheus\" \/>\n\t<meta name=\"twitter:label2\" content=\"Tiempo de lectura\" \/>\n\t<meta name=\"twitter:data2\" content=\"3 minutos\" \/>\n<script type=\"application\/ld+json\" class=\"yoast-schema-graph\">{\"@context\":\"https:\/\/schema.org\",\"@graph\":[{\"@type\":\"Article\",\"@id\":\"https:\/\/infoecos.com.ar\/index.php\/nueve-casos-activos-de-covid-19-un-deceso-y-once-personas-recuperadas\/#article\",\"isPartOf\":{\"@id\":\"https:\/\/infoecos.com.ar\/index.php\/nueve-casos-activos-de-covid-19-un-deceso-y-once-personas-recuperadas\/\"},\"author\":{\"name\":\"Jorge Matheus\",\"@id\":\"https:\/\/infoecos.com.ar\/#\/schema\/person\/8f5ace5ce73b4b4aac4b7245aee6f191\"},\"headline\":\"Nueve casos activos de COVID-19, un deceso y once personas recuperadas\",\"datePublished\":\"2022-07-29T19:38:42+00:00\",\"dateModified\":\"2022-07-31T05:37:37+00:00\",\"mainEntityOfPage\":{\"@id\":\"https:\/\/infoecos.com.ar\/index.php\/nueve-casos-activos-de-covid-19-un-deceso-y-once-personas-recuperadas\/\"},\"wordCount\":595,\"publisher\":{\"@id\":\"https:\/\/infoecos.com.ar\/#organization\"},\"image\":{\"@id\":\"https:\/\/infoecos.com.ar\/index.php\/nueve-casos-activos-de-covid-19-un-deceso-y-once-personas-recuperadas\/#primaryimage\"},\"thumbnailUrl\":\"https:\/\/infoecos.com.ar\/wp-content\/uploads\/2021\/10\/vacunacion.jpeg\",\"keywords\":[\"salud - estad\u00edsticas\"],\"articleSection\":[\"C3 N3\"],\"inLanguage\":\"es\"},{\"@type\":\"WebPage\",\"@id\":\"https:\/\/infoecos.com.ar\/index.php\/nueve-casos-activos-de-covid-19-un-deceso-y-once-personas-recuperadas\/\",\"url\":\"https:\/\/infoecos.com.ar\/index.php\/nueve-casos-activos-de-covid-19-un-deceso-y-once-personas-recuperadas\/\",\"name\":\"Nueve casos activos de COVID-19, un deceso y once personas recuperadas - Infoecos\",\"isPartOf\":{\"@id\":\"https:\/\/infoecos.com.ar\/#website\"},\"primaryImageOfPage\":{\"@id\":\"https:\/\/infoecos.com.ar\/index.php\/nueve-casos-activos-de-covid-19-un-deceso-y-once-personas-recuperadas\/#primaryimage\"},\"image\":{\"@id\":\"https:\/\/infoecos.com.ar\/index.php\/nueve-casos-activos-de-covid-19-un-deceso-y-once-personas-recuperadas\/#primaryimage\"},\"thumbnailUrl\":\"https:\/\/infoecos.com.ar\/wp-content\/uploads\/2021\/10\/vacunacion.jpeg\",\"datePublished\":\"2022-07-29T19:38:42+00:00\",\"dateModified\":\"2022-07-31T05:37:37+00:00\",\"breadcrumb\":{\"@id\":\"https:\/\/infoecos.com.ar\/index.php\/nueve-casos-activos-de-covid-19-un-deceso-y-once-personas-recuperadas\/#breadcrumb\"},\"inLanguage\":\"es\",\"potentialAction\":[{\"@type\":\"ReadAction\",\"target\":[\"https:\/\/infoecos.com.ar\/index.php\/nueve-casos-activos-de-covid-19-un-deceso-y-once-personas-recuperadas\/\"]}]},{\"@type\":\"ImageObject\",\"inLanguage\":\"es\",\"@id\":\"https:\/\/infoecos.com.ar\/index.php\/nueve-casos-activos-de-covid-19-un-deceso-y-once-personas-recuperadas\/#primaryimage\",\"url\":\"https:\/\/infoecos.com.ar\/wp-content\/uploads\/2021\/10\/vacunacion.jpeg\",\"contentUrl\":\"https:\/\/infoecos.com.ar\/wp-content\/uploads\/2021\/10\/vacunacion.jpeg\",\"width\":1200,\"height\":564},{\"@type\":\"BreadcrumbList\",\"@id\":\"https:\/\/infoecos.com.ar\/index.php\/nueve-casos-activos-de-covid-19-un-deceso-y-once-personas-recuperadas\/#breadcrumb\",\"itemListElement\":[{\"@type\":\"ListItem\",\"position\":1,\"name\":\"Portada\",\"item\":\"https:\/\/infoecos.com.ar\/\"},{\"@type\":\"ListItem\",\"position\":2,\"name\":\"Nueve casos activos de COVID-19, un deceso y once personas recuperadas\"}]},{\"@type\":\"WebSite\",\"@id\":\"https:\/\/infoecos.com.ar\/#website\",\"url\":\"https:\/\/infoecos.com.ar\/\",\"name\":\"Infoecos\",\"description\":\"Noticias de trenque lauquen y la zona\",\"publisher\":{\"@id\":\"https:\/\/infoecos.com.ar\/#organization\"},\"alternateName\":\"Noticias\",\"potentialAction\":[{\"@type\":\"SearchAction\",\"target\":{\"@type\":\"EntryPoint\",\"urlTemplate\":\"https:\/\/infoecos.com.ar\/?s={search_term_string}\"},\"query-input\":{\"@type\":\"PropertyValueSpecification\",\"valueRequired\":true,\"valueName\":\"search_term_string\"}}],\"inLanguage\":\"es\"},{\"@type\":\"Organization\",\"@id\":\"https:\/\/infoecos.com.ar\/#organization\",\"name\":\"Infoecos\",\"alternateName\":\"Noticias\",\"url\":\"https:\/\/infoecos.com.ar\/\",\"logo\":{\"@type\":\"ImageObject\",\"inLanguage\":\"es\",\"@id\":\"https:\/\/infoecos.com.ar\/#\/schema\/logo\/image\/\",\"url\":\"https:\/\/infoecos.com.ar\/wp-content\/uploads\/2024\/03\/cropped-logo.png\",\"contentUrl\":\"https:\/\/infoecos.com.ar\/wp-content\/uploads\/2024\/03\/cropped-logo.png\",\"width\":374,\"height\":90,\"caption\":\"Infoecos\"},\"image\":{\"@id\":\"https:\/\/infoecos.com.ar\/#\/schema\/logo\/image\/\"},\"sameAs\":[\"https:\/\/www.facebook.com\/profile.php?id=100063200290284\",\"https:\/\/x.com\/infoecos\"]},{\"@type\":\"Person\",\"@id\":\"https:\/\/infoecos.com.ar\/#\/schema\/person\/8f5ace5ce73b4b4aac4b7245aee6f191\",\"name\":\"Jorge Matheus\",\"url\":\"https:\/\/infoecos.com.ar\/index.php\/author\/jomatheus\/\"}]}<\/script>\n<!-- \/ Yoast SEO plugin. -->","yoast_head_json":{"title":"Nueve casos activos de COVID-19, un deceso y once personas recuperadas - Infoecos","robots":{"index":"index","follow":"follow","max-snippet":"max-snippet:-1","max-image-preview":"max-image-preview:large","max-video-preview":"max-video-preview:-1"},"canonical":"https:\/\/infoecos.com.ar\/index.php\/nueve-casos-activos-de-covid-19-un-deceso-y-once-personas-recuperadas\/","og_locale":"es_ES","og_type":"article","og_title":"Nueve casos activos de COVID-19, un deceso y once personas recuperadas - Infoecos","og_description":"Los siete nuevos casos positivos fueron confirmados por testeo y corresponden a la ciudad cabecera, mientras que de los nueve casos activos, que tambi\u00e9n son de Trenque Lauquen, siete se encuentran en sus domicilios particulares y dos en el Hospital Municipal","og_url":"https:\/\/infoecos.com.ar\/index.php\/nueve-casos-activos-de-covid-19-un-deceso-y-once-personas-recuperadas\/","og_site_name":"Infoecos","article_publisher":"https:\/\/www.facebook.com\/profile.php?id=100063200290284","article_published_time":"2022-07-29T19:38:42+00:00","article_modified_time":"2022-07-31T05:37:37+00:00","og_image":[{"width":1200,"height":564,"url":"https:\/\/infoecos.com.ar\/wp-content\/uploads\/2021\/10\/vacunacion.jpeg","type":"image\/jpeg"}],"author":"Jorge Matheus","twitter_card":"summary_large_image","twitter_creator":"@infoecos","twitter_site":"@infoecos","twitter_misc":{"Escrito por":"Jorge Matheus","Tiempo de lectura":"3 minutos"},"schema":{"@context":"https:\/\/schema.org","@graph":[{"@type":"Article","@id":"https:\/\/infoecos.com.ar\/index.php\/nueve-casos-activos-de-covid-19-un-deceso-y-once-personas-recuperadas\/#article","isPartOf":{"@id":"https:\/\/infoecos.com.ar\/index.php\/nueve-casos-activos-de-covid-19-un-deceso-y-once-personas-recuperadas\/"},"author":{"name":"Jorge Matheus","@id":"https:\/\/infoecos.com.ar\/#\/schema\/person\/8f5ace5ce73b4b4aac4b7245aee6f191"},"headline":"Nueve casos activos de COVID-19, un deceso y once personas recuperadas","datePublished":"2022-07-29T19:38:42+00:00","dateModified":"2022-07-31T05:37:37+00:00","mainEntityOfPage":{"@id":"https:\/\/infoecos.com.ar\/index.php\/nueve-casos-activos-de-covid-19-un-deceso-y-once-personas-recuperadas\/"},"wordCount":595,"publisher":{"@id":"https:\/\/infoecos.com.ar\/#organization"},"image":{"@id":"https:\/\/infoecos.com.ar\/index.php\/nueve-casos-activos-de-covid-19-un-deceso-y-once-personas-recuperadas\/#primaryimage"},"thumbnailUrl":"https:\/\/infoecos.com.ar\/wp-content\/uploads\/2021\/10\/vacunacion.jpeg","keywords":["salud - estad\u00edsticas"],"articleSection":["C3 N3"],"inLanguage":"es"},{"@type":"WebPage","@id":"https:\/\/infoecos.com.ar\/index.php\/nueve-casos-activos-de-covid-19-un-deceso-y-once-personas-recuperadas\/","url":"https:\/\/infoecos.com.ar\/index.php\/nueve-casos-activos-de-covid-19-un-deceso-y-once-personas-recuperadas\/","name":"Nueve casos activos de COVID-19, un deceso y once personas recuperadas - Infoecos","isPartOf":{"@id":"https:\/\/infoecos.com.ar\/#website"},"primaryImageOfPage":{"@id":"https:\/\/infoecos.com.ar\/index.php\/nueve-casos-activos-de-covid-19-un-deceso-y-once-personas-recuperadas\/#primaryimage"},"image":{"@id":"https:\/\/infoecos.com.ar\/index.php\/nueve-casos-activos-de-covid-19-un-deceso-y-once-personas-recuperadas\/#primaryimage"},"thumbnailUrl":"https:\/\/infoecos.com.ar\/wp-content\/uploads\/2021\/10\/vacunacion.jpeg","datePublished":"2022-07-29T19:38:42+00:00","dateModified":"2022-07-31T05:37:37+00:00","breadcrumb":{"@id":"https:\/\/infoecos.com.ar\/index.php\/nueve-casos-activos-de-covid-19-un-deceso-y-once-personas-recuperadas\/#breadcrumb"},"inLanguage":"es","potentialAction":[{"@type":"ReadAction","target":["https:\/\/infoecos.com.ar\/index.php\/nueve-casos-activos-de-covid-19-un-deceso-y-once-personas-recuperadas\/"]}]},{"@type":"ImageObject","inLanguage":"es","@id":"https:\/\/infoecos.com.ar\/index.php\/nueve-casos-activos-de-covid-19-un-deceso-y-once-personas-recuperadas\/#primaryimage","url":"https:\/\/infoecos.com.ar\/wp-content\/uploads\/2021\/10\/vacunacion.jpeg","contentUrl":"https:\/\/infoecos.com.ar\/wp-content\/uploads\/2021\/10\/vacunacion.jpeg","width":1200,"height":564},{"@type":"BreadcrumbList","@id":"https:\/\/infoecos.com.ar\/index.php\/nueve-casos-activos-de-covid-19-un-deceso-y-once-personas-recuperadas\/#breadcrumb","itemListElement":[{"@type":"ListItem","position":1,"name":"Portada","item":"https:\/\/infoecos.com.ar\/"},{"@type":"ListItem","position":2,"name":"Nueve casos activos de COVID-19, un deceso y once personas recuperadas"}]},{"@type":"WebSite","@id":"https:\/\/infoecos.com.ar\/#website","url":"https:\/\/infoecos.com.ar\/","name":"Infoecos","description":"Noticias de trenque lauquen y la zona","publisher":{"@id":"https:\/\/infoecos.com.ar\/#organization"},"alternateName":"Noticias","potentialAction":[{"@type":"SearchAction","target":{"@type":"EntryPoint","urlTemplate":"https:\/\/infoecos.com.ar\/?s={search_term_string}"},"query-input":{"@type":"PropertyValueSpecification","valueRequired":true,"valueName":"search_term_string"}}],"inLanguage":"es"},{"@type":"Organization","@id":"https:\/\/infoecos.com.ar\/#organization","name":"Infoecos","alternateName":"Noticias","url":"https:\/\/infoecos.com.ar\/","logo":{"@type":"ImageObject","inLanguage":"es","@id":"https:\/\/infoecos.com.ar\/#\/schema\/logo\/image\/","url":"https:\/\/infoecos.com.ar\/wp-content\/uploads\/2024\/03\/cropped-logo.png","contentUrl":"https:\/\/infoecos.com.ar\/wp-content\/uploads\/2024\/03\/cropped-logo.png","width":374,"height":90,"caption":"Infoecos"},"image":{"@id":"https:\/\/infoecos.com.ar\/#\/schema\/logo\/image\/"},"sameAs":["https:\/\/www.facebook.com\/profile.php?id=100063200290284","https:\/\/x.com\/infoecos"]},{"@type":"Person","@id":"https:\/\/infoecos.com.ar\/#\/schema\/person\/8f5ace5ce73b4b4aac4b7245aee6f191","name":"Jorge Matheus","url":"https:\/\/infoecos.com.ar\/index.php\/author\/jomatheus\/"}]}},"featured_image_urls":{"full":["https:\/\/infoecos.com.ar\/wp-content\/uploads\/2021\/10\/vacunacion.jpeg",1200,564,false],"thumbnail":["https:\/\/infoecos.com.ar\/wp-content\/uploads\/2021\/10\/vacunacion-150x150.jpeg",150,150,true],"medium":["https:\/\/infoecos.com.ar\/wp-content\/uploads\/2021\/10\/vacunacion-460x216.jpeg",460,216,true],"medium_large":["https:\/\/infoecos.com.ar\/wp-content\/uploads\/2021\/10\/vacunacion-768x361.jpeg",640,301,true],"large":["https:\/\/infoecos.com.ar\/wp-content\/uploads\/2021\/10\/vacunacion-920x432.jpeg",640,301,true],"1536x1536":["https:\/\/infoecos.com.ar\/wp-content\/uploads\/2021\/10\/vacunacion.jpeg",1200,564,false],"2048x2048":["https:\/\/infoecos.com.ar\/wp-content\/uploads\/2021\/10\/vacunacion.jpeg",1200,564,false],"covernews-slider-full":["https:\/\/infoecos.com.ar\/wp-content\/uploads\/2021\/10\/vacunacion.jpeg",1115,524,false],"covernews-slider-center":["https:\/\/infoecos.com.ar\/wp-content\/uploads\/2021\/10\/vacunacion-936x564.jpeg",800,482,true],"covernews-featured":["https:\/\/infoecos.com.ar\/wp-content\/uploads\/2021\/10\/vacunacion-1024x481.jpeg",1024,481,true],"covernews-medium":["https:\/\/infoecos.com.ar\/wp-content\/uploads\/2021\/10\/vacunacion-720x380.jpeg",540,285,true],"covernews-medium-square":["https:\/\/infoecos.com.ar\/wp-content\/uploads\/2021\/10\/vacunacion-675x450.jpeg",375,250,true]},"author_info":{"info":["Jorge Matheus"]},"category_info":"<a href=\"https:\/\/infoecos.com.ar\/index.php\/category\/c3nota3\/\" rel=\"category tag\">C3 N3<\/a>","tag_info":"C3 N3","comment_count":"0","_links":{"self":[{"href":"https:\/\/infoecos.com.ar\/index.php\/wp-json\/wp\/v2\/posts\/95304"}],"collection":[{"href":"https:\/\/infoecos.com.ar\/index.php\/wp-json\/wp\/v2\/posts"}],"about":[{"href":"https:\/\/infoecos.com.ar\/index.php\/wp-json\/wp\/v2\/types\/post"}],"author":[{"embeddable":true,"href":"https:\/\/infoecos.com.ar\/index.php\/wp-json\/wp\/v2\/users\/2"}],"replies":[{"embeddable":true,"href":"https:\/\/infoecos.com.ar\/index.php\/wp-json\/wp\/v2\/comments?post=95304"}],"version-history":[{"count":1,"href":"https:\/\/infoecos.com.ar\/index.php\/wp-json\/wp\/v2\/posts\/95304\/revisions"}],"predecessor-version":[{"id":95306,"href":"https:\/\/infoecos.com.ar\/index.php\/wp-json\/wp\/v2\/posts\/95304\/revisions\/95306"}],"wp:featuredmedia":[{"embeddable":true,"href":"https:\/\/infoecos.com.ar\/index.php\/wp-json\/wp\/v2\/media\/88783"}],"wp:attachment":[{"href":"https:\/\/infoecos.com.ar\/index.php\/wp-json\/wp\/v2\/media?parent=95304"}],"wp:term":[{"taxonomy":"category","embeddable":true,"href":"https:\/\/infoecos.com.ar\/index.php\/wp-json\/wp\/v2\/categories?post=95304"},{"taxonomy":"post_tag","embeddable":true,"href":"https:\/\/infoecos.com.ar\/index.php\/wp-json\/wp\/v2\/tags?post=95304"}],"curies":[{"name":"wp","href":"https:\/\/api.w.org\/{rel}","templated":true}]}}