{"id":95337,"date":"2022-07-31T03:20:34","date_gmt":"2022-07-31T06:20:34","guid":{"rendered":"http:\/\/infoecos.com.ar\/?p=95337"},"modified":"2022-07-31T04:18:21","modified_gmt":"2022-07-31T07:18:21","slug":"95337","status":"publish","type":"post","link":"https:\/\/infoecos.com.ar\/index.php\/95337\/","title":{"rendered":"Que se recuerda y se festeja el 31 de Julio&#8230;"},"content":{"rendered":"\n<figure class=\"wp-block-image aligncenter size-full is-resized\"><img loading=\"lazy\" decoding=\"async\" src=\"http:\/\/infoecos.com.ar\/wp-content\/uploads\/2022\/07\/SAVIOMANUEL.jpg\" alt=\"\" class=\"wp-image-95338\" width=\"474\" height=\"320\"\/><figcaption>Savio, Manuel<\/figcaption><\/figure>\n\n\n\n<ul class=\"wp-block-list\"><li><strong>1958 &#8211; ADRI\u00c1N OTERO.<\/strong>&nbsp;Nace en Buenos Aires el m\u00fasico y cantante Adri\u00e1n Fernando Otero, vocalista de la banda de blues Memphis La Blusera. Grab\u00f3 quince discos, dos de ellos como solista.<\/li><li><\/li><li><strong>1962 &#8211; WESLEY SNIPES.<\/strong>&nbsp;Nace en la ciudad de Orlando (Florida, EEUU) el actor y productor Wesley Snipes, quien lleva filmadas 52 pel\u00edculas, entre ellas las tres de la saga de acci\u00f3n y vampiros Blade. LLeva ganados diez premios de la cr\u00edtica y la industria del cine estadounidense.<\/li><li><\/li><li><strong>1964 &#8211; FABI\u00c1N POLOSECKI.<\/strong>&nbsp;Nace en Buenos Aires el periodista Gustavo Fabi\u00e1n Polosecki, creador del exitoso programa \u00abEl otro lado\u00bb, ganador de tres premios Mart\u00edn Fierro.<\/li><li><\/li><li><strong>1965 &#8211; JOANNE ROWLING.<\/strong>&nbsp;En la localidad inglesa de Yate nace la guionista y escritora. brit\u00e1nica Joanne Rowling, autora de la saga del ni\u00f1o mago Harry Potter, de la que se vendieron m\u00e1s de 500 millones de copias y fue llevada al cine.<\/li><li><\/li><li><strong>1970 &#8211; MAXI TRUSSO.<\/strong>&nbsp;Nace en Buenos Aires el m\u00fasico y cantautor de electropop Maxi Trusso, quien public\u00f3 seis discos y lleva m\u00e1s de diez millones de reproducciones de sus temas en Spotify.<\/li><li><\/li><li><strong>2006 &#8211; FIDEL CASTRO.<\/strong>&nbsp;Por primera vez desde el triunfo de la Revoluci\u00f3n Cubana en 1959, Fidel Castro delega temporalmente en su hermano Ra\u00fal la presidencia del Partido Comunista y la del Consejo de Estado, as\u00ed como la jefatura de las Fuerzas Armadas. Cedi\u00f3 el mando a causa de \u201cuna crisis intestinal\u201d por la que debi\u00f3 ser operado, dijo Castro en un comunicado firmado de pu\u00f1o y letra.<\/li><li><\/li><li><strong>2008 &#8211; AGUA EN MARTE.<\/strong>&nbsp;La Administraci\u00f3n Nacional de la Aeron\u00e1utica y el Espacio (NASA) de Estados Unidos confirma el hallazgo de agua en la regi\u00f3n Planum Australe, en la capa helada del polo sur de Marte, cuarto planeta en orden de distancia al Sol.<\/li><li><\/li><li><strong>2012 &#8211; MIEMBRO PLENO.<\/strong>&nbsp;La presidenta de Brasil, Dilma Rousseff, anuncia en Brasilia el ingreso de Venezuela como socio pleno del Mercosur, el mayor bloque econ\u00f3mico de Am\u00e9rica Latina del que adem\u00e1s forman parte Argentina, Paraguay y Uruguay.<\/li><li><\/li><li><strong>D\u00cdA DE LA SIDERURGIA.<\/strong>&nbsp;Se celebra el D\u00eda Nacional de la Siderurgia en conmemoraci\u00f3n de la fecha de 1948 en la que falleci\u00f3 el ingeniero militar Manuel Savio, precursor de la industria sider\u00fargica nacional.<\/li><\/ul>\n","protected":false},"excerpt":{"rendered":"<p>Se celebra el D\u00eda Nacional de la Siderurgia en conmemoraci\u00f3n de la fecha de 1948 en la que falleci\u00f3 el ingeniero militar Manuel Savio, precursor de la industria sider\u00fargica nacional<\/p>\n","protected":false},"author":2,"featured_media":95338,"comment_status":"closed","ping_status":"open","sticky":false,"template":"","format":"standard","meta":{"footnotes":""},"categories":[1614],"tags":[4812],"class_list":["post-95337","post","type-post","status-publish","format-standard","has-post-thumbnail","hentry","category-c2nota7","tag-efemerides-infoecos-2"],"yoast_head":"<!-- This site is optimized with the Yoast SEO plugin v23.4 - https:\/\/yoast.com\/wordpress\/plugins\/seo\/ -->\n<title>Que se recuerda y se festeja el 31 de Julio... - Infoecos<\/title>\n<meta name=\"robots\" content=\"index, follow, max-snippet:-1, max-image-preview:large, max-video-preview:-1\" \/>\n<link rel=\"canonical\" href=\"https:\/\/infoecos.com.ar\/index.php\/95337\/\" \/>\n<meta property=\"og:locale\" content=\"es_ES\" \/>\n<meta property=\"og:type\" content=\"article\" \/>\n<meta property=\"og:title\" content=\"Que se recuerda y se festeja el 31 de Julio... - Infoecos\" \/>\n<meta property=\"og:description\" content=\"Se celebra el D\u00eda Nacional de la Siderurgia en conmemoraci\u00f3n de la fecha de 1948 en la que falleci\u00f3 el ingeniero militar Manuel Savio, precursor de la industria sider\u00fargica nacional\" \/>\n<meta property=\"og:url\" content=\"https:\/\/infoecos.com.ar\/index.php\/95337\/\" \/>\n<meta property=\"og:site_name\" content=\"Infoecos\" \/>\n<meta property=\"article:publisher\" content=\"https:\/\/www.facebook.com\/profile.php?id=100063200290284\" \/>\n<meta property=\"article:published_time\" content=\"2022-07-31T06:20:34+00:00\" \/>\n<meta property=\"article:modified_time\" content=\"2022-07-31T07:18:21+00:00\" \/>\n<meta property=\"og:image\" content=\"https:\/\/infoecos.com.ar\/wp-content\/uploads\/2022\/07\/SAVIOMANUEL.jpg\" \/>\n\t<meta property=\"og:image:width\" content=\"390\" \/>\n\t<meta property=\"og:image:height\" content=\"263\" \/>\n\t<meta property=\"og:image:type\" content=\"image\/jpeg\" \/>\n<meta name=\"author\" content=\"Jorge Matheus\" \/>\n<meta name=\"twitter:card\" content=\"summary_large_image\" \/>\n<meta name=\"twitter:creator\" content=\"@infoecos\" \/>\n<meta name=\"twitter:site\" content=\"@infoecos\" \/>\n<meta name=\"twitter:label1\" content=\"Escrito por\" \/>\n\t<meta name=\"twitter:data1\" content=\"Jorge Matheus\" \/>\n\t<meta name=\"twitter:label2\" content=\"Tiempo de lectura\" \/>\n\t<meta name=\"twitter:data2\" content=\"2 minutos\" \/>\n<script type=\"application\/ld+json\" class=\"yoast-schema-graph\">{\"@context\":\"https:\/\/schema.org\",\"@graph\":[{\"@type\":\"Article\",\"@id\":\"https:\/\/infoecos.com.ar\/index.php\/95337\/#article\",\"isPartOf\":{\"@id\":\"https:\/\/infoecos.com.ar\/index.php\/95337\/\"},\"author\":{\"name\":\"Jorge Matheus\",\"@id\":\"https:\/\/infoecos.com.ar\/#\/schema\/person\/8f5ace5ce73b4b4aac4b7245aee6f191\"},\"headline\":\"Que se recuerda y se festeja el 31 de Julio&#8230;\",\"datePublished\":\"2022-07-31T06:20:34+00:00\",\"dateModified\":\"2022-07-31T07:18:21+00:00\",\"mainEntityOfPage\":{\"@id\":\"https:\/\/infoecos.com.ar\/index.php\/95337\/\"},\"wordCount\":402,\"publisher\":{\"@id\":\"https:\/\/infoecos.com.ar\/#organization\"},\"image\":{\"@id\":\"https:\/\/infoecos.com.ar\/index.php\/95337\/#primaryimage\"},\"thumbnailUrl\":\"https:\/\/infoecos.com.ar\/wp-content\/uploads\/2022\/07\/SAVIOMANUEL.jpg\",\"keywords\":[\"EFEM\u00c9RIDES INFOECOS\"],\"articleSection\":[\"C2 N7\"],\"inLanguage\":\"es\"},{\"@type\":\"WebPage\",\"@id\":\"https:\/\/infoecos.com.ar\/index.php\/95337\/\",\"url\":\"https:\/\/infoecos.com.ar\/index.php\/95337\/\",\"name\":\"Que se recuerda y se festeja el 31 de Julio... - Infoecos\",\"isPartOf\":{\"@id\":\"https:\/\/infoecos.com.ar\/#website\"},\"primaryImageOfPage\":{\"@id\":\"https:\/\/infoecos.com.ar\/index.php\/95337\/#primaryimage\"},\"image\":{\"@id\":\"https:\/\/infoecos.com.ar\/index.php\/95337\/#primaryimage\"},\"thumbnailUrl\":\"https:\/\/infoecos.com.ar\/wp-content\/uploads\/2022\/07\/SAVIOMANUEL.jpg\",\"datePublished\":\"2022-07-31T06:20:34+00:00\",\"dateModified\":\"2022-07-31T07:18:21+00:00\",\"breadcrumb\":{\"@id\":\"https:\/\/infoecos.com.ar\/index.php\/95337\/#breadcrumb\"},\"inLanguage\":\"es\",\"potentialAction\":[{\"@type\":\"ReadAction\",\"target\":[\"https:\/\/infoecos.com.ar\/index.php\/95337\/\"]}]},{\"@type\":\"ImageObject\",\"inLanguage\":\"es\",\"@id\":\"https:\/\/infoecos.com.ar\/index.php\/95337\/#primaryimage\",\"url\":\"https:\/\/infoecos.com.ar\/wp-content\/uploads\/2022\/07\/SAVIOMANUEL.jpg\",\"contentUrl\":\"https:\/\/infoecos.com.ar\/wp-content\/uploads\/2022\/07\/SAVIOMANUEL.jpg\",\"width\":390,\"height\":263},{\"@type\":\"BreadcrumbList\",\"@id\":\"https:\/\/infoecos.com.ar\/index.php\/95337\/#breadcrumb\",\"itemListElement\":[{\"@type\":\"ListItem\",\"position\":1,\"name\":\"Portada\",\"item\":\"https:\/\/infoecos.com.ar\/\"},{\"@type\":\"ListItem\",\"position\":2,\"name\":\"Que se recuerda y se festeja el 31 de Julio&#8230;\"}]},{\"@type\":\"WebSite\",\"@id\":\"https:\/\/infoecos.com.ar\/#website\",\"url\":\"https:\/\/infoecos.com.ar\/\",\"name\":\"Infoecos\",\"description\":\"Noticias de trenque lauquen y la zona\",\"publisher\":{\"@id\":\"https:\/\/infoecos.com.ar\/#organization\"},\"alternateName\":\"Noticias\",\"potentialAction\":[{\"@type\":\"SearchAction\",\"target\":{\"@type\":\"EntryPoint\",\"urlTemplate\":\"https:\/\/infoecos.com.ar\/?s={search_term_string}\"},\"query-input\":{\"@type\":\"PropertyValueSpecification\",\"valueRequired\":true,\"valueName\":\"search_term_string\"}}],\"inLanguage\":\"es\"},{\"@type\":\"Organization\",\"@id\":\"https:\/\/infoecos.com.ar\/#organization\",\"name\":\"Infoecos\",\"alternateName\":\"Noticias\",\"url\":\"https:\/\/infoecos.com.ar\/\",\"logo\":{\"@type\":\"ImageObject\",\"inLanguage\":\"es\",\"@id\":\"https:\/\/infoecos.com.ar\/#\/schema\/logo\/image\/\",\"url\":\"https:\/\/infoecos.com.ar\/wp-content\/uploads\/2024\/03\/cropped-logo.png\",\"contentUrl\":\"https:\/\/infoecos.com.ar\/wp-content\/uploads\/2024\/03\/cropped-logo.png\",\"width\":374,\"height\":90,\"caption\":\"Infoecos\"},\"image\":{\"@id\":\"https:\/\/infoecos.com.ar\/#\/schema\/logo\/image\/\"},\"sameAs\":[\"https:\/\/www.facebook.com\/profile.php?id=100063200290284\",\"https:\/\/x.com\/infoecos\"]},{\"@type\":\"Person\",\"@id\":\"https:\/\/infoecos.com.ar\/#\/schema\/person\/8f5ace5ce73b4b4aac4b7245aee6f191\",\"name\":\"Jorge Matheus\",\"url\":\"https:\/\/infoecos.com.ar\/index.php\/author\/jomatheus\/\"}]}<\/script>\n<!-- \/ Yoast SEO plugin. -->","yoast_head_json":{"title":"Que se recuerda y se festeja el 31 de Julio... - Infoecos","robots":{"index":"index","follow":"follow","max-snippet":"max-snippet:-1","max-image-preview":"max-image-preview:large","max-video-preview":"max-video-preview:-1"},"canonical":"https:\/\/infoecos.com.ar\/index.php\/95337\/","og_locale":"es_ES","og_type":"article","og_title":"Que se recuerda y se festeja el 31 de Julio... - Infoecos","og_description":"Se celebra el D\u00eda Nacional de la Siderurgia en conmemoraci\u00f3n de la fecha de 1948 en la que falleci\u00f3 el ingeniero militar Manuel Savio, precursor de la industria sider\u00fargica nacional","og_url":"https:\/\/infoecos.com.ar\/index.php\/95337\/","og_site_name":"Infoecos","article_publisher":"https:\/\/www.facebook.com\/profile.php?id=100063200290284","article_published_time":"2022-07-31T06:20:34+00:00","article_modified_time":"2022-07-31T07:18:21+00:00","og_image":[{"width":390,"height":263,"url":"https:\/\/infoecos.com.ar\/wp-content\/uploads\/2022\/07\/SAVIOMANUEL.jpg","type":"image\/jpeg"}],"author":"Jorge Matheus","twitter_card":"summary_large_image","twitter_creator":"@infoecos","twitter_site":"@infoecos","twitter_misc":{"Escrito por":"Jorge Matheus","Tiempo de lectura":"2 minutos"},"schema":{"@context":"https:\/\/schema.org","@graph":[{"@type":"Article","@id":"https:\/\/infoecos.com.ar\/index.php\/95337\/#article","isPartOf":{"@id":"https:\/\/infoecos.com.ar\/index.php\/95337\/"},"author":{"name":"Jorge Matheus","@id":"https:\/\/infoecos.com.ar\/#\/schema\/person\/8f5ace5ce73b4b4aac4b7245aee6f191"},"headline":"Que se recuerda y se festeja el 31 de Julio&#8230;","datePublished":"2022-07-31T06:20:34+00:00","dateModified":"2022-07-31T07:18:21+00:00","mainEntityOfPage":{"@id":"https:\/\/infoecos.com.ar\/index.php\/95337\/"},"wordCount":402,"publisher":{"@id":"https:\/\/infoecos.com.ar\/#organization"},"image":{"@id":"https:\/\/infoecos.com.ar\/index.php\/95337\/#primaryimage"},"thumbnailUrl":"https:\/\/infoecos.com.ar\/wp-content\/uploads\/2022\/07\/SAVIOMANUEL.jpg","keywords":["EFEM\u00c9RIDES INFOECOS"],"articleSection":["C2 N7"],"inLanguage":"es"},{"@type":"WebPage","@id":"https:\/\/infoecos.com.ar\/index.php\/95337\/","url":"https:\/\/infoecos.com.ar\/index.php\/95337\/","name":"Que se recuerda y se festeja el 31 de Julio... - Infoecos","isPartOf":{"@id":"https:\/\/infoecos.com.ar\/#website"},"primaryImageOfPage":{"@id":"https:\/\/infoecos.com.ar\/index.php\/95337\/#primaryimage"},"image":{"@id":"https:\/\/infoecos.com.ar\/index.php\/95337\/#primaryimage"},"thumbnailUrl":"https:\/\/infoecos.com.ar\/wp-content\/uploads\/2022\/07\/SAVIOMANUEL.jpg","datePublished":"2022-07-31T06:20:34+00:00","dateModified":"2022-07-31T07:18:21+00:00","breadcrumb":{"@id":"https:\/\/infoecos.com.ar\/index.php\/95337\/#breadcrumb"},"inLanguage":"es","potentialAction":[{"@type":"ReadAction","target":["https:\/\/infoecos.com.ar\/index.php\/95337\/"]}]},{"@type":"ImageObject","inLanguage":"es","@id":"https:\/\/infoecos.com.ar\/index.php\/95337\/#primaryimage","url":"https:\/\/infoecos.com.ar\/wp-content\/uploads\/2022\/07\/SAVIOMANUEL.jpg","contentUrl":"https:\/\/infoecos.com.ar\/wp-content\/uploads\/2022\/07\/SAVIOMANUEL.jpg","width":390,"height":263},{"@type":"BreadcrumbList","@id":"https:\/\/infoecos.com.ar\/index.php\/95337\/#breadcrumb","itemListElement":[{"@type":"ListItem","position":1,"name":"Portada","item":"https:\/\/infoecos.com.ar\/"},{"@type":"ListItem","position":2,"name":"Que se recuerda y se festeja el 31 de Julio&#8230;"}]},{"@type":"WebSite","@id":"https:\/\/infoecos.com.ar\/#website","url":"https:\/\/infoecos.com.ar\/","name":"Infoecos","description":"Noticias de trenque lauquen y la zona","publisher":{"@id":"https:\/\/infoecos.com.ar\/#organization"},"alternateName":"Noticias","potentialAction":[{"@type":"SearchAction","target":{"@type":"EntryPoint","urlTemplate":"https:\/\/infoecos.com.ar\/?s={search_term_string}"},"query-input":{"@type":"PropertyValueSpecification","valueRequired":true,"valueName":"search_term_string"}}],"inLanguage":"es"},{"@type":"Organization","@id":"https:\/\/infoecos.com.ar\/#organization","name":"Infoecos","alternateName":"Noticias","url":"https:\/\/infoecos.com.ar\/","logo":{"@type":"ImageObject","inLanguage":"es","@id":"https:\/\/infoecos.com.ar\/#\/schema\/logo\/image\/","url":"https:\/\/infoecos.com.ar\/wp-content\/uploads\/2024\/03\/cropped-logo.png","contentUrl":"https:\/\/infoecos.com.ar\/wp-content\/uploads\/2024\/03\/cropped-logo.png","width":374,"height":90,"caption":"Infoecos"},"image":{"@id":"https:\/\/infoecos.com.ar\/#\/schema\/logo\/image\/"},"sameAs":["https:\/\/www.facebook.com\/profile.php?id=100063200290284","https:\/\/x.com\/infoecos"]},{"@type":"Person","@id":"https:\/\/infoecos.com.ar\/#\/schema\/person\/8f5ace5ce73b4b4aac4b7245aee6f191","name":"Jorge Matheus","url":"https:\/\/infoecos.com.ar\/index.php\/author\/jomatheus\/"}]}},"featured_image_urls":{"full":["https:\/\/infoecos.com.ar\/wp-content\/uploads\/2022\/07\/SAVIOMANUEL.jpg",390,263,false],"thumbnail":["https:\/\/infoecos.com.ar\/wp-content\/uploads\/2022\/07\/SAVIOMANUEL-150x150.jpg",150,150,true],"medium":["https:\/\/infoecos.com.ar\/wp-content\/uploads\/2022\/07\/SAVIOMANUEL.jpg",390,263,false],"medium_large":["https:\/\/infoecos.com.ar\/wp-content\/uploads\/2022\/07\/SAVIOMANUEL.jpg",390,263,false],"large":["https:\/\/infoecos.com.ar\/wp-content\/uploads\/2022\/07\/SAVIOMANUEL.jpg",390,263,false],"1536x1536":["https:\/\/infoecos.com.ar\/wp-content\/uploads\/2022\/07\/SAVIOMANUEL.jpg",390,263,false],"2048x2048":["https:\/\/infoecos.com.ar\/wp-content\/uploads\/2022\/07\/SAVIOMANUEL.jpg",390,263,false],"covernews-slider-full":["https:\/\/infoecos.com.ar\/wp-content\/uploads\/2022\/07\/SAVIOMANUEL.jpg",390,263,false],"covernews-slider-center":["https:\/\/infoecos.com.ar\/wp-content\/uploads\/2022\/07\/SAVIOMANUEL.jpg",390,263,false],"covernews-featured":["https:\/\/infoecos.com.ar\/wp-content\/uploads\/2022\/07\/SAVIOMANUEL.jpg",390,263,false],"covernews-medium":["https:\/\/infoecos.com.ar\/wp-content\/uploads\/2022\/07\/SAVIOMANUEL.jpg",390,263,false],"covernews-medium-square":["https:\/\/infoecos.com.ar\/wp-content\/uploads\/2022\/07\/SAVIOMANUEL.jpg",371,250,false]},"author_info":{"info":["Jorge Matheus"]},"category_info":"<a href=\"https:\/\/infoecos.com.ar\/index.php\/category\/c2nota7\/\" rel=\"category tag\">C2 N7<\/a>","tag_info":"C2 N7","comment_count":"0","_links":{"self":[{"href":"https:\/\/infoecos.com.ar\/index.php\/wp-json\/wp\/v2\/posts\/95337"}],"collection":[{"href":"https:\/\/infoecos.com.ar\/index.php\/wp-json\/wp\/v2\/posts"}],"about":[{"href":"https:\/\/infoecos.com.ar\/index.php\/wp-json\/wp\/v2\/types\/post"}],"author":[{"embeddable":true,"href":"https:\/\/infoecos.com.ar\/index.php\/wp-json\/wp\/v2\/users\/2"}],"replies":[{"embeddable":true,"href":"https:\/\/infoecos.com.ar\/index.php\/wp-json\/wp\/v2\/comments?post=95337"}],"version-history":[{"count":2,"href":"https:\/\/infoecos.com.ar\/index.php\/wp-json\/wp\/v2\/posts\/95337\/revisions"}],"predecessor-version":[{"id":95353,"href":"https:\/\/infoecos.com.ar\/index.php\/wp-json\/wp\/v2\/posts\/95337\/revisions\/95353"}],"wp:featuredmedia":[{"embeddable":true,"href":"https:\/\/infoecos.com.ar\/index.php\/wp-json\/wp\/v2\/media\/95338"}],"wp:attachment":[{"href":"https:\/\/infoecos.com.ar\/index.php\/wp-json\/wp\/v2\/media?parent=95337"}],"wp:term":[{"taxonomy":"category","embeddable":true,"href":"https:\/\/infoecos.com.ar\/index.php\/wp-json\/wp\/v2\/categories?post=95337"},{"taxonomy":"post_tag","embeddable":true,"href":"https:\/\/infoecos.com.ar\/index.php\/wp-json\/wp\/v2\/tags?post=95337"}],"curies":[{"name":"wp","href":"https:\/\/api.w.org\/{rel}","templated":true}]}}