{"id":95384,"date":"2022-08-01T03:41:08","date_gmt":"2022-08-01T06:41:08","guid":{"rendered":"http:\/\/infoecos.com.ar\/?p=95384"},"modified":"2022-08-02T05:38:44","modified_gmt":"2022-08-02T08:38:44","slug":"la-expo-rural-de-palermo-fue-visitada-por-1-300-000-personas","status":"publish","type":"post","link":"https:\/\/infoecos.com.ar\/index.php\/la-expo-rural-de-palermo-fue-visitada-por-1-300-000-personas\/","title":{"rendered":"La Expo Rural de Palermo fue visitada por 1.300.000 personas"},"content":{"rendered":"\n<p>Finaliz\u00f3 la <strong><mark style=\"background-color:rgba(0, 0, 0, 0)\" class=\"has-inline-color has-vivid-red-color\">134\u00ba Exposici\u00f3n de Ganader\u00eda, Agricultura e Industria Internacional<\/mark><\/strong> que se realiz\u00f3 del 21 al 31 de julio en el predio ferial de Palermo. Fue visitada por 1.300.000 personas, tanto visitantes presenciales como virtuales.<\/p>\n\n\n\n<figure class=\"wp-block-image aligncenter size-full\"><img loading=\"lazy\" decoding=\"async\" width=\"738\" height=\"314\" src=\"http:\/\/infoecos.com.ar\/wp-content\/uploads\/2022\/08\/palermogente.jpeg\" alt=\"\" class=\"wp-image-95385\" srcset=\"https:\/\/infoecos.com.ar\/wp-content\/uploads\/2022\/08\/palermogente.jpeg 738w, https:\/\/infoecos.com.ar\/wp-content\/uploads\/2022\/08\/palermogente-460x196.jpeg 460w\" sizes=\"(max-width: 738px) 100vw, 738px\" \/><\/figure>\n\n\n\n<p><strong><em>\u201cEstos once d\u00edas fueron una demostraci\u00f3n del potencial que tiene el campo para aportar a la construcci\u00f3n de una nueva Argentina. Tenemos las herramientas, el conocimiento, la tecnolog\u00eda y el compromiso para contribuir al desarrollo. Solo necesitamos reglas claras y justas\u201d<\/em><\/strong>, asegur\u00f3 el presidente de la <strong><mark style=\"background-color:rgba(0, 0, 0, 0)\" class=\"has-inline-color has-vivid-red-color\">Sociedad Rural Argentina (SRA), Nicol\u00e1s Pino<\/mark><\/strong>.<\/p>\n\n\n\n<p><strong>En la Expo Rural 2022 hubo m\u00e1s de 400 stands, 2.500 animales, 14 provincias participantes, m\u00e1s de 100 conferencias y charlas de capacitaci\u00f3n<\/strong>.<\/p>\n\n\n\n<figure class=\"wp-block-image aligncenter size-full\"><img loading=\"lazy\" decoding=\"async\" width=\"738\" height=\"314\" src=\"http:\/\/infoecos.com.ar\/wp-content\/uploads\/2022\/08\/pino.jpg\" alt=\"\" class=\"wp-image-95386\" srcset=\"https:\/\/infoecos.com.ar\/wp-content\/uploads\/2022\/08\/pino.jpg 738w, https:\/\/infoecos.com.ar\/wp-content\/uploads\/2022\/08\/pino-460x196.jpg 460w\" sizes=\"(max-width: 738px) 100vw, 738px\" \/><figcaption>Niol\u00e1s Pino, presidente de la Sociedad Rural en la apertura oficial de la muestra <\/figcaption><\/figure>\n\n\n\n<p><strong><em>\u201cLos productores, los criadores, los expositores y los socios de la SRA demuestran aqu\u00ed la excelencia en su trabajo. Exhiben gen\u00e9tica de nivel mundial y las \u00faltimas innovaciones para optimizar la actividad en el campo y en la producci\u00f3n de alimentos\u201d<\/em><\/strong>, indic\u00f3 Nicol\u00e1s Pino.<\/p>\n\n\n\n<p>En la plataforma Expo Rural Virtual se pudieron seguir cada una de las actividades. Se conectaron visitantes desde todos los rincones de Argentina y del mundo: <strong><mark style=\"background-color:rgba(0, 0, 0, 0)\" class=\"has-inline-color has-vivid-red-color\">Brasil, Espa\u00f1a, M\u00e9xico, Uruguay, Estados Unidos, Chile, Francia, China, Hungr\u00ed<\/mark><\/strong>a, entre otros.<\/p>\n","protected":false},"excerpt":{"rendered":"<p>En la Expo Rural 2022 hubo m\u00e1s de 400 stands, 2.500 animales, 14 provincias participantes, m\u00e1s de 100 conferencias y charlas de capacitaci\u00f3n<\/p>\n","protected":false},"author":2,"featured_media":95385,"comment_status":"closed","ping_status":"open","sticky":false,"template":"","format":"standard","meta":{"footnotes":""},"categories":[1326],"tags":[6426],"class_list":["post-95384","post","type-post","status-publish","format-standard","has-post-thumbnail","hentry","category-c2nota6","tag-culmino-este-domingo"],"yoast_head":"<!-- This site is optimized with the Yoast SEO plugin v23.4 - https:\/\/yoast.com\/wordpress\/plugins\/seo\/ -->\n<title>La Expo Rural de Palermo fue visitada por 1.300.000 personas - Infoecos<\/title>\n<meta name=\"robots\" content=\"index, follow, max-snippet:-1, max-image-preview:large, max-video-preview:-1\" \/>\n<link rel=\"canonical\" href=\"https:\/\/infoecos.com.ar\/index.php\/la-expo-rural-de-palermo-fue-visitada-por-1-300-000-personas\/\" \/>\n<meta property=\"og:locale\" content=\"es_ES\" \/>\n<meta property=\"og:type\" content=\"article\" \/>\n<meta property=\"og:title\" content=\"La Expo Rural de Palermo fue visitada por 1.300.000 personas - Infoecos\" \/>\n<meta property=\"og:description\" content=\"En la Expo Rural 2022 hubo m\u00e1s de 400 stands, 2.500 animales, 14 provincias participantes, m\u00e1s de 100 conferencias y charlas de capacitaci\u00f3n\" \/>\n<meta property=\"og:url\" content=\"https:\/\/infoecos.com.ar\/index.php\/la-expo-rural-de-palermo-fue-visitada-por-1-300-000-personas\/\" \/>\n<meta property=\"og:site_name\" content=\"Infoecos\" \/>\n<meta property=\"article:publisher\" content=\"https:\/\/www.facebook.com\/profile.php?id=100063200290284\" \/>\n<meta property=\"article:published_time\" content=\"2022-08-01T06:41:08+00:00\" \/>\n<meta property=\"article:modified_time\" content=\"2022-08-02T08:38:44+00:00\" \/>\n<meta property=\"og:image\" content=\"https:\/\/infoecos.com.ar\/wp-content\/uploads\/2022\/08\/palermogente.jpeg\" \/>\n\t<meta property=\"og:image:width\" content=\"738\" \/>\n\t<meta property=\"og:image:height\" content=\"314\" \/>\n\t<meta property=\"og:image:type\" content=\"image\/jpeg\" \/>\n<meta name=\"author\" content=\"Jorge Matheus\" \/>\n<meta name=\"twitter:card\" content=\"summary_large_image\" \/>\n<meta name=\"twitter:creator\" content=\"@infoecos\" \/>\n<meta name=\"twitter:site\" content=\"@infoecos\" \/>\n<meta name=\"twitter:label1\" content=\"Escrito por\" \/>\n\t<meta name=\"twitter:data1\" content=\"Jorge Matheus\" \/>\n\t<meta name=\"twitter:label2\" content=\"Tiempo de lectura\" \/>\n\t<meta name=\"twitter:data2\" content=\"1 minuto\" \/>\n<script type=\"application\/ld+json\" class=\"yoast-schema-graph\">{\"@context\":\"https:\/\/schema.org\",\"@graph\":[{\"@type\":\"Article\",\"@id\":\"https:\/\/infoecos.com.ar\/index.php\/la-expo-rural-de-palermo-fue-visitada-por-1-300-000-personas\/#article\",\"isPartOf\":{\"@id\":\"https:\/\/infoecos.com.ar\/index.php\/la-expo-rural-de-palermo-fue-visitada-por-1-300-000-personas\/\"},\"author\":{\"name\":\"Jorge Matheus\",\"@id\":\"https:\/\/infoecos.com.ar\/#\/schema\/person\/8f5ace5ce73b4b4aac4b7245aee6f191\"},\"headline\":\"La Expo Rural de Palermo fue visitada por 1.300.000 personas\",\"datePublished\":\"2022-08-01T06:41:08+00:00\",\"dateModified\":\"2022-08-02T08:38:44+00:00\",\"mainEntityOfPage\":{\"@id\":\"https:\/\/infoecos.com.ar\/index.php\/la-expo-rural-de-palermo-fue-visitada-por-1-300-000-personas\/\"},\"wordCount\":223,\"publisher\":{\"@id\":\"https:\/\/infoecos.com.ar\/#organization\"},\"image\":{\"@id\":\"https:\/\/infoecos.com.ar\/index.php\/la-expo-rural-de-palermo-fue-visitada-por-1-300-000-personas\/#primaryimage\"},\"thumbnailUrl\":\"https:\/\/infoecos.com.ar\/wp-content\/uploads\/2022\/08\/palermogente.jpeg\",\"keywords\":[\"CULMIN\u00d3 ESTE DOMINGO\"],\"articleSection\":[\"C2 N6\"],\"inLanguage\":\"es\"},{\"@type\":\"WebPage\",\"@id\":\"https:\/\/infoecos.com.ar\/index.php\/la-expo-rural-de-palermo-fue-visitada-por-1-300-000-personas\/\",\"url\":\"https:\/\/infoecos.com.ar\/index.php\/la-expo-rural-de-palermo-fue-visitada-por-1-300-000-personas\/\",\"name\":\"La Expo Rural de Palermo fue visitada por 1.300.000 personas - Infoecos\",\"isPartOf\":{\"@id\":\"https:\/\/infoecos.com.ar\/#website\"},\"primaryImageOfPage\":{\"@id\":\"https:\/\/infoecos.com.ar\/index.php\/la-expo-rural-de-palermo-fue-visitada-por-1-300-000-personas\/#primaryimage\"},\"image\":{\"@id\":\"https:\/\/infoecos.com.ar\/index.php\/la-expo-rural-de-palermo-fue-visitada-por-1-300-000-personas\/#primaryimage\"},\"thumbnailUrl\":\"https:\/\/infoecos.com.ar\/wp-content\/uploads\/2022\/08\/palermogente.jpeg\",\"datePublished\":\"2022-08-01T06:41:08+00:00\",\"dateModified\":\"2022-08-02T08:38:44+00:00\",\"breadcrumb\":{\"@id\":\"https:\/\/infoecos.com.ar\/index.php\/la-expo-rural-de-palermo-fue-visitada-por-1-300-000-personas\/#breadcrumb\"},\"inLanguage\":\"es\",\"potentialAction\":[{\"@type\":\"ReadAction\",\"target\":[\"https:\/\/infoecos.com.ar\/index.php\/la-expo-rural-de-palermo-fue-visitada-por-1-300-000-personas\/\"]}]},{\"@type\":\"ImageObject\",\"inLanguage\":\"es\",\"@id\":\"https:\/\/infoecos.com.ar\/index.php\/la-expo-rural-de-palermo-fue-visitada-por-1-300-000-personas\/#primaryimage\",\"url\":\"https:\/\/infoecos.com.ar\/wp-content\/uploads\/2022\/08\/palermogente.jpeg\",\"contentUrl\":\"https:\/\/infoecos.com.ar\/wp-content\/uploads\/2022\/08\/palermogente.jpeg\",\"width\":738,\"height\":314},{\"@type\":\"BreadcrumbList\",\"@id\":\"https:\/\/infoecos.com.ar\/index.php\/la-expo-rural-de-palermo-fue-visitada-por-1-300-000-personas\/#breadcrumb\",\"itemListElement\":[{\"@type\":\"ListItem\",\"position\":1,\"name\":\"Portada\",\"item\":\"https:\/\/infoecos.com.ar\/\"},{\"@type\":\"ListItem\",\"position\":2,\"name\":\"La Expo Rural de Palermo fue visitada por 1.300.000 personas\"}]},{\"@type\":\"WebSite\",\"@id\":\"https:\/\/infoecos.com.ar\/#website\",\"url\":\"https:\/\/infoecos.com.ar\/\",\"name\":\"Infoecos\",\"description\":\"Noticias de trenque lauquen y la zona\",\"publisher\":{\"@id\":\"https:\/\/infoecos.com.ar\/#organization\"},\"alternateName\":\"Noticias\",\"potentialAction\":[{\"@type\":\"SearchAction\",\"target\":{\"@type\":\"EntryPoint\",\"urlTemplate\":\"https:\/\/infoecos.com.ar\/?s={search_term_string}\"},\"query-input\":{\"@type\":\"PropertyValueSpecification\",\"valueRequired\":true,\"valueName\":\"search_term_string\"}}],\"inLanguage\":\"es\"},{\"@type\":\"Organization\",\"@id\":\"https:\/\/infoecos.com.ar\/#organization\",\"name\":\"Infoecos\",\"alternateName\":\"Noticias\",\"url\":\"https:\/\/infoecos.com.ar\/\",\"logo\":{\"@type\":\"ImageObject\",\"inLanguage\":\"es\",\"@id\":\"https:\/\/infoecos.com.ar\/#\/schema\/logo\/image\/\",\"url\":\"https:\/\/infoecos.com.ar\/wp-content\/uploads\/2024\/03\/cropped-logo.png\",\"contentUrl\":\"https:\/\/infoecos.com.ar\/wp-content\/uploads\/2024\/03\/cropped-logo.png\",\"width\":374,\"height\":90,\"caption\":\"Infoecos\"},\"image\":{\"@id\":\"https:\/\/infoecos.com.ar\/#\/schema\/logo\/image\/\"},\"sameAs\":[\"https:\/\/www.facebook.com\/profile.php?id=100063200290284\",\"https:\/\/x.com\/infoecos\"]},{\"@type\":\"Person\",\"@id\":\"https:\/\/infoecos.com.ar\/#\/schema\/person\/8f5ace5ce73b4b4aac4b7245aee6f191\",\"name\":\"Jorge Matheus\",\"url\":\"https:\/\/infoecos.com.ar\/index.php\/author\/jomatheus\/\"}]}<\/script>\n<!-- \/ Yoast SEO plugin. -->","yoast_head_json":{"title":"La Expo Rural de Palermo fue visitada por 1.300.000 personas - Infoecos","robots":{"index":"index","follow":"follow","max-snippet":"max-snippet:-1","max-image-preview":"max-image-preview:large","max-video-preview":"max-video-preview:-1"},"canonical":"https:\/\/infoecos.com.ar\/index.php\/la-expo-rural-de-palermo-fue-visitada-por-1-300-000-personas\/","og_locale":"es_ES","og_type":"article","og_title":"La Expo Rural de Palermo fue visitada por 1.300.000 personas - Infoecos","og_description":"En la Expo Rural 2022 hubo m\u00e1s de 400 stands, 2.500 animales, 14 provincias participantes, m\u00e1s de 100 conferencias y charlas de capacitaci\u00f3n","og_url":"https:\/\/infoecos.com.ar\/index.php\/la-expo-rural-de-palermo-fue-visitada-por-1-300-000-personas\/","og_site_name":"Infoecos","article_publisher":"https:\/\/www.facebook.com\/profile.php?id=100063200290284","article_published_time":"2022-08-01T06:41:08+00:00","article_modified_time":"2022-08-02T08:38:44+00:00","og_image":[{"width":738,"height":314,"url":"https:\/\/infoecos.com.ar\/wp-content\/uploads\/2022\/08\/palermogente.jpeg","type":"image\/jpeg"}],"author":"Jorge Matheus","twitter_card":"summary_large_image","twitter_creator":"@infoecos","twitter_site":"@infoecos","twitter_misc":{"Escrito por":"Jorge Matheus","Tiempo de lectura":"1 minuto"},"schema":{"@context":"https:\/\/schema.org","@graph":[{"@type":"Article","@id":"https:\/\/infoecos.com.ar\/index.php\/la-expo-rural-de-palermo-fue-visitada-por-1-300-000-personas\/#article","isPartOf":{"@id":"https:\/\/infoecos.com.ar\/index.php\/la-expo-rural-de-palermo-fue-visitada-por-1-300-000-personas\/"},"author":{"name":"Jorge Matheus","@id":"https:\/\/infoecos.com.ar\/#\/schema\/person\/8f5ace5ce73b4b4aac4b7245aee6f191"},"headline":"La Expo Rural de Palermo fue visitada por 1.300.000 personas","datePublished":"2022-08-01T06:41:08+00:00","dateModified":"2022-08-02T08:38:44+00:00","mainEntityOfPage":{"@id":"https:\/\/infoecos.com.ar\/index.php\/la-expo-rural-de-palermo-fue-visitada-por-1-300-000-personas\/"},"wordCount":223,"publisher":{"@id":"https:\/\/infoecos.com.ar\/#organization"},"image":{"@id":"https:\/\/infoecos.com.ar\/index.php\/la-expo-rural-de-palermo-fue-visitada-por-1-300-000-personas\/#primaryimage"},"thumbnailUrl":"https:\/\/infoecos.com.ar\/wp-content\/uploads\/2022\/08\/palermogente.jpeg","keywords":["CULMIN\u00d3 ESTE DOMINGO"],"articleSection":["C2 N6"],"inLanguage":"es"},{"@type":"WebPage","@id":"https:\/\/infoecos.com.ar\/index.php\/la-expo-rural-de-palermo-fue-visitada-por-1-300-000-personas\/","url":"https:\/\/infoecos.com.ar\/index.php\/la-expo-rural-de-palermo-fue-visitada-por-1-300-000-personas\/","name":"La Expo Rural de Palermo fue visitada por 1.300.000 personas - Infoecos","isPartOf":{"@id":"https:\/\/infoecos.com.ar\/#website"},"primaryImageOfPage":{"@id":"https:\/\/infoecos.com.ar\/index.php\/la-expo-rural-de-palermo-fue-visitada-por-1-300-000-personas\/#primaryimage"},"image":{"@id":"https:\/\/infoecos.com.ar\/index.php\/la-expo-rural-de-palermo-fue-visitada-por-1-300-000-personas\/#primaryimage"},"thumbnailUrl":"https:\/\/infoecos.com.ar\/wp-content\/uploads\/2022\/08\/palermogente.jpeg","datePublished":"2022-08-01T06:41:08+00:00","dateModified":"2022-08-02T08:38:44+00:00","breadcrumb":{"@id":"https:\/\/infoecos.com.ar\/index.php\/la-expo-rural-de-palermo-fue-visitada-por-1-300-000-personas\/#breadcrumb"},"inLanguage":"es","potentialAction":[{"@type":"ReadAction","target":["https:\/\/infoecos.com.ar\/index.php\/la-expo-rural-de-palermo-fue-visitada-por-1-300-000-personas\/"]}]},{"@type":"ImageObject","inLanguage":"es","@id":"https:\/\/infoecos.com.ar\/index.php\/la-expo-rural-de-palermo-fue-visitada-por-1-300-000-personas\/#primaryimage","url":"https:\/\/infoecos.com.ar\/wp-content\/uploads\/2022\/08\/palermogente.jpeg","contentUrl":"https:\/\/infoecos.com.ar\/wp-content\/uploads\/2022\/08\/palermogente.jpeg","width":738,"height":314},{"@type":"BreadcrumbList","@id":"https:\/\/infoecos.com.ar\/index.php\/la-expo-rural-de-palermo-fue-visitada-por-1-300-000-personas\/#breadcrumb","itemListElement":[{"@type":"ListItem","position":1,"name":"Portada","item":"https:\/\/infoecos.com.ar\/"},{"@type":"ListItem","position":2,"name":"La Expo Rural de Palermo fue visitada por 1.300.000 personas"}]},{"@type":"WebSite","@id":"https:\/\/infoecos.com.ar\/#website","url":"https:\/\/infoecos.com.ar\/","name":"Infoecos","description":"Noticias de trenque lauquen y la zona","publisher":{"@id":"https:\/\/infoecos.com.ar\/#organization"},"alternateName":"Noticias","potentialAction":[{"@type":"SearchAction","target":{"@type":"EntryPoint","urlTemplate":"https:\/\/infoecos.com.ar\/?s={search_term_string}"},"query-input":{"@type":"PropertyValueSpecification","valueRequired":true,"valueName":"search_term_string"}}],"inLanguage":"es"},{"@type":"Organization","@id":"https:\/\/infoecos.com.ar\/#organization","name":"Infoecos","alternateName":"Noticias","url":"https:\/\/infoecos.com.ar\/","logo":{"@type":"ImageObject","inLanguage":"es","@id":"https:\/\/infoecos.com.ar\/#\/schema\/logo\/image\/","url":"https:\/\/infoecos.com.ar\/wp-content\/uploads\/2024\/03\/cropped-logo.png","contentUrl":"https:\/\/infoecos.com.ar\/wp-content\/uploads\/2024\/03\/cropped-logo.png","width":374,"height":90,"caption":"Infoecos"},"image":{"@id":"https:\/\/infoecos.com.ar\/#\/schema\/logo\/image\/"},"sameAs":["https:\/\/www.facebook.com\/profile.php?id=100063200290284","https:\/\/x.com\/infoecos"]},{"@type":"Person","@id":"https:\/\/infoecos.com.ar\/#\/schema\/person\/8f5ace5ce73b4b4aac4b7245aee6f191","name":"Jorge Matheus","url":"https:\/\/infoecos.com.ar\/index.php\/author\/jomatheus\/"}]}},"featured_image_urls":{"full":["https:\/\/infoecos.com.ar\/wp-content\/uploads\/2022\/08\/palermogente.jpeg",738,314,false],"thumbnail":["https:\/\/infoecos.com.ar\/wp-content\/uploads\/2022\/08\/palermogente-150x150.jpeg",150,150,true],"medium":["https:\/\/infoecos.com.ar\/wp-content\/uploads\/2022\/08\/palermogente-460x196.jpeg",460,196,true],"medium_large":["https:\/\/infoecos.com.ar\/wp-content\/uploads\/2022\/08\/palermogente.jpeg",640,272,false],"large":["https:\/\/infoecos.com.ar\/wp-content\/uploads\/2022\/08\/palermogente.jpeg",640,272,false],"1536x1536":["https:\/\/infoecos.com.ar\/wp-content\/uploads\/2022\/08\/palermogente.jpeg",738,314,false],"2048x2048":["https:\/\/infoecos.com.ar\/wp-content\/uploads\/2022\/08\/palermogente.jpeg",738,314,false],"covernews-slider-full":["https:\/\/infoecos.com.ar\/wp-content\/uploads\/2022\/08\/palermogente.jpeg",738,314,false],"covernews-slider-center":["https:\/\/infoecos.com.ar\/wp-content\/uploads\/2022\/08\/palermogente.jpeg",738,314,false],"covernews-featured":["https:\/\/infoecos.com.ar\/wp-content\/uploads\/2022\/08\/palermogente.jpeg",738,314,false],"covernews-medium":["https:\/\/infoecos.com.ar\/wp-content\/uploads\/2022\/08\/palermogente-720x314.jpeg",540,236,true],"covernews-medium-square":["https:\/\/infoecos.com.ar\/wp-content\/uploads\/2022\/08\/palermogente-675x314.jpeg",400,186,true]},"author_info":{"info":["Jorge Matheus"]},"category_info":"<a href=\"https:\/\/infoecos.com.ar\/index.php\/category\/c2nota6\/\" rel=\"category tag\">C2 N6<\/a>","tag_info":"C2 N6","comment_count":"0","_links":{"self":[{"href":"https:\/\/infoecos.com.ar\/index.php\/wp-json\/wp\/v2\/posts\/95384"}],"collection":[{"href":"https:\/\/infoecos.com.ar\/index.php\/wp-json\/wp\/v2\/posts"}],"about":[{"href":"https:\/\/infoecos.com.ar\/index.php\/wp-json\/wp\/v2\/types\/post"}],"author":[{"embeddable":true,"href":"https:\/\/infoecos.com.ar\/index.php\/wp-json\/wp\/v2\/users\/2"}],"replies":[{"embeddable":true,"href":"https:\/\/infoecos.com.ar\/index.php\/wp-json\/wp\/v2\/comments?post=95384"}],"version-history":[{"count":1,"href":"https:\/\/infoecos.com.ar\/index.php\/wp-json\/wp\/v2\/posts\/95384\/revisions"}],"predecessor-version":[{"id":95387,"href":"https:\/\/infoecos.com.ar\/index.php\/wp-json\/wp\/v2\/posts\/95384\/revisions\/95387"}],"wp:featuredmedia":[{"embeddable":true,"href":"https:\/\/infoecos.com.ar\/index.php\/wp-json\/wp\/v2\/media\/95385"}],"wp:attachment":[{"href":"https:\/\/infoecos.com.ar\/index.php\/wp-json\/wp\/v2\/media?parent=95384"}],"wp:term":[{"taxonomy":"category","embeddable":true,"href":"https:\/\/infoecos.com.ar\/index.php\/wp-json\/wp\/v2\/categories?post=95384"},{"taxonomy":"post_tag","embeddable":true,"href":"https:\/\/infoecos.com.ar\/index.php\/wp-json\/wp\/v2\/tags?post=95384"}],"curies":[{"name":"wp","href":"https:\/\/api.w.org\/{rel}","templated":true}]}}