{"id":95406,"date":"2022-08-01T04:56:26","date_gmt":"2022-08-01T07:56:26","guid":{"rendered":"http:\/\/infoecos.com.ar\/?p=95406"},"modified":"2022-08-01T04:56:31","modified_gmt":"2022-08-01T07:56:31","slug":"se-investiga-como-femicidio-la-muerte-de-agustina-fernandez-la-joven-santarrosena-asesinada-en-cipolleti","status":"publish","type":"post","link":"https:\/\/infoecos.com.ar\/index.php\/se-investiga-como-femicidio-la-muerte-de-agustina-fernandez-la-joven-santarrosena-asesinada-en-cipolleti\/","title":{"rendered":"Se investiga como femicidio la muerte de Agustina Fern\u00e1ndez, la joven santarrose\u00f1a, asesinada en Cipolleti"},"content":{"rendered":"\n<p>La fiscal\u00eda de Cipolletti inform\u00f3 que el caso de Agustina Fern\u00e1ndez, la joven santarrose\u00f1a estudiante de medicina que fue brutalmente asesinada en un complejo de departamentos de esa ciudad rionegrina se investiga como femicidio.\u00a0<\/p>\n\n\n\n<figure class=\"wp-block-image aligncenter size-full is-resized\"><img loading=\"lazy\" decoding=\"async\" src=\"http:\/\/infoecos.com.ar\/wp-content\/uploads\/2022\/08\/image-1.png\" alt=\"\" class=\"wp-image-95407\" width=\"543\" height=\"285\" srcset=\"https:\/\/infoecos.com.ar\/wp-content\/uploads\/2022\/08\/image-1.png 860w, https:\/\/infoecos.com.ar\/wp-content\/uploads\/2022\/08\/image-1-460x242.png 460w, https:\/\/infoecos.com.ar\/wp-content\/uploads\/2022\/08\/image-1-768x404.png 768w\" sizes=\"(max-width: 543px) 100vw, 543px\" \/><figcaption>Agustina &#8211; Foto: eldiariodelapampa.com.ar<\/figcaption><\/figure>\n\n\n\n<p>Desde la unidad fiscal expresaron que en la provincia de R\u00edo Negro toda muerte violenta de una mujer se investiga como femicidio, por una instrucci\u00f3n del procurador Jorge Crespo. \u00abSe investiga bajo esa perspectiva, no obstante a eso hay muchas hip\u00f3tesis que se siguen en el caso de Agustina, se investigan todas mientras no haya certezas de alguna en particular y el resto pierdan relevancia\u00bb, indicaron.&nbsp;<\/p>\n\n\n\n<p>En R\u00edo Negro a partir del 2018 el procurador general de la provincia, Jorge Crespo, suscribi\u00f3 a una instrucci\u00f3n para que las muertes violentas de las mujeres sean investigadas bajo la perspectiva de g\u00e9nero, como eje transversal en cada una de las causas.&nbsp;&nbsp;<\/p>\n\n\n\n<p>Hace una semana la familia de Agustina viaj\u00f3 desde Santa Rosa a Cipolletti a reunirse con el fiscal y los querellantes para solicitar avances en la investigaci\u00f3n. La mam\u00e1 de la joven, Silvana Cappello, ya anunci\u00f3 que habr\u00e1 una marcha cuando se cumpla un mes de la muerte de la joven.&nbsp;<\/p>\n\n\n\n<figure class=\"wp-block-image aligncenter size-full is-resized\"><img loading=\"lazy\" decoding=\"async\" src=\"http:\/\/infoecos.com.ar\/wp-content\/uploads\/2022\/07\/image-18.png\" alt=\"\" class=\"wp-image-94492\" width=\"564\" height=\"296\" srcset=\"https:\/\/infoecos.com.ar\/wp-content\/uploads\/2022\/07\/image-18.png 800w, https:\/\/infoecos.com.ar\/wp-content\/uploads\/2022\/07\/image-18-460x242.png 460w, https:\/\/infoecos.com.ar\/wp-content\/uploads\/2022\/07\/image-18-768x403.png 768w\" sizes=\"(max-width: 564px) 100vw, 564px\" \/><\/figure>\n\n\n\n<p>Agustina Fern\u00e1ndez era una joven de 19 a\u00f1os que hab\u00eda llegado a Cipolletti para estudiar una carrera, cursaba el primer a\u00f1o de medicina en la Facultad de Ciencias M\u00e9dicas de la UNCo. Durante un robo en un departamento del complejo donde viv\u00eda, fue atacada. Luego fue encontrada por un amigo, Pablo Parra con quien se hab\u00eda encontrado para compartir una cena. Seg\u00fan testimonios de Parra, \u00abla dej\u00f3 en el departamento y se ausent\u00f3 durante una hora. Al regresar la encontr\u00f3 tirada e inconsciente en el suelo\u00bb.&nbsp; &nbsp;<\/p>\n\n\n\n<p>La joven permaneci\u00f3 internada en el hospital de Cipolletti hasta el martes 5 de julio, cuando los m\u00e9dicos determinaron que ten\u00eda muerte cerebral. Como Agustina era donante expresa, la familia procedi\u00f3 con la donaci\u00f3n, luego de un gran operativo de ablaci\u00f3n, los \u00f3rganos de la joven fueron trasladados por personal del Incucai a Buenos Aires.&nbsp; &nbsp;&nbsp;<\/p>\n","protected":false},"excerpt":{"rendered":"<p>Foto y texto de la informaci\u00f3n: eldiariodelapampa.com.ar <\/p>\n","protected":false},"author":2,"featured_media":95407,"comment_status":"closed","ping_status":"open","sticky":false,"template":"","format":"standard","meta":{"footnotes":""},"categories":[48],"tags":[5797],"class_list":["post-95406","post","type-post","status-publish","format-standard","has-post-thumbnail","hentry","category-c2nota3","tag-el-diario-de-la-pampa"],"yoast_head":"<!-- This site is optimized with the Yoast SEO plugin v23.4 - https:\/\/yoast.com\/wordpress\/plugins\/seo\/ -->\n<title>Se investiga como femicidio la muerte de Agustina Fern\u00e1ndez, la joven santarrose\u00f1a, asesinada en Cipolleti - Infoecos<\/title>\n<meta name=\"robots\" content=\"index, follow, max-snippet:-1, max-image-preview:large, max-video-preview:-1\" \/>\n<link rel=\"canonical\" href=\"https:\/\/infoecos.com.ar\/index.php\/se-investiga-como-femicidio-la-muerte-de-agustina-fernandez-la-joven-santarrosena-asesinada-en-cipolleti\/\" \/>\n<meta property=\"og:locale\" content=\"es_ES\" \/>\n<meta property=\"og:type\" content=\"article\" \/>\n<meta property=\"og:title\" content=\"Se investiga como femicidio la muerte de Agustina Fern\u00e1ndez, la joven santarrose\u00f1a, asesinada en Cipolleti - Infoecos\" \/>\n<meta property=\"og:description\" content=\"Foto y texto de la informaci\u00f3n: eldiariodelapampa.com.ar\" \/>\n<meta property=\"og:url\" content=\"https:\/\/infoecos.com.ar\/index.php\/se-investiga-como-femicidio-la-muerte-de-agustina-fernandez-la-joven-santarrosena-asesinada-en-cipolleti\/\" \/>\n<meta property=\"og:site_name\" content=\"Infoecos\" \/>\n<meta property=\"article:publisher\" content=\"https:\/\/www.facebook.com\/profile.php?id=100063200290284\" \/>\n<meta property=\"article:published_time\" content=\"2022-08-01T07:56:26+00:00\" \/>\n<meta property=\"article:modified_time\" content=\"2022-08-01T07:56:31+00:00\" \/>\n<meta property=\"og:image\" content=\"https:\/\/infoecos.com.ar\/wp-content\/uploads\/2022\/08\/image-1.png\" \/>\n\t<meta property=\"og:image:width\" content=\"860\" \/>\n\t<meta property=\"og:image:height\" content=\"452\" \/>\n\t<meta property=\"og:image:type\" content=\"image\/png\" \/>\n<meta name=\"author\" content=\"Jorge Matheus\" \/>\n<meta name=\"twitter:card\" content=\"summary_large_image\" \/>\n<meta name=\"twitter:creator\" content=\"@infoecos\" \/>\n<meta name=\"twitter:site\" content=\"@infoecos\" \/>\n<meta name=\"twitter:label1\" content=\"Escrito por\" \/>\n\t<meta name=\"twitter:data1\" content=\"Jorge Matheus\" \/>\n\t<meta name=\"twitter:label2\" content=\"Tiempo de lectura\" \/>\n\t<meta name=\"twitter:data2\" content=\"2 minutos\" \/>\n<script type=\"application\/ld+json\" class=\"yoast-schema-graph\">{\"@context\":\"https:\/\/schema.org\",\"@graph\":[{\"@type\":\"Article\",\"@id\":\"https:\/\/infoecos.com.ar\/index.php\/se-investiga-como-femicidio-la-muerte-de-agustina-fernandez-la-joven-santarrosena-asesinada-en-cipolleti\/#article\",\"isPartOf\":{\"@id\":\"https:\/\/infoecos.com.ar\/index.php\/se-investiga-como-femicidio-la-muerte-de-agustina-fernandez-la-joven-santarrosena-asesinada-en-cipolleti\/\"},\"author\":{\"name\":\"Jorge Matheus\",\"@id\":\"https:\/\/infoecos.com.ar\/#\/schema\/person\/8f5ace5ce73b4b4aac4b7245aee6f191\"},\"headline\":\"Se investiga como femicidio la muerte de Agustina Fern\u00e1ndez, la joven santarrose\u00f1a, asesinada en Cipolleti\",\"datePublished\":\"2022-08-01T07:56:26+00:00\",\"dateModified\":\"2022-08-01T07:56:31+00:00\",\"mainEntityOfPage\":{\"@id\":\"https:\/\/infoecos.com.ar\/index.php\/se-investiga-como-femicidio-la-muerte-de-agustina-fernandez-la-joven-santarrosena-asesinada-en-cipolleti\/\"},\"wordCount\":386,\"publisher\":{\"@id\":\"https:\/\/infoecos.com.ar\/#organization\"},\"image\":{\"@id\":\"https:\/\/infoecos.com.ar\/index.php\/se-investiga-como-femicidio-la-muerte-de-agustina-fernandez-la-joven-santarrosena-asesinada-en-cipolleti\/#primaryimage\"},\"thumbnailUrl\":\"https:\/\/infoecos.com.ar\/wp-content\/uploads\/2022\/08\/image-1.png\",\"keywords\":[\"EL DIARIO DE LA PAMPA\"],\"articleSection\":[\"C2 N3\"],\"inLanguage\":\"es\"},{\"@type\":\"WebPage\",\"@id\":\"https:\/\/infoecos.com.ar\/index.php\/se-investiga-como-femicidio-la-muerte-de-agustina-fernandez-la-joven-santarrosena-asesinada-en-cipolleti\/\",\"url\":\"https:\/\/infoecos.com.ar\/index.php\/se-investiga-como-femicidio-la-muerte-de-agustina-fernandez-la-joven-santarrosena-asesinada-en-cipolleti\/\",\"name\":\"Se investiga como femicidio la muerte de Agustina Fern\u00e1ndez, la joven santarrose\u00f1a, asesinada en Cipolleti - Infoecos\",\"isPartOf\":{\"@id\":\"https:\/\/infoecos.com.ar\/#website\"},\"primaryImageOfPage\":{\"@id\":\"https:\/\/infoecos.com.ar\/index.php\/se-investiga-como-femicidio-la-muerte-de-agustina-fernandez-la-joven-santarrosena-asesinada-en-cipolleti\/#primaryimage\"},\"image\":{\"@id\":\"https:\/\/infoecos.com.ar\/index.php\/se-investiga-como-femicidio-la-muerte-de-agustina-fernandez-la-joven-santarrosena-asesinada-en-cipolleti\/#primaryimage\"},\"thumbnailUrl\":\"https:\/\/infoecos.com.ar\/wp-content\/uploads\/2022\/08\/image-1.png\",\"datePublished\":\"2022-08-01T07:56:26+00:00\",\"dateModified\":\"2022-08-01T07:56:31+00:00\",\"breadcrumb\":{\"@id\":\"https:\/\/infoecos.com.ar\/index.php\/se-investiga-como-femicidio-la-muerte-de-agustina-fernandez-la-joven-santarrosena-asesinada-en-cipolleti\/#breadcrumb\"},\"inLanguage\":\"es\",\"potentialAction\":[{\"@type\":\"ReadAction\",\"target\":[\"https:\/\/infoecos.com.ar\/index.php\/se-investiga-como-femicidio-la-muerte-de-agustina-fernandez-la-joven-santarrosena-asesinada-en-cipolleti\/\"]}]},{\"@type\":\"ImageObject\",\"inLanguage\":\"es\",\"@id\":\"https:\/\/infoecos.com.ar\/index.php\/se-investiga-como-femicidio-la-muerte-de-agustina-fernandez-la-joven-santarrosena-asesinada-en-cipolleti\/#primaryimage\",\"url\":\"https:\/\/infoecos.com.ar\/wp-content\/uploads\/2022\/08\/image-1.png\",\"contentUrl\":\"https:\/\/infoecos.com.ar\/wp-content\/uploads\/2022\/08\/image-1.png\",\"width\":860,\"height\":452},{\"@type\":\"BreadcrumbList\",\"@id\":\"https:\/\/infoecos.com.ar\/index.php\/se-investiga-como-femicidio-la-muerte-de-agustina-fernandez-la-joven-santarrosena-asesinada-en-cipolleti\/#breadcrumb\",\"itemListElement\":[{\"@type\":\"ListItem\",\"position\":1,\"name\":\"Portada\",\"item\":\"https:\/\/infoecos.com.ar\/\"},{\"@type\":\"ListItem\",\"position\":2,\"name\":\"Se investiga como femicidio la muerte de Agustina Fern\u00e1ndez, la joven santarrose\u00f1a, asesinada en Cipolleti\"}]},{\"@type\":\"WebSite\",\"@id\":\"https:\/\/infoecos.com.ar\/#website\",\"url\":\"https:\/\/infoecos.com.ar\/\",\"name\":\"Infoecos\",\"description\":\"Noticias de trenque lauquen y la zona\",\"publisher\":{\"@id\":\"https:\/\/infoecos.com.ar\/#organization\"},\"alternateName\":\"Noticias\",\"potentialAction\":[{\"@type\":\"SearchAction\",\"target\":{\"@type\":\"EntryPoint\",\"urlTemplate\":\"https:\/\/infoecos.com.ar\/?s={search_term_string}\"},\"query-input\":{\"@type\":\"PropertyValueSpecification\",\"valueRequired\":true,\"valueName\":\"search_term_string\"}}],\"inLanguage\":\"es\"},{\"@type\":\"Organization\",\"@id\":\"https:\/\/infoecos.com.ar\/#organization\",\"name\":\"Infoecos\",\"alternateName\":\"Noticias\",\"url\":\"https:\/\/infoecos.com.ar\/\",\"logo\":{\"@type\":\"ImageObject\",\"inLanguage\":\"es\",\"@id\":\"https:\/\/infoecos.com.ar\/#\/schema\/logo\/image\/\",\"url\":\"https:\/\/infoecos.com.ar\/wp-content\/uploads\/2024\/03\/cropped-logo.png\",\"contentUrl\":\"https:\/\/infoecos.com.ar\/wp-content\/uploads\/2024\/03\/cropped-logo.png\",\"width\":374,\"height\":90,\"caption\":\"Infoecos\"},\"image\":{\"@id\":\"https:\/\/infoecos.com.ar\/#\/schema\/logo\/image\/\"},\"sameAs\":[\"https:\/\/www.facebook.com\/profile.php?id=100063200290284\",\"https:\/\/x.com\/infoecos\"]},{\"@type\":\"Person\",\"@id\":\"https:\/\/infoecos.com.ar\/#\/schema\/person\/8f5ace5ce73b4b4aac4b7245aee6f191\",\"name\":\"Jorge Matheus\",\"url\":\"https:\/\/infoecos.com.ar\/index.php\/author\/jomatheus\/\"}]}<\/script>\n<!-- \/ Yoast SEO plugin. -->","yoast_head_json":{"title":"Se investiga como femicidio la muerte de Agustina Fern\u00e1ndez, la joven santarrose\u00f1a, asesinada en Cipolleti - Infoecos","robots":{"index":"index","follow":"follow","max-snippet":"max-snippet:-1","max-image-preview":"max-image-preview:large","max-video-preview":"max-video-preview:-1"},"canonical":"https:\/\/infoecos.com.ar\/index.php\/se-investiga-como-femicidio-la-muerte-de-agustina-fernandez-la-joven-santarrosena-asesinada-en-cipolleti\/","og_locale":"es_ES","og_type":"article","og_title":"Se investiga como femicidio la muerte de Agustina Fern\u00e1ndez, la joven santarrose\u00f1a, asesinada en Cipolleti - Infoecos","og_description":"Foto y texto de la informaci\u00f3n: eldiariodelapampa.com.ar","og_url":"https:\/\/infoecos.com.ar\/index.php\/se-investiga-como-femicidio-la-muerte-de-agustina-fernandez-la-joven-santarrosena-asesinada-en-cipolleti\/","og_site_name":"Infoecos","article_publisher":"https:\/\/www.facebook.com\/profile.php?id=100063200290284","article_published_time":"2022-08-01T07:56:26+00:00","article_modified_time":"2022-08-01T07:56:31+00:00","og_image":[{"width":860,"height":452,"url":"https:\/\/infoecos.com.ar\/wp-content\/uploads\/2022\/08\/image-1.png","type":"image\/png"}],"author":"Jorge Matheus","twitter_card":"summary_large_image","twitter_creator":"@infoecos","twitter_site":"@infoecos","twitter_misc":{"Escrito por":"Jorge Matheus","Tiempo de lectura":"2 minutos"},"schema":{"@context":"https:\/\/schema.org","@graph":[{"@type":"Article","@id":"https:\/\/infoecos.com.ar\/index.php\/se-investiga-como-femicidio-la-muerte-de-agustina-fernandez-la-joven-santarrosena-asesinada-en-cipolleti\/#article","isPartOf":{"@id":"https:\/\/infoecos.com.ar\/index.php\/se-investiga-como-femicidio-la-muerte-de-agustina-fernandez-la-joven-santarrosena-asesinada-en-cipolleti\/"},"author":{"name":"Jorge Matheus","@id":"https:\/\/infoecos.com.ar\/#\/schema\/person\/8f5ace5ce73b4b4aac4b7245aee6f191"},"headline":"Se investiga como femicidio la muerte de Agustina Fern\u00e1ndez, la joven santarrose\u00f1a, asesinada en Cipolleti","datePublished":"2022-08-01T07:56:26+00:00","dateModified":"2022-08-01T07:56:31+00:00","mainEntityOfPage":{"@id":"https:\/\/infoecos.com.ar\/index.php\/se-investiga-como-femicidio-la-muerte-de-agustina-fernandez-la-joven-santarrosena-asesinada-en-cipolleti\/"},"wordCount":386,"publisher":{"@id":"https:\/\/infoecos.com.ar\/#organization"},"image":{"@id":"https:\/\/infoecos.com.ar\/index.php\/se-investiga-como-femicidio-la-muerte-de-agustina-fernandez-la-joven-santarrosena-asesinada-en-cipolleti\/#primaryimage"},"thumbnailUrl":"https:\/\/infoecos.com.ar\/wp-content\/uploads\/2022\/08\/image-1.png","keywords":["EL DIARIO DE LA PAMPA"],"articleSection":["C2 N3"],"inLanguage":"es"},{"@type":"WebPage","@id":"https:\/\/infoecos.com.ar\/index.php\/se-investiga-como-femicidio-la-muerte-de-agustina-fernandez-la-joven-santarrosena-asesinada-en-cipolleti\/","url":"https:\/\/infoecos.com.ar\/index.php\/se-investiga-como-femicidio-la-muerte-de-agustina-fernandez-la-joven-santarrosena-asesinada-en-cipolleti\/","name":"Se investiga como femicidio la muerte de Agustina Fern\u00e1ndez, la joven santarrose\u00f1a, asesinada en Cipolleti - Infoecos","isPartOf":{"@id":"https:\/\/infoecos.com.ar\/#website"},"primaryImageOfPage":{"@id":"https:\/\/infoecos.com.ar\/index.php\/se-investiga-como-femicidio-la-muerte-de-agustina-fernandez-la-joven-santarrosena-asesinada-en-cipolleti\/#primaryimage"},"image":{"@id":"https:\/\/infoecos.com.ar\/index.php\/se-investiga-como-femicidio-la-muerte-de-agustina-fernandez-la-joven-santarrosena-asesinada-en-cipolleti\/#primaryimage"},"thumbnailUrl":"https:\/\/infoecos.com.ar\/wp-content\/uploads\/2022\/08\/image-1.png","datePublished":"2022-08-01T07:56:26+00:00","dateModified":"2022-08-01T07:56:31+00:00","breadcrumb":{"@id":"https:\/\/infoecos.com.ar\/index.php\/se-investiga-como-femicidio-la-muerte-de-agustina-fernandez-la-joven-santarrosena-asesinada-en-cipolleti\/#breadcrumb"},"inLanguage":"es","potentialAction":[{"@type":"ReadAction","target":["https:\/\/infoecos.com.ar\/index.php\/se-investiga-como-femicidio-la-muerte-de-agustina-fernandez-la-joven-santarrosena-asesinada-en-cipolleti\/"]}]},{"@type":"ImageObject","inLanguage":"es","@id":"https:\/\/infoecos.com.ar\/index.php\/se-investiga-como-femicidio-la-muerte-de-agustina-fernandez-la-joven-santarrosena-asesinada-en-cipolleti\/#primaryimage","url":"https:\/\/infoecos.com.ar\/wp-content\/uploads\/2022\/08\/image-1.png","contentUrl":"https:\/\/infoecos.com.ar\/wp-content\/uploads\/2022\/08\/image-1.png","width":860,"height":452},{"@type":"BreadcrumbList","@id":"https:\/\/infoecos.com.ar\/index.php\/se-investiga-como-femicidio-la-muerte-de-agustina-fernandez-la-joven-santarrosena-asesinada-en-cipolleti\/#breadcrumb","itemListElement":[{"@type":"ListItem","position":1,"name":"Portada","item":"https:\/\/infoecos.com.ar\/"},{"@type":"ListItem","position":2,"name":"Se investiga como femicidio la muerte de Agustina Fern\u00e1ndez, la joven santarrose\u00f1a, asesinada en Cipolleti"}]},{"@type":"WebSite","@id":"https:\/\/infoecos.com.ar\/#website","url":"https:\/\/infoecos.com.ar\/","name":"Infoecos","description":"Noticias de trenque lauquen y la zona","publisher":{"@id":"https:\/\/infoecos.com.ar\/#organization"},"alternateName":"Noticias","potentialAction":[{"@type":"SearchAction","target":{"@type":"EntryPoint","urlTemplate":"https:\/\/infoecos.com.ar\/?s={search_term_string}"},"query-input":{"@type":"PropertyValueSpecification","valueRequired":true,"valueName":"search_term_string"}}],"inLanguage":"es"},{"@type":"Organization","@id":"https:\/\/infoecos.com.ar\/#organization","name":"Infoecos","alternateName":"Noticias","url":"https:\/\/infoecos.com.ar\/","logo":{"@type":"ImageObject","inLanguage":"es","@id":"https:\/\/infoecos.com.ar\/#\/schema\/logo\/image\/","url":"https:\/\/infoecos.com.ar\/wp-content\/uploads\/2024\/03\/cropped-logo.png","contentUrl":"https:\/\/infoecos.com.ar\/wp-content\/uploads\/2024\/03\/cropped-logo.png","width":374,"height":90,"caption":"Infoecos"},"image":{"@id":"https:\/\/infoecos.com.ar\/#\/schema\/logo\/image\/"},"sameAs":["https:\/\/www.facebook.com\/profile.php?id=100063200290284","https:\/\/x.com\/infoecos"]},{"@type":"Person","@id":"https:\/\/infoecos.com.ar\/#\/schema\/person\/8f5ace5ce73b4b4aac4b7245aee6f191","name":"Jorge Matheus","url":"https:\/\/infoecos.com.ar\/index.php\/author\/jomatheus\/"}]}},"featured_image_urls":{"full":["https:\/\/infoecos.com.ar\/wp-content\/uploads\/2022\/08\/image-1.png",860,452,false],"thumbnail":["https:\/\/infoecos.com.ar\/wp-content\/uploads\/2022\/08\/image-1-150x150.png",150,150,true],"medium":["https:\/\/infoecos.com.ar\/wp-content\/uploads\/2022\/08\/image-1-460x242.png",460,242,true],"medium_large":["https:\/\/infoecos.com.ar\/wp-content\/uploads\/2022\/08\/image-1-768x404.png",640,337,true],"large":["https:\/\/infoecos.com.ar\/wp-content\/uploads\/2022\/08\/image-1.png",640,336,false],"1536x1536":["https:\/\/infoecos.com.ar\/wp-content\/uploads\/2022\/08\/image-1.png",860,452,false],"2048x2048":["https:\/\/infoecos.com.ar\/wp-content\/uploads\/2022\/08\/image-1.png",860,452,false],"covernews-slider-full":["https:\/\/infoecos.com.ar\/wp-content\/uploads\/2022\/08\/image-1.png",860,452,false],"covernews-slider-center":["https:\/\/infoecos.com.ar\/wp-content\/uploads\/2022\/08\/image-1.png",800,420,false],"covernews-featured":["https:\/\/infoecos.com.ar\/wp-content\/uploads\/2022\/08\/image-1.png",860,452,false],"covernews-medium":["https:\/\/infoecos.com.ar\/wp-content\/uploads\/2022\/08\/image-1-720x380.png",540,285,true],"covernews-medium-square":["https:\/\/infoecos.com.ar\/wp-content\/uploads\/2022\/08\/image-1-675x450.png",375,250,true]},"author_info":{"info":["Jorge Matheus"]},"category_info":"<a href=\"https:\/\/infoecos.com.ar\/index.php\/category\/c2nota3\/\" rel=\"category tag\">C2 N3<\/a>","tag_info":"C2 N3","comment_count":"0","_links":{"self":[{"href":"https:\/\/infoecos.com.ar\/index.php\/wp-json\/wp\/v2\/posts\/95406"}],"collection":[{"href":"https:\/\/infoecos.com.ar\/index.php\/wp-json\/wp\/v2\/posts"}],"about":[{"href":"https:\/\/infoecos.com.ar\/index.php\/wp-json\/wp\/v2\/types\/post"}],"author":[{"embeddable":true,"href":"https:\/\/infoecos.com.ar\/index.php\/wp-json\/wp\/v2\/users\/2"}],"replies":[{"embeddable":true,"href":"https:\/\/infoecos.com.ar\/index.php\/wp-json\/wp\/v2\/comments?post=95406"}],"version-history":[{"count":1,"href":"https:\/\/infoecos.com.ar\/index.php\/wp-json\/wp\/v2\/posts\/95406\/revisions"}],"predecessor-version":[{"id":95408,"href":"https:\/\/infoecos.com.ar\/index.php\/wp-json\/wp\/v2\/posts\/95406\/revisions\/95408"}],"wp:featuredmedia":[{"embeddable":true,"href":"https:\/\/infoecos.com.ar\/index.php\/wp-json\/wp\/v2\/media\/95407"}],"wp:attachment":[{"href":"https:\/\/infoecos.com.ar\/index.php\/wp-json\/wp\/v2\/media?parent=95406"}],"wp:term":[{"taxonomy":"category","embeddable":true,"href":"https:\/\/infoecos.com.ar\/index.php\/wp-json\/wp\/v2\/categories?post=95406"},{"taxonomy":"post_tag","embeddable":true,"href":"https:\/\/infoecos.com.ar\/index.php\/wp-json\/wp\/v2\/tags?post=95406"}],"curies":[{"name":"wp","href":"https:\/\/api.w.org\/{rel}","templated":true}]}}