{"id":95435,"date":"2022-08-01T20:08:21","date_gmt":"2022-08-01T23:08:21","guid":{"rendered":"http:\/\/infoecos.com.ar\/?p=95435"},"modified":"2022-08-02T06:12:53","modified_gmt":"2022-08-02T09:12:53","slug":"kreplak-argentina-es-pionera-en-vacunar-contra-la-covid-a-menores-de-3-anos","status":"publish","type":"post","link":"https:\/\/infoecos.com.ar\/index.php\/kreplak-argentina-es-pionera-en-vacunar-contra-la-covid-a-menores-de-3-anos\/","title":{"rendered":"Kreplak: \u00abArgentina es pionera en vacunar contra la covid a menores de 3 a\u00f1os\u00bb"},"content":{"rendered":"\n<p>El ministro de Salud bonaerense, reiter\u00f3 que cuando la <strong><mark style=\"background-color:rgba(0, 0, 0, 0)\" class=\"has-inline-color has-vivid-red-color\">Anmat<\/mark><\/strong> \u00abtermine de validar los lotes\u00bb de vacunas <strong><mark style=\"background-color:rgba(0, 0, 0, 0)\" class=\"has-inline-color has-vivid-red-color\">Moderna<\/mark><\/strong> contra el coronavirus para ni\u00f1as y ni\u00f1os a partir de los 6 meses y hasta los 3 a\u00f1os que llegaron al pa\u00eds, comenzar\u00e1n la entrega de turnos para iniciar la inmunizaci\u00f3n, y destac\u00f3 el lugar de Argentina como \u00abpionera en aplicar\u00bb las dosis en esa franja etaria.<\/p>\n\n\n\n<figure class=\"wp-block-image size-full\"><img loading=\"lazy\" decoding=\"async\" width=\"900\" height=\"506\" src=\"http:\/\/infoecos.com.ar\/wp-content\/uploads\/2022\/08\/ninosvacunadpos.jpg\" alt=\"\" class=\"wp-image-95436\" srcset=\"https:\/\/infoecos.com.ar\/wp-content\/uploads\/2022\/08\/ninosvacunadpos.jpg 900w, https:\/\/infoecos.com.ar\/wp-content\/uploads\/2022\/08\/ninosvacunadpos-460x259.jpg 460w, https:\/\/infoecos.com.ar\/wp-content\/uploads\/2022\/08\/ninosvacunadpos-768x432.jpg 768w\" sizes=\"(max-width: 900px) 100vw, 900px\" \/><\/figure>\n\n\n\n<p>\u00abHasta ahora no hab\u00eda en el mundo vacunas que hayan demostrado su eficacia y seguridad en el sector de 6 meses a 3 a\u00f1os; lo lograron dos vacunas y una la tenemos disponible en el pa\u00eds; ahora estamos esperando que la Anmat (Administraci\u00f3n Nacional de Medicamentos, Alimentos y Tecnolog\u00eda M\u00e9dica) termine de validar los lotes y estaremos dando los turnos\u00bb, dijo Kreplak en declaraciones a radio Provincia.<\/p>\n\n\n\n<p>Este lunes, el gobernador Axel Kicillof y el ministro anunciaron en conferencia de prensa la habilitaci\u00f3n de la inscripci\u00f3n para esa franja de la poblaci\u00f3n, lo que puede realizarse en la p\u00e1gina&nbsp;<a href=\"https:\/\/vacunatepba.gba.gob.ar\/\" target=\"_blank\" rel=\"noreferrer noopener\"><strong>vacunatepba.gba.gob.ar<\/strong><\/a>&nbsp;o desde la app Vacunate PBA.<\/p>\n\n\n\n<p>\u00ab<strong>La mayor\u00eda de las vacunas no se aplican antes de los 6 meses<\/strong>&nbsp;porque<strong>&nbsp;el sistema inmune est\u00e1 en desarrollo si los beb\u00e9s reciben anticuerpos por la lactancia materna<\/strong>; por eso se empiezan a colocar a partir de los 6 meses\u00bb, explic\u00f3 Kreplak, quien destac\u00f3 que Argentina es uno de los pa\u00edses pioneros en inmunizaci\u00f3n en esa franja etaria gracias a \u00abla experiencia en planificaci\u00f3n de pol\u00edticas sanitarias\u00bb.<\/p>\n","protected":false},"excerpt":{"rendered":"<p>Destac\u00f3 el lugar de Argentina como \u00abpionera en aplicar\u00bb las dosis en esa franja etaria.<\/p>\n","protected":false},"author":2,"featured_media":95436,"comment_status":"closed","ping_status":"open","sticky":false,"template":"","format":"standard","meta":{"footnotes":""},"categories":[48],"tags":[156],"class_list":["post-95435","post","type-post","status-publish","format-standard","has-post-thumbnail","hentry","category-c2nota3","tag-salud"],"yoast_head":"<!-- This site is optimized with the Yoast SEO plugin v23.4 - https:\/\/yoast.com\/wordpress\/plugins\/seo\/ -->\n<title>Kreplak: &quot;Argentina es pionera en vacunar contra la covid a menores de 3 a\u00f1os&quot; - Infoecos<\/title>\n<meta name=\"robots\" content=\"index, follow, max-snippet:-1, max-image-preview:large, max-video-preview:-1\" \/>\n<link rel=\"canonical\" href=\"https:\/\/infoecos.com.ar\/index.php\/kreplak-argentina-es-pionera-en-vacunar-contra-la-covid-a-menores-de-3-anos\/\" \/>\n<meta property=\"og:locale\" content=\"es_ES\" \/>\n<meta property=\"og:type\" content=\"article\" \/>\n<meta property=\"og:title\" content=\"Kreplak: &quot;Argentina es pionera en vacunar contra la covid a menores de 3 a\u00f1os&quot; - Infoecos\" \/>\n<meta property=\"og:description\" content=\"Destac\u00f3 el lugar de Argentina como &quot;pionera en aplicar&quot; las dosis en esa franja etaria.\" \/>\n<meta property=\"og:url\" content=\"https:\/\/infoecos.com.ar\/index.php\/kreplak-argentina-es-pionera-en-vacunar-contra-la-covid-a-menores-de-3-anos\/\" \/>\n<meta property=\"og:site_name\" content=\"Infoecos\" \/>\n<meta property=\"article:publisher\" content=\"https:\/\/www.facebook.com\/profile.php?id=100063200290284\" \/>\n<meta property=\"article:published_time\" content=\"2022-08-01T23:08:21+00:00\" \/>\n<meta property=\"article:modified_time\" content=\"2022-08-02T09:12:53+00:00\" \/>\n<meta property=\"og:image\" content=\"https:\/\/infoecos.com.ar\/wp-content\/uploads\/2022\/08\/ninosvacunadpos.jpg\" \/>\n\t<meta property=\"og:image:width\" content=\"900\" \/>\n\t<meta property=\"og:image:height\" content=\"506\" \/>\n\t<meta property=\"og:image:type\" content=\"image\/jpeg\" \/>\n<meta name=\"author\" content=\"Jorge Matheus\" \/>\n<meta name=\"twitter:card\" content=\"summary_large_image\" \/>\n<meta name=\"twitter:creator\" content=\"@infoecos\" \/>\n<meta name=\"twitter:site\" content=\"@infoecos\" \/>\n<meta name=\"twitter:label1\" content=\"Escrito por\" \/>\n\t<meta name=\"twitter:data1\" content=\"Jorge Matheus\" \/>\n\t<meta name=\"twitter:label2\" content=\"Tiempo de lectura\" \/>\n\t<meta name=\"twitter:data2\" content=\"1 minuto\" \/>\n<script type=\"application\/ld+json\" class=\"yoast-schema-graph\">{\"@context\":\"https:\/\/schema.org\",\"@graph\":[{\"@type\":\"Article\",\"@id\":\"https:\/\/infoecos.com.ar\/index.php\/kreplak-argentina-es-pionera-en-vacunar-contra-la-covid-a-menores-de-3-anos\/#article\",\"isPartOf\":{\"@id\":\"https:\/\/infoecos.com.ar\/index.php\/kreplak-argentina-es-pionera-en-vacunar-contra-la-covid-a-menores-de-3-anos\/\"},\"author\":{\"name\":\"Jorge Matheus\",\"@id\":\"https:\/\/infoecos.com.ar\/#\/schema\/person\/8f5ace5ce73b4b4aac4b7245aee6f191\"},\"headline\":\"Kreplak: \u00abArgentina es pionera en vacunar contra la covid a menores de 3 a\u00f1os\u00bb\",\"datePublished\":\"2022-08-01T23:08:21+00:00\",\"dateModified\":\"2022-08-02T09:12:53+00:00\",\"mainEntityOfPage\":{\"@id\":\"https:\/\/infoecos.com.ar\/index.php\/kreplak-argentina-es-pionera-en-vacunar-contra-la-covid-a-menores-de-3-anos\/\"},\"wordCount\":276,\"publisher\":{\"@id\":\"https:\/\/infoecos.com.ar\/#organization\"},\"image\":{\"@id\":\"https:\/\/infoecos.com.ar\/index.php\/kreplak-argentina-es-pionera-en-vacunar-contra-la-covid-a-menores-de-3-anos\/#primaryimage\"},\"thumbnailUrl\":\"https:\/\/infoecos.com.ar\/wp-content\/uploads\/2022\/08\/ninosvacunadpos.jpg\",\"keywords\":[\"SALUD\"],\"articleSection\":[\"C2 N3\"],\"inLanguage\":\"es\"},{\"@type\":\"WebPage\",\"@id\":\"https:\/\/infoecos.com.ar\/index.php\/kreplak-argentina-es-pionera-en-vacunar-contra-la-covid-a-menores-de-3-anos\/\",\"url\":\"https:\/\/infoecos.com.ar\/index.php\/kreplak-argentina-es-pionera-en-vacunar-contra-la-covid-a-menores-de-3-anos\/\",\"name\":\"Kreplak: \\\"Argentina es pionera en vacunar contra la covid a menores de 3 a\u00f1os\\\" - Infoecos\",\"isPartOf\":{\"@id\":\"https:\/\/infoecos.com.ar\/#website\"},\"primaryImageOfPage\":{\"@id\":\"https:\/\/infoecos.com.ar\/index.php\/kreplak-argentina-es-pionera-en-vacunar-contra-la-covid-a-menores-de-3-anos\/#primaryimage\"},\"image\":{\"@id\":\"https:\/\/infoecos.com.ar\/index.php\/kreplak-argentina-es-pionera-en-vacunar-contra-la-covid-a-menores-de-3-anos\/#primaryimage\"},\"thumbnailUrl\":\"https:\/\/infoecos.com.ar\/wp-content\/uploads\/2022\/08\/ninosvacunadpos.jpg\",\"datePublished\":\"2022-08-01T23:08:21+00:00\",\"dateModified\":\"2022-08-02T09:12:53+00:00\",\"breadcrumb\":{\"@id\":\"https:\/\/infoecos.com.ar\/index.php\/kreplak-argentina-es-pionera-en-vacunar-contra-la-covid-a-menores-de-3-anos\/#breadcrumb\"},\"inLanguage\":\"es\",\"potentialAction\":[{\"@type\":\"ReadAction\",\"target\":[\"https:\/\/infoecos.com.ar\/index.php\/kreplak-argentina-es-pionera-en-vacunar-contra-la-covid-a-menores-de-3-anos\/\"]}]},{\"@type\":\"ImageObject\",\"inLanguage\":\"es\",\"@id\":\"https:\/\/infoecos.com.ar\/index.php\/kreplak-argentina-es-pionera-en-vacunar-contra-la-covid-a-menores-de-3-anos\/#primaryimage\",\"url\":\"https:\/\/infoecos.com.ar\/wp-content\/uploads\/2022\/08\/ninosvacunadpos.jpg\",\"contentUrl\":\"https:\/\/infoecos.com.ar\/wp-content\/uploads\/2022\/08\/ninosvacunadpos.jpg\",\"width\":900,\"height\":506},{\"@type\":\"BreadcrumbList\",\"@id\":\"https:\/\/infoecos.com.ar\/index.php\/kreplak-argentina-es-pionera-en-vacunar-contra-la-covid-a-menores-de-3-anos\/#breadcrumb\",\"itemListElement\":[{\"@type\":\"ListItem\",\"position\":1,\"name\":\"Portada\",\"item\":\"https:\/\/infoecos.com.ar\/\"},{\"@type\":\"ListItem\",\"position\":2,\"name\":\"Kreplak: \u00abArgentina es pionera en vacunar contra la covid a menores de 3 a\u00f1os\u00bb\"}]},{\"@type\":\"WebSite\",\"@id\":\"https:\/\/infoecos.com.ar\/#website\",\"url\":\"https:\/\/infoecos.com.ar\/\",\"name\":\"Infoecos\",\"description\":\"Noticias de trenque lauquen y la zona\",\"publisher\":{\"@id\":\"https:\/\/infoecos.com.ar\/#organization\"},\"alternateName\":\"Noticias\",\"potentialAction\":[{\"@type\":\"SearchAction\",\"target\":{\"@type\":\"EntryPoint\",\"urlTemplate\":\"https:\/\/infoecos.com.ar\/?s={search_term_string}\"},\"query-input\":{\"@type\":\"PropertyValueSpecification\",\"valueRequired\":true,\"valueName\":\"search_term_string\"}}],\"inLanguage\":\"es\"},{\"@type\":\"Organization\",\"@id\":\"https:\/\/infoecos.com.ar\/#organization\",\"name\":\"Infoecos\",\"alternateName\":\"Noticias\",\"url\":\"https:\/\/infoecos.com.ar\/\",\"logo\":{\"@type\":\"ImageObject\",\"inLanguage\":\"es\",\"@id\":\"https:\/\/infoecos.com.ar\/#\/schema\/logo\/image\/\",\"url\":\"https:\/\/infoecos.com.ar\/wp-content\/uploads\/2024\/03\/cropped-logo.png\",\"contentUrl\":\"https:\/\/infoecos.com.ar\/wp-content\/uploads\/2024\/03\/cropped-logo.png\",\"width\":374,\"height\":90,\"caption\":\"Infoecos\"},\"image\":{\"@id\":\"https:\/\/infoecos.com.ar\/#\/schema\/logo\/image\/\"},\"sameAs\":[\"https:\/\/www.facebook.com\/profile.php?id=100063200290284\",\"https:\/\/x.com\/infoecos\"]},{\"@type\":\"Person\",\"@id\":\"https:\/\/infoecos.com.ar\/#\/schema\/person\/8f5ace5ce73b4b4aac4b7245aee6f191\",\"name\":\"Jorge Matheus\",\"url\":\"https:\/\/infoecos.com.ar\/index.php\/author\/jomatheus\/\"}]}<\/script>\n<!-- \/ Yoast SEO plugin. -->","yoast_head_json":{"title":"Kreplak: \"Argentina es pionera en vacunar contra la covid a menores de 3 a\u00f1os\" - Infoecos","robots":{"index":"index","follow":"follow","max-snippet":"max-snippet:-1","max-image-preview":"max-image-preview:large","max-video-preview":"max-video-preview:-1"},"canonical":"https:\/\/infoecos.com.ar\/index.php\/kreplak-argentina-es-pionera-en-vacunar-contra-la-covid-a-menores-de-3-anos\/","og_locale":"es_ES","og_type":"article","og_title":"Kreplak: \"Argentina es pionera en vacunar contra la covid a menores de 3 a\u00f1os\" - Infoecos","og_description":"Destac\u00f3 el lugar de Argentina como \"pionera en aplicar\" las dosis en esa franja etaria.","og_url":"https:\/\/infoecos.com.ar\/index.php\/kreplak-argentina-es-pionera-en-vacunar-contra-la-covid-a-menores-de-3-anos\/","og_site_name":"Infoecos","article_publisher":"https:\/\/www.facebook.com\/profile.php?id=100063200290284","article_published_time":"2022-08-01T23:08:21+00:00","article_modified_time":"2022-08-02T09:12:53+00:00","og_image":[{"width":900,"height":506,"url":"https:\/\/infoecos.com.ar\/wp-content\/uploads\/2022\/08\/ninosvacunadpos.jpg","type":"image\/jpeg"}],"author":"Jorge Matheus","twitter_card":"summary_large_image","twitter_creator":"@infoecos","twitter_site":"@infoecos","twitter_misc":{"Escrito por":"Jorge Matheus","Tiempo de lectura":"1 minuto"},"schema":{"@context":"https:\/\/schema.org","@graph":[{"@type":"Article","@id":"https:\/\/infoecos.com.ar\/index.php\/kreplak-argentina-es-pionera-en-vacunar-contra-la-covid-a-menores-de-3-anos\/#article","isPartOf":{"@id":"https:\/\/infoecos.com.ar\/index.php\/kreplak-argentina-es-pionera-en-vacunar-contra-la-covid-a-menores-de-3-anos\/"},"author":{"name":"Jorge Matheus","@id":"https:\/\/infoecos.com.ar\/#\/schema\/person\/8f5ace5ce73b4b4aac4b7245aee6f191"},"headline":"Kreplak: \u00abArgentina es pionera en vacunar contra la covid a menores de 3 a\u00f1os\u00bb","datePublished":"2022-08-01T23:08:21+00:00","dateModified":"2022-08-02T09:12:53+00:00","mainEntityOfPage":{"@id":"https:\/\/infoecos.com.ar\/index.php\/kreplak-argentina-es-pionera-en-vacunar-contra-la-covid-a-menores-de-3-anos\/"},"wordCount":276,"publisher":{"@id":"https:\/\/infoecos.com.ar\/#organization"},"image":{"@id":"https:\/\/infoecos.com.ar\/index.php\/kreplak-argentina-es-pionera-en-vacunar-contra-la-covid-a-menores-de-3-anos\/#primaryimage"},"thumbnailUrl":"https:\/\/infoecos.com.ar\/wp-content\/uploads\/2022\/08\/ninosvacunadpos.jpg","keywords":["SALUD"],"articleSection":["C2 N3"],"inLanguage":"es"},{"@type":"WebPage","@id":"https:\/\/infoecos.com.ar\/index.php\/kreplak-argentina-es-pionera-en-vacunar-contra-la-covid-a-menores-de-3-anos\/","url":"https:\/\/infoecos.com.ar\/index.php\/kreplak-argentina-es-pionera-en-vacunar-contra-la-covid-a-menores-de-3-anos\/","name":"Kreplak: \"Argentina es pionera en vacunar contra la covid a menores de 3 a\u00f1os\" - Infoecos","isPartOf":{"@id":"https:\/\/infoecos.com.ar\/#website"},"primaryImageOfPage":{"@id":"https:\/\/infoecos.com.ar\/index.php\/kreplak-argentina-es-pionera-en-vacunar-contra-la-covid-a-menores-de-3-anos\/#primaryimage"},"image":{"@id":"https:\/\/infoecos.com.ar\/index.php\/kreplak-argentina-es-pionera-en-vacunar-contra-la-covid-a-menores-de-3-anos\/#primaryimage"},"thumbnailUrl":"https:\/\/infoecos.com.ar\/wp-content\/uploads\/2022\/08\/ninosvacunadpos.jpg","datePublished":"2022-08-01T23:08:21+00:00","dateModified":"2022-08-02T09:12:53+00:00","breadcrumb":{"@id":"https:\/\/infoecos.com.ar\/index.php\/kreplak-argentina-es-pionera-en-vacunar-contra-la-covid-a-menores-de-3-anos\/#breadcrumb"},"inLanguage":"es","potentialAction":[{"@type":"ReadAction","target":["https:\/\/infoecos.com.ar\/index.php\/kreplak-argentina-es-pionera-en-vacunar-contra-la-covid-a-menores-de-3-anos\/"]}]},{"@type":"ImageObject","inLanguage":"es","@id":"https:\/\/infoecos.com.ar\/index.php\/kreplak-argentina-es-pionera-en-vacunar-contra-la-covid-a-menores-de-3-anos\/#primaryimage","url":"https:\/\/infoecos.com.ar\/wp-content\/uploads\/2022\/08\/ninosvacunadpos.jpg","contentUrl":"https:\/\/infoecos.com.ar\/wp-content\/uploads\/2022\/08\/ninosvacunadpos.jpg","width":900,"height":506},{"@type":"BreadcrumbList","@id":"https:\/\/infoecos.com.ar\/index.php\/kreplak-argentina-es-pionera-en-vacunar-contra-la-covid-a-menores-de-3-anos\/#breadcrumb","itemListElement":[{"@type":"ListItem","position":1,"name":"Portada","item":"https:\/\/infoecos.com.ar\/"},{"@type":"ListItem","position":2,"name":"Kreplak: \u00abArgentina es pionera en vacunar contra la covid a menores de 3 a\u00f1os\u00bb"}]},{"@type":"WebSite","@id":"https:\/\/infoecos.com.ar\/#website","url":"https:\/\/infoecos.com.ar\/","name":"Infoecos","description":"Noticias de trenque lauquen y la zona","publisher":{"@id":"https:\/\/infoecos.com.ar\/#organization"},"alternateName":"Noticias","potentialAction":[{"@type":"SearchAction","target":{"@type":"EntryPoint","urlTemplate":"https:\/\/infoecos.com.ar\/?s={search_term_string}"},"query-input":{"@type":"PropertyValueSpecification","valueRequired":true,"valueName":"search_term_string"}}],"inLanguage":"es"},{"@type":"Organization","@id":"https:\/\/infoecos.com.ar\/#organization","name":"Infoecos","alternateName":"Noticias","url":"https:\/\/infoecos.com.ar\/","logo":{"@type":"ImageObject","inLanguage":"es","@id":"https:\/\/infoecos.com.ar\/#\/schema\/logo\/image\/","url":"https:\/\/infoecos.com.ar\/wp-content\/uploads\/2024\/03\/cropped-logo.png","contentUrl":"https:\/\/infoecos.com.ar\/wp-content\/uploads\/2024\/03\/cropped-logo.png","width":374,"height":90,"caption":"Infoecos"},"image":{"@id":"https:\/\/infoecos.com.ar\/#\/schema\/logo\/image\/"},"sameAs":["https:\/\/www.facebook.com\/profile.php?id=100063200290284","https:\/\/x.com\/infoecos"]},{"@type":"Person","@id":"https:\/\/infoecos.com.ar\/#\/schema\/person\/8f5ace5ce73b4b4aac4b7245aee6f191","name":"Jorge Matheus","url":"https:\/\/infoecos.com.ar\/index.php\/author\/jomatheus\/"}]}},"featured_image_urls":{"full":["https:\/\/infoecos.com.ar\/wp-content\/uploads\/2022\/08\/ninosvacunadpos.jpg",900,506,false],"thumbnail":["https:\/\/infoecos.com.ar\/wp-content\/uploads\/2022\/08\/ninosvacunadpos-150x150.jpg",150,150,true],"medium":["https:\/\/infoecos.com.ar\/wp-content\/uploads\/2022\/08\/ninosvacunadpos-460x259.jpg",460,259,true],"medium_large":["https:\/\/infoecos.com.ar\/wp-content\/uploads\/2022\/08\/ninosvacunadpos-768x432.jpg",640,360,true],"large":["https:\/\/infoecos.com.ar\/wp-content\/uploads\/2022\/08\/ninosvacunadpos.jpg",640,360,false],"1536x1536":["https:\/\/infoecos.com.ar\/wp-content\/uploads\/2022\/08\/ninosvacunadpos.jpg",900,506,false],"2048x2048":["https:\/\/infoecos.com.ar\/wp-content\/uploads\/2022\/08\/ninosvacunadpos.jpg",900,506,false],"covernews-slider-full":["https:\/\/infoecos.com.ar\/wp-content\/uploads\/2022\/08\/ninosvacunadpos.jpg",900,506,false],"covernews-slider-center":["https:\/\/infoecos.com.ar\/wp-content\/uploads\/2022\/08\/ninosvacunadpos.jpg",800,450,false],"covernews-featured":["https:\/\/infoecos.com.ar\/wp-content\/uploads\/2022\/08\/ninosvacunadpos.jpg",900,506,false],"covernews-medium":["https:\/\/infoecos.com.ar\/wp-content\/uploads\/2022\/08\/ninosvacunadpos-720x380.jpg",540,285,true],"covernews-medium-square":["https:\/\/infoecos.com.ar\/wp-content\/uploads\/2022\/08\/ninosvacunadpos-675x450.jpg",375,250,true]},"author_info":{"info":["Jorge Matheus"]},"category_info":"<a href=\"https:\/\/infoecos.com.ar\/index.php\/category\/c2nota3\/\" rel=\"category tag\">C2 N3<\/a>","tag_info":"C2 N3","comment_count":"0","_links":{"self":[{"href":"https:\/\/infoecos.com.ar\/index.php\/wp-json\/wp\/v2\/posts\/95435"}],"collection":[{"href":"https:\/\/infoecos.com.ar\/index.php\/wp-json\/wp\/v2\/posts"}],"about":[{"href":"https:\/\/infoecos.com.ar\/index.php\/wp-json\/wp\/v2\/types\/post"}],"author":[{"embeddable":true,"href":"https:\/\/infoecos.com.ar\/index.php\/wp-json\/wp\/v2\/users\/2"}],"replies":[{"embeddable":true,"href":"https:\/\/infoecos.com.ar\/index.php\/wp-json\/wp\/v2\/comments?post=95435"}],"version-history":[{"count":1,"href":"https:\/\/infoecos.com.ar\/index.php\/wp-json\/wp\/v2\/posts\/95435\/revisions"}],"predecessor-version":[{"id":95437,"href":"https:\/\/infoecos.com.ar\/index.php\/wp-json\/wp\/v2\/posts\/95435\/revisions\/95437"}],"wp:featuredmedia":[{"embeddable":true,"href":"https:\/\/infoecos.com.ar\/index.php\/wp-json\/wp\/v2\/media\/95436"}],"wp:attachment":[{"href":"https:\/\/infoecos.com.ar\/index.php\/wp-json\/wp\/v2\/media?parent=95435"}],"wp:term":[{"taxonomy":"category","embeddable":true,"href":"https:\/\/infoecos.com.ar\/index.php\/wp-json\/wp\/v2\/categories?post=95435"},{"taxonomy":"post_tag","embeddable":true,"href":"https:\/\/infoecos.com.ar\/index.php\/wp-json\/wp\/v2\/tags?post=95435"}],"curies":[{"name":"wp","href":"https:\/\/api.w.org\/{rel}","templated":true}]}}