{"id":95438,"date":"2022-08-01T20:28:50","date_gmt":"2022-08-01T23:28:50","guid":{"rendered":"http:\/\/infoecos.com.ar\/?p=95438"},"modified":"2022-08-05T02:32:07","modified_gmt":"2022-08-05T05:32:07","slug":"en-la-provincia-de-buenos-aires-se-registran-cuatro-muertes-diarias-por-siniestros-viales","status":"publish","type":"post","link":"https:\/\/infoecos.com.ar\/index.php\/en-la-provincia-de-buenos-aires-se-registran-cuatro-muertes-diarias-por-siniestros-viales\/","title":{"rendered":"En la provincia de Buenos Aires se registran cuatro muertes diarias por siniestros viales"},"content":{"rendered":"\n<p>Entre el 15 de julio y el 1\u00b0 de agosto, el Ministerio de Transporte de la Provincia de Buenos Aires, intensific\u00f3 los controles vehiculares durante las vacaciones.  <\/p>\n\n\n\n<figure class=\"wp-block-image aligncenter size-large is-resized\"><img loading=\"lazy\" decoding=\"async\" src=\"http:\/\/infoecos.com.ar\/wp-content\/uploads\/2022\/08\/Operativo-Invierno-1.-920x613.jpeg\" alt=\"\" class=\"wp-image-95439\" width=\"629\" height=\"419\" srcset=\"https:\/\/infoecos.com.ar\/wp-content\/uploads\/2022\/08\/Operativo-Invierno-1.-920x613.jpeg 920w, https:\/\/infoecos.com.ar\/wp-content\/uploads\/2022\/08\/Operativo-Invierno-1.-460x307.jpeg 460w, https:\/\/infoecos.com.ar\/wp-content\/uploads\/2022\/08\/Operativo-Invierno-1.-768x512.jpeg 768w, https:\/\/infoecos.com.ar\/wp-content\/uploads\/2022\/08\/Operativo-Invierno-1.-1024x682.jpeg 1024w, https:\/\/infoecos.com.ar\/wp-content\/uploads\/2022\/08\/Operativo-Invierno-1.-675x450.jpeg 675w, https:\/\/infoecos.com.ar\/wp-content\/uploads\/2022\/08\/Operativo-Invierno-1..jpeg 1280w\" sizes=\"(max-width: 629px) 100vw, 629px\" \/><\/figure>\n\n\n\n<p>Agentes de la Subsecretar\u00eda de Pol\u00edtica y Seguridad Vial realizaron pruebas de alcoholemia a conductores y conductoras. El 1,5% de los testeos arroj\u00f3 resultados positivos punitivos (valores superiores a 0,5 miligramos de alcohol por litro de sangre), mientras que hubo un 3,7% de casos positivos no punitivos (entre 0.01 y 0.5 miligramos de alcohol por litro de sangre). En este marco, el ministro D\u2019Onofrio contin\u00faa planteando la necesidad de implementar la Ley que elimine el porcentaje permitido de alcohol en sangre en territorio provincial, donde se registran cuatro muertes diarias por siniestros viales y donde el consumo de alcohol y otras sustancias se posicionan entre las principales causas de accidentes fatales.<\/p>\n\n\n\n<p>En tanto, en relaci\u00f3n a otras infracciones, se fiscalizaron &nbsp;2.214 veh\u00edculos particulares y se retuvo un total de 23 licencias de conducir, en su gran mayor\u00eda por falta de Verificaci\u00f3n T\u00e9cnica Vehicular (VTV).<\/p>\n\n\n\n<figure class=\"wp-block-image aligncenter size-large is-resized\"><img loading=\"lazy\" decoding=\"async\" src=\"http:\/\/infoecos.com.ar\/wp-content\/uploads\/2022\/08\/Operativo-Invierno-3.-920x638.jpeg\" alt=\"\" class=\"wp-image-95440\" width=\"641\" height=\"444\" srcset=\"https:\/\/infoecos.com.ar\/wp-content\/uploads\/2022\/08\/Operativo-Invierno-3.-920x638.jpeg 920w, https:\/\/infoecos.com.ar\/wp-content\/uploads\/2022\/08\/Operativo-Invierno-3.-460x319.jpeg 460w, https:\/\/infoecos.com.ar\/wp-content\/uploads\/2022\/08\/Operativo-Invierno-3.-768x532.jpeg 768w, https:\/\/infoecos.com.ar\/wp-content\/uploads\/2022\/08\/Operativo-Invierno-3..jpeg 1000w\" sizes=\"(max-width: 641px) 100vw, 641px\" \/><\/figure>\n\n\n\n<p>Estos operativos se desplegaron en las principales rutas provinciales, abarcando la Autopista Buenos Aires \u2013 La Plata, la RP 11, Autov\u00eda 2, RP 63, RP 56 y la RP 74; y en los ingresos a Mar del Plata, Mar del Tuy\u00fa, San Clemente, Santa Teresita, San Bernardo, Pinamar y Villa Gesell. Adem\u00e1s, la campa\u00f1a de invierno se llev\u00f3 a cabo en las localidades de Balcarce, General Madariaga, Necochea, Sierra de la Ventana, Tandil y los peajes de Hudson, La Huella y San Boromb\u00f3n.<\/p>\n\n\n\n<p>La Subsecretar\u00eda de Transporte Terrestre actu\u00f3 a trav\u00e9s de la Direcci\u00f3n de Fiscalizaci\u00f3n del Transporte y control\u00f3 el estado de las unidades que brindan servicio de transporte p\u00fablico automotor de pasajeros. Agentes de la Direcci\u00f3n de Fiscalizaci\u00f3n verificaron documentaci\u00f3n, habilitaci\u00f3n y condici\u00f3n de colectivos, combis y choferes en los ingresos y terminales de Mar del Plata, San Clemente, Tandil, Peaje Samboromb\u00f3n, entre otras localidades. En total se fiscalizaron 1102 unidades y se labraron 67 actas por irregularidades en los servicios.<\/p>\n\n\n\n<p><\/p>\n","protected":false},"excerpt":{"rendered":"<p>El ministro D\u2019Onofrio contin\u00faa planteando la necesidad de implementar la Ley que elimine el porcentaje permitido de alcohol en sangre en territorio provincial<\/p>\n","protected":false},"author":2,"featured_media":95439,"comment_status":"closed","ping_status":"open","sticky":false,"template":"","format":"standard","meta":{"footnotes":""},"categories":[26],"tags":[6433],"class_list":["post-95438","post","type-post","status-publish","format-standard","has-post-thumbnail","hentry","category-inferior6","tag-controles-vehiculares-en-provincia"],"yoast_head":"<!-- This site is optimized with the Yoast SEO plugin v23.4 - https:\/\/yoast.com\/wordpress\/plugins\/seo\/ -->\n<title>En la provincia de Buenos Aires se registran cuatro muertes diarias por siniestros viales - Infoecos<\/title>\n<meta name=\"robots\" content=\"index, follow, max-snippet:-1, max-image-preview:large, max-video-preview:-1\" \/>\n<link rel=\"canonical\" href=\"https:\/\/infoecos.com.ar\/index.php\/en-la-provincia-de-buenos-aires-se-registran-cuatro-muertes-diarias-por-siniestros-viales\/\" \/>\n<meta property=\"og:locale\" content=\"es_ES\" \/>\n<meta property=\"og:type\" content=\"article\" \/>\n<meta property=\"og:title\" content=\"En la provincia de Buenos Aires se registran cuatro muertes diarias por siniestros viales - Infoecos\" \/>\n<meta property=\"og:description\" content=\"El ministro D\u2019Onofrio contin\u00faa planteando la necesidad de implementar la Ley que elimine el porcentaje permitido de alcohol en sangre en territorio provincial\" \/>\n<meta property=\"og:url\" content=\"https:\/\/infoecos.com.ar\/index.php\/en-la-provincia-de-buenos-aires-se-registran-cuatro-muertes-diarias-por-siniestros-viales\/\" \/>\n<meta property=\"og:site_name\" content=\"Infoecos\" \/>\n<meta property=\"article:publisher\" content=\"https:\/\/www.facebook.com\/profile.php?id=100063200290284\" \/>\n<meta property=\"article:published_time\" content=\"2022-08-01T23:28:50+00:00\" \/>\n<meta property=\"article:modified_time\" content=\"2022-08-05T05:32:07+00:00\" \/>\n<meta property=\"og:image\" content=\"https:\/\/infoecos.com.ar\/wp-content\/uploads\/2022\/08\/Operativo-Invierno-1..jpeg\" \/>\n\t<meta property=\"og:image:width\" content=\"1280\" \/>\n\t<meta property=\"og:image:height\" content=\"853\" \/>\n\t<meta property=\"og:image:type\" content=\"image\/jpeg\" \/>\n<meta name=\"author\" content=\"Jorge Matheus\" \/>\n<meta name=\"twitter:card\" content=\"summary_large_image\" \/>\n<meta name=\"twitter:creator\" content=\"@infoecos\" \/>\n<meta name=\"twitter:site\" content=\"@infoecos\" \/>\n<meta name=\"twitter:label1\" content=\"Escrito por\" \/>\n\t<meta name=\"twitter:data1\" content=\"Jorge Matheus\" \/>\n\t<meta name=\"twitter:label2\" content=\"Tiempo de lectura\" \/>\n\t<meta name=\"twitter:data2\" content=\"2 minutos\" \/>\n<script type=\"application\/ld+json\" class=\"yoast-schema-graph\">{\"@context\":\"https:\/\/schema.org\",\"@graph\":[{\"@type\":\"Article\",\"@id\":\"https:\/\/infoecos.com.ar\/index.php\/en-la-provincia-de-buenos-aires-se-registran-cuatro-muertes-diarias-por-siniestros-viales\/#article\",\"isPartOf\":{\"@id\":\"https:\/\/infoecos.com.ar\/index.php\/en-la-provincia-de-buenos-aires-se-registran-cuatro-muertes-diarias-por-siniestros-viales\/\"},\"author\":{\"name\":\"Jorge Matheus\",\"@id\":\"https:\/\/infoecos.com.ar\/#\/schema\/person\/8f5ace5ce73b4b4aac4b7245aee6f191\"},\"headline\":\"En la provincia de Buenos Aires se registran cuatro muertes diarias por siniestros viales\",\"datePublished\":\"2022-08-01T23:28:50+00:00\",\"dateModified\":\"2022-08-05T05:32:07+00:00\",\"mainEntityOfPage\":{\"@id\":\"https:\/\/infoecos.com.ar\/index.php\/en-la-provincia-de-buenos-aires-se-registran-cuatro-muertes-diarias-por-siniestros-viales\/\"},\"wordCount\":356,\"publisher\":{\"@id\":\"https:\/\/infoecos.com.ar\/#organization\"},\"image\":{\"@id\":\"https:\/\/infoecos.com.ar\/index.php\/en-la-provincia-de-buenos-aires-se-registran-cuatro-muertes-diarias-por-siniestros-viales\/#primaryimage\"},\"thumbnailUrl\":\"https:\/\/infoecos.com.ar\/wp-content\/uploads\/2022\/08\/Operativo-Invierno-1..jpeg\",\"keywords\":[\"CONTROLES VEH\u00cdCULARES EN PROVINCIA\"],\"articleSection\":[\"Bloque inferior - 6\"],\"inLanguage\":\"es\"},{\"@type\":\"WebPage\",\"@id\":\"https:\/\/infoecos.com.ar\/index.php\/en-la-provincia-de-buenos-aires-se-registran-cuatro-muertes-diarias-por-siniestros-viales\/\",\"url\":\"https:\/\/infoecos.com.ar\/index.php\/en-la-provincia-de-buenos-aires-se-registran-cuatro-muertes-diarias-por-siniestros-viales\/\",\"name\":\"En la provincia de Buenos Aires se registran cuatro muertes diarias por siniestros viales - Infoecos\",\"isPartOf\":{\"@id\":\"https:\/\/infoecos.com.ar\/#website\"},\"primaryImageOfPage\":{\"@id\":\"https:\/\/infoecos.com.ar\/index.php\/en-la-provincia-de-buenos-aires-se-registran-cuatro-muertes-diarias-por-siniestros-viales\/#primaryimage\"},\"image\":{\"@id\":\"https:\/\/infoecos.com.ar\/index.php\/en-la-provincia-de-buenos-aires-se-registran-cuatro-muertes-diarias-por-siniestros-viales\/#primaryimage\"},\"thumbnailUrl\":\"https:\/\/infoecos.com.ar\/wp-content\/uploads\/2022\/08\/Operativo-Invierno-1..jpeg\",\"datePublished\":\"2022-08-01T23:28:50+00:00\",\"dateModified\":\"2022-08-05T05:32:07+00:00\",\"breadcrumb\":{\"@id\":\"https:\/\/infoecos.com.ar\/index.php\/en-la-provincia-de-buenos-aires-se-registran-cuatro-muertes-diarias-por-siniestros-viales\/#breadcrumb\"},\"inLanguage\":\"es\",\"potentialAction\":[{\"@type\":\"ReadAction\",\"target\":[\"https:\/\/infoecos.com.ar\/index.php\/en-la-provincia-de-buenos-aires-se-registran-cuatro-muertes-diarias-por-siniestros-viales\/\"]}]},{\"@type\":\"ImageObject\",\"inLanguage\":\"es\",\"@id\":\"https:\/\/infoecos.com.ar\/index.php\/en-la-provincia-de-buenos-aires-se-registran-cuatro-muertes-diarias-por-siniestros-viales\/#primaryimage\",\"url\":\"https:\/\/infoecos.com.ar\/wp-content\/uploads\/2022\/08\/Operativo-Invierno-1..jpeg\",\"contentUrl\":\"https:\/\/infoecos.com.ar\/wp-content\/uploads\/2022\/08\/Operativo-Invierno-1..jpeg\",\"width\":1280,\"height\":853},{\"@type\":\"BreadcrumbList\",\"@id\":\"https:\/\/infoecos.com.ar\/index.php\/en-la-provincia-de-buenos-aires-se-registran-cuatro-muertes-diarias-por-siniestros-viales\/#breadcrumb\",\"itemListElement\":[{\"@type\":\"ListItem\",\"position\":1,\"name\":\"Portada\",\"item\":\"https:\/\/infoecos.com.ar\/\"},{\"@type\":\"ListItem\",\"position\":2,\"name\":\"En la provincia de Buenos Aires se registran cuatro muertes diarias por siniestros viales\"}]},{\"@type\":\"WebSite\",\"@id\":\"https:\/\/infoecos.com.ar\/#website\",\"url\":\"https:\/\/infoecos.com.ar\/\",\"name\":\"Infoecos\",\"description\":\"Noticias de trenque lauquen y la zona\",\"publisher\":{\"@id\":\"https:\/\/infoecos.com.ar\/#organization\"},\"alternateName\":\"Noticias\",\"potentialAction\":[{\"@type\":\"SearchAction\",\"target\":{\"@type\":\"EntryPoint\",\"urlTemplate\":\"https:\/\/infoecos.com.ar\/?s={search_term_string}\"},\"query-input\":{\"@type\":\"PropertyValueSpecification\",\"valueRequired\":true,\"valueName\":\"search_term_string\"}}],\"inLanguage\":\"es\"},{\"@type\":\"Organization\",\"@id\":\"https:\/\/infoecos.com.ar\/#organization\",\"name\":\"Infoecos\",\"alternateName\":\"Noticias\",\"url\":\"https:\/\/infoecos.com.ar\/\",\"logo\":{\"@type\":\"ImageObject\",\"inLanguage\":\"es\",\"@id\":\"https:\/\/infoecos.com.ar\/#\/schema\/logo\/image\/\",\"url\":\"https:\/\/infoecos.com.ar\/wp-content\/uploads\/2024\/03\/cropped-logo.png\",\"contentUrl\":\"https:\/\/infoecos.com.ar\/wp-content\/uploads\/2024\/03\/cropped-logo.png\",\"width\":374,\"height\":90,\"caption\":\"Infoecos\"},\"image\":{\"@id\":\"https:\/\/infoecos.com.ar\/#\/schema\/logo\/image\/\"},\"sameAs\":[\"https:\/\/www.facebook.com\/profile.php?id=100063200290284\",\"https:\/\/x.com\/infoecos\"]},{\"@type\":\"Person\",\"@id\":\"https:\/\/infoecos.com.ar\/#\/schema\/person\/8f5ace5ce73b4b4aac4b7245aee6f191\",\"name\":\"Jorge Matheus\",\"url\":\"https:\/\/infoecos.com.ar\/index.php\/author\/jomatheus\/\"}]}<\/script>\n<!-- \/ Yoast SEO plugin. -->","yoast_head_json":{"title":"En la provincia de Buenos Aires se registran cuatro muertes diarias por siniestros viales - Infoecos","robots":{"index":"index","follow":"follow","max-snippet":"max-snippet:-1","max-image-preview":"max-image-preview:large","max-video-preview":"max-video-preview:-1"},"canonical":"https:\/\/infoecos.com.ar\/index.php\/en-la-provincia-de-buenos-aires-se-registran-cuatro-muertes-diarias-por-siniestros-viales\/","og_locale":"es_ES","og_type":"article","og_title":"En la provincia de Buenos Aires se registran cuatro muertes diarias por siniestros viales - Infoecos","og_description":"El ministro D\u2019Onofrio contin\u00faa planteando la necesidad de implementar la Ley que elimine el porcentaje permitido de alcohol en sangre en territorio provincial","og_url":"https:\/\/infoecos.com.ar\/index.php\/en-la-provincia-de-buenos-aires-se-registran-cuatro-muertes-diarias-por-siniestros-viales\/","og_site_name":"Infoecos","article_publisher":"https:\/\/www.facebook.com\/profile.php?id=100063200290284","article_published_time":"2022-08-01T23:28:50+00:00","article_modified_time":"2022-08-05T05:32:07+00:00","og_image":[{"width":1280,"height":853,"url":"https:\/\/infoecos.com.ar\/wp-content\/uploads\/2022\/08\/Operativo-Invierno-1..jpeg","type":"image\/jpeg"}],"author":"Jorge Matheus","twitter_card":"summary_large_image","twitter_creator":"@infoecos","twitter_site":"@infoecos","twitter_misc":{"Escrito por":"Jorge Matheus","Tiempo de lectura":"2 minutos"},"schema":{"@context":"https:\/\/schema.org","@graph":[{"@type":"Article","@id":"https:\/\/infoecos.com.ar\/index.php\/en-la-provincia-de-buenos-aires-se-registran-cuatro-muertes-diarias-por-siniestros-viales\/#article","isPartOf":{"@id":"https:\/\/infoecos.com.ar\/index.php\/en-la-provincia-de-buenos-aires-se-registran-cuatro-muertes-diarias-por-siniestros-viales\/"},"author":{"name":"Jorge Matheus","@id":"https:\/\/infoecos.com.ar\/#\/schema\/person\/8f5ace5ce73b4b4aac4b7245aee6f191"},"headline":"En la provincia de Buenos Aires se registran cuatro muertes diarias por siniestros viales","datePublished":"2022-08-01T23:28:50+00:00","dateModified":"2022-08-05T05:32:07+00:00","mainEntityOfPage":{"@id":"https:\/\/infoecos.com.ar\/index.php\/en-la-provincia-de-buenos-aires-se-registran-cuatro-muertes-diarias-por-siniestros-viales\/"},"wordCount":356,"publisher":{"@id":"https:\/\/infoecos.com.ar\/#organization"},"image":{"@id":"https:\/\/infoecos.com.ar\/index.php\/en-la-provincia-de-buenos-aires-se-registran-cuatro-muertes-diarias-por-siniestros-viales\/#primaryimage"},"thumbnailUrl":"https:\/\/infoecos.com.ar\/wp-content\/uploads\/2022\/08\/Operativo-Invierno-1..jpeg","keywords":["CONTROLES VEH\u00cdCULARES EN PROVINCIA"],"articleSection":["Bloque inferior - 6"],"inLanguage":"es"},{"@type":"WebPage","@id":"https:\/\/infoecos.com.ar\/index.php\/en-la-provincia-de-buenos-aires-se-registran-cuatro-muertes-diarias-por-siniestros-viales\/","url":"https:\/\/infoecos.com.ar\/index.php\/en-la-provincia-de-buenos-aires-se-registran-cuatro-muertes-diarias-por-siniestros-viales\/","name":"En la provincia de Buenos Aires se registran cuatro muertes diarias por siniestros viales - Infoecos","isPartOf":{"@id":"https:\/\/infoecos.com.ar\/#website"},"primaryImageOfPage":{"@id":"https:\/\/infoecos.com.ar\/index.php\/en-la-provincia-de-buenos-aires-se-registran-cuatro-muertes-diarias-por-siniestros-viales\/#primaryimage"},"image":{"@id":"https:\/\/infoecos.com.ar\/index.php\/en-la-provincia-de-buenos-aires-se-registran-cuatro-muertes-diarias-por-siniestros-viales\/#primaryimage"},"thumbnailUrl":"https:\/\/infoecos.com.ar\/wp-content\/uploads\/2022\/08\/Operativo-Invierno-1..jpeg","datePublished":"2022-08-01T23:28:50+00:00","dateModified":"2022-08-05T05:32:07+00:00","breadcrumb":{"@id":"https:\/\/infoecos.com.ar\/index.php\/en-la-provincia-de-buenos-aires-se-registran-cuatro-muertes-diarias-por-siniestros-viales\/#breadcrumb"},"inLanguage":"es","potentialAction":[{"@type":"ReadAction","target":["https:\/\/infoecos.com.ar\/index.php\/en-la-provincia-de-buenos-aires-se-registran-cuatro-muertes-diarias-por-siniestros-viales\/"]}]},{"@type":"ImageObject","inLanguage":"es","@id":"https:\/\/infoecos.com.ar\/index.php\/en-la-provincia-de-buenos-aires-se-registran-cuatro-muertes-diarias-por-siniestros-viales\/#primaryimage","url":"https:\/\/infoecos.com.ar\/wp-content\/uploads\/2022\/08\/Operativo-Invierno-1..jpeg","contentUrl":"https:\/\/infoecos.com.ar\/wp-content\/uploads\/2022\/08\/Operativo-Invierno-1..jpeg","width":1280,"height":853},{"@type":"BreadcrumbList","@id":"https:\/\/infoecos.com.ar\/index.php\/en-la-provincia-de-buenos-aires-se-registran-cuatro-muertes-diarias-por-siniestros-viales\/#breadcrumb","itemListElement":[{"@type":"ListItem","position":1,"name":"Portada","item":"https:\/\/infoecos.com.ar\/"},{"@type":"ListItem","position":2,"name":"En la provincia de Buenos Aires se registran cuatro muertes diarias por siniestros viales"}]},{"@type":"WebSite","@id":"https:\/\/infoecos.com.ar\/#website","url":"https:\/\/infoecos.com.ar\/","name":"Infoecos","description":"Noticias de trenque lauquen y la zona","publisher":{"@id":"https:\/\/infoecos.com.ar\/#organization"},"alternateName":"Noticias","potentialAction":[{"@type":"SearchAction","target":{"@type":"EntryPoint","urlTemplate":"https:\/\/infoecos.com.ar\/?s={search_term_string}"},"query-input":{"@type":"PropertyValueSpecification","valueRequired":true,"valueName":"search_term_string"}}],"inLanguage":"es"},{"@type":"Organization","@id":"https:\/\/infoecos.com.ar\/#organization","name":"Infoecos","alternateName":"Noticias","url":"https:\/\/infoecos.com.ar\/","logo":{"@type":"ImageObject","inLanguage":"es","@id":"https:\/\/infoecos.com.ar\/#\/schema\/logo\/image\/","url":"https:\/\/infoecos.com.ar\/wp-content\/uploads\/2024\/03\/cropped-logo.png","contentUrl":"https:\/\/infoecos.com.ar\/wp-content\/uploads\/2024\/03\/cropped-logo.png","width":374,"height":90,"caption":"Infoecos"},"image":{"@id":"https:\/\/infoecos.com.ar\/#\/schema\/logo\/image\/"},"sameAs":["https:\/\/www.facebook.com\/profile.php?id=100063200290284","https:\/\/x.com\/infoecos"]},{"@type":"Person","@id":"https:\/\/infoecos.com.ar\/#\/schema\/person\/8f5ace5ce73b4b4aac4b7245aee6f191","name":"Jorge Matheus","url":"https:\/\/infoecos.com.ar\/index.php\/author\/jomatheus\/"}]}},"featured_image_urls":{"full":["https:\/\/infoecos.com.ar\/wp-content\/uploads\/2022\/08\/Operativo-Invierno-1..jpeg",1280,853,false],"thumbnail":["https:\/\/infoecos.com.ar\/wp-content\/uploads\/2022\/08\/Operativo-Invierno-1.-150x150.jpeg",150,150,true],"medium":["https:\/\/infoecos.com.ar\/wp-content\/uploads\/2022\/08\/Operativo-Invierno-1.-460x307.jpeg",460,307,true],"medium_large":["https:\/\/infoecos.com.ar\/wp-content\/uploads\/2022\/08\/Operativo-Invierno-1.-768x512.jpeg",640,427,true],"large":["https:\/\/infoecos.com.ar\/wp-content\/uploads\/2022\/08\/Operativo-Invierno-1.-920x613.jpeg",640,426,true],"1536x1536":["https:\/\/infoecos.com.ar\/wp-content\/uploads\/2022\/08\/Operativo-Invierno-1..jpeg",1280,853,false],"2048x2048":["https:\/\/infoecos.com.ar\/wp-content\/uploads\/2022\/08\/Operativo-Invierno-1..jpeg",1280,853,false],"covernews-slider-full":["https:\/\/infoecos.com.ar\/wp-content\/uploads\/2022\/08\/Operativo-Invierno-1..jpeg",1073,715,false],"covernews-slider-center":["https:\/\/infoecos.com.ar\/wp-content\/uploads\/2022\/08\/Operativo-Invierno-1.-936x853.jpeg",549,500,true],"covernews-featured":["https:\/\/infoecos.com.ar\/wp-content\/uploads\/2022\/08\/Operativo-Invierno-1.-1024x682.jpeg",1024,682,true],"covernews-medium":["https:\/\/infoecos.com.ar\/wp-content\/uploads\/2022\/08\/Operativo-Invierno-1.-720x380.jpeg",540,285,true],"covernews-medium-square":["https:\/\/infoecos.com.ar\/wp-content\/uploads\/2022\/08\/Operativo-Invierno-1.-675x450.jpeg",375,250,true]},"author_info":{"info":["Jorge Matheus"]},"category_info":"<a href=\"https:\/\/infoecos.com.ar\/index.php\/category\/inferior6\/\" rel=\"category tag\">Bloque inferior - 6<\/a>","tag_info":"Bloque inferior - 6","comment_count":"0","_links":{"self":[{"href":"https:\/\/infoecos.com.ar\/index.php\/wp-json\/wp\/v2\/posts\/95438"}],"collection":[{"href":"https:\/\/infoecos.com.ar\/index.php\/wp-json\/wp\/v2\/posts"}],"about":[{"href":"https:\/\/infoecos.com.ar\/index.php\/wp-json\/wp\/v2\/types\/post"}],"author":[{"embeddable":true,"href":"https:\/\/infoecos.com.ar\/index.php\/wp-json\/wp\/v2\/users\/2"}],"replies":[{"embeddable":true,"href":"https:\/\/infoecos.com.ar\/index.php\/wp-json\/wp\/v2\/comments?post=95438"}],"version-history":[{"count":1,"href":"https:\/\/infoecos.com.ar\/index.php\/wp-json\/wp\/v2\/posts\/95438\/revisions"}],"predecessor-version":[{"id":95441,"href":"https:\/\/infoecos.com.ar\/index.php\/wp-json\/wp\/v2\/posts\/95438\/revisions\/95441"}],"wp:featuredmedia":[{"embeddable":true,"href":"https:\/\/infoecos.com.ar\/index.php\/wp-json\/wp\/v2\/media\/95439"}],"wp:attachment":[{"href":"https:\/\/infoecos.com.ar\/index.php\/wp-json\/wp\/v2\/media?parent=95438"}],"wp:term":[{"taxonomy":"category","embeddable":true,"href":"https:\/\/infoecos.com.ar\/index.php\/wp-json\/wp\/v2\/categories?post=95438"},{"taxonomy":"post_tag","embeddable":true,"href":"https:\/\/infoecos.com.ar\/index.php\/wp-json\/wp\/v2\/tags?post=95438"}],"curies":[{"name":"wp","href":"https:\/\/api.w.org\/{rel}","templated":true}]}}