{"id":95565,"date":"2022-08-03T02:54:10","date_gmt":"2022-08-03T05:54:10","guid":{"rendered":"http:\/\/infoecos.com.ar\/?p=95565"},"modified":"2022-08-06T05:14:42","modified_gmt":"2022-08-06T08:14:42","slug":"no-pasan-los-anos-para-catherin-fulop","status":"publish","type":"post","link":"https:\/\/infoecos.com.ar\/index.php\/no-pasan-los-anos-para-catherin-fulop\/","title":{"rendered":"No pasan los a\u00f1os para Catherine Fulop"},"content":{"rendered":"\n<p>Catherin Fulop<strong>&nbsp;pos\u00f3 con una microbikini frente al espejo en Miami, luciendo un incre\u00edble bronceado. <\/strong><\/p>\n\n\n\n<figure class=\"wp-block-image aligncenter size-large is-resized\"><img loading=\"lazy\" decoding=\"async\" src=\"http:\/\/infoecos.com.ar\/wp-content\/uploads\/2022\/08\/FULOPCATHERINE-736x920.jpg\" alt=\"\" class=\"wp-image-95566\" width=\"351\" height=\"439\" srcset=\"https:\/\/infoecos.com.ar\/wp-content\/uploads\/2022\/08\/FULOPCATHERINE-736x920.jpg 736w, https:\/\/infoecos.com.ar\/wp-content\/uploads\/2022\/08\/FULOPCATHERINE-368x460.jpg 368w, https:\/\/infoecos.com.ar\/wp-content\/uploads\/2022\/08\/FULOPCATHERINE-768x959.jpg 768w, https:\/\/infoecos.com.ar\/wp-content\/uploads\/2022\/08\/FULOPCATHERINE.jpg 1023w\" sizes=\"(max-width: 351px) 100vw, 351px\" \/><\/figure>\n\n\n\n<p><strong>Se mostr\u00f3 con una bikini ajustable con estampado animal print<\/strong>, llev\u00e1ndose en Instagram el \u00abpiropo\u00bb de miles de lectores.<\/p>\n\n\n\n<p>Las fotos de&nbsp;<strong>la venezolana superaron los 212 mil \u201clikes\u201d<\/strong>.<\/p>\n\n\n\n<figure class=\"wp-block-image aligncenter size-large is-resized\"><img loading=\"lazy\" decoding=\"async\" src=\"http:\/\/infoecos.com.ar\/wp-content\/uploads\/2022\/08\/2FNM4P4G6NB2DN645MB5VYM72A-736x920.jpg\" alt=\"\" class=\"wp-image-95567\" width=\"365\" height=\"456\" srcset=\"https:\/\/infoecos.com.ar\/wp-content\/uploads\/2022\/08\/2FNM4P4G6NB2DN645MB5VYM72A-736x920.jpg 736w, https:\/\/infoecos.com.ar\/wp-content\/uploads\/2022\/08\/2FNM4P4G6NB2DN645MB5VYM72A-368x460.jpg 368w, https:\/\/infoecos.com.ar\/wp-content\/uploads\/2022\/08\/2FNM4P4G6NB2DN645MB5VYM72A-768x959.jpg 768w, https:\/\/infoecos.com.ar\/wp-content\/uploads\/2022\/08\/2FNM4P4G6NB2DN645MB5VYM72A.jpg 1023w\" sizes=\"(max-width: 365px) 100vw, 365px\" \/><\/figure>\n\n\n\n<p><strong>Su piel se ve brillante gracias a aceites corporales, su pelo suelto con el que coquetea a sus fan\u00e1ticos y una mirada m\u00e1s que atrapante.<\/strong><\/p>\n","protected":false},"excerpt":{"rendered":"<p>Se mostr\u00f3 con una bikini ajustable con estampado animal print, llev\u00e1ndose en Instagram el \u00abpiropo\u00bb de miles de lectores.<\/p>\n","protected":false},"author":2,"featured_media":95569,"comment_status":"closed","ping_status":"open","sticky":false,"template":"","format":"standard","meta":{"footnotes":""},"categories":[1643],"tags":[6375],"class_list":["post-95565","post","type-post","status-publish","format-standard","has-post-thumbnail","hentry","category-inferior16","tag-espacio-top"],"yoast_head":"<!-- This site is optimized with the Yoast SEO plugin v23.4 - https:\/\/yoast.com\/wordpress\/plugins\/seo\/ -->\n<title>No pasan los a\u00f1os para Catherine Fulop - Infoecos<\/title>\n<meta name=\"robots\" content=\"index, follow, max-snippet:-1, max-image-preview:large, max-video-preview:-1\" \/>\n<link rel=\"canonical\" href=\"https:\/\/infoecos.com.ar\/index.php\/no-pasan-los-anos-para-catherin-fulop\/\" \/>\n<meta property=\"og:locale\" content=\"es_ES\" \/>\n<meta property=\"og:type\" content=\"article\" \/>\n<meta property=\"og:title\" content=\"No pasan los a\u00f1os para Catherine Fulop - Infoecos\" \/>\n<meta property=\"og:description\" content=\"Se mostr\u00f3 con una bikini ajustable con estampado animal print, llev\u00e1ndose en Instagram el &quot;piropo&quot; de miles de lectores.\" \/>\n<meta property=\"og:url\" content=\"https:\/\/infoecos.com.ar\/index.php\/no-pasan-los-anos-para-catherin-fulop\/\" \/>\n<meta property=\"og:site_name\" content=\"Infoecos\" \/>\n<meta property=\"article:publisher\" content=\"https:\/\/www.facebook.com\/profile.php?id=100063200290284\" \/>\n<meta property=\"article:published_time\" content=\"2022-08-03T05:54:10+00:00\" \/>\n<meta property=\"article:modified_time\" content=\"2022-08-06T08:14:42+00:00\" \/>\n<meta property=\"og:image\" content=\"https:\/\/infoecos.com.ar\/wp-content\/uploads\/2022\/08\/296113439_5116360708491939_5858425160845672882_n.jpg\" \/>\n\t<meta property=\"og:image:width\" content=\"882\" \/>\n\t<meta property=\"og:image:height\" content=\"465\" \/>\n\t<meta property=\"og:image:type\" content=\"image\/jpeg\" \/>\n<meta name=\"author\" content=\"Jorge Matheus\" \/>\n<meta name=\"twitter:card\" content=\"summary_large_image\" \/>\n<meta name=\"twitter:creator\" content=\"@infoecos\" \/>\n<meta name=\"twitter:site\" content=\"@infoecos\" \/>\n<meta name=\"twitter:label1\" content=\"Escrito por\" \/>\n\t<meta name=\"twitter:data1\" content=\"Jorge Matheus\" \/>\n<script type=\"application\/ld+json\" class=\"yoast-schema-graph\">{\"@context\":\"https:\/\/schema.org\",\"@graph\":[{\"@type\":\"Article\",\"@id\":\"https:\/\/infoecos.com.ar\/index.php\/no-pasan-los-anos-para-catherin-fulop\/#article\",\"isPartOf\":{\"@id\":\"https:\/\/infoecos.com.ar\/index.php\/no-pasan-los-anos-para-catherin-fulop\/\"},\"author\":{\"name\":\"Jorge Matheus\",\"@id\":\"https:\/\/infoecos.com.ar\/#\/schema\/person\/8f5ace5ce73b4b4aac4b7245aee6f191\"},\"headline\":\"No pasan los a\u00f1os para Catherine Fulop\",\"datePublished\":\"2022-08-03T05:54:10+00:00\",\"dateModified\":\"2022-08-06T08:14:42+00:00\",\"mainEntityOfPage\":{\"@id\":\"https:\/\/infoecos.com.ar\/index.php\/no-pasan-los-anos-para-catherin-fulop\/\"},\"wordCount\":82,\"publisher\":{\"@id\":\"https:\/\/infoecos.com.ar\/#organization\"},\"image\":{\"@id\":\"https:\/\/infoecos.com.ar\/index.php\/no-pasan-los-anos-para-catherin-fulop\/#primaryimage\"},\"thumbnailUrl\":\"https:\/\/infoecos.com.ar\/wp-content\/uploads\/2022\/08\/296113439_5116360708491939_5858425160845672882_n.jpg\",\"keywords\":[\"ESPACIO TOP\"],\"articleSection\":[\"Bloque inferior - 16\"],\"inLanguage\":\"es\"},{\"@type\":\"WebPage\",\"@id\":\"https:\/\/infoecos.com.ar\/index.php\/no-pasan-los-anos-para-catherin-fulop\/\",\"url\":\"https:\/\/infoecos.com.ar\/index.php\/no-pasan-los-anos-para-catherin-fulop\/\",\"name\":\"No pasan los a\u00f1os para Catherine Fulop - Infoecos\",\"isPartOf\":{\"@id\":\"https:\/\/infoecos.com.ar\/#website\"},\"primaryImageOfPage\":{\"@id\":\"https:\/\/infoecos.com.ar\/index.php\/no-pasan-los-anos-para-catherin-fulop\/#primaryimage\"},\"image\":{\"@id\":\"https:\/\/infoecos.com.ar\/index.php\/no-pasan-los-anos-para-catherin-fulop\/#primaryimage\"},\"thumbnailUrl\":\"https:\/\/infoecos.com.ar\/wp-content\/uploads\/2022\/08\/296113439_5116360708491939_5858425160845672882_n.jpg\",\"datePublished\":\"2022-08-03T05:54:10+00:00\",\"dateModified\":\"2022-08-06T08:14:42+00:00\",\"breadcrumb\":{\"@id\":\"https:\/\/infoecos.com.ar\/index.php\/no-pasan-los-anos-para-catherin-fulop\/#breadcrumb\"},\"inLanguage\":\"es\",\"potentialAction\":[{\"@type\":\"ReadAction\",\"target\":[\"https:\/\/infoecos.com.ar\/index.php\/no-pasan-los-anos-para-catherin-fulop\/\"]}]},{\"@type\":\"ImageObject\",\"inLanguage\":\"es\",\"@id\":\"https:\/\/infoecos.com.ar\/index.php\/no-pasan-los-anos-para-catherin-fulop\/#primaryimage\",\"url\":\"https:\/\/infoecos.com.ar\/wp-content\/uploads\/2022\/08\/296113439_5116360708491939_5858425160845672882_n.jpg\",\"contentUrl\":\"https:\/\/infoecos.com.ar\/wp-content\/uploads\/2022\/08\/296113439_5116360708491939_5858425160845672882_n.jpg\",\"width\":882,\"height\":465},{\"@type\":\"BreadcrumbList\",\"@id\":\"https:\/\/infoecos.com.ar\/index.php\/no-pasan-los-anos-para-catherin-fulop\/#breadcrumb\",\"itemListElement\":[{\"@type\":\"ListItem\",\"position\":1,\"name\":\"Portada\",\"item\":\"https:\/\/infoecos.com.ar\/\"},{\"@type\":\"ListItem\",\"position\":2,\"name\":\"No pasan los a\u00f1os para Catherine Fulop\"}]},{\"@type\":\"WebSite\",\"@id\":\"https:\/\/infoecos.com.ar\/#website\",\"url\":\"https:\/\/infoecos.com.ar\/\",\"name\":\"Infoecos\",\"description\":\"Noticias de trenque lauquen y la zona\",\"publisher\":{\"@id\":\"https:\/\/infoecos.com.ar\/#organization\"},\"alternateName\":\"Noticias\",\"potentialAction\":[{\"@type\":\"SearchAction\",\"target\":{\"@type\":\"EntryPoint\",\"urlTemplate\":\"https:\/\/infoecos.com.ar\/?s={search_term_string}\"},\"query-input\":{\"@type\":\"PropertyValueSpecification\",\"valueRequired\":true,\"valueName\":\"search_term_string\"}}],\"inLanguage\":\"es\"},{\"@type\":\"Organization\",\"@id\":\"https:\/\/infoecos.com.ar\/#organization\",\"name\":\"Infoecos\",\"alternateName\":\"Noticias\",\"url\":\"https:\/\/infoecos.com.ar\/\",\"logo\":{\"@type\":\"ImageObject\",\"inLanguage\":\"es\",\"@id\":\"https:\/\/infoecos.com.ar\/#\/schema\/logo\/image\/\",\"url\":\"https:\/\/infoecos.com.ar\/wp-content\/uploads\/2024\/03\/cropped-logo.png\",\"contentUrl\":\"https:\/\/infoecos.com.ar\/wp-content\/uploads\/2024\/03\/cropped-logo.png\",\"width\":374,\"height\":90,\"caption\":\"Infoecos\"},\"image\":{\"@id\":\"https:\/\/infoecos.com.ar\/#\/schema\/logo\/image\/\"},\"sameAs\":[\"https:\/\/www.facebook.com\/profile.php?id=100063200290284\",\"https:\/\/x.com\/infoecos\"]},{\"@type\":\"Person\",\"@id\":\"https:\/\/infoecos.com.ar\/#\/schema\/person\/8f5ace5ce73b4b4aac4b7245aee6f191\",\"name\":\"Jorge Matheus\",\"url\":\"https:\/\/infoecos.com.ar\/index.php\/author\/jomatheus\/\"}]}<\/script>\n<!-- \/ Yoast SEO plugin. -->","yoast_head_json":{"title":"No pasan los a\u00f1os para Catherine Fulop - Infoecos","robots":{"index":"index","follow":"follow","max-snippet":"max-snippet:-1","max-image-preview":"max-image-preview:large","max-video-preview":"max-video-preview:-1"},"canonical":"https:\/\/infoecos.com.ar\/index.php\/no-pasan-los-anos-para-catherin-fulop\/","og_locale":"es_ES","og_type":"article","og_title":"No pasan los a\u00f1os para Catherine Fulop - Infoecos","og_description":"Se mostr\u00f3 con una bikini ajustable con estampado animal print, llev\u00e1ndose en Instagram el \"piropo\" de miles de lectores.","og_url":"https:\/\/infoecos.com.ar\/index.php\/no-pasan-los-anos-para-catherin-fulop\/","og_site_name":"Infoecos","article_publisher":"https:\/\/www.facebook.com\/profile.php?id=100063200290284","article_published_time":"2022-08-03T05:54:10+00:00","article_modified_time":"2022-08-06T08:14:42+00:00","og_image":[{"width":882,"height":465,"url":"https:\/\/infoecos.com.ar\/wp-content\/uploads\/2022\/08\/296113439_5116360708491939_5858425160845672882_n.jpg","type":"image\/jpeg"}],"author":"Jorge Matheus","twitter_card":"summary_large_image","twitter_creator":"@infoecos","twitter_site":"@infoecos","twitter_misc":{"Escrito por":"Jorge Matheus"},"schema":{"@context":"https:\/\/schema.org","@graph":[{"@type":"Article","@id":"https:\/\/infoecos.com.ar\/index.php\/no-pasan-los-anos-para-catherin-fulop\/#article","isPartOf":{"@id":"https:\/\/infoecos.com.ar\/index.php\/no-pasan-los-anos-para-catherin-fulop\/"},"author":{"name":"Jorge Matheus","@id":"https:\/\/infoecos.com.ar\/#\/schema\/person\/8f5ace5ce73b4b4aac4b7245aee6f191"},"headline":"No pasan los a\u00f1os para Catherine Fulop","datePublished":"2022-08-03T05:54:10+00:00","dateModified":"2022-08-06T08:14:42+00:00","mainEntityOfPage":{"@id":"https:\/\/infoecos.com.ar\/index.php\/no-pasan-los-anos-para-catherin-fulop\/"},"wordCount":82,"publisher":{"@id":"https:\/\/infoecos.com.ar\/#organization"},"image":{"@id":"https:\/\/infoecos.com.ar\/index.php\/no-pasan-los-anos-para-catherin-fulop\/#primaryimage"},"thumbnailUrl":"https:\/\/infoecos.com.ar\/wp-content\/uploads\/2022\/08\/296113439_5116360708491939_5858425160845672882_n.jpg","keywords":["ESPACIO TOP"],"articleSection":["Bloque inferior - 16"],"inLanguage":"es"},{"@type":"WebPage","@id":"https:\/\/infoecos.com.ar\/index.php\/no-pasan-los-anos-para-catherin-fulop\/","url":"https:\/\/infoecos.com.ar\/index.php\/no-pasan-los-anos-para-catherin-fulop\/","name":"No pasan los a\u00f1os para Catherine Fulop - Infoecos","isPartOf":{"@id":"https:\/\/infoecos.com.ar\/#website"},"primaryImageOfPage":{"@id":"https:\/\/infoecos.com.ar\/index.php\/no-pasan-los-anos-para-catherin-fulop\/#primaryimage"},"image":{"@id":"https:\/\/infoecos.com.ar\/index.php\/no-pasan-los-anos-para-catherin-fulop\/#primaryimage"},"thumbnailUrl":"https:\/\/infoecos.com.ar\/wp-content\/uploads\/2022\/08\/296113439_5116360708491939_5858425160845672882_n.jpg","datePublished":"2022-08-03T05:54:10+00:00","dateModified":"2022-08-06T08:14:42+00:00","breadcrumb":{"@id":"https:\/\/infoecos.com.ar\/index.php\/no-pasan-los-anos-para-catherin-fulop\/#breadcrumb"},"inLanguage":"es","potentialAction":[{"@type":"ReadAction","target":["https:\/\/infoecos.com.ar\/index.php\/no-pasan-los-anos-para-catherin-fulop\/"]}]},{"@type":"ImageObject","inLanguage":"es","@id":"https:\/\/infoecos.com.ar\/index.php\/no-pasan-los-anos-para-catherin-fulop\/#primaryimage","url":"https:\/\/infoecos.com.ar\/wp-content\/uploads\/2022\/08\/296113439_5116360708491939_5858425160845672882_n.jpg","contentUrl":"https:\/\/infoecos.com.ar\/wp-content\/uploads\/2022\/08\/296113439_5116360708491939_5858425160845672882_n.jpg","width":882,"height":465},{"@type":"BreadcrumbList","@id":"https:\/\/infoecos.com.ar\/index.php\/no-pasan-los-anos-para-catherin-fulop\/#breadcrumb","itemListElement":[{"@type":"ListItem","position":1,"name":"Portada","item":"https:\/\/infoecos.com.ar\/"},{"@type":"ListItem","position":2,"name":"No pasan los a\u00f1os para Catherine Fulop"}]},{"@type":"WebSite","@id":"https:\/\/infoecos.com.ar\/#website","url":"https:\/\/infoecos.com.ar\/","name":"Infoecos","description":"Noticias de trenque lauquen y la zona","publisher":{"@id":"https:\/\/infoecos.com.ar\/#organization"},"alternateName":"Noticias","potentialAction":[{"@type":"SearchAction","target":{"@type":"EntryPoint","urlTemplate":"https:\/\/infoecos.com.ar\/?s={search_term_string}"},"query-input":{"@type":"PropertyValueSpecification","valueRequired":true,"valueName":"search_term_string"}}],"inLanguage":"es"},{"@type":"Organization","@id":"https:\/\/infoecos.com.ar\/#organization","name":"Infoecos","alternateName":"Noticias","url":"https:\/\/infoecos.com.ar\/","logo":{"@type":"ImageObject","inLanguage":"es","@id":"https:\/\/infoecos.com.ar\/#\/schema\/logo\/image\/","url":"https:\/\/infoecos.com.ar\/wp-content\/uploads\/2024\/03\/cropped-logo.png","contentUrl":"https:\/\/infoecos.com.ar\/wp-content\/uploads\/2024\/03\/cropped-logo.png","width":374,"height":90,"caption":"Infoecos"},"image":{"@id":"https:\/\/infoecos.com.ar\/#\/schema\/logo\/image\/"},"sameAs":["https:\/\/www.facebook.com\/profile.php?id=100063200290284","https:\/\/x.com\/infoecos"]},{"@type":"Person","@id":"https:\/\/infoecos.com.ar\/#\/schema\/person\/8f5ace5ce73b4b4aac4b7245aee6f191","name":"Jorge Matheus","url":"https:\/\/infoecos.com.ar\/index.php\/author\/jomatheus\/"}]}},"featured_image_urls":{"full":["https:\/\/infoecos.com.ar\/wp-content\/uploads\/2022\/08\/296113439_5116360708491939_5858425160845672882_n.jpg",882,465,false],"thumbnail":["https:\/\/infoecos.com.ar\/wp-content\/uploads\/2022\/08\/296113439_5116360708491939_5858425160845672882_n-150x150.jpg",150,150,true],"medium":["https:\/\/infoecos.com.ar\/wp-content\/uploads\/2022\/08\/296113439_5116360708491939_5858425160845672882_n-460x243.jpg",460,243,true],"medium_large":["https:\/\/infoecos.com.ar\/wp-content\/uploads\/2022\/08\/296113439_5116360708491939_5858425160845672882_n-768x405.jpg",640,338,true],"large":["https:\/\/infoecos.com.ar\/wp-content\/uploads\/2022\/08\/296113439_5116360708491939_5858425160845672882_n.jpg",640,337,false],"1536x1536":["https:\/\/infoecos.com.ar\/wp-content\/uploads\/2022\/08\/296113439_5116360708491939_5858425160845672882_n.jpg",882,465,false],"2048x2048":["https:\/\/infoecos.com.ar\/wp-content\/uploads\/2022\/08\/296113439_5116360708491939_5858425160845672882_n.jpg",882,465,false],"covernews-slider-full":["https:\/\/infoecos.com.ar\/wp-content\/uploads\/2022\/08\/296113439_5116360708491939_5858425160845672882_n.jpg",882,465,false],"covernews-slider-center":["https:\/\/infoecos.com.ar\/wp-content\/uploads\/2022\/08\/296113439_5116360708491939_5858425160845672882_n.jpg",800,422,false],"covernews-featured":["https:\/\/infoecos.com.ar\/wp-content\/uploads\/2022\/08\/296113439_5116360708491939_5858425160845672882_n.jpg",882,465,false],"covernews-medium":["https:\/\/infoecos.com.ar\/wp-content\/uploads\/2022\/08\/296113439_5116360708491939_5858425160845672882_n-720x380.jpg",540,285,true],"covernews-medium-square":["https:\/\/infoecos.com.ar\/wp-content\/uploads\/2022\/08\/296113439_5116360708491939_5858425160845672882_n-675x450.jpg",375,250,true]},"author_info":{"info":["Jorge Matheus"]},"category_info":"<a href=\"https:\/\/infoecos.com.ar\/index.php\/category\/inferior16\/\" rel=\"category tag\">Bloque inferior - 16<\/a>","tag_info":"Bloque inferior - 16","comment_count":"0","_links":{"self":[{"href":"https:\/\/infoecos.com.ar\/index.php\/wp-json\/wp\/v2\/posts\/95565"}],"collection":[{"href":"https:\/\/infoecos.com.ar\/index.php\/wp-json\/wp\/v2\/posts"}],"about":[{"href":"https:\/\/infoecos.com.ar\/index.php\/wp-json\/wp\/v2\/types\/post"}],"author":[{"embeddable":true,"href":"https:\/\/infoecos.com.ar\/index.php\/wp-json\/wp\/v2\/users\/2"}],"replies":[{"embeddable":true,"href":"https:\/\/infoecos.com.ar\/index.php\/wp-json\/wp\/v2\/comments?post=95565"}],"version-history":[{"count":3,"href":"https:\/\/infoecos.com.ar\/index.php\/wp-json\/wp\/v2\/posts\/95565\/revisions"}],"predecessor-version":[{"id":95825,"href":"https:\/\/infoecos.com.ar\/index.php\/wp-json\/wp\/v2\/posts\/95565\/revisions\/95825"}],"wp:featuredmedia":[{"embeddable":true,"href":"https:\/\/infoecos.com.ar\/index.php\/wp-json\/wp\/v2\/media\/95569"}],"wp:attachment":[{"href":"https:\/\/infoecos.com.ar\/index.php\/wp-json\/wp\/v2\/media?parent=95565"}],"wp:term":[{"taxonomy":"category","embeddable":true,"href":"https:\/\/infoecos.com.ar\/index.php\/wp-json\/wp\/v2\/categories?post=95565"},{"taxonomy":"post_tag","embeddable":true,"href":"https:\/\/infoecos.com.ar\/index.php\/wp-json\/wp\/v2\/tags?post=95565"}],"curies":[{"name":"wp","href":"https:\/\/api.w.org\/{rel}","templated":true}]}}