{"id":95574,"date":"2022-08-03T03:17:05","date_gmt":"2022-08-03T06:17:05","guid":{"rendered":"http:\/\/infoecos.com.ar\/?p=95574"},"modified":"2022-08-05T02:29:58","modified_gmt":"2022-08-05T05:29:58","slug":"se-presentara-en-pellegrini-este-sabado-6-la-banda-municipal-luis-perego-de-trenque-lauquen","status":"publish","type":"post","link":"https:\/\/infoecos.com.ar\/index.php\/se-presentara-en-pellegrini-este-sabado-6-la-banda-municipal-luis-perego-de-trenque-lauquen\/","title":{"rendered":"Se presentar\u00e1 en Pellegrini, este s\u00e1bado 6, la Banda Municipal Luis Perego de Trenque Lauquen"},"content":{"rendered":"\n<p>La Banda Municipal Luis Perego, que dirige Jos\u00e9 Luis Villaro, se presentar\u00e1 el s\u00e1bado 6 en el Cine Teatro de la Sociedad Italiana de Pellegrini, junto con el Cuarteto de Saxos de Trenque Lauquen y al Coro Renacer de Pellegrini, tambi\u00e9n dirigidos por el maestro Villaro.<\/p>\n\n\n\n<p>El concierto dar\u00e1 comienzo a las 20 con entrada libre y gratuita.<\/p>\n\n\n\n<figure class=\"wp-block-image aligncenter size-full is-resized\"><img loading=\"lazy\" decoding=\"async\" src=\"http:\/\/infoecos.com.ar\/wp-content\/uploads\/2022\/08\/Banda-Municipal.jpg\" alt=\"\" class=\"wp-image-95575\" width=\"585\" height=\"390\" srcset=\"https:\/\/infoecos.com.ar\/wp-content\/uploads\/2022\/08\/Banda-Municipal.jpg 852w, https:\/\/infoecos.com.ar\/wp-content\/uploads\/2022\/08\/Banda-Municipal-460x307.jpg 460w, https:\/\/infoecos.com.ar\/wp-content\/uploads\/2022\/08\/Banda-Municipal-768x512.jpg 768w, https:\/\/infoecos.com.ar\/wp-content\/uploads\/2022\/08\/Banda-Municipal-675x450.jpg 675w\" sizes=\"(max-width: 585px) 100vw, 585px\" \/><\/figure>\n\n\n\n<p>\u201cFuimos invitados por la municipalidad de Pellegrini, y es muy importante que la Banda pueda salir del distrito para representar su arte y la cultura trenquelauquense, en este caso junto con el cuarteto de saxos y al Coro Renacer\u201d, coment\u00f3 el director de la Banda Municipal, Jos\u00e9 Luis Villaro, para adelantar que \u201ctodas las obras que vamos a presentar son estrenos y corresponden al trabajo que venimos haciendo en el a\u00f1o, y abarcan desde jazz original hasta el rock nacional pasando por todos los estilos\u201d.<\/p>\n\n\n\n<p><\/p>\n\n\n\n<p><\/p>\n\n\n\n<p><\/p>\n","protected":false},"excerpt":{"rendered":"<p>Junto con el Cuarteto de Saxos de Trenque Lauquen y al Coro Renacer de Pellegrini, tambi\u00e9n dirigidos por el maestro Villaro<\/p>\n","protected":false},"author":2,"featured_media":95575,"comment_status":"closed","ping_status":"open","sticky":false,"template":"","format":"standard","meta":{"footnotes":""},"categories":[44],"tags":[6441],"class_list":["post-95574","post","type-post","status-publish","format-standard","has-post-thumbnail","hentry","category-inferior5","tag-concierto-en-el-teatro"],"yoast_head":"<!-- This site is optimized with the Yoast SEO plugin v23.4 - https:\/\/yoast.com\/wordpress\/plugins\/seo\/ -->\n<title>Se presentar\u00e1 en Pellegrini, este s\u00e1bado 6, la Banda Municipal Luis Perego de Trenque Lauquen - Infoecos<\/title>\n<meta name=\"robots\" content=\"index, follow, max-snippet:-1, max-image-preview:large, max-video-preview:-1\" \/>\n<link rel=\"canonical\" href=\"https:\/\/infoecos.com.ar\/index.php\/se-presentara-en-pellegrini-este-sabado-6-la-banda-municipal-luis-perego-de-trenque-lauquen\/\" \/>\n<meta property=\"og:locale\" content=\"es_ES\" \/>\n<meta property=\"og:type\" content=\"article\" \/>\n<meta property=\"og:title\" content=\"Se presentar\u00e1 en Pellegrini, este s\u00e1bado 6, la Banda Municipal Luis Perego de Trenque Lauquen - Infoecos\" \/>\n<meta property=\"og:description\" content=\"Junto con el Cuarteto de Saxos de Trenque Lauquen y al Coro Renacer de Pellegrini, tambi\u00e9n dirigidos por el maestro Villaro\" \/>\n<meta property=\"og:url\" content=\"https:\/\/infoecos.com.ar\/index.php\/se-presentara-en-pellegrini-este-sabado-6-la-banda-municipal-luis-perego-de-trenque-lauquen\/\" \/>\n<meta property=\"og:site_name\" content=\"Infoecos\" \/>\n<meta property=\"article:publisher\" content=\"https:\/\/www.facebook.com\/profile.php?id=100063200290284\" \/>\n<meta property=\"article:published_time\" content=\"2022-08-03T06:17:05+00:00\" \/>\n<meta property=\"article:modified_time\" content=\"2022-08-05T05:29:58+00:00\" \/>\n<meta property=\"og:image\" content=\"https:\/\/infoecos.com.ar\/wp-content\/uploads\/2022\/08\/Banda-Municipal.jpg\" \/>\n\t<meta property=\"og:image:width\" content=\"852\" \/>\n\t<meta property=\"og:image:height\" content=\"568\" \/>\n\t<meta property=\"og:image:type\" content=\"image\/jpeg\" \/>\n<meta name=\"author\" content=\"Jorge Matheus\" \/>\n<meta name=\"twitter:card\" content=\"summary_large_image\" \/>\n<meta name=\"twitter:creator\" content=\"@infoecos\" \/>\n<meta name=\"twitter:site\" content=\"@infoecos\" \/>\n<meta name=\"twitter:label1\" content=\"Escrito por\" \/>\n\t<meta name=\"twitter:data1\" content=\"Jorge Matheus\" \/>\n\t<meta name=\"twitter:label2\" content=\"Tiempo de lectura\" \/>\n\t<meta name=\"twitter:data2\" content=\"1 minuto\" \/>\n<script type=\"application\/ld+json\" class=\"yoast-schema-graph\">{\"@context\":\"https:\/\/schema.org\",\"@graph\":[{\"@type\":\"Article\",\"@id\":\"https:\/\/infoecos.com.ar\/index.php\/se-presentara-en-pellegrini-este-sabado-6-la-banda-municipal-luis-perego-de-trenque-lauquen\/#article\",\"isPartOf\":{\"@id\":\"https:\/\/infoecos.com.ar\/index.php\/se-presentara-en-pellegrini-este-sabado-6-la-banda-municipal-luis-perego-de-trenque-lauquen\/\"},\"author\":{\"name\":\"Jorge Matheus\",\"@id\":\"https:\/\/infoecos.com.ar\/#\/schema\/person\/8f5ace5ce73b4b4aac4b7245aee6f191\"},\"headline\":\"Se presentar\u00e1 en Pellegrini, este s\u00e1bado 6, la Banda Municipal Luis Perego de Trenque Lauquen\",\"datePublished\":\"2022-08-03T06:17:05+00:00\",\"dateModified\":\"2022-08-05T05:29:58+00:00\",\"mainEntityOfPage\":{\"@id\":\"https:\/\/infoecos.com.ar\/index.php\/se-presentara-en-pellegrini-este-sabado-6-la-banda-municipal-luis-perego-de-trenque-lauquen\/\"},\"wordCount\":159,\"publisher\":{\"@id\":\"https:\/\/infoecos.com.ar\/#organization\"},\"image\":{\"@id\":\"https:\/\/infoecos.com.ar\/index.php\/se-presentara-en-pellegrini-este-sabado-6-la-banda-municipal-luis-perego-de-trenque-lauquen\/#primaryimage\"},\"thumbnailUrl\":\"https:\/\/infoecos.com.ar\/wp-content\/uploads\/2022\/08\/Banda-Municipal.jpg\",\"keywords\":[\"CONCIERTO EN EL TEATRO\"],\"articleSection\":[\"Bloque inferior - 5\"],\"inLanguage\":\"es\"},{\"@type\":\"WebPage\",\"@id\":\"https:\/\/infoecos.com.ar\/index.php\/se-presentara-en-pellegrini-este-sabado-6-la-banda-municipal-luis-perego-de-trenque-lauquen\/\",\"url\":\"https:\/\/infoecos.com.ar\/index.php\/se-presentara-en-pellegrini-este-sabado-6-la-banda-municipal-luis-perego-de-trenque-lauquen\/\",\"name\":\"Se presentar\u00e1 en Pellegrini, este s\u00e1bado 6, la Banda Municipal Luis Perego de Trenque Lauquen - Infoecos\",\"isPartOf\":{\"@id\":\"https:\/\/infoecos.com.ar\/#website\"},\"primaryImageOfPage\":{\"@id\":\"https:\/\/infoecos.com.ar\/index.php\/se-presentara-en-pellegrini-este-sabado-6-la-banda-municipal-luis-perego-de-trenque-lauquen\/#primaryimage\"},\"image\":{\"@id\":\"https:\/\/infoecos.com.ar\/index.php\/se-presentara-en-pellegrini-este-sabado-6-la-banda-municipal-luis-perego-de-trenque-lauquen\/#primaryimage\"},\"thumbnailUrl\":\"https:\/\/infoecos.com.ar\/wp-content\/uploads\/2022\/08\/Banda-Municipal.jpg\",\"datePublished\":\"2022-08-03T06:17:05+00:00\",\"dateModified\":\"2022-08-05T05:29:58+00:00\",\"breadcrumb\":{\"@id\":\"https:\/\/infoecos.com.ar\/index.php\/se-presentara-en-pellegrini-este-sabado-6-la-banda-municipal-luis-perego-de-trenque-lauquen\/#breadcrumb\"},\"inLanguage\":\"es\",\"potentialAction\":[{\"@type\":\"ReadAction\",\"target\":[\"https:\/\/infoecos.com.ar\/index.php\/se-presentara-en-pellegrini-este-sabado-6-la-banda-municipal-luis-perego-de-trenque-lauquen\/\"]}]},{\"@type\":\"ImageObject\",\"inLanguage\":\"es\",\"@id\":\"https:\/\/infoecos.com.ar\/index.php\/se-presentara-en-pellegrini-este-sabado-6-la-banda-municipal-luis-perego-de-trenque-lauquen\/#primaryimage\",\"url\":\"https:\/\/infoecos.com.ar\/wp-content\/uploads\/2022\/08\/Banda-Municipal.jpg\",\"contentUrl\":\"https:\/\/infoecos.com.ar\/wp-content\/uploads\/2022\/08\/Banda-Municipal.jpg\",\"width\":852,\"height\":568},{\"@type\":\"BreadcrumbList\",\"@id\":\"https:\/\/infoecos.com.ar\/index.php\/se-presentara-en-pellegrini-este-sabado-6-la-banda-municipal-luis-perego-de-trenque-lauquen\/#breadcrumb\",\"itemListElement\":[{\"@type\":\"ListItem\",\"position\":1,\"name\":\"Portada\",\"item\":\"https:\/\/infoecos.com.ar\/\"},{\"@type\":\"ListItem\",\"position\":2,\"name\":\"Se presentar\u00e1 en Pellegrini, este s\u00e1bado 6, la Banda Municipal Luis Perego de Trenque Lauquen\"}]},{\"@type\":\"WebSite\",\"@id\":\"https:\/\/infoecos.com.ar\/#website\",\"url\":\"https:\/\/infoecos.com.ar\/\",\"name\":\"Infoecos\",\"description\":\"Noticias de trenque lauquen y la zona\",\"publisher\":{\"@id\":\"https:\/\/infoecos.com.ar\/#organization\"},\"alternateName\":\"Noticias\",\"potentialAction\":[{\"@type\":\"SearchAction\",\"target\":{\"@type\":\"EntryPoint\",\"urlTemplate\":\"https:\/\/infoecos.com.ar\/?s={search_term_string}\"},\"query-input\":{\"@type\":\"PropertyValueSpecification\",\"valueRequired\":true,\"valueName\":\"search_term_string\"}}],\"inLanguage\":\"es\"},{\"@type\":\"Organization\",\"@id\":\"https:\/\/infoecos.com.ar\/#organization\",\"name\":\"Infoecos\",\"alternateName\":\"Noticias\",\"url\":\"https:\/\/infoecos.com.ar\/\",\"logo\":{\"@type\":\"ImageObject\",\"inLanguage\":\"es\",\"@id\":\"https:\/\/infoecos.com.ar\/#\/schema\/logo\/image\/\",\"url\":\"https:\/\/infoecos.com.ar\/wp-content\/uploads\/2024\/03\/cropped-logo.png\",\"contentUrl\":\"https:\/\/infoecos.com.ar\/wp-content\/uploads\/2024\/03\/cropped-logo.png\",\"width\":374,\"height\":90,\"caption\":\"Infoecos\"},\"image\":{\"@id\":\"https:\/\/infoecos.com.ar\/#\/schema\/logo\/image\/\"},\"sameAs\":[\"https:\/\/www.facebook.com\/profile.php?id=100063200290284\",\"https:\/\/x.com\/infoecos\"]},{\"@type\":\"Person\",\"@id\":\"https:\/\/infoecos.com.ar\/#\/schema\/person\/8f5ace5ce73b4b4aac4b7245aee6f191\",\"name\":\"Jorge Matheus\",\"url\":\"https:\/\/infoecos.com.ar\/index.php\/author\/jomatheus\/\"}]}<\/script>\n<!-- \/ Yoast SEO plugin. -->","yoast_head_json":{"title":"Se presentar\u00e1 en Pellegrini, este s\u00e1bado 6, la Banda Municipal Luis Perego de Trenque Lauquen - Infoecos","robots":{"index":"index","follow":"follow","max-snippet":"max-snippet:-1","max-image-preview":"max-image-preview:large","max-video-preview":"max-video-preview:-1"},"canonical":"https:\/\/infoecos.com.ar\/index.php\/se-presentara-en-pellegrini-este-sabado-6-la-banda-municipal-luis-perego-de-trenque-lauquen\/","og_locale":"es_ES","og_type":"article","og_title":"Se presentar\u00e1 en Pellegrini, este s\u00e1bado 6, la Banda Municipal Luis Perego de Trenque Lauquen - Infoecos","og_description":"Junto con el Cuarteto de Saxos de Trenque Lauquen y al Coro Renacer de Pellegrini, tambi\u00e9n dirigidos por el maestro Villaro","og_url":"https:\/\/infoecos.com.ar\/index.php\/se-presentara-en-pellegrini-este-sabado-6-la-banda-municipal-luis-perego-de-trenque-lauquen\/","og_site_name":"Infoecos","article_publisher":"https:\/\/www.facebook.com\/profile.php?id=100063200290284","article_published_time":"2022-08-03T06:17:05+00:00","article_modified_time":"2022-08-05T05:29:58+00:00","og_image":[{"width":852,"height":568,"url":"https:\/\/infoecos.com.ar\/wp-content\/uploads\/2022\/08\/Banda-Municipal.jpg","type":"image\/jpeg"}],"author":"Jorge Matheus","twitter_card":"summary_large_image","twitter_creator":"@infoecos","twitter_site":"@infoecos","twitter_misc":{"Escrito por":"Jorge Matheus","Tiempo de lectura":"1 minuto"},"schema":{"@context":"https:\/\/schema.org","@graph":[{"@type":"Article","@id":"https:\/\/infoecos.com.ar\/index.php\/se-presentara-en-pellegrini-este-sabado-6-la-banda-municipal-luis-perego-de-trenque-lauquen\/#article","isPartOf":{"@id":"https:\/\/infoecos.com.ar\/index.php\/se-presentara-en-pellegrini-este-sabado-6-la-banda-municipal-luis-perego-de-trenque-lauquen\/"},"author":{"name":"Jorge Matheus","@id":"https:\/\/infoecos.com.ar\/#\/schema\/person\/8f5ace5ce73b4b4aac4b7245aee6f191"},"headline":"Se presentar\u00e1 en Pellegrini, este s\u00e1bado 6, la Banda Municipal Luis Perego de Trenque Lauquen","datePublished":"2022-08-03T06:17:05+00:00","dateModified":"2022-08-05T05:29:58+00:00","mainEntityOfPage":{"@id":"https:\/\/infoecos.com.ar\/index.php\/se-presentara-en-pellegrini-este-sabado-6-la-banda-municipal-luis-perego-de-trenque-lauquen\/"},"wordCount":159,"publisher":{"@id":"https:\/\/infoecos.com.ar\/#organization"},"image":{"@id":"https:\/\/infoecos.com.ar\/index.php\/se-presentara-en-pellegrini-este-sabado-6-la-banda-municipal-luis-perego-de-trenque-lauquen\/#primaryimage"},"thumbnailUrl":"https:\/\/infoecos.com.ar\/wp-content\/uploads\/2022\/08\/Banda-Municipal.jpg","keywords":["CONCIERTO EN EL TEATRO"],"articleSection":["Bloque inferior - 5"],"inLanguage":"es"},{"@type":"WebPage","@id":"https:\/\/infoecos.com.ar\/index.php\/se-presentara-en-pellegrini-este-sabado-6-la-banda-municipal-luis-perego-de-trenque-lauquen\/","url":"https:\/\/infoecos.com.ar\/index.php\/se-presentara-en-pellegrini-este-sabado-6-la-banda-municipal-luis-perego-de-trenque-lauquen\/","name":"Se presentar\u00e1 en Pellegrini, este s\u00e1bado 6, la Banda Municipal Luis Perego de Trenque Lauquen - Infoecos","isPartOf":{"@id":"https:\/\/infoecos.com.ar\/#website"},"primaryImageOfPage":{"@id":"https:\/\/infoecos.com.ar\/index.php\/se-presentara-en-pellegrini-este-sabado-6-la-banda-municipal-luis-perego-de-trenque-lauquen\/#primaryimage"},"image":{"@id":"https:\/\/infoecos.com.ar\/index.php\/se-presentara-en-pellegrini-este-sabado-6-la-banda-municipal-luis-perego-de-trenque-lauquen\/#primaryimage"},"thumbnailUrl":"https:\/\/infoecos.com.ar\/wp-content\/uploads\/2022\/08\/Banda-Municipal.jpg","datePublished":"2022-08-03T06:17:05+00:00","dateModified":"2022-08-05T05:29:58+00:00","breadcrumb":{"@id":"https:\/\/infoecos.com.ar\/index.php\/se-presentara-en-pellegrini-este-sabado-6-la-banda-municipal-luis-perego-de-trenque-lauquen\/#breadcrumb"},"inLanguage":"es","potentialAction":[{"@type":"ReadAction","target":["https:\/\/infoecos.com.ar\/index.php\/se-presentara-en-pellegrini-este-sabado-6-la-banda-municipal-luis-perego-de-trenque-lauquen\/"]}]},{"@type":"ImageObject","inLanguage":"es","@id":"https:\/\/infoecos.com.ar\/index.php\/se-presentara-en-pellegrini-este-sabado-6-la-banda-municipal-luis-perego-de-trenque-lauquen\/#primaryimage","url":"https:\/\/infoecos.com.ar\/wp-content\/uploads\/2022\/08\/Banda-Municipal.jpg","contentUrl":"https:\/\/infoecos.com.ar\/wp-content\/uploads\/2022\/08\/Banda-Municipal.jpg","width":852,"height":568},{"@type":"BreadcrumbList","@id":"https:\/\/infoecos.com.ar\/index.php\/se-presentara-en-pellegrini-este-sabado-6-la-banda-municipal-luis-perego-de-trenque-lauquen\/#breadcrumb","itemListElement":[{"@type":"ListItem","position":1,"name":"Portada","item":"https:\/\/infoecos.com.ar\/"},{"@type":"ListItem","position":2,"name":"Se presentar\u00e1 en Pellegrini, este s\u00e1bado 6, la Banda Municipal Luis Perego de Trenque Lauquen"}]},{"@type":"WebSite","@id":"https:\/\/infoecos.com.ar\/#website","url":"https:\/\/infoecos.com.ar\/","name":"Infoecos","description":"Noticias de trenque lauquen y la zona","publisher":{"@id":"https:\/\/infoecos.com.ar\/#organization"},"alternateName":"Noticias","potentialAction":[{"@type":"SearchAction","target":{"@type":"EntryPoint","urlTemplate":"https:\/\/infoecos.com.ar\/?s={search_term_string}"},"query-input":{"@type":"PropertyValueSpecification","valueRequired":true,"valueName":"search_term_string"}}],"inLanguage":"es"},{"@type":"Organization","@id":"https:\/\/infoecos.com.ar\/#organization","name":"Infoecos","alternateName":"Noticias","url":"https:\/\/infoecos.com.ar\/","logo":{"@type":"ImageObject","inLanguage":"es","@id":"https:\/\/infoecos.com.ar\/#\/schema\/logo\/image\/","url":"https:\/\/infoecos.com.ar\/wp-content\/uploads\/2024\/03\/cropped-logo.png","contentUrl":"https:\/\/infoecos.com.ar\/wp-content\/uploads\/2024\/03\/cropped-logo.png","width":374,"height":90,"caption":"Infoecos"},"image":{"@id":"https:\/\/infoecos.com.ar\/#\/schema\/logo\/image\/"},"sameAs":["https:\/\/www.facebook.com\/profile.php?id=100063200290284","https:\/\/x.com\/infoecos"]},{"@type":"Person","@id":"https:\/\/infoecos.com.ar\/#\/schema\/person\/8f5ace5ce73b4b4aac4b7245aee6f191","name":"Jorge Matheus","url":"https:\/\/infoecos.com.ar\/index.php\/author\/jomatheus\/"}]}},"featured_image_urls":{"full":["https:\/\/infoecos.com.ar\/wp-content\/uploads\/2022\/08\/Banda-Municipal.jpg",852,568,false],"thumbnail":["https:\/\/infoecos.com.ar\/wp-content\/uploads\/2022\/08\/Banda-Municipal-150x150.jpg",150,150,true],"medium":["https:\/\/infoecos.com.ar\/wp-content\/uploads\/2022\/08\/Banda-Municipal-460x307.jpg",460,307,true],"medium_large":["https:\/\/infoecos.com.ar\/wp-content\/uploads\/2022\/08\/Banda-Municipal-768x512.jpg",640,427,true],"large":["https:\/\/infoecos.com.ar\/wp-content\/uploads\/2022\/08\/Banda-Municipal.jpg",640,427,false],"1536x1536":["https:\/\/infoecos.com.ar\/wp-content\/uploads\/2022\/08\/Banda-Municipal.jpg",852,568,false],"2048x2048":["https:\/\/infoecos.com.ar\/wp-content\/uploads\/2022\/08\/Banda-Municipal.jpg",852,568,false],"covernews-slider-full":["https:\/\/infoecos.com.ar\/wp-content\/uploads\/2022\/08\/Banda-Municipal.jpg",852,568,false],"covernews-slider-center":["https:\/\/infoecos.com.ar\/wp-content\/uploads\/2022\/08\/Banda-Municipal.jpg",750,500,false],"covernews-featured":["https:\/\/infoecos.com.ar\/wp-content\/uploads\/2022\/08\/Banda-Municipal.jpg",852,568,false],"covernews-medium":["https:\/\/infoecos.com.ar\/wp-content\/uploads\/2022\/08\/Banda-Municipal-720x380.jpg",540,285,true],"covernews-medium-square":["https:\/\/infoecos.com.ar\/wp-content\/uploads\/2022\/08\/Banda-Municipal-675x450.jpg",375,250,true]},"author_info":{"info":["Jorge Matheus"]},"category_info":"<a href=\"https:\/\/infoecos.com.ar\/index.php\/category\/inferior5\/\" rel=\"category tag\">Bloque inferior - 5<\/a>","tag_info":"Bloque inferior - 5","comment_count":"0","_links":{"self":[{"href":"https:\/\/infoecos.com.ar\/index.php\/wp-json\/wp\/v2\/posts\/95574"}],"collection":[{"href":"https:\/\/infoecos.com.ar\/index.php\/wp-json\/wp\/v2\/posts"}],"about":[{"href":"https:\/\/infoecos.com.ar\/index.php\/wp-json\/wp\/v2\/types\/post"}],"author":[{"embeddable":true,"href":"https:\/\/infoecos.com.ar\/index.php\/wp-json\/wp\/v2\/users\/2"}],"replies":[{"embeddable":true,"href":"https:\/\/infoecos.com.ar\/index.php\/wp-json\/wp\/v2\/comments?post=95574"}],"version-history":[{"count":1,"href":"https:\/\/infoecos.com.ar\/index.php\/wp-json\/wp\/v2\/posts\/95574\/revisions"}],"predecessor-version":[{"id":95576,"href":"https:\/\/infoecos.com.ar\/index.php\/wp-json\/wp\/v2\/posts\/95574\/revisions\/95576"}],"wp:featuredmedia":[{"embeddable":true,"href":"https:\/\/infoecos.com.ar\/index.php\/wp-json\/wp\/v2\/media\/95575"}],"wp:attachment":[{"href":"https:\/\/infoecos.com.ar\/index.php\/wp-json\/wp\/v2\/media?parent=95574"}],"wp:term":[{"taxonomy":"category","embeddable":true,"href":"https:\/\/infoecos.com.ar\/index.php\/wp-json\/wp\/v2\/categories?post=95574"},{"taxonomy":"post_tag","embeddable":true,"href":"https:\/\/infoecos.com.ar\/index.php\/wp-json\/wp\/v2\/tags?post=95574"}],"curies":[{"name":"wp","href":"https:\/\/api.w.org\/{rel}","templated":true}]}}