{"id":95604,"date":"2022-08-03T17:17:02","date_gmt":"2022-08-03T20:17:02","guid":{"rendered":"http:\/\/infoecos.com.ar\/?p=95604"},"modified":"2022-08-05T00:35:03","modified_gmt":"2022-08-05T03:35:03","slug":"para-evirtar-crisis-energetica-cuatro-municipios-solicitaron-la-instalacion-de-cuatro-generadores-nuevos","status":"publish","type":"post","link":"https:\/\/infoecos.com.ar\/index.php\/para-evirtar-crisis-energetica-cuatro-municipios-solicitaron-la-instalacion-de-cuatro-generadores-nuevos\/","title":{"rendered":"Para evitar crisis energ\u00e9tica, cuatro municipios solicitaron la instalaci\u00f3n de cuatro generadores nuevos"},"content":{"rendered":"\n<p>Las autoridades del Comit\u00e9 de Crisis Energ\u00e9tica de la Regi\u00f3n del Sudoeste Bonaerense, Clerysa \u2013 Cooperativa de Electricidad Rural y Servicios Anexos de Adolfo Alsina \u2013 y la Cooperativa de Provisi\u00f3n de Servicios El\u00e9ctricos y otros servicios y Obras P\u00fablicas de Espartillar, firmaron la solicitud de instalaci\u00f3n de cuatro generadores m\u00f3viles en Guamin\u00ed. El objetivo de esta inversi\u00f3n es anticiparse a los inconvenientes que genera la gran demanda de energ\u00eda el\u00e9ctrica durante la temporada estival.<\/p>\n\n\n\n<figure class=\"wp-block-image aligncenter size-full\"><img decoding=\"async\" src=\"http:\/\/infoecos.com.ar\/wp-content\/uploads\/xELECTRICIDAD-745x400.jpg.pagespeed.ic_.S8YJ8SxOFf.jpg\" alt=\"\" class=\"wp-image-26976\"\/><figcaption>Energ\u00eda<\/figcaption><\/figure>\n\n\n\n<p>Se est\u00e1 a la espera en los distritos mencionados de la  obra de 132 Kv de vinculaci\u00f3n entre la Estaci\u00f3n Guamin\u00ed y la Estaci\u00f3n Coronel Su\u00e1rez que ya se encuentra en la etapa final administrativa.<\/p>\n\n\n\n<p>Las acciones llevan la rubrica de&nbsp;<strong>el Intendente de Adolfo Alsina, Javier Andres, el Intendente de Saavedra, Gustavo Javier Notararigo, el Intendente de Guamin\u00ed, Jos\u00e9 Augusto Nobre Ferreira, Guillermo Cayssials, Presidente de Clerysa \u2013 Coop Limitada de Electricidad Rural y Servicios Anexos de Adolfo Alsina y Alberto Maurel, Presidente de la Coop. de Provisi\u00f3n de Servicios El\u00e9ctricos y otros servicios y Obras P\u00fablicas de Espartillar.<\/strong><\/p>\n","protected":false},"excerpt":{"rendered":"<p>Se est\u00e1 a la espera en los distritos mencionados de la  obra de 132 Kv de vinculaci\u00f3n entre la Estaci\u00f3n Guamin\u00ed y la Estaci\u00f3n Coronel Su\u00e1rez que ya se encuentra en la etapa final administrativa<\/p>\n","protected":false},"author":2,"featured_media":26976,"comment_status":"closed","ping_status":"open","sticky":false,"template":"","format":"standard","meta":{"footnotes":""},"categories":[41],"tags":[6446],"class_list":["post-95604","post","type-post","status-publish","format-standard","has-post-thumbnail","hentry","category-inferior2","tag-a-alsina-guamini-espartillar-saavedra"],"yoast_head":"<!-- This site is optimized with the Yoast SEO plugin v23.4 - https:\/\/yoast.com\/wordpress\/plugins\/seo\/ -->\n<title>Para evitar crisis energ\u00e9tica, cuatro municipios solicitaron la instalaci\u00f3n de cuatro generadores nuevos - Infoecos<\/title>\n<meta name=\"robots\" content=\"index, follow, max-snippet:-1, max-image-preview:large, max-video-preview:-1\" \/>\n<link rel=\"canonical\" href=\"https:\/\/infoecos.com.ar\/index.php\/para-evirtar-crisis-energetica-cuatro-municipios-solicitaron-la-instalacion-de-cuatro-generadores-nuevos\/\" \/>\n<meta property=\"og:locale\" content=\"es_ES\" \/>\n<meta property=\"og:type\" content=\"article\" \/>\n<meta property=\"og:title\" content=\"Para evitar crisis energ\u00e9tica, cuatro municipios solicitaron la instalaci\u00f3n de cuatro generadores nuevos - Infoecos\" \/>\n<meta property=\"og:description\" content=\"Se est\u00e1 a la espera en los distritos mencionados de la obra de 132 Kv de vinculaci\u00f3n entre la Estaci\u00f3n Guamin\u00ed y la Estaci\u00f3n Coronel Su\u00e1rez que ya se encuentra en la etapa final administrativa\" \/>\n<meta property=\"og:url\" content=\"https:\/\/infoecos.com.ar\/index.php\/para-evirtar-crisis-energetica-cuatro-municipios-solicitaron-la-instalacion-de-cuatro-generadores-nuevos\/\" \/>\n<meta property=\"og:site_name\" content=\"Infoecos\" \/>\n<meta property=\"article:publisher\" content=\"https:\/\/www.facebook.com\/profile.php?id=100063200290284\" \/>\n<meta property=\"article:published_time\" content=\"2022-08-03T20:17:02+00:00\" \/>\n<meta property=\"article:modified_time\" content=\"2022-08-05T03:35:03+00:00\" \/>\n<meta property=\"og:image\" content=\"https:\/\/infoecos.com.ar\/wp-content\/uploads\/xELECTRICIDAD-745x400.jpg.pagespeed.ic_.S8YJ8SxOFf.jpg\" \/>\n\t<meta property=\"og:image:width\" content=\"745\" \/>\n\t<meta property=\"og:image:height\" content=\"400\" \/>\n\t<meta property=\"og:image:type\" content=\"image\/jpeg\" \/>\n<meta name=\"author\" content=\"Jorge Matheus\" \/>\n<meta name=\"twitter:card\" content=\"summary_large_image\" \/>\n<meta name=\"twitter:creator\" content=\"@infoecos\" \/>\n<meta name=\"twitter:site\" content=\"@infoecos\" \/>\n<meta name=\"twitter:label1\" content=\"Escrito por\" \/>\n\t<meta name=\"twitter:data1\" content=\"Jorge Matheus\" \/>\n\t<meta name=\"twitter:label2\" content=\"Tiempo de lectura\" \/>\n\t<meta name=\"twitter:data2\" content=\"1 minuto\" \/>\n<script type=\"application\/ld+json\" class=\"yoast-schema-graph\">{\"@context\":\"https:\/\/schema.org\",\"@graph\":[{\"@type\":\"Article\",\"@id\":\"https:\/\/infoecos.com.ar\/index.php\/para-evirtar-crisis-energetica-cuatro-municipios-solicitaron-la-instalacion-de-cuatro-generadores-nuevos\/#article\",\"isPartOf\":{\"@id\":\"https:\/\/infoecos.com.ar\/index.php\/para-evirtar-crisis-energetica-cuatro-municipios-solicitaron-la-instalacion-de-cuatro-generadores-nuevos\/\"},\"author\":{\"name\":\"Jorge Matheus\",\"@id\":\"https:\/\/infoecos.com.ar\/#\/schema\/person\/8f5ace5ce73b4b4aac4b7245aee6f191\"},\"headline\":\"Para evitar crisis energ\u00e9tica, cuatro municipios solicitaron la instalaci\u00f3n de cuatro generadores nuevos\",\"datePublished\":\"2022-08-03T20:17:02+00:00\",\"dateModified\":\"2022-08-05T03:35:03+00:00\",\"mainEntityOfPage\":{\"@id\":\"https:\/\/infoecos.com.ar\/index.php\/para-evirtar-crisis-energetica-cuatro-municipios-solicitaron-la-instalacion-de-cuatro-generadores-nuevos\/\"},\"wordCount\":206,\"publisher\":{\"@id\":\"https:\/\/infoecos.com.ar\/#organization\"},\"image\":{\"@id\":\"https:\/\/infoecos.com.ar\/index.php\/para-evirtar-crisis-energetica-cuatro-municipios-solicitaron-la-instalacion-de-cuatro-generadores-nuevos\/#primaryimage\"},\"thumbnailUrl\":\"\",\"keywords\":[\"A.ALSINA-GUAMIN\u00cd-eSPARTILLAR-sAAVEDRA\"],\"articleSection\":[\"Bloque inferior - 2\"],\"inLanguage\":\"es\"},{\"@type\":\"WebPage\",\"@id\":\"https:\/\/infoecos.com.ar\/index.php\/para-evirtar-crisis-energetica-cuatro-municipios-solicitaron-la-instalacion-de-cuatro-generadores-nuevos\/\",\"url\":\"https:\/\/infoecos.com.ar\/index.php\/para-evirtar-crisis-energetica-cuatro-municipios-solicitaron-la-instalacion-de-cuatro-generadores-nuevos\/\",\"name\":\"Para evitar crisis energ\u00e9tica, cuatro municipios solicitaron la instalaci\u00f3n de cuatro generadores nuevos - Infoecos\",\"isPartOf\":{\"@id\":\"https:\/\/infoecos.com.ar\/#website\"},\"primaryImageOfPage\":{\"@id\":\"https:\/\/infoecos.com.ar\/index.php\/para-evirtar-crisis-energetica-cuatro-municipios-solicitaron-la-instalacion-de-cuatro-generadores-nuevos\/#primaryimage\"},\"image\":{\"@id\":\"https:\/\/infoecos.com.ar\/index.php\/para-evirtar-crisis-energetica-cuatro-municipios-solicitaron-la-instalacion-de-cuatro-generadores-nuevos\/#primaryimage\"},\"thumbnailUrl\":\"\",\"datePublished\":\"2022-08-03T20:17:02+00:00\",\"dateModified\":\"2022-08-05T03:35:03+00:00\",\"breadcrumb\":{\"@id\":\"https:\/\/infoecos.com.ar\/index.php\/para-evirtar-crisis-energetica-cuatro-municipios-solicitaron-la-instalacion-de-cuatro-generadores-nuevos\/#breadcrumb\"},\"inLanguage\":\"es\",\"potentialAction\":[{\"@type\":\"ReadAction\",\"target\":[\"https:\/\/infoecos.com.ar\/index.php\/para-evirtar-crisis-energetica-cuatro-municipios-solicitaron-la-instalacion-de-cuatro-generadores-nuevos\/\"]}]},{\"@type\":\"ImageObject\",\"inLanguage\":\"es\",\"@id\":\"https:\/\/infoecos.com.ar\/index.php\/para-evirtar-crisis-energetica-cuatro-municipios-solicitaron-la-instalacion-de-cuatro-generadores-nuevos\/#primaryimage\",\"url\":\"\",\"contentUrl\":\"\"},{\"@type\":\"BreadcrumbList\",\"@id\":\"https:\/\/infoecos.com.ar\/index.php\/para-evirtar-crisis-energetica-cuatro-municipios-solicitaron-la-instalacion-de-cuatro-generadores-nuevos\/#breadcrumb\",\"itemListElement\":[{\"@type\":\"ListItem\",\"position\":1,\"name\":\"Portada\",\"item\":\"https:\/\/infoecos.com.ar\/\"},{\"@type\":\"ListItem\",\"position\":2,\"name\":\"Para evitar crisis energ\u00e9tica, cuatro municipios solicitaron la instalaci\u00f3n de cuatro generadores nuevos\"}]},{\"@type\":\"WebSite\",\"@id\":\"https:\/\/infoecos.com.ar\/#website\",\"url\":\"https:\/\/infoecos.com.ar\/\",\"name\":\"Infoecos\",\"description\":\"Noticias de trenque lauquen y la zona\",\"publisher\":{\"@id\":\"https:\/\/infoecos.com.ar\/#organization\"},\"alternateName\":\"Noticias\",\"potentialAction\":[{\"@type\":\"SearchAction\",\"target\":{\"@type\":\"EntryPoint\",\"urlTemplate\":\"https:\/\/infoecos.com.ar\/?s={search_term_string}\"},\"query-input\":{\"@type\":\"PropertyValueSpecification\",\"valueRequired\":true,\"valueName\":\"search_term_string\"}}],\"inLanguage\":\"es\"},{\"@type\":\"Organization\",\"@id\":\"https:\/\/infoecos.com.ar\/#organization\",\"name\":\"Infoecos\",\"alternateName\":\"Noticias\",\"url\":\"https:\/\/infoecos.com.ar\/\",\"logo\":{\"@type\":\"ImageObject\",\"inLanguage\":\"es\",\"@id\":\"https:\/\/infoecos.com.ar\/#\/schema\/logo\/image\/\",\"url\":\"https:\/\/infoecos.com.ar\/wp-content\/uploads\/2024\/03\/cropped-logo.png\",\"contentUrl\":\"https:\/\/infoecos.com.ar\/wp-content\/uploads\/2024\/03\/cropped-logo.png\",\"width\":374,\"height\":90,\"caption\":\"Infoecos\"},\"image\":{\"@id\":\"https:\/\/infoecos.com.ar\/#\/schema\/logo\/image\/\"},\"sameAs\":[\"https:\/\/www.facebook.com\/profile.php?id=100063200290284\",\"https:\/\/x.com\/infoecos\"]},{\"@type\":\"Person\",\"@id\":\"https:\/\/infoecos.com.ar\/#\/schema\/person\/8f5ace5ce73b4b4aac4b7245aee6f191\",\"name\":\"Jorge Matheus\",\"url\":\"https:\/\/infoecos.com.ar\/index.php\/author\/jomatheus\/\"}]}<\/script>\n<!-- \/ Yoast SEO plugin. -->","yoast_head_json":{"title":"Para evitar crisis energ\u00e9tica, cuatro municipios solicitaron la instalaci\u00f3n de cuatro generadores nuevos - Infoecos","robots":{"index":"index","follow":"follow","max-snippet":"max-snippet:-1","max-image-preview":"max-image-preview:large","max-video-preview":"max-video-preview:-1"},"canonical":"https:\/\/infoecos.com.ar\/index.php\/para-evirtar-crisis-energetica-cuatro-municipios-solicitaron-la-instalacion-de-cuatro-generadores-nuevos\/","og_locale":"es_ES","og_type":"article","og_title":"Para evitar crisis energ\u00e9tica, cuatro municipios solicitaron la instalaci\u00f3n de cuatro generadores nuevos - Infoecos","og_description":"Se est\u00e1 a la espera en los distritos mencionados de la obra de 132 Kv de vinculaci\u00f3n entre la Estaci\u00f3n Guamin\u00ed y la Estaci\u00f3n Coronel Su\u00e1rez que ya se encuentra en la etapa final administrativa","og_url":"https:\/\/infoecos.com.ar\/index.php\/para-evirtar-crisis-energetica-cuatro-municipios-solicitaron-la-instalacion-de-cuatro-generadores-nuevos\/","og_site_name":"Infoecos","article_publisher":"https:\/\/www.facebook.com\/profile.php?id=100063200290284","article_published_time":"2022-08-03T20:17:02+00:00","article_modified_time":"2022-08-05T03:35:03+00:00","og_image":[{"width":745,"height":400,"url":"https:\/\/infoecos.com.ar\/wp-content\/uploads\/xELECTRICIDAD-745x400.jpg.pagespeed.ic_.S8YJ8SxOFf.jpg","type":"image\/jpeg"}],"author":"Jorge Matheus","twitter_card":"summary_large_image","twitter_creator":"@infoecos","twitter_site":"@infoecos","twitter_misc":{"Escrito por":"Jorge Matheus","Tiempo de lectura":"1 minuto"},"schema":{"@context":"https:\/\/schema.org","@graph":[{"@type":"Article","@id":"https:\/\/infoecos.com.ar\/index.php\/para-evirtar-crisis-energetica-cuatro-municipios-solicitaron-la-instalacion-de-cuatro-generadores-nuevos\/#article","isPartOf":{"@id":"https:\/\/infoecos.com.ar\/index.php\/para-evirtar-crisis-energetica-cuatro-municipios-solicitaron-la-instalacion-de-cuatro-generadores-nuevos\/"},"author":{"name":"Jorge Matheus","@id":"https:\/\/infoecos.com.ar\/#\/schema\/person\/8f5ace5ce73b4b4aac4b7245aee6f191"},"headline":"Para evitar crisis energ\u00e9tica, cuatro municipios solicitaron la instalaci\u00f3n de cuatro generadores nuevos","datePublished":"2022-08-03T20:17:02+00:00","dateModified":"2022-08-05T03:35:03+00:00","mainEntityOfPage":{"@id":"https:\/\/infoecos.com.ar\/index.php\/para-evirtar-crisis-energetica-cuatro-municipios-solicitaron-la-instalacion-de-cuatro-generadores-nuevos\/"},"wordCount":206,"publisher":{"@id":"https:\/\/infoecos.com.ar\/#organization"},"image":{"@id":"https:\/\/infoecos.com.ar\/index.php\/para-evirtar-crisis-energetica-cuatro-municipios-solicitaron-la-instalacion-de-cuatro-generadores-nuevos\/#primaryimage"},"thumbnailUrl":"","keywords":["A.ALSINA-GUAMIN\u00cd-eSPARTILLAR-sAAVEDRA"],"articleSection":["Bloque inferior - 2"],"inLanguage":"es"},{"@type":"WebPage","@id":"https:\/\/infoecos.com.ar\/index.php\/para-evirtar-crisis-energetica-cuatro-municipios-solicitaron-la-instalacion-de-cuatro-generadores-nuevos\/","url":"https:\/\/infoecos.com.ar\/index.php\/para-evirtar-crisis-energetica-cuatro-municipios-solicitaron-la-instalacion-de-cuatro-generadores-nuevos\/","name":"Para evitar crisis energ\u00e9tica, cuatro municipios solicitaron la instalaci\u00f3n de cuatro generadores nuevos - Infoecos","isPartOf":{"@id":"https:\/\/infoecos.com.ar\/#website"},"primaryImageOfPage":{"@id":"https:\/\/infoecos.com.ar\/index.php\/para-evirtar-crisis-energetica-cuatro-municipios-solicitaron-la-instalacion-de-cuatro-generadores-nuevos\/#primaryimage"},"image":{"@id":"https:\/\/infoecos.com.ar\/index.php\/para-evirtar-crisis-energetica-cuatro-municipios-solicitaron-la-instalacion-de-cuatro-generadores-nuevos\/#primaryimage"},"thumbnailUrl":"","datePublished":"2022-08-03T20:17:02+00:00","dateModified":"2022-08-05T03:35:03+00:00","breadcrumb":{"@id":"https:\/\/infoecos.com.ar\/index.php\/para-evirtar-crisis-energetica-cuatro-municipios-solicitaron-la-instalacion-de-cuatro-generadores-nuevos\/#breadcrumb"},"inLanguage":"es","potentialAction":[{"@type":"ReadAction","target":["https:\/\/infoecos.com.ar\/index.php\/para-evirtar-crisis-energetica-cuatro-municipios-solicitaron-la-instalacion-de-cuatro-generadores-nuevos\/"]}]},{"@type":"ImageObject","inLanguage":"es","@id":"https:\/\/infoecos.com.ar\/index.php\/para-evirtar-crisis-energetica-cuatro-municipios-solicitaron-la-instalacion-de-cuatro-generadores-nuevos\/#primaryimage","url":"","contentUrl":""},{"@type":"BreadcrumbList","@id":"https:\/\/infoecos.com.ar\/index.php\/para-evirtar-crisis-energetica-cuatro-municipios-solicitaron-la-instalacion-de-cuatro-generadores-nuevos\/#breadcrumb","itemListElement":[{"@type":"ListItem","position":1,"name":"Portada","item":"https:\/\/infoecos.com.ar\/"},{"@type":"ListItem","position":2,"name":"Para evitar crisis energ\u00e9tica, cuatro municipios solicitaron la instalaci\u00f3n de cuatro generadores nuevos"}]},{"@type":"WebSite","@id":"https:\/\/infoecos.com.ar\/#website","url":"https:\/\/infoecos.com.ar\/","name":"Infoecos","description":"Noticias de trenque lauquen y la zona","publisher":{"@id":"https:\/\/infoecos.com.ar\/#organization"},"alternateName":"Noticias","potentialAction":[{"@type":"SearchAction","target":{"@type":"EntryPoint","urlTemplate":"https:\/\/infoecos.com.ar\/?s={search_term_string}"},"query-input":{"@type":"PropertyValueSpecification","valueRequired":true,"valueName":"search_term_string"}}],"inLanguage":"es"},{"@type":"Organization","@id":"https:\/\/infoecos.com.ar\/#organization","name":"Infoecos","alternateName":"Noticias","url":"https:\/\/infoecos.com.ar\/","logo":{"@type":"ImageObject","inLanguage":"es","@id":"https:\/\/infoecos.com.ar\/#\/schema\/logo\/image\/","url":"https:\/\/infoecos.com.ar\/wp-content\/uploads\/2024\/03\/cropped-logo.png","contentUrl":"https:\/\/infoecos.com.ar\/wp-content\/uploads\/2024\/03\/cropped-logo.png","width":374,"height":90,"caption":"Infoecos"},"image":{"@id":"https:\/\/infoecos.com.ar\/#\/schema\/logo\/image\/"},"sameAs":["https:\/\/www.facebook.com\/profile.php?id=100063200290284","https:\/\/x.com\/infoecos"]},{"@type":"Person","@id":"https:\/\/infoecos.com.ar\/#\/schema\/person\/8f5ace5ce73b4b4aac4b7245aee6f191","name":"Jorge Matheus","url":"https:\/\/infoecos.com.ar\/index.php\/author\/jomatheus\/"}]}},"featured_image_urls":{"full":"","thumbnail":"","medium":"","medium_large":"","large":"","1536x1536":"","2048x2048":"","covernews-slider-full":"","covernews-slider-center":"","covernews-featured":"","covernews-medium":"","covernews-medium-square":""},"author_info":{"info":["Jorge Matheus"]},"category_info":"<a href=\"https:\/\/infoecos.com.ar\/index.php\/category\/inferior2\/\" rel=\"category tag\">Bloque inferior - 2<\/a>","tag_info":"Bloque inferior - 2","comment_count":"0","_links":{"self":[{"href":"https:\/\/infoecos.com.ar\/index.php\/wp-json\/wp\/v2\/posts\/95604"}],"collection":[{"href":"https:\/\/infoecos.com.ar\/index.php\/wp-json\/wp\/v2\/posts"}],"about":[{"href":"https:\/\/infoecos.com.ar\/index.php\/wp-json\/wp\/v2\/types\/post"}],"author":[{"embeddable":true,"href":"https:\/\/infoecos.com.ar\/index.php\/wp-json\/wp\/v2\/users\/2"}],"replies":[{"embeddable":true,"href":"https:\/\/infoecos.com.ar\/index.php\/wp-json\/wp\/v2\/comments?post=95604"}],"version-history":[{"count":3,"href":"https:\/\/infoecos.com.ar\/index.php\/wp-json\/wp\/v2\/posts\/95604\/revisions"}],"predecessor-version":[{"id":95640,"href":"https:\/\/infoecos.com.ar\/index.php\/wp-json\/wp\/v2\/posts\/95604\/revisions\/95640"}],"wp:featuredmedia":[{"embeddable":true,"href":"https:\/\/infoecos.com.ar\/index.php\/wp-json\/"}],"wp:attachment":[{"href":"https:\/\/infoecos.com.ar\/index.php\/wp-json\/wp\/v2\/media?parent=95604"}],"wp:term":[{"taxonomy":"category","embeddable":true,"href":"https:\/\/infoecos.com.ar\/index.php\/wp-json\/wp\/v2\/categories?post=95604"},{"taxonomy":"post_tag","embeddable":true,"href":"https:\/\/infoecos.com.ar\/index.php\/wp-json\/wp\/v2\/tags?post=95604"}],"curies":[{"name":"wp","href":"https:\/\/api.w.org\/{rel}","templated":true}]}}