{"id":95638,"date":"2022-08-04T01:53:10","date_gmt":"2022-08-04T04:53:10","guid":{"rendered":"http:\/\/infoecos.com.ar\/?p=95638"},"modified":"2022-08-06T04:10:32","modified_gmt":"2022-08-06T07:10:32","slug":"el-sitio-veradia-com-de-salliquelo-senala-que-el-presidente-estaria-en-ese-distrito-el-lunes","status":"publish","type":"post","link":"https:\/\/infoecos.com.ar\/index.php\/el-sitio-veradia-com-de-salliquelo-senala-que-el-presidente-estaria-en-ese-distrito-el-lunes\/","title":{"rendered":"El sitio veradia.com de Salliquel\u00f3 se\u00f1ala que el presidente estar\u00eda en ese distrito, el lunes"},"content":{"rendered":"\n<p>ENARSA pospuso el acto que organizaba para este viernes 5 de agosto, en el que se firmar\u00eda con las empresas adjudicatarias de la obra los contratos para la construcci\u00f3n del \u201cGasoducto Presidente N\u00e9stor Kirchner\u201d.<\/p>\n\n\n\n<figure class=\"wp-block-image aligncenter size-large is-resized\"><img loading=\"lazy\" decoding=\"async\" src=\"http:\/\/infoecos.com.ar\/wp-content\/uploads\/Camuzzi-960x640-920x613.jpg\" alt=\"\" class=\"wp-image-48393\" width=\"546\" height=\"363\"\/><figcaption>Gasoducto<\/figcaption><\/figure>\n\n\n\n<p>Hasta el momento no ha sido anunciado de manera oficial cu\u00e1ndo y d\u00f3nde se realizar\u00e1 la firma. Pero ser\u00eda el lunes 8 en el gimnasio del Club Cecil A. Roberts de Salliquel\u00f3 en horario a definir.<\/p>\n\n\n\n<p>De acuerdo a fuentes consultadas por Veradia.com, la reprogramaci\u00f3n de la ceremonia se deber\u00eda a que el Presidente de la Naci\u00f3n, Alberto Fern\u00e1ndez, tiene previsto asistir y por cuestiones de agenda no pod\u00eda hacerlo en la primera fecha fijada. Adem\u00e1s&nbsp;del Primer Mandatario, se espera que asistan&nbsp;funcionarios de primera l\u00ednea del Gobierno Nacional, como el ministro de Econom\u00eda, Producci\u00f3n y Agricultura, Sergio Massa.<\/p>\n\n\n\n<figure class=\"wp-block-image aligncenter size-full is-resized\"><img loading=\"lazy\" decoding=\"async\" src=\"http:\/\/infoecos.com.ar\/wp-content\/uploads\/2022\/07\/gasoducto-1.jpg\" alt=\"\" class=\"wp-image-95119\" width=\"559\" height=\"369\" srcset=\"https:\/\/infoecos.com.ar\/wp-content\/uploads\/2022\/07\/gasoducto-1.jpg 690w, https:\/\/infoecos.com.ar\/wp-content\/uploads\/2022\/07\/gasoducto-1-460x303.jpg 460w\" sizes=\"(max-width: 559px) 100vw, 559px\" \/><\/figure>\n\n\n\n<p>Quien ya confirm\u00f3 su presencia, independientemente del d\u00eda y el lugar en que se realice el acto, fue el gobernador bonaerense, Axel Kicillof, que&nbsp;consultado al respecto por este medio durante su visita a Salliquel\u00f3 dijo desconocer los detalles de la organizaci\u00f3n, pero advirti\u00f3: \u201cEsta obra es un hecho hist\u00f3rico que le cambiar\u00e1 la vida a la provincia y al pa\u00eds, por eso, cuando est\u00e9n esos contratos para ser firmados, que me chiflen y yo estoy\u201d.<\/p>\n","protected":false},"excerpt":{"rendered":"<p>Hasta el momento no ha sido anunciado de manera oficial cu\u00e1ndo y d\u00f3nde se realizar\u00e1 la firma. Pero ser\u00eda el lunes 8 en el gimnasio del Club Cecil A. Roberts de Salliquel\u00f3 en horario a definir<\/p>\n","protected":false},"author":2,"featured_media":48393,"comment_status":"closed","ping_status":"open","sticky":false,"template":"","format":"standard","meta":{"footnotes":""},"categories":[1332],"tags":[6453],"class_list":["post-95638","post","type-post","status-publish","format-standard","has-post-thumbnail","hentry","category-inferior12","tag-gasoducto-nestor-kirchner"],"yoast_head":"<!-- This site is optimized with the Yoast SEO plugin v23.4 - https:\/\/yoast.com\/wordpress\/plugins\/seo\/ -->\n<title>El sitio veradia.com de Salliquel\u00f3 se\u00f1ala que el presidente estar\u00eda en ese distrito, el lunes - Infoecos<\/title>\n<meta name=\"robots\" content=\"index, follow, max-snippet:-1, max-image-preview:large, max-video-preview:-1\" \/>\n<link rel=\"canonical\" href=\"https:\/\/infoecos.com.ar\/index.php\/el-sitio-veradia-com-de-salliquelo-senala-que-el-presidente-estaria-en-ese-distrito-el-lunes\/\" \/>\n<meta property=\"og:locale\" content=\"es_ES\" \/>\n<meta property=\"og:type\" content=\"article\" \/>\n<meta property=\"og:title\" content=\"El sitio veradia.com de Salliquel\u00f3 se\u00f1ala que el presidente estar\u00eda en ese distrito, el lunes - Infoecos\" \/>\n<meta property=\"og:description\" content=\"Hasta el momento no ha sido anunciado de manera oficial cu\u00e1ndo y d\u00f3nde se realizar\u00e1 la firma. Pero ser\u00eda el lunes 8 en el gimnasio del Club Cecil A. Roberts de Salliquel\u00f3 en horario a definir\" \/>\n<meta property=\"og:url\" content=\"https:\/\/infoecos.com.ar\/index.php\/el-sitio-veradia-com-de-salliquelo-senala-que-el-presidente-estaria-en-ese-distrito-el-lunes\/\" \/>\n<meta property=\"og:site_name\" content=\"Infoecos\" \/>\n<meta property=\"article:publisher\" content=\"https:\/\/www.facebook.com\/profile.php?id=100063200290284\" \/>\n<meta property=\"article:published_time\" content=\"2022-08-04T04:53:10+00:00\" \/>\n<meta property=\"article:modified_time\" content=\"2022-08-06T07:10:32+00:00\" \/>\n<meta property=\"og:image\" content=\"https:\/\/infoecos.com.ar\/wp-content\/uploads\/Camuzzi-960x640.jpg\" \/>\n\t<meta property=\"og:image:width\" content=\"960\" \/>\n\t<meta property=\"og:image:height\" content=\"640\" \/>\n\t<meta property=\"og:image:type\" content=\"image\/jpeg\" \/>\n<meta name=\"author\" content=\"Jorge Matheus\" \/>\n<meta name=\"twitter:card\" content=\"summary_large_image\" \/>\n<meta name=\"twitter:creator\" content=\"@infoecos\" \/>\n<meta name=\"twitter:site\" content=\"@infoecos\" \/>\n<meta name=\"twitter:label1\" content=\"Escrito por\" \/>\n\t<meta name=\"twitter:data1\" content=\"Jorge Matheus\" \/>\n\t<meta name=\"twitter:label2\" content=\"Tiempo de lectura\" \/>\n\t<meta name=\"twitter:data2\" content=\"1 minuto\" \/>\n<script type=\"application\/ld+json\" class=\"yoast-schema-graph\">{\"@context\":\"https:\/\/schema.org\",\"@graph\":[{\"@type\":\"Article\",\"@id\":\"https:\/\/infoecos.com.ar\/index.php\/el-sitio-veradia-com-de-salliquelo-senala-que-el-presidente-estaria-en-ese-distrito-el-lunes\/#article\",\"isPartOf\":{\"@id\":\"https:\/\/infoecos.com.ar\/index.php\/el-sitio-veradia-com-de-salliquelo-senala-que-el-presidente-estaria-en-ese-distrito-el-lunes\/\"},\"author\":{\"name\":\"Jorge Matheus\",\"@id\":\"https:\/\/infoecos.com.ar\/#\/schema\/person\/8f5ace5ce73b4b4aac4b7245aee6f191\"},\"headline\":\"El sitio veradia.com de Salliquel\u00f3 se\u00f1ala que el presidente estar\u00eda en ese distrito, el lunes\",\"datePublished\":\"2022-08-04T04:53:10+00:00\",\"dateModified\":\"2022-08-06T07:10:32+00:00\",\"mainEntityOfPage\":{\"@id\":\"https:\/\/infoecos.com.ar\/index.php\/el-sitio-veradia-com-de-salliquelo-senala-que-el-presidente-estaria-en-ese-distrito-el-lunes\/\"},\"wordCount\":251,\"publisher\":{\"@id\":\"https:\/\/infoecos.com.ar\/#organization\"},\"image\":{\"@id\":\"https:\/\/infoecos.com.ar\/index.php\/el-sitio-veradia-com-de-salliquelo-senala-que-el-presidente-estaria-en-ese-distrito-el-lunes\/#primaryimage\"},\"thumbnailUrl\":\"\",\"keywords\":[\"GASODUCTO N\u00c9STOR KIRCHNER\"],\"articleSection\":[\"Bloque inferior - 12\"],\"inLanguage\":\"es\"},{\"@type\":\"WebPage\",\"@id\":\"https:\/\/infoecos.com.ar\/index.php\/el-sitio-veradia-com-de-salliquelo-senala-que-el-presidente-estaria-en-ese-distrito-el-lunes\/\",\"url\":\"https:\/\/infoecos.com.ar\/index.php\/el-sitio-veradia-com-de-salliquelo-senala-que-el-presidente-estaria-en-ese-distrito-el-lunes\/\",\"name\":\"El sitio veradia.com de Salliquel\u00f3 se\u00f1ala que el presidente estar\u00eda en ese distrito, el lunes - Infoecos\",\"isPartOf\":{\"@id\":\"https:\/\/infoecos.com.ar\/#website\"},\"primaryImageOfPage\":{\"@id\":\"https:\/\/infoecos.com.ar\/index.php\/el-sitio-veradia-com-de-salliquelo-senala-que-el-presidente-estaria-en-ese-distrito-el-lunes\/#primaryimage\"},\"image\":{\"@id\":\"https:\/\/infoecos.com.ar\/index.php\/el-sitio-veradia-com-de-salliquelo-senala-que-el-presidente-estaria-en-ese-distrito-el-lunes\/#primaryimage\"},\"thumbnailUrl\":\"\",\"datePublished\":\"2022-08-04T04:53:10+00:00\",\"dateModified\":\"2022-08-06T07:10:32+00:00\",\"breadcrumb\":{\"@id\":\"https:\/\/infoecos.com.ar\/index.php\/el-sitio-veradia-com-de-salliquelo-senala-que-el-presidente-estaria-en-ese-distrito-el-lunes\/#breadcrumb\"},\"inLanguage\":\"es\",\"potentialAction\":[{\"@type\":\"ReadAction\",\"target\":[\"https:\/\/infoecos.com.ar\/index.php\/el-sitio-veradia-com-de-salliquelo-senala-que-el-presidente-estaria-en-ese-distrito-el-lunes\/\"]}]},{\"@type\":\"ImageObject\",\"inLanguage\":\"es\",\"@id\":\"https:\/\/infoecos.com.ar\/index.php\/el-sitio-veradia-com-de-salliquelo-senala-que-el-presidente-estaria-en-ese-distrito-el-lunes\/#primaryimage\",\"url\":\"\",\"contentUrl\":\"\"},{\"@type\":\"BreadcrumbList\",\"@id\":\"https:\/\/infoecos.com.ar\/index.php\/el-sitio-veradia-com-de-salliquelo-senala-que-el-presidente-estaria-en-ese-distrito-el-lunes\/#breadcrumb\",\"itemListElement\":[{\"@type\":\"ListItem\",\"position\":1,\"name\":\"Portada\",\"item\":\"https:\/\/infoecos.com.ar\/\"},{\"@type\":\"ListItem\",\"position\":2,\"name\":\"El sitio veradia.com de Salliquel\u00f3 se\u00f1ala que el presidente estar\u00eda en ese distrito, el lunes\"}]},{\"@type\":\"WebSite\",\"@id\":\"https:\/\/infoecos.com.ar\/#website\",\"url\":\"https:\/\/infoecos.com.ar\/\",\"name\":\"Infoecos\",\"description\":\"Noticias de trenque lauquen y la zona\",\"publisher\":{\"@id\":\"https:\/\/infoecos.com.ar\/#organization\"},\"alternateName\":\"Noticias\",\"potentialAction\":[{\"@type\":\"SearchAction\",\"target\":{\"@type\":\"EntryPoint\",\"urlTemplate\":\"https:\/\/infoecos.com.ar\/?s={search_term_string}\"},\"query-input\":{\"@type\":\"PropertyValueSpecification\",\"valueRequired\":true,\"valueName\":\"search_term_string\"}}],\"inLanguage\":\"es\"},{\"@type\":\"Organization\",\"@id\":\"https:\/\/infoecos.com.ar\/#organization\",\"name\":\"Infoecos\",\"alternateName\":\"Noticias\",\"url\":\"https:\/\/infoecos.com.ar\/\",\"logo\":{\"@type\":\"ImageObject\",\"inLanguage\":\"es\",\"@id\":\"https:\/\/infoecos.com.ar\/#\/schema\/logo\/image\/\",\"url\":\"https:\/\/infoecos.com.ar\/wp-content\/uploads\/2024\/03\/cropped-logo.png\",\"contentUrl\":\"https:\/\/infoecos.com.ar\/wp-content\/uploads\/2024\/03\/cropped-logo.png\",\"width\":374,\"height\":90,\"caption\":\"Infoecos\"},\"image\":{\"@id\":\"https:\/\/infoecos.com.ar\/#\/schema\/logo\/image\/\"},\"sameAs\":[\"https:\/\/www.facebook.com\/profile.php?id=100063200290284\",\"https:\/\/x.com\/infoecos\"]},{\"@type\":\"Person\",\"@id\":\"https:\/\/infoecos.com.ar\/#\/schema\/person\/8f5ace5ce73b4b4aac4b7245aee6f191\",\"name\":\"Jorge Matheus\",\"url\":\"https:\/\/infoecos.com.ar\/index.php\/author\/jomatheus\/\"}]}<\/script>\n<!-- \/ Yoast SEO plugin. -->","yoast_head_json":{"title":"El sitio veradia.com de Salliquel\u00f3 se\u00f1ala que el presidente estar\u00eda en ese distrito, el lunes - Infoecos","robots":{"index":"index","follow":"follow","max-snippet":"max-snippet:-1","max-image-preview":"max-image-preview:large","max-video-preview":"max-video-preview:-1"},"canonical":"https:\/\/infoecos.com.ar\/index.php\/el-sitio-veradia-com-de-salliquelo-senala-que-el-presidente-estaria-en-ese-distrito-el-lunes\/","og_locale":"es_ES","og_type":"article","og_title":"El sitio veradia.com de Salliquel\u00f3 se\u00f1ala que el presidente estar\u00eda en ese distrito, el lunes - Infoecos","og_description":"Hasta el momento no ha sido anunciado de manera oficial cu\u00e1ndo y d\u00f3nde se realizar\u00e1 la firma. Pero ser\u00eda el lunes 8 en el gimnasio del Club Cecil A. Roberts de Salliquel\u00f3 en horario a definir","og_url":"https:\/\/infoecos.com.ar\/index.php\/el-sitio-veradia-com-de-salliquelo-senala-que-el-presidente-estaria-en-ese-distrito-el-lunes\/","og_site_name":"Infoecos","article_publisher":"https:\/\/www.facebook.com\/profile.php?id=100063200290284","article_published_time":"2022-08-04T04:53:10+00:00","article_modified_time":"2022-08-06T07:10:32+00:00","og_image":[{"width":960,"height":640,"url":"https:\/\/infoecos.com.ar\/wp-content\/uploads\/Camuzzi-960x640.jpg","type":"image\/jpeg"}],"author":"Jorge Matheus","twitter_card":"summary_large_image","twitter_creator":"@infoecos","twitter_site":"@infoecos","twitter_misc":{"Escrito por":"Jorge Matheus","Tiempo de lectura":"1 minuto"},"schema":{"@context":"https:\/\/schema.org","@graph":[{"@type":"Article","@id":"https:\/\/infoecos.com.ar\/index.php\/el-sitio-veradia-com-de-salliquelo-senala-que-el-presidente-estaria-en-ese-distrito-el-lunes\/#article","isPartOf":{"@id":"https:\/\/infoecos.com.ar\/index.php\/el-sitio-veradia-com-de-salliquelo-senala-que-el-presidente-estaria-en-ese-distrito-el-lunes\/"},"author":{"name":"Jorge Matheus","@id":"https:\/\/infoecos.com.ar\/#\/schema\/person\/8f5ace5ce73b4b4aac4b7245aee6f191"},"headline":"El sitio veradia.com de Salliquel\u00f3 se\u00f1ala que el presidente estar\u00eda en ese distrito, el lunes","datePublished":"2022-08-04T04:53:10+00:00","dateModified":"2022-08-06T07:10:32+00:00","mainEntityOfPage":{"@id":"https:\/\/infoecos.com.ar\/index.php\/el-sitio-veradia-com-de-salliquelo-senala-que-el-presidente-estaria-en-ese-distrito-el-lunes\/"},"wordCount":251,"publisher":{"@id":"https:\/\/infoecos.com.ar\/#organization"},"image":{"@id":"https:\/\/infoecos.com.ar\/index.php\/el-sitio-veradia-com-de-salliquelo-senala-que-el-presidente-estaria-en-ese-distrito-el-lunes\/#primaryimage"},"thumbnailUrl":"","keywords":["GASODUCTO N\u00c9STOR KIRCHNER"],"articleSection":["Bloque inferior - 12"],"inLanguage":"es"},{"@type":"WebPage","@id":"https:\/\/infoecos.com.ar\/index.php\/el-sitio-veradia-com-de-salliquelo-senala-que-el-presidente-estaria-en-ese-distrito-el-lunes\/","url":"https:\/\/infoecos.com.ar\/index.php\/el-sitio-veradia-com-de-salliquelo-senala-que-el-presidente-estaria-en-ese-distrito-el-lunes\/","name":"El sitio veradia.com de Salliquel\u00f3 se\u00f1ala que el presidente estar\u00eda en ese distrito, el lunes - Infoecos","isPartOf":{"@id":"https:\/\/infoecos.com.ar\/#website"},"primaryImageOfPage":{"@id":"https:\/\/infoecos.com.ar\/index.php\/el-sitio-veradia-com-de-salliquelo-senala-que-el-presidente-estaria-en-ese-distrito-el-lunes\/#primaryimage"},"image":{"@id":"https:\/\/infoecos.com.ar\/index.php\/el-sitio-veradia-com-de-salliquelo-senala-que-el-presidente-estaria-en-ese-distrito-el-lunes\/#primaryimage"},"thumbnailUrl":"","datePublished":"2022-08-04T04:53:10+00:00","dateModified":"2022-08-06T07:10:32+00:00","breadcrumb":{"@id":"https:\/\/infoecos.com.ar\/index.php\/el-sitio-veradia-com-de-salliquelo-senala-que-el-presidente-estaria-en-ese-distrito-el-lunes\/#breadcrumb"},"inLanguage":"es","potentialAction":[{"@type":"ReadAction","target":["https:\/\/infoecos.com.ar\/index.php\/el-sitio-veradia-com-de-salliquelo-senala-que-el-presidente-estaria-en-ese-distrito-el-lunes\/"]}]},{"@type":"ImageObject","inLanguage":"es","@id":"https:\/\/infoecos.com.ar\/index.php\/el-sitio-veradia-com-de-salliquelo-senala-que-el-presidente-estaria-en-ese-distrito-el-lunes\/#primaryimage","url":"","contentUrl":""},{"@type":"BreadcrumbList","@id":"https:\/\/infoecos.com.ar\/index.php\/el-sitio-veradia-com-de-salliquelo-senala-que-el-presidente-estaria-en-ese-distrito-el-lunes\/#breadcrumb","itemListElement":[{"@type":"ListItem","position":1,"name":"Portada","item":"https:\/\/infoecos.com.ar\/"},{"@type":"ListItem","position":2,"name":"El sitio veradia.com de Salliquel\u00f3 se\u00f1ala que el presidente estar\u00eda en ese distrito, el lunes"}]},{"@type":"WebSite","@id":"https:\/\/infoecos.com.ar\/#website","url":"https:\/\/infoecos.com.ar\/","name":"Infoecos","description":"Noticias de trenque lauquen y la zona","publisher":{"@id":"https:\/\/infoecos.com.ar\/#organization"},"alternateName":"Noticias","potentialAction":[{"@type":"SearchAction","target":{"@type":"EntryPoint","urlTemplate":"https:\/\/infoecos.com.ar\/?s={search_term_string}"},"query-input":{"@type":"PropertyValueSpecification","valueRequired":true,"valueName":"search_term_string"}}],"inLanguage":"es"},{"@type":"Organization","@id":"https:\/\/infoecos.com.ar\/#organization","name":"Infoecos","alternateName":"Noticias","url":"https:\/\/infoecos.com.ar\/","logo":{"@type":"ImageObject","inLanguage":"es","@id":"https:\/\/infoecos.com.ar\/#\/schema\/logo\/image\/","url":"https:\/\/infoecos.com.ar\/wp-content\/uploads\/2024\/03\/cropped-logo.png","contentUrl":"https:\/\/infoecos.com.ar\/wp-content\/uploads\/2024\/03\/cropped-logo.png","width":374,"height":90,"caption":"Infoecos"},"image":{"@id":"https:\/\/infoecos.com.ar\/#\/schema\/logo\/image\/"},"sameAs":["https:\/\/www.facebook.com\/profile.php?id=100063200290284","https:\/\/x.com\/infoecos"]},{"@type":"Person","@id":"https:\/\/infoecos.com.ar\/#\/schema\/person\/8f5ace5ce73b4b4aac4b7245aee6f191","name":"Jorge Matheus","url":"https:\/\/infoecos.com.ar\/index.php\/author\/jomatheus\/"}]}},"featured_image_urls":{"full":"","thumbnail":"","medium":"","medium_large":"","large":"","1536x1536":"","2048x2048":"","covernews-slider-full":"","covernews-slider-center":"","covernews-featured":"","covernews-medium":"","covernews-medium-square":""},"author_info":{"info":["Jorge Matheus"]},"category_info":"<a href=\"https:\/\/infoecos.com.ar\/index.php\/category\/inferior12\/\" rel=\"category tag\">Bloque inferior - 12<\/a>","tag_info":"Bloque inferior - 12","comment_count":"0","_links":{"self":[{"href":"https:\/\/infoecos.com.ar\/index.php\/wp-json\/wp\/v2\/posts\/95638"}],"collection":[{"href":"https:\/\/infoecos.com.ar\/index.php\/wp-json\/wp\/v2\/posts"}],"about":[{"href":"https:\/\/infoecos.com.ar\/index.php\/wp-json\/wp\/v2\/types\/post"}],"author":[{"embeddable":true,"href":"https:\/\/infoecos.com.ar\/index.php\/wp-json\/wp\/v2\/users\/2"}],"replies":[{"embeddable":true,"href":"https:\/\/infoecos.com.ar\/index.php\/wp-json\/wp\/v2\/comments?post=95638"}],"version-history":[{"count":1,"href":"https:\/\/infoecos.com.ar\/index.php\/wp-json\/wp\/v2\/posts\/95638\/revisions"}],"predecessor-version":[{"id":95639,"href":"https:\/\/infoecos.com.ar\/index.php\/wp-json\/wp\/v2\/posts\/95638\/revisions\/95639"}],"wp:featuredmedia":[{"embeddable":true,"href":"https:\/\/infoecos.com.ar\/index.php\/wp-json\/"}],"wp:attachment":[{"href":"https:\/\/infoecos.com.ar\/index.php\/wp-json\/wp\/v2\/media?parent=95638"}],"wp:term":[{"taxonomy":"category","embeddable":true,"href":"https:\/\/infoecos.com.ar\/index.php\/wp-json\/wp\/v2\/categories?post=95638"},{"taxonomy":"post_tag","embeddable":true,"href":"https:\/\/infoecos.com.ar\/index.php\/wp-json\/wp\/v2\/tags?post=95638"}],"curies":[{"name":"wp","href":"https:\/\/api.w.org\/{rel}","templated":true}]}}