{"id":95686,"date":"2022-08-04T16:31:05","date_gmt":"2022-08-04T19:31:05","guid":{"rendered":"http:\/\/infoecos.com.ar\/?p=95686"},"modified":"2022-08-06T04:04:22","modified_gmt":"2022-08-06T07:04:22","slug":"reconocimiento-a-vecinos-de-beruti-por-su-contribucion-al-enriquecimiento-historico-cultural-y-patrimonial-del-distrito","status":"publish","type":"post","link":"https:\/\/infoecos.com.ar\/index.php\/reconocimiento-a-vecinos-de-beruti-por-su-contribucion-al-enriquecimiento-historico-cultural-y-patrimonial-del-distrito\/","title":{"rendered":"Reconocimiento a vecinos por su contribuci\u00f3n al enriquecimiento hist\u00f3rico, cultural y patrimonial"},"content":{"rendered":"\n<p>El presidente del Concejo Deliberante, Alberto Rodr\u00edguez Mera, brind\u00f3 un reconocimiento al Sr. Jorge Pedini, y a las Sras. Adriana D\u00edaz y Patricia Buffarini, todos vecinos de Beruti, por su contribuci\u00f3n al enriquecimiento hist\u00f3rico, cultural y patrimonial del distrito de Trenque Lauquen, en particular por relevar los bienes patrimoniales funerarios del cementerio de esa localidad y que ha sido la fuente utilizada para la sanci\u00f3n de la Ordenanza n\u00ba 5209 del 1 de octubre de 2021.<\/p>\n\n\n\n<figure class=\"wp-block-image size-large\"><img loading=\"lazy\" decoding=\"async\" width=\"920\" height=\"690\" src=\"http:\/\/infoecos.com.ar\/wp-content\/uploads\/2022\/08\/297211874_5120913314703345_6479838054105448327_n-920x690.jpg\" alt=\"\" class=\"wp-image-95687\" srcset=\"https:\/\/infoecos.com.ar\/wp-content\/uploads\/2022\/08\/297211874_5120913314703345_6479838054105448327_n-920x690.jpg 920w, https:\/\/infoecos.com.ar\/wp-content\/uploads\/2022\/08\/297211874_5120913314703345_6479838054105448327_n-460x345.jpg 460w, https:\/\/infoecos.com.ar\/wp-content\/uploads\/2022\/08\/297211874_5120913314703345_6479838054105448327_n-768x576.jpg 768w, https:\/\/infoecos.com.ar\/wp-content\/uploads\/2022\/08\/297211874_5120913314703345_6479838054105448327_n-1024x768.jpg 1024w, https:\/\/infoecos.com.ar\/wp-content\/uploads\/2022\/08\/297211874_5120913314703345_6479838054105448327_n.jpg 1280w\" sizes=\"(max-width: 920px) 100vw, 920px\" \/><\/figure>\n\n\n\n<p>Rodr\u00edguez Mera entreg\u00f3 a cada uno de los vecinos una copia de la Resoluci\u00f3n n\u00b0 541 sancionada este a\u00f1o, que destaca y reconoce el relevamiento realizado por ellos para que dos tumbas ubicadas en el cementerio de Beruti sean incorporadas al Cat\u00e1logo de Patrimonio Cultural del Partido de Trenque Lauquen, a trav\u00e9s de la Ordenanza antes citada, la n\u00b0 5209.<\/p>\n\n\n\n<p>Una es la tumba denominada \u201cEl Misterio de la Cruz Torcida\u201d, caracterizada como una<br>sepultura de dise\u00f1o poco frecuente que se ve en muy pocos cementerios de nuestro<br>pa\u00eds, siendo su dise\u00f1o semejante a la c\u00fapula de una catedral, terminando con una cruz<br>donde se puede observar que su travesado (patibulum) se encuentra en forma oblicua a<br>45\u00b0 respecto del palo o \u00e1rbol (el stipes o staticulum) que conforma su dise\u00f1o.<\/p>\n\n\n\n<figure class=\"wp-block-image size-large\"><img loading=\"lazy\" decoding=\"async\" width=\"920\" height=\"690\" src=\"http:\/\/infoecos.com.ar\/wp-content\/uploads\/2022\/08\/297066403_5120913298036680_3984372479603920274_n-920x690.jpg\" alt=\"\" class=\"wp-image-95688\" srcset=\"https:\/\/infoecos.com.ar\/wp-content\/uploads\/2022\/08\/297066403_5120913298036680_3984372479603920274_n-920x690.jpg 920w, https:\/\/infoecos.com.ar\/wp-content\/uploads\/2022\/08\/297066403_5120913298036680_3984372479603920274_n-460x345.jpg 460w, https:\/\/infoecos.com.ar\/wp-content\/uploads\/2022\/08\/297066403_5120913298036680_3984372479603920274_n-768x576.jpg 768w, https:\/\/infoecos.com.ar\/wp-content\/uploads\/2022\/08\/297066403_5120913298036680_3984372479603920274_n-1024x768.jpg 1024w, https:\/\/infoecos.com.ar\/wp-content\/uploads\/2022\/08\/297066403_5120913298036680_3984372479603920274_n.jpg 1280w\" sizes=\"(max-width: 920px) 100vw, 920px\" \/><\/figure>\n\n\n\n<p>La otra tumba, denominada \u201cLa Iglesita\u201d, es una de las que m\u00e1s se destacan por su originalidad en todo el cementerio, resultando una joya pueblerina de la arquitectura funeraria, siendo la sepultura una r\u00e9plica a escala de la Iglesia \u201cSanta Clotilde\u201d que est\u00e1 ubicada frente a la plaza de Beruti.<\/p>\n\n\n\n<p>Vale mencionar tambi\u00e9n que el trabajo de investigaci\u00f3n que llevan a cabo Jorge Pedini, Adriana D\u00edaz y Patricia Buffarini se complementa con un circuito tur\u00edstico que ellos organizan y realizan en el cementerio municipal de Beruti.<\/p>\n\n\n\n<figure class=\"wp-block-image size-large\"><img loading=\"lazy\" decoding=\"async\" width=\"920\" height=\"690\" src=\"http:\/\/infoecos.com.ar\/wp-content\/uploads\/2022\/08\/297462928_5120913308036679_3023058783596989440_n-920x690.jpg\" alt=\"\" class=\"wp-image-95689\" srcset=\"https:\/\/infoecos.com.ar\/wp-content\/uploads\/2022\/08\/297462928_5120913308036679_3023058783596989440_n-920x690.jpg 920w, https:\/\/infoecos.com.ar\/wp-content\/uploads\/2022\/08\/297462928_5120913308036679_3023058783596989440_n-460x345.jpg 460w, https:\/\/infoecos.com.ar\/wp-content\/uploads\/2022\/08\/297462928_5120913308036679_3023058783596989440_n-768x576.jpg 768w, https:\/\/infoecos.com.ar\/wp-content\/uploads\/2022\/08\/297462928_5120913308036679_3023058783596989440_n-1024x768.jpg 1024w, https:\/\/infoecos.com.ar\/wp-content\/uploads\/2022\/08\/297462928_5120913308036679_3023058783596989440_n.jpg 1280w\" sizes=\"(max-width: 920px) 100vw, 920px\" \/><\/figure>\n\n\n\n<p>Junto al presidente del HCD, participaron del acto los concejales Marta Bathis, Alejandro Casola, Francisco Recoulat, Mat\u00edas Cardini, Alicia Ramudo y Andrea Cacciabue.<\/p>\n","protected":false},"excerpt":{"rendered":"<p>Sras. Adriana D\u00edaz y Patricia Buffarini, Jorge Pedini. Su contribuci\u00f3n ha sido la fuente utilizada para la sanci\u00f3n de la Ordenanza n\u00ba 5209 del 1 de octubre de 2021.<\/p>\n","protected":false},"author":2,"featured_media":95689,"comment_status":"closed","ping_status":"open","sticky":false,"template":"","format":"standard","meta":{"footnotes":""},"categories":[43],"tags":[1714],"class_list":["post-95686","post","type-post","status-publish","format-standard","has-post-thumbnail","hentry","category-inferior4","tag-beruti-trenque-lauquen-2"],"yoast_head":"<!-- This site is optimized with the Yoast SEO plugin v23.4 - https:\/\/yoast.com\/wordpress\/plugins\/seo\/ -->\n<title>Reconocimiento a vecinos por su contribuci\u00f3n al enriquecimiento hist\u00f3rico, cultural y patrimonial - Infoecos<\/title>\n<meta name=\"robots\" content=\"index, follow, max-snippet:-1, max-image-preview:large, max-video-preview:-1\" \/>\n<link rel=\"canonical\" href=\"https:\/\/infoecos.com.ar\/index.php\/reconocimiento-a-vecinos-de-beruti-por-su-contribucion-al-enriquecimiento-historico-cultural-y-patrimonial-del-distrito\/\" \/>\n<meta property=\"og:locale\" content=\"es_ES\" \/>\n<meta property=\"og:type\" content=\"article\" \/>\n<meta property=\"og:title\" content=\"Reconocimiento a vecinos por su contribuci\u00f3n al enriquecimiento hist\u00f3rico, cultural y patrimonial - Infoecos\" \/>\n<meta property=\"og:description\" content=\"Sras. Adriana D\u00edaz y Patricia Buffarini, Jorge Pedini. Su contribuci\u00f3n ha sido la fuente utilizada para la sanci\u00f3n de la Ordenanza n\u00ba 5209 del 1 de octubre de 2021.\" \/>\n<meta property=\"og:url\" content=\"https:\/\/infoecos.com.ar\/index.php\/reconocimiento-a-vecinos-de-beruti-por-su-contribucion-al-enriquecimiento-historico-cultural-y-patrimonial-del-distrito\/\" \/>\n<meta property=\"og:site_name\" content=\"Infoecos\" \/>\n<meta property=\"article:publisher\" content=\"https:\/\/www.facebook.com\/profile.php?id=100063200290284\" \/>\n<meta property=\"article:published_time\" content=\"2022-08-04T19:31:05+00:00\" \/>\n<meta property=\"article:modified_time\" content=\"2022-08-06T07:04:22+00:00\" \/>\n<meta property=\"og:image\" content=\"https:\/\/infoecos.com.ar\/wp-content\/uploads\/2022\/08\/297462928_5120913308036679_3023058783596989440_n.jpg\" \/>\n\t<meta property=\"og:image:width\" content=\"1280\" \/>\n\t<meta property=\"og:image:height\" content=\"960\" \/>\n\t<meta property=\"og:image:type\" content=\"image\/jpeg\" \/>\n<meta name=\"author\" content=\"Jorge Matheus\" \/>\n<meta name=\"twitter:card\" content=\"summary_large_image\" \/>\n<meta name=\"twitter:creator\" content=\"@infoecos\" \/>\n<meta name=\"twitter:site\" content=\"@infoecos\" \/>\n<meta name=\"twitter:label1\" content=\"Escrito por\" \/>\n\t<meta name=\"twitter:data1\" content=\"Jorge Matheus\" \/>\n\t<meta name=\"twitter:label2\" content=\"Tiempo de lectura\" \/>\n\t<meta name=\"twitter:data2\" content=\"2 minutos\" \/>\n<script type=\"application\/ld+json\" class=\"yoast-schema-graph\">{\"@context\":\"https:\/\/schema.org\",\"@graph\":[{\"@type\":\"Article\",\"@id\":\"https:\/\/infoecos.com.ar\/index.php\/reconocimiento-a-vecinos-de-beruti-por-su-contribucion-al-enriquecimiento-historico-cultural-y-patrimonial-del-distrito\/#article\",\"isPartOf\":{\"@id\":\"https:\/\/infoecos.com.ar\/index.php\/reconocimiento-a-vecinos-de-beruti-por-su-contribucion-al-enriquecimiento-historico-cultural-y-patrimonial-del-distrito\/\"},\"author\":{\"name\":\"Jorge Matheus\",\"@id\":\"https:\/\/infoecos.com.ar\/#\/schema\/person\/8f5ace5ce73b4b4aac4b7245aee6f191\"},\"headline\":\"Reconocimiento a vecinos por su contribuci\u00f3n al enriquecimiento hist\u00f3rico, cultural y patrimonial\",\"datePublished\":\"2022-08-04T19:31:05+00:00\",\"dateModified\":\"2022-08-06T07:04:22+00:00\",\"mainEntityOfPage\":{\"@id\":\"https:\/\/infoecos.com.ar\/index.php\/reconocimiento-a-vecinos-de-beruti-por-su-contribucion-al-enriquecimiento-historico-cultural-y-patrimonial-del-distrito\/\"},\"wordCount\":343,\"publisher\":{\"@id\":\"https:\/\/infoecos.com.ar\/#organization\"},\"image\":{\"@id\":\"https:\/\/infoecos.com.ar\/index.php\/reconocimiento-a-vecinos-de-beruti-por-su-contribucion-al-enriquecimiento-historico-cultural-y-patrimonial-del-distrito\/#primaryimage\"},\"thumbnailUrl\":\"https:\/\/infoecos.com.ar\/wp-content\/uploads\/2022\/08\/297462928_5120913308036679_3023058783596989440_n.jpg\",\"keywords\":[\"BERUTI - TRENQUE LAUQUEN\"],\"articleSection\":[\"Bloque inferior - 4\"],\"inLanguage\":\"es\"},{\"@type\":\"WebPage\",\"@id\":\"https:\/\/infoecos.com.ar\/index.php\/reconocimiento-a-vecinos-de-beruti-por-su-contribucion-al-enriquecimiento-historico-cultural-y-patrimonial-del-distrito\/\",\"url\":\"https:\/\/infoecos.com.ar\/index.php\/reconocimiento-a-vecinos-de-beruti-por-su-contribucion-al-enriquecimiento-historico-cultural-y-patrimonial-del-distrito\/\",\"name\":\"Reconocimiento a vecinos por su contribuci\u00f3n al enriquecimiento hist\u00f3rico, cultural y patrimonial - Infoecos\",\"isPartOf\":{\"@id\":\"https:\/\/infoecos.com.ar\/#website\"},\"primaryImageOfPage\":{\"@id\":\"https:\/\/infoecos.com.ar\/index.php\/reconocimiento-a-vecinos-de-beruti-por-su-contribucion-al-enriquecimiento-historico-cultural-y-patrimonial-del-distrito\/#primaryimage\"},\"image\":{\"@id\":\"https:\/\/infoecos.com.ar\/index.php\/reconocimiento-a-vecinos-de-beruti-por-su-contribucion-al-enriquecimiento-historico-cultural-y-patrimonial-del-distrito\/#primaryimage\"},\"thumbnailUrl\":\"https:\/\/infoecos.com.ar\/wp-content\/uploads\/2022\/08\/297462928_5120913308036679_3023058783596989440_n.jpg\",\"datePublished\":\"2022-08-04T19:31:05+00:00\",\"dateModified\":\"2022-08-06T07:04:22+00:00\",\"breadcrumb\":{\"@id\":\"https:\/\/infoecos.com.ar\/index.php\/reconocimiento-a-vecinos-de-beruti-por-su-contribucion-al-enriquecimiento-historico-cultural-y-patrimonial-del-distrito\/#breadcrumb\"},\"inLanguage\":\"es\",\"potentialAction\":[{\"@type\":\"ReadAction\",\"target\":[\"https:\/\/infoecos.com.ar\/index.php\/reconocimiento-a-vecinos-de-beruti-por-su-contribucion-al-enriquecimiento-historico-cultural-y-patrimonial-del-distrito\/\"]}]},{\"@type\":\"ImageObject\",\"inLanguage\":\"es\",\"@id\":\"https:\/\/infoecos.com.ar\/index.php\/reconocimiento-a-vecinos-de-beruti-por-su-contribucion-al-enriquecimiento-historico-cultural-y-patrimonial-del-distrito\/#primaryimage\",\"url\":\"https:\/\/infoecos.com.ar\/wp-content\/uploads\/2022\/08\/297462928_5120913308036679_3023058783596989440_n.jpg\",\"contentUrl\":\"https:\/\/infoecos.com.ar\/wp-content\/uploads\/2022\/08\/297462928_5120913308036679_3023058783596989440_n.jpg\",\"width\":1280,\"height\":960},{\"@type\":\"BreadcrumbList\",\"@id\":\"https:\/\/infoecos.com.ar\/index.php\/reconocimiento-a-vecinos-de-beruti-por-su-contribucion-al-enriquecimiento-historico-cultural-y-patrimonial-del-distrito\/#breadcrumb\",\"itemListElement\":[{\"@type\":\"ListItem\",\"position\":1,\"name\":\"Portada\",\"item\":\"https:\/\/infoecos.com.ar\/\"},{\"@type\":\"ListItem\",\"position\":2,\"name\":\"Reconocimiento a vecinos por su contribuci\u00f3n al enriquecimiento hist\u00f3rico, cultural y patrimonial\"}]},{\"@type\":\"WebSite\",\"@id\":\"https:\/\/infoecos.com.ar\/#website\",\"url\":\"https:\/\/infoecos.com.ar\/\",\"name\":\"Infoecos\",\"description\":\"Noticias de trenque lauquen y la zona\",\"publisher\":{\"@id\":\"https:\/\/infoecos.com.ar\/#organization\"},\"alternateName\":\"Noticias\",\"potentialAction\":[{\"@type\":\"SearchAction\",\"target\":{\"@type\":\"EntryPoint\",\"urlTemplate\":\"https:\/\/infoecos.com.ar\/?s={search_term_string}\"},\"query-input\":{\"@type\":\"PropertyValueSpecification\",\"valueRequired\":true,\"valueName\":\"search_term_string\"}}],\"inLanguage\":\"es\"},{\"@type\":\"Organization\",\"@id\":\"https:\/\/infoecos.com.ar\/#organization\",\"name\":\"Infoecos\",\"alternateName\":\"Noticias\",\"url\":\"https:\/\/infoecos.com.ar\/\",\"logo\":{\"@type\":\"ImageObject\",\"inLanguage\":\"es\",\"@id\":\"https:\/\/infoecos.com.ar\/#\/schema\/logo\/image\/\",\"url\":\"https:\/\/infoecos.com.ar\/wp-content\/uploads\/2024\/03\/cropped-logo.png\",\"contentUrl\":\"https:\/\/infoecos.com.ar\/wp-content\/uploads\/2024\/03\/cropped-logo.png\",\"width\":374,\"height\":90,\"caption\":\"Infoecos\"},\"image\":{\"@id\":\"https:\/\/infoecos.com.ar\/#\/schema\/logo\/image\/\"},\"sameAs\":[\"https:\/\/www.facebook.com\/profile.php?id=100063200290284\",\"https:\/\/x.com\/infoecos\"]},{\"@type\":\"Person\",\"@id\":\"https:\/\/infoecos.com.ar\/#\/schema\/person\/8f5ace5ce73b4b4aac4b7245aee6f191\",\"name\":\"Jorge Matheus\",\"url\":\"https:\/\/infoecos.com.ar\/index.php\/author\/jomatheus\/\"}]}<\/script>\n<!-- \/ Yoast SEO plugin. -->","yoast_head_json":{"title":"Reconocimiento a vecinos por su contribuci\u00f3n al enriquecimiento hist\u00f3rico, cultural y patrimonial - Infoecos","robots":{"index":"index","follow":"follow","max-snippet":"max-snippet:-1","max-image-preview":"max-image-preview:large","max-video-preview":"max-video-preview:-1"},"canonical":"https:\/\/infoecos.com.ar\/index.php\/reconocimiento-a-vecinos-de-beruti-por-su-contribucion-al-enriquecimiento-historico-cultural-y-patrimonial-del-distrito\/","og_locale":"es_ES","og_type":"article","og_title":"Reconocimiento a vecinos por su contribuci\u00f3n al enriquecimiento hist\u00f3rico, cultural y patrimonial - Infoecos","og_description":"Sras. Adriana D\u00edaz y Patricia Buffarini, Jorge Pedini. Su contribuci\u00f3n ha sido la fuente utilizada para la sanci\u00f3n de la Ordenanza n\u00ba 5209 del 1 de octubre de 2021.","og_url":"https:\/\/infoecos.com.ar\/index.php\/reconocimiento-a-vecinos-de-beruti-por-su-contribucion-al-enriquecimiento-historico-cultural-y-patrimonial-del-distrito\/","og_site_name":"Infoecos","article_publisher":"https:\/\/www.facebook.com\/profile.php?id=100063200290284","article_published_time":"2022-08-04T19:31:05+00:00","article_modified_time":"2022-08-06T07:04:22+00:00","og_image":[{"width":1280,"height":960,"url":"https:\/\/infoecos.com.ar\/wp-content\/uploads\/2022\/08\/297462928_5120913308036679_3023058783596989440_n.jpg","type":"image\/jpeg"}],"author":"Jorge Matheus","twitter_card":"summary_large_image","twitter_creator":"@infoecos","twitter_site":"@infoecos","twitter_misc":{"Escrito por":"Jorge Matheus","Tiempo de lectura":"2 minutos"},"schema":{"@context":"https:\/\/schema.org","@graph":[{"@type":"Article","@id":"https:\/\/infoecos.com.ar\/index.php\/reconocimiento-a-vecinos-de-beruti-por-su-contribucion-al-enriquecimiento-historico-cultural-y-patrimonial-del-distrito\/#article","isPartOf":{"@id":"https:\/\/infoecos.com.ar\/index.php\/reconocimiento-a-vecinos-de-beruti-por-su-contribucion-al-enriquecimiento-historico-cultural-y-patrimonial-del-distrito\/"},"author":{"name":"Jorge Matheus","@id":"https:\/\/infoecos.com.ar\/#\/schema\/person\/8f5ace5ce73b4b4aac4b7245aee6f191"},"headline":"Reconocimiento a vecinos por su contribuci\u00f3n al enriquecimiento hist\u00f3rico, cultural y patrimonial","datePublished":"2022-08-04T19:31:05+00:00","dateModified":"2022-08-06T07:04:22+00:00","mainEntityOfPage":{"@id":"https:\/\/infoecos.com.ar\/index.php\/reconocimiento-a-vecinos-de-beruti-por-su-contribucion-al-enriquecimiento-historico-cultural-y-patrimonial-del-distrito\/"},"wordCount":343,"publisher":{"@id":"https:\/\/infoecos.com.ar\/#organization"},"image":{"@id":"https:\/\/infoecos.com.ar\/index.php\/reconocimiento-a-vecinos-de-beruti-por-su-contribucion-al-enriquecimiento-historico-cultural-y-patrimonial-del-distrito\/#primaryimage"},"thumbnailUrl":"https:\/\/infoecos.com.ar\/wp-content\/uploads\/2022\/08\/297462928_5120913308036679_3023058783596989440_n.jpg","keywords":["BERUTI - TRENQUE LAUQUEN"],"articleSection":["Bloque inferior - 4"],"inLanguage":"es"},{"@type":"WebPage","@id":"https:\/\/infoecos.com.ar\/index.php\/reconocimiento-a-vecinos-de-beruti-por-su-contribucion-al-enriquecimiento-historico-cultural-y-patrimonial-del-distrito\/","url":"https:\/\/infoecos.com.ar\/index.php\/reconocimiento-a-vecinos-de-beruti-por-su-contribucion-al-enriquecimiento-historico-cultural-y-patrimonial-del-distrito\/","name":"Reconocimiento a vecinos por su contribuci\u00f3n al enriquecimiento hist\u00f3rico, cultural y patrimonial - Infoecos","isPartOf":{"@id":"https:\/\/infoecos.com.ar\/#website"},"primaryImageOfPage":{"@id":"https:\/\/infoecos.com.ar\/index.php\/reconocimiento-a-vecinos-de-beruti-por-su-contribucion-al-enriquecimiento-historico-cultural-y-patrimonial-del-distrito\/#primaryimage"},"image":{"@id":"https:\/\/infoecos.com.ar\/index.php\/reconocimiento-a-vecinos-de-beruti-por-su-contribucion-al-enriquecimiento-historico-cultural-y-patrimonial-del-distrito\/#primaryimage"},"thumbnailUrl":"https:\/\/infoecos.com.ar\/wp-content\/uploads\/2022\/08\/297462928_5120913308036679_3023058783596989440_n.jpg","datePublished":"2022-08-04T19:31:05+00:00","dateModified":"2022-08-06T07:04:22+00:00","breadcrumb":{"@id":"https:\/\/infoecos.com.ar\/index.php\/reconocimiento-a-vecinos-de-beruti-por-su-contribucion-al-enriquecimiento-historico-cultural-y-patrimonial-del-distrito\/#breadcrumb"},"inLanguage":"es","potentialAction":[{"@type":"ReadAction","target":["https:\/\/infoecos.com.ar\/index.php\/reconocimiento-a-vecinos-de-beruti-por-su-contribucion-al-enriquecimiento-historico-cultural-y-patrimonial-del-distrito\/"]}]},{"@type":"ImageObject","inLanguage":"es","@id":"https:\/\/infoecos.com.ar\/index.php\/reconocimiento-a-vecinos-de-beruti-por-su-contribucion-al-enriquecimiento-historico-cultural-y-patrimonial-del-distrito\/#primaryimage","url":"https:\/\/infoecos.com.ar\/wp-content\/uploads\/2022\/08\/297462928_5120913308036679_3023058783596989440_n.jpg","contentUrl":"https:\/\/infoecos.com.ar\/wp-content\/uploads\/2022\/08\/297462928_5120913308036679_3023058783596989440_n.jpg","width":1280,"height":960},{"@type":"BreadcrumbList","@id":"https:\/\/infoecos.com.ar\/index.php\/reconocimiento-a-vecinos-de-beruti-por-su-contribucion-al-enriquecimiento-historico-cultural-y-patrimonial-del-distrito\/#breadcrumb","itemListElement":[{"@type":"ListItem","position":1,"name":"Portada","item":"https:\/\/infoecos.com.ar\/"},{"@type":"ListItem","position":2,"name":"Reconocimiento a vecinos por su contribuci\u00f3n al enriquecimiento hist\u00f3rico, cultural y patrimonial"}]},{"@type":"WebSite","@id":"https:\/\/infoecos.com.ar\/#website","url":"https:\/\/infoecos.com.ar\/","name":"Infoecos","description":"Noticias de trenque lauquen y la zona","publisher":{"@id":"https:\/\/infoecos.com.ar\/#organization"},"alternateName":"Noticias","potentialAction":[{"@type":"SearchAction","target":{"@type":"EntryPoint","urlTemplate":"https:\/\/infoecos.com.ar\/?s={search_term_string}"},"query-input":{"@type":"PropertyValueSpecification","valueRequired":true,"valueName":"search_term_string"}}],"inLanguage":"es"},{"@type":"Organization","@id":"https:\/\/infoecos.com.ar\/#organization","name":"Infoecos","alternateName":"Noticias","url":"https:\/\/infoecos.com.ar\/","logo":{"@type":"ImageObject","inLanguage":"es","@id":"https:\/\/infoecos.com.ar\/#\/schema\/logo\/image\/","url":"https:\/\/infoecos.com.ar\/wp-content\/uploads\/2024\/03\/cropped-logo.png","contentUrl":"https:\/\/infoecos.com.ar\/wp-content\/uploads\/2024\/03\/cropped-logo.png","width":374,"height":90,"caption":"Infoecos"},"image":{"@id":"https:\/\/infoecos.com.ar\/#\/schema\/logo\/image\/"},"sameAs":["https:\/\/www.facebook.com\/profile.php?id=100063200290284","https:\/\/x.com\/infoecos"]},{"@type":"Person","@id":"https:\/\/infoecos.com.ar\/#\/schema\/person\/8f5ace5ce73b4b4aac4b7245aee6f191","name":"Jorge Matheus","url":"https:\/\/infoecos.com.ar\/index.php\/author\/jomatheus\/"}]}},"featured_image_urls":{"full":["https:\/\/infoecos.com.ar\/wp-content\/uploads\/2022\/08\/297462928_5120913308036679_3023058783596989440_n.jpg",1280,960,false],"thumbnail":["https:\/\/infoecos.com.ar\/wp-content\/uploads\/2022\/08\/297462928_5120913308036679_3023058783596989440_n-150x150.jpg",150,150,true],"medium":["https:\/\/infoecos.com.ar\/wp-content\/uploads\/2022\/08\/297462928_5120913308036679_3023058783596989440_n-460x345.jpg",460,345,true],"medium_large":["https:\/\/infoecos.com.ar\/wp-content\/uploads\/2022\/08\/297462928_5120913308036679_3023058783596989440_n-768x576.jpg",640,480,true],"large":["https:\/\/infoecos.com.ar\/wp-content\/uploads\/2022\/08\/297462928_5120913308036679_3023058783596989440_n-920x690.jpg",640,480,true],"1536x1536":["https:\/\/infoecos.com.ar\/wp-content\/uploads\/2022\/08\/297462928_5120913308036679_3023058783596989440_n.jpg",1280,960,false],"2048x2048":["https:\/\/infoecos.com.ar\/wp-content\/uploads\/2022\/08\/297462928_5120913308036679_3023058783596989440_n.jpg",1280,960,false],"covernews-slider-full":["https:\/\/infoecos.com.ar\/wp-content\/uploads\/2022\/08\/297462928_5120913308036679_3023058783596989440_n.jpg",953,715,false],"covernews-slider-center":["https:\/\/infoecos.com.ar\/wp-content\/uploads\/2022\/08\/297462928_5120913308036679_3023058783596989440_n-936x897.jpg",522,500,true],"covernews-featured":["https:\/\/infoecos.com.ar\/wp-content\/uploads\/2022\/08\/297462928_5120913308036679_3023058783596989440_n-1024x768.jpg",1024,768,true],"covernews-medium":["https:\/\/infoecos.com.ar\/wp-content\/uploads\/2022\/08\/297462928_5120913308036679_3023058783596989440_n-720x380.jpg",540,285,true],"covernews-medium-square":["https:\/\/infoecos.com.ar\/wp-content\/uploads\/2022\/08\/297462928_5120913308036679_3023058783596989440_n-675x450.jpg",375,250,true]},"author_info":{"info":["Jorge Matheus"]},"category_info":"<a href=\"https:\/\/infoecos.com.ar\/index.php\/category\/inferior4\/\" rel=\"category tag\">Bloque inferior - 4<\/a>","tag_info":"Bloque inferior - 4","comment_count":"0","_links":{"self":[{"href":"https:\/\/infoecos.com.ar\/index.php\/wp-json\/wp\/v2\/posts\/95686"}],"collection":[{"href":"https:\/\/infoecos.com.ar\/index.php\/wp-json\/wp\/v2\/posts"}],"about":[{"href":"https:\/\/infoecos.com.ar\/index.php\/wp-json\/wp\/v2\/types\/post"}],"author":[{"embeddable":true,"href":"https:\/\/infoecos.com.ar\/index.php\/wp-json\/wp\/v2\/users\/2"}],"replies":[{"embeddable":true,"href":"https:\/\/infoecos.com.ar\/index.php\/wp-json\/wp\/v2\/comments?post=95686"}],"version-history":[{"count":2,"href":"https:\/\/infoecos.com.ar\/index.php\/wp-json\/wp\/v2\/posts\/95686\/revisions"}],"predecessor-version":[{"id":95708,"href":"https:\/\/infoecos.com.ar\/index.php\/wp-json\/wp\/v2\/posts\/95686\/revisions\/95708"}],"wp:featuredmedia":[{"embeddable":true,"href":"https:\/\/infoecos.com.ar\/index.php\/wp-json\/wp\/v2\/media\/95689"}],"wp:attachment":[{"href":"https:\/\/infoecos.com.ar\/index.php\/wp-json\/wp\/v2\/media?parent=95686"}],"wp:term":[{"taxonomy":"category","embeddable":true,"href":"https:\/\/infoecos.com.ar\/index.php\/wp-json\/wp\/v2\/categories?post=95686"},{"taxonomy":"post_tag","embeddable":true,"href":"https:\/\/infoecos.com.ar\/index.php\/wp-json\/wp\/v2\/tags?post=95686"}],"curies":[{"name":"wp","href":"https:\/\/api.w.org\/{rel}","templated":true}]}}