{"id":95722,"date":"2022-08-05T01:29:41","date_gmt":"2022-08-05T04:29:41","guid":{"rendered":"http:\/\/infoecos.com.ar\/?p=95722"},"modified":"2022-08-05T01:29:41","modified_gmt":"2022-08-05T04:29:41","slug":"que-se-recuerda-y-se-celebra-el-5-de-agosto","status":"publish","type":"post","link":"https:\/\/infoecos.com.ar\/index.php\/que-se-recuerda-y-se-celebra-el-5-de-agosto\/","title":{"rendered":"Que se recuerda y se celebra el 5 de Agosto&#8230;"},"content":{"rendered":"\n<figure class=\"wp-block-image aligncenter size-full\"><img loading=\"lazy\" decoding=\"async\" width=\"600\" height=\"260\" src=\"http:\/\/infoecos.com.ar\/wp-content\/uploads\/2022\/08\/image-40.png\" alt=\"\" class=\"wp-image-95724\" srcset=\"https:\/\/infoecos.com.ar\/wp-content\/uploads\/2022\/08\/image-40.png 600w, https:\/\/infoecos.com.ar\/wp-content\/uploads\/2022\/08\/image-40-460x199.png 460w\" sizes=\"(max-width: 600px) 100vw, 600px\" \/><\/figure>\n\n\n\n<ul class=\"wp-block-list\"><li><strong>1895\u00a0&#8211; FRIEDRICH ENGELS.\u00a0<\/strong>Muere en Londres, a la edad de 74 a\u00f1os, el fil\u00f3sofo, soci\u00f3logo y periodista alem\u00e1n Friedrich Engels, coautor con su colega y compatriota Karl Marx del estudio La situaci\u00f3n de la clase obrera en Inglaterra (1845) y el Manifiesto del Partido Comunista (1848).<\/li><li><\/li><li><strong>1914\u00a0&#8211; SEM\u00c1FORO EL\u00c9CTRICO.\u00a0<\/strong>En Cleveland se instala el primer sem\u00e1foro el\u00e9ctrico en el mundo, que ten\u00eda una luz roja y otra verde para regular el tr\u00e1nsito entre la avenida Euclid y la calle 105 de esa ciudad estadounidense, la m\u00e1s poblada del estado de Ohio. La luz de color amarillo se agreg\u00f3 a los sem\u00e1foros de Estados Unidos en 1936. El primer sem\u00e1foro del mundo, accionado en forma manual y con l\u00e1mparas a gas, fue instalado en Londres a fines de 1868, para regular el tr\u00e1nsito ferroviario.<\/li><li><\/li><li><strong>1930\u00a0&#8211; NEIL ARMSTRONG.<\/strong>\u00a0Nace en la ciudad de Wapakoneta (Ohio, EEUU) el ingeniero espacial y astronauta estadounidense Neil Alden Armstrong, quien al comando de la misi\u00f3n Apolo XI fue el primer ser humano en pisar la Luna, el 21 de julio de 1969.<\/li><li><\/li><li><strong>1937\u00a0&#8211; LOS CINCO GRANDES<\/strong>. La Asociaci\u00f3n del F\u00fatbol Argentino (AFA) establece que Boca Juniors, River Plate, Independiente, Racing Club y San Lorenzo de Almagro son los \u201ccinco grandes\u201d del pa\u00eds por tener m\u00e1s de 15.000 socios, al menos 20 a\u00f1os de permanencia en Primera Divisi\u00f3n y ganadores de al menos dos campeonatos. Se tom\u00f3 tal determinaci\u00f3n para establecer el voto proporcional de los clubes afiliados a la AFA, creada en 1934.<\/li><li><\/li><li><strong>1944\u00a0&#8211; GABRIELA ACHER.<\/strong>\u00a0Nace en Montevideo la actriz, humorista y guionista uruguaya Gabriela Acher, ganadora de un premio Mart\u00edn Fierro y de un Estrella de Mar. Trabaj\u00f3 con los populares actores y humoristas Tato Bores, Alberto Olmedo, Antonio Gasalla y Jorge Porcel. Film\u00f3 nueve pel\u00edculas.<\/li><li><\/li><li><strong>1945\u00a0&#8211; JUAN SASTURAIN<\/strong>. Nace en la ciudad bonaerense de Adolfo Gonzales Chaves el escritor y periodista Juan Sasturain, autor de una treintena de novelas policiales, relatos, cr\u00f3nicas y guiones de historietas. Es el director de la Biblioteca Nacional desde enero de 2020.<\/li><li><\/li><li><strong>1967\u00a0&#8211; PINK FLOYD<\/strong>. La banda brit\u00e1nica Pink Floyd lanza en Londres su primer disco de estudio \u00abThe Piper At The Gates Of Dawn\u00bb , uno de los m\u00e1s influyentes del rock psicod\u00e9lico. Pink Floyd evolucionar\u00eda luego hacia el rock progresivo y el sinf\u00f3nico para convertirse en una de las bandas m\u00e1s influyentes de la historia de ese g\u00e9nero musical.<\/li><li><\/li><li><strong>2014\u00a0&#8211; IGNACIO MONTOYA CARLOTTO<\/strong>. Abuelas de Plaza de Mayo anuncia la recuperaci\u00f3n de Ignacio Montoya Carlotto, nieto de la presidenta de esa organizaci\u00f3n humanitaria, Estela Barnes de Carlotto, al cabo de 36 a\u00f1os de b\u00fasqueda del beb\u00e9 que hab\u00eda tenido Laura Carlotto con su pareja Walmir Montoya, secuestrados y desaparecidos en 1977, durante la \u00faltima dictadura c\u00edvico militar. Montoya Carlotto es el nieto n\u00famero 114 recuperado por Abuelas de Plaza de Mayo.<\/li><li><\/li><li><strong>2015\u00a0&#8211; RIVER CAMPE\u00d3N.\u00a0<\/strong>Dirigido por Marcelo Gallardo, el Club Atl\u00e9tico River Plate gana su tercera copa Libertadores de Am\u00e9rica al vencer al Tigres de Monterrey mexicano por 3-0 en el estadio Monumental, con goles de Lucas Alario, Carlos S\u00e1nchez y Ramiro Funes Mori. River y Tigres hab\u00edan empatado 0-0 en el partido de ida en el Estadio Universitario, de Monterrey.<\/li><\/ul>\n","protected":false},"excerpt":{"rendered":"<p>En Cleveland se instala el primer sem\u00e1foro el\u00e9ctrico en el mundo, que ten\u00eda una luz roja y otra verde para regular el tr\u00e1nsito entre la avenida Euclid y la calle 105 de esa ciudad estadounidense, la m\u00e1s poblada del estado de Ohio. La luz de color amarillo se agreg\u00f3 a los sem\u00e1foros de Estados Unidos en 1936. El primer sem\u00e1foro del mundo, accionado en forma manual y con l\u00e1mparas a gas, fue instalado en Londres a fines de 1868, para regular el tr\u00e1nsito ferroviario.<\/p>\n","protected":false},"author":2,"featured_media":95724,"comment_status":"closed","ping_status":"open","sticky":false,"template":"","format":"standard","meta":{"footnotes":""},"categories":[197],"tags":[4812],"class_list":["post-95722","post","type-post","status-publish","format-standard","has-post-thumbnail","hentry","category-c3nota4","tag-efemerides-infoecos-2"],"yoast_head":"<!-- This site is optimized with the Yoast SEO plugin v23.4 - https:\/\/yoast.com\/wordpress\/plugins\/seo\/ -->\n<title>Que se recuerda y se celebra el 5 de Agosto... - Infoecos<\/title>\n<meta name=\"robots\" content=\"index, follow, max-snippet:-1, max-image-preview:large, max-video-preview:-1\" \/>\n<link rel=\"canonical\" href=\"https:\/\/infoecos.com.ar\/index.php\/que-se-recuerda-y-se-celebra-el-5-de-agosto\/\" \/>\n<meta property=\"og:locale\" content=\"es_ES\" \/>\n<meta property=\"og:type\" content=\"article\" \/>\n<meta property=\"og:title\" content=\"Que se recuerda y se celebra el 5 de Agosto... - Infoecos\" \/>\n<meta property=\"og:description\" content=\"En Cleveland se instala el primer sem\u00e1foro el\u00e9ctrico en el mundo, que ten\u00eda una luz roja y otra verde para regular el tr\u00e1nsito entre la avenida Euclid y la calle 105 de esa ciudad estadounidense, la m\u00e1s poblada del estado de Ohio. La luz de color amarillo se agreg\u00f3 a los sem\u00e1foros de Estados Unidos en 1936. El primer sem\u00e1foro del mundo, accionado en forma manual y con l\u00e1mparas a gas, fue instalado en Londres a fines de 1868, para regular el tr\u00e1nsito ferroviario.\" \/>\n<meta property=\"og:url\" content=\"https:\/\/infoecos.com.ar\/index.php\/que-se-recuerda-y-se-celebra-el-5-de-agosto\/\" \/>\n<meta property=\"og:site_name\" content=\"Infoecos\" \/>\n<meta property=\"article:publisher\" content=\"https:\/\/www.facebook.com\/profile.php?id=100063200290284\" \/>\n<meta property=\"article:published_time\" content=\"2022-08-05T04:29:41+00:00\" \/>\n<meta property=\"og:image\" content=\"https:\/\/infoecos.com.ar\/wp-content\/uploads\/2022\/08\/image-40.png\" \/>\n\t<meta property=\"og:image:width\" content=\"600\" \/>\n\t<meta property=\"og:image:height\" content=\"260\" \/>\n\t<meta property=\"og:image:type\" content=\"image\/png\" \/>\n<meta name=\"author\" content=\"Jorge Matheus\" \/>\n<meta name=\"twitter:card\" content=\"summary_large_image\" \/>\n<meta name=\"twitter:creator\" content=\"@infoecos\" \/>\n<meta name=\"twitter:site\" content=\"@infoecos\" \/>\n<meta name=\"twitter:label1\" content=\"Escrito por\" \/>\n\t<meta name=\"twitter:data1\" content=\"Jorge Matheus\" \/>\n\t<meta name=\"twitter:label2\" content=\"Tiempo de lectura\" \/>\n\t<meta name=\"twitter:data2\" content=\"3 minutos\" \/>\n<script type=\"application\/ld+json\" class=\"yoast-schema-graph\">{\"@context\":\"https:\/\/schema.org\",\"@graph\":[{\"@type\":\"Article\",\"@id\":\"https:\/\/infoecos.com.ar\/index.php\/que-se-recuerda-y-se-celebra-el-5-de-agosto\/#article\",\"isPartOf\":{\"@id\":\"https:\/\/infoecos.com.ar\/index.php\/que-se-recuerda-y-se-celebra-el-5-de-agosto\/\"},\"author\":{\"name\":\"Jorge Matheus\",\"@id\":\"https:\/\/infoecos.com.ar\/#\/schema\/person\/8f5ace5ce73b4b4aac4b7245aee6f191\"},\"headline\":\"Que se recuerda y se celebra el 5 de Agosto&#8230;\",\"datePublished\":\"2022-08-05T04:29:41+00:00\",\"dateModified\":\"2022-08-05T04:29:41+00:00\",\"mainEntityOfPage\":{\"@id\":\"https:\/\/infoecos.com.ar\/index.php\/que-se-recuerda-y-se-celebra-el-5-de-agosto\/\"},\"wordCount\":564,\"publisher\":{\"@id\":\"https:\/\/infoecos.com.ar\/#organization\"},\"image\":{\"@id\":\"https:\/\/infoecos.com.ar\/index.php\/que-se-recuerda-y-se-celebra-el-5-de-agosto\/#primaryimage\"},\"thumbnailUrl\":\"https:\/\/infoecos.com.ar\/wp-content\/uploads\/2022\/08\/image-40.png\",\"keywords\":[\"EFEM\u00c9RIDES INFOECOS\"],\"articleSection\":[\"C3 N4\"],\"inLanguage\":\"es\"},{\"@type\":\"WebPage\",\"@id\":\"https:\/\/infoecos.com.ar\/index.php\/que-se-recuerda-y-se-celebra-el-5-de-agosto\/\",\"url\":\"https:\/\/infoecos.com.ar\/index.php\/que-se-recuerda-y-se-celebra-el-5-de-agosto\/\",\"name\":\"Que se recuerda y se celebra el 5 de Agosto... - Infoecos\",\"isPartOf\":{\"@id\":\"https:\/\/infoecos.com.ar\/#website\"},\"primaryImageOfPage\":{\"@id\":\"https:\/\/infoecos.com.ar\/index.php\/que-se-recuerda-y-se-celebra-el-5-de-agosto\/#primaryimage\"},\"image\":{\"@id\":\"https:\/\/infoecos.com.ar\/index.php\/que-se-recuerda-y-se-celebra-el-5-de-agosto\/#primaryimage\"},\"thumbnailUrl\":\"https:\/\/infoecos.com.ar\/wp-content\/uploads\/2022\/08\/image-40.png\",\"datePublished\":\"2022-08-05T04:29:41+00:00\",\"dateModified\":\"2022-08-05T04:29:41+00:00\",\"breadcrumb\":{\"@id\":\"https:\/\/infoecos.com.ar\/index.php\/que-se-recuerda-y-se-celebra-el-5-de-agosto\/#breadcrumb\"},\"inLanguage\":\"es\",\"potentialAction\":[{\"@type\":\"ReadAction\",\"target\":[\"https:\/\/infoecos.com.ar\/index.php\/que-se-recuerda-y-se-celebra-el-5-de-agosto\/\"]}]},{\"@type\":\"ImageObject\",\"inLanguage\":\"es\",\"@id\":\"https:\/\/infoecos.com.ar\/index.php\/que-se-recuerda-y-se-celebra-el-5-de-agosto\/#primaryimage\",\"url\":\"https:\/\/infoecos.com.ar\/wp-content\/uploads\/2022\/08\/image-40.png\",\"contentUrl\":\"https:\/\/infoecos.com.ar\/wp-content\/uploads\/2022\/08\/image-40.png\",\"width\":600,\"height\":260},{\"@type\":\"BreadcrumbList\",\"@id\":\"https:\/\/infoecos.com.ar\/index.php\/que-se-recuerda-y-se-celebra-el-5-de-agosto\/#breadcrumb\",\"itemListElement\":[{\"@type\":\"ListItem\",\"position\":1,\"name\":\"Portada\",\"item\":\"https:\/\/infoecos.com.ar\/\"},{\"@type\":\"ListItem\",\"position\":2,\"name\":\"Que se recuerda y se celebra el 5 de Agosto&#8230;\"}]},{\"@type\":\"WebSite\",\"@id\":\"https:\/\/infoecos.com.ar\/#website\",\"url\":\"https:\/\/infoecos.com.ar\/\",\"name\":\"Infoecos\",\"description\":\"Noticias de trenque lauquen y la zona\",\"publisher\":{\"@id\":\"https:\/\/infoecos.com.ar\/#organization\"},\"alternateName\":\"Noticias\",\"potentialAction\":[{\"@type\":\"SearchAction\",\"target\":{\"@type\":\"EntryPoint\",\"urlTemplate\":\"https:\/\/infoecos.com.ar\/?s={search_term_string}\"},\"query-input\":{\"@type\":\"PropertyValueSpecification\",\"valueRequired\":true,\"valueName\":\"search_term_string\"}}],\"inLanguage\":\"es\"},{\"@type\":\"Organization\",\"@id\":\"https:\/\/infoecos.com.ar\/#organization\",\"name\":\"Infoecos\",\"alternateName\":\"Noticias\",\"url\":\"https:\/\/infoecos.com.ar\/\",\"logo\":{\"@type\":\"ImageObject\",\"inLanguage\":\"es\",\"@id\":\"https:\/\/infoecos.com.ar\/#\/schema\/logo\/image\/\",\"url\":\"https:\/\/infoecos.com.ar\/wp-content\/uploads\/2024\/03\/cropped-logo.png\",\"contentUrl\":\"https:\/\/infoecos.com.ar\/wp-content\/uploads\/2024\/03\/cropped-logo.png\",\"width\":374,\"height\":90,\"caption\":\"Infoecos\"},\"image\":{\"@id\":\"https:\/\/infoecos.com.ar\/#\/schema\/logo\/image\/\"},\"sameAs\":[\"https:\/\/www.facebook.com\/profile.php?id=100063200290284\",\"https:\/\/x.com\/infoecos\"]},{\"@type\":\"Person\",\"@id\":\"https:\/\/infoecos.com.ar\/#\/schema\/person\/8f5ace5ce73b4b4aac4b7245aee6f191\",\"name\":\"Jorge Matheus\",\"url\":\"https:\/\/infoecos.com.ar\/index.php\/author\/jomatheus\/\"}]}<\/script>\n<!-- \/ Yoast SEO plugin. -->","yoast_head_json":{"title":"Que se recuerda y se celebra el 5 de Agosto... - Infoecos","robots":{"index":"index","follow":"follow","max-snippet":"max-snippet:-1","max-image-preview":"max-image-preview:large","max-video-preview":"max-video-preview:-1"},"canonical":"https:\/\/infoecos.com.ar\/index.php\/que-se-recuerda-y-se-celebra-el-5-de-agosto\/","og_locale":"es_ES","og_type":"article","og_title":"Que se recuerda y se celebra el 5 de Agosto... - Infoecos","og_description":"En Cleveland se instala el primer sem\u00e1foro el\u00e9ctrico en el mundo, que ten\u00eda una luz roja y otra verde para regular el tr\u00e1nsito entre la avenida Euclid y la calle 105 de esa ciudad estadounidense, la m\u00e1s poblada del estado de Ohio. La luz de color amarillo se agreg\u00f3 a los sem\u00e1foros de Estados Unidos en 1936. El primer sem\u00e1foro del mundo, accionado en forma manual y con l\u00e1mparas a gas, fue instalado en Londres a fines de 1868, para regular el tr\u00e1nsito ferroviario.","og_url":"https:\/\/infoecos.com.ar\/index.php\/que-se-recuerda-y-se-celebra-el-5-de-agosto\/","og_site_name":"Infoecos","article_publisher":"https:\/\/www.facebook.com\/profile.php?id=100063200290284","article_published_time":"2022-08-05T04:29:41+00:00","og_image":[{"width":600,"height":260,"url":"https:\/\/infoecos.com.ar\/wp-content\/uploads\/2022\/08\/image-40.png","type":"image\/png"}],"author":"Jorge Matheus","twitter_card":"summary_large_image","twitter_creator":"@infoecos","twitter_site":"@infoecos","twitter_misc":{"Escrito por":"Jorge Matheus","Tiempo de lectura":"3 minutos"},"schema":{"@context":"https:\/\/schema.org","@graph":[{"@type":"Article","@id":"https:\/\/infoecos.com.ar\/index.php\/que-se-recuerda-y-se-celebra-el-5-de-agosto\/#article","isPartOf":{"@id":"https:\/\/infoecos.com.ar\/index.php\/que-se-recuerda-y-se-celebra-el-5-de-agosto\/"},"author":{"name":"Jorge Matheus","@id":"https:\/\/infoecos.com.ar\/#\/schema\/person\/8f5ace5ce73b4b4aac4b7245aee6f191"},"headline":"Que se recuerda y se celebra el 5 de Agosto&#8230;","datePublished":"2022-08-05T04:29:41+00:00","dateModified":"2022-08-05T04:29:41+00:00","mainEntityOfPage":{"@id":"https:\/\/infoecos.com.ar\/index.php\/que-se-recuerda-y-se-celebra-el-5-de-agosto\/"},"wordCount":564,"publisher":{"@id":"https:\/\/infoecos.com.ar\/#organization"},"image":{"@id":"https:\/\/infoecos.com.ar\/index.php\/que-se-recuerda-y-se-celebra-el-5-de-agosto\/#primaryimage"},"thumbnailUrl":"https:\/\/infoecos.com.ar\/wp-content\/uploads\/2022\/08\/image-40.png","keywords":["EFEM\u00c9RIDES INFOECOS"],"articleSection":["C3 N4"],"inLanguage":"es"},{"@type":"WebPage","@id":"https:\/\/infoecos.com.ar\/index.php\/que-se-recuerda-y-se-celebra-el-5-de-agosto\/","url":"https:\/\/infoecos.com.ar\/index.php\/que-se-recuerda-y-se-celebra-el-5-de-agosto\/","name":"Que se recuerda y se celebra el 5 de Agosto... - Infoecos","isPartOf":{"@id":"https:\/\/infoecos.com.ar\/#website"},"primaryImageOfPage":{"@id":"https:\/\/infoecos.com.ar\/index.php\/que-se-recuerda-y-se-celebra-el-5-de-agosto\/#primaryimage"},"image":{"@id":"https:\/\/infoecos.com.ar\/index.php\/que-se-recuerda-y-se-celebra-el-5-de-agosto\/#primaryimage"},"thumbnailUrl":"https:\/\/infoecos.com.ar\/wp-content\/uploads\/2022\/08\/image-40.png","datePublished":"2022-08-05T04:29:41+00:00","dateModified":"2022-08-05T04:29:41+00:00","breadcrumb":{"@id":"https:\/\/infoecos.com.ar\/index.php\/que-se-recuerda-y-se-celebra-el-5-de-agosto\/#breadcrumb"},"inLanguage":"es","potentialAction":[{"@type":"ReadAction","target":["https:\/\/infoecos.com.ar\/index.php\/que-se-recuerda-y-se-celebra-el-5-de-agosto\/"]}]},{"@type":"ImageObject","inLanguage":"es","@id":"https:\/\/infoecos.com.ar\/index.php\/que-se-recuerda-y-se-celebra-el-5-de-agosto\/#primaryimage","url":"https:\/\/infoecos.com.ar\/wp-content\/uploads\/2022\/08\/image-40.png","contentUrl":"https:\/\/infoecos.com.ar\/wp-content\/uploads\/2022\/08\/image-40.png","width":600,"height":260},{"@type":"BreadcrumbList","@id":"https:\/\/infoecos.com.ar\/index.php\/que-se-recuerda-y-se-celebra-el-5-de-agosto\/#breadcrumb","itemListElement":[{"@type":"ListItem","position":1,"name":"Portada","item":"https:\/\/infoecos.com.ar\/"},{"@type":"ListItem","position":2,"name":"Que se recuerda y se celebra el 5 de Agosto&#8230;"}]},{"@type":"WebSite","@id":"https:\/\/infoecos.com.ar\/#website","url":"https:\/\/infoecos.com.ar\/","name":"Infoecos","description":"Noticias de trenque lauquen y la zona","publisher":{"@id":"https:\/\/infoecos.com.ar\/#organization"},"alternateName":"Noticias","potentialAction":[{"@type":"SearchAction","target":{"@type":"EntryPoint","urlTemplate":"https:\/\/infoecos.com.ar\/?s={search_term_string}"},"query-input":{"@type":"PropertyValueSpecification","valueRequired":true,"valueName":"search_term_string"}}],"inLanguage":"es"},{"@type":"Organization","@id":"https:\/\/infoecos.com.ar\/#organization","name":"Infoecos","alternateName":"Noticias","url":"https:\/\/infoecos.com.ar\/","logo":{"@type":"ImageObject","inLanguage":"es","@id":"https:\/\/infoecos.com.ar\/#\/schema\/logo\/image\/","url":"https:\/\/infoecos.com.ar\/wp-content\/uploads\/2024\/03\/cropped-logo.png","contentUrl":"https:\/\/infoecos.com.ar\/wp-content\/uploads\/2024\/03\/cropped-logo.png","width":374,"height":90,"caption":"Infoecos"},"image":{"@id":"https:\/\/infoecos.com.ar\/#\/schema\/logo\/image\/"},"sameAs":["https:\/\/www.facebook.com\/profile.php?id=100063200290284","https:\/\/x.com\/infoecos"]},{"@type":"Person","@id":"https:\/\/infoecos.com.ar\/#\/schema\/person\/8f5ace5ce73b4b4aac4b7245aee6f191","name":"Jorge Matheus","url":"https:\/\/infoecos.com.ar\/index.php\/author\/jomatheus\/"}]}},"featured_image_urls":{"full":["https:\/\/infoecos.com.ar\/wp-content\/uploads\/2022\/08\/image-40.png",600,260,false],"thumbnail":["https:\/\/infoecos.com.ar\/wp-content\/uploads\/2022\/08\/image-40-150x150.png",150,150,true],"medium":["https:\/\/infoecos.com.ar\/wp-content\/uploads\/2022\/08\/image-40-460x199.png",460,199,true],"medium_large":["https:\/\/infoecos.com.ar\/wp-content\/uploads\/2022\/08\/image-40.png",600,260,false],"large":["https:\/\/infoecos.com.ar\/wp-content\/uploads\/2022\/08\/image-40.png",600,260,false],"1536x1536":["https:\/\/infoecos.com.ar\/wp-content\/uploads\/2022\/08\/image-40.png",600,260,false],"2048x2048":["https:\/\/infoecos.com.ar\/wp-content\/uploads\/2022\/08\/image-40.png",600,260,false],"covernews-slider-full":["https:\/\/infoecos.com.ar\/wp-content\/uploads\/2022\/08\/image-40.png",600,260,false],"covernews-slider-center":["https:\/\/infoecos.com.ar\/wp-content\/uploads\/2022\/08\/image-40.png",600,260,false],"covernews-featured":["https:\/\/infoecos.com.ar\/wp-content\/uploads\/2022\/08\/image-40.png",600,260,false],"covernews-medium":["https:\/\/infoecos.com.ar\/wp-content\/uploads\/2022\/08\/image-40.png",540,234,false],"covernews-medium-square":["https:\/\/infoecos.com.ar\/wp-content\/uploads\/2022\/08\/image-40.png",400,173,false]},"author_info":{"info":["Jorge Matheus"]},"category_info":"<a href=\"https:\/\/infoecos.com.ar\/index.php\/category\/c3nota4\/\" rel=\"category tag\">C3 N4<\/a>","tag_info":"C3 N4","comment_count":"0","_links":{"self":[{"href":"https:\/\/infoecos.com.ar\/index.php\/wp-json\/wp\/v2\/posts\/95722"}],"collection":[{"href":"https:\/\/infoecos.com.ar\/index.php\/wp-json\/wp\/v2\/posts"}],"about":[{"href":"https:\/\/infoecos.com.ar\/index.php\/wp-json\/wp\/v2\/types\/post"}],"author":[{"embeddable":true,"href":"https:\/\/infoecos.com.ar\/index.php\/wp-json\/wp\/v2\/users\/2"}],"replies":[{"embeddable":true,"href":"https:\/\/infoecos.com.ar\/index.php\/wp-json\/wp\/v2\/comments?post=95722"}],"version-history":[{"count":1,"href":"https:\/\/infoecos.com.ar\/index.php\/wp-json\/wp\/v2\/posts\/95722\/revisions"}],"predecessor-version":[{"id":95725,"href":"https:\/\/infoecos.com.ar\/index.php\/wp-json\/wp\/v2\/posts\/95722\/revisions\/95725"}],"wp:featuredmedia":[{"embeddable":true,"href":"https:\/\/infoecos.com.ar\/index.php\/wp-json\/wp\/v2\/media\/95724"}],"wp:attachment":[{"href":"https:\/\/infoecos.com.ar\/index.php\/wp-json\/wp\/v2\/media?parent=95722"}],"wp:term":[{"taxonomy":"category","embeddable":true,"href":"https:\/\/infoecos.com.ar\/index.php\/wp-json\/wp\/v2\/categories?post=95722"},{"taxonomy":"post_tag","embeddable":true,"href":"https:\/\/infoecos.com.ar\/index.php\/wp-json\/wp\/v2\/tags?post=95722"}],"curies":[{"name":"wp","href":"https:\/\/api.w.org\/{rel}","templated":true}]}}