{"id":95766,"date":"2022-08-06T01:40:07","date_gmt":"2022-08-06T04:40:07","guid":{"rendered":"http:\/\/infoecos.com.ar\/?p=95766"},"modified":"2022-08-06T01:40:16","modified_gmt":"2022-08-06T04:40:16","slug":"se-pondra-en-escena-fragmentos-de-un-pianista-violento-en-catrilo-este-sabado","status":"publish","type":"post","link":"https:\/\/infoecos.com.ar\/index.php\/se-pondra-en-escena-fragmentos-de-un-pianista-violento-en-catrilo-este-sabado\/","title":{"rendered":"Se pondr\u00e1 en escena \u00abFragmentos de un pianista violento\u00bb en Catril\u00f3, este s\u00e1bado"},"content":{"rendered":"\n<p>Las Diputadas provinciales de <strong><mark style=\"background-color:rgba(0, 0, 0, 0)\" class=\"has-inline-color has-vivid-red-color\">La Pampa<\/mark><\/strong>, <strong><mark style=\"background-color:rgba(0, 0, 0, 0)\" class=\"has-inline-color has-vivid-red-color\">Lorena Clara (Bloque Uni\u00f3n C\u00edvica Radical) y Sandra Fonseca (Bloque Comunidad Organizada) <\/mark><\/strong>han cursado una invitaci\u00f3n p\u00fablica a los vecinos de Catril\u00f3 y localidades de esa zona y de la provincia de Buenos Aires a la presentaci\u00f3n de la obra de teatro <strong>\u201cFragmentos de un pianista violento\u201d<\/strong>. La obra se desarrollar\u00e1 el d\u00eda s\u00e1bado 6 de agosto a las 20:00 horas en la Casa de la Cultura de Catril\u00f3, con entrada gratuita.\u00a0<\/p>\n\n\n\n<figure class=\"wp-block-image aligncenter size-large is-resized\"><img loading=\"lazy\" decoding=\"async\" src=\"http:\/\/infoecos.com.ar\/wp-content\/uploads\/2022\/08\/FRAGMENTOS-DE-UN-PIANISTA-VIOLENTO-920x917.jpeg\" alt=\"\" class=\"wp-image-95767\" width=\"526\" height=\"524\" srcset=\"https:\/\/infoecos.com.ar\/wp-content\/uploads\/2022\/08\/FRAGMENTOS-DE-UN-PIANISTA-VIOLENTO-920x917.jpeg 920w, https:\/\/infoecos.com.ar\/wp-content\/uploads\/2022\/08\/FRAGMENTOS-DE-UN-PIANISTA-VIOLENTO-460x458.jpeg 460w, https:\/\/infoecos.com.ar\/wp-content\/uploads\/2022\/08\/FRAGMENTOS-DE-UN-PIANISTA-VIOLENTO-150x150.jpeg 150w, https:\/\/infoecos.com.ar\/wp-content\/uploads\/2022\/08\/FRAGMENTOS-DE-UN-PIANISTA-VIOLENTO-768x765.jpeg 768w, https:\/\/infoecos.com.ar\/wp-content\/uploads\/2022\/08\/FRAGMENTOS-DE-UN-PIANISTA-VIOLENTO-1024x1020.jpeg 1024w, https:\/\/infoecos.com.ar\/wp-content\/uploads\/2022\/08\/FRAGMENTOS-DE-UN-PIANISTA-VIOLENTO.jpeg 1080w\" sizes=\"(max-width: 526px) 100vw, 526px\" \/><\/figure>\n\n\n\n<p>La Diputada Clara indic\u00f3 que \u201cjunto a la Diputada Sandra Fonseca estamos coordinando en conjunto con intendentas e intendentes la presentaci\u00f3n de \u201cFragmentos de un pianista violento\u201d, interpretada por el grupo de teatro \u201cLa Ronda\u201d con los papeles protag\u00f3nicos de Norma Torta y Yoana Caino, la direcci\u00f3n general de Norberto Tojo y la autor\u00eda de Dario Bonheur\u201d.&nbsp;<\/p>\n\n\n\n<p><strong>\u201cFragmentos de un pianista violento\u201d<\/strong> ha sido nominada a los <strong>Premios ACE 2012\/ 2013<\/strong> como <strong>\u201cMejor espect\u00e1culo de teatro alternativo\u201d<\/strong>. La obra tiene como fin el llamar a la reflexi\u00f3n sobre cu\u00e1les son las distintas miradas sobre el violencia de g\u00e9nero. Tema que lamentablemente cada d\u00eda contin\u00faa aumentando los casos\u201d, expresaron Fonseca y Clara.\u00a0<\/p>\n\n\n\n<p>Las legisladoras para finalizar indicaron que<strong> \u201cla violencia de g\u00e9nero es transversal a: todo tipo de ideolog\u00eda; clase econ\u00f3mica y social; cultural. entre otras variantes. Queremos agradecer a las y los intendentes que recibieron con la mejor predisposici\u00f3n esta propuesta<\/strong>. Es una manera m\u00e1s de promover la visualizaci\u00f3n de que se puede llegar a tiempo a evitar m\u00e1s casos. Por \u00faltimo queremos recordar que la obra fue presentada en la localidad de Eduardo Castex y continuaremos gestionando con las y los intendentes la llegada de la obra a otras localidades\u201d.\u00a0<\/p>\n","protected":false},"excerpt":{"rendered":"<p>\u201cFragmentos de un pianista violento\u201d ha sido nominada a los Premios ACE 2012\/ 2013 como \u201cMejor espect\u00e1culo de teatro alternativo\u201d<\/p>\n","protected":false},"author":2,"featured_media":95767,"comment_status":"closed","ping_status":"open","sticky":false,"template":"","format":"standard","meta":{"footnotes":""},"categories":[29],"tags":[6471],"class_list":["post-95766","post","type-post","status-publish","format-standard","has-post-thumbnail","hentry","category-c2nota1","tag-contra-la-violencia-de-genero"],"yoast_head":"<!-- This site is optimized with the Yoast SEO plugin v23.4 - https:\/\/yoast.com\/wordpress\/plugins\/seo\/ -->\n<title>Se pondr\u00e1 en escena &quot;Fragmentos de un pianista violento&quot; en Catril\u00f3, este s\u00e1bado - Infoecos<\/title>\n<meta name=\"robots\" content=\"index, follow, max-snippet:-1, max-image-preview:large, max-video-preview:-1\" \/>\n<link rel=\"canonical\" href=\"https:\/\/infoecos.com.ar\/index.php\/se-pondra-en-escena-fragmentos-de-un-pianista-violento-en-catrilo-este-sabado\/\" \/>\n<meta property=\"og:locale\" content=\"es_ES\" \/>\n<meta property=\"og:type\" content=\"article\" \/>\n<meta property=\"og:title\" content=\"Se pondr\u00e1 en escena &quot;Fragmentos de un pianista violento&quot; en Catril\u00f3, este s\u00e1bado - Infoecos\" \/>\n<meta property=\"og:description\" content=\"\u201cFragmentos de un pianista violento\u201d ha sido nominada a los Premios ACE 2012\/ 2013 como \u201cMejor espect\u00e1culo de teatro alternativo\u201d\" \/>\n<meta property=\"og:url\" content=\"https:\/\/infoecos.com.ar\/index.php\/se-pondra-en-escena-fragmentos-de-un-pianista-violento-en-catrilo-este-sabado\/\" \/>\n<meta property=\"og:site_name\" content=\"Infoecos\" \/>\n<meta property=\"article:publisher\" content=\"https:\/\/www.facebook.com\/profile.php?id=100063200290284\" \/>\n<meta property=\"article:published_time\" content=\"2022-08-06T04:40:07+00:00\" \/>\n<meta property=\"article:modified_time\" content=\"2022-08-06T04:40:16+00:00\" \/>\n<meta property=\"og:image\" content=\"https:\/\/infoecos.com.ar\/wp-content\/uploads\/2022\/08\/FRAGMENTOS-DE-UN-PIANISTA-VIOLENTO.jpeg\" \/>\n\t<meta property=\"og:image:width\" content=\"1080\" \/>\n\t<meta property=\"og:image:height\" content=\"1076\" \/>\n\t<meta property=\"og:image:type\" content=\"image\/jpeg\" \/>\n<meta name=\"author\" content=\"Jorge Matheus\" \/>\n<meta name=\"twitter:card\" content=\"summary_large_image\" \/>\n<meta name=\"twitter:creator\" content=\"@infoecos\" \/>\n<meta name=\"twitter:site\" content=\"@infoecos\" \/>\n<meta name=\"twitter:label1\" content=\"Escrito por\" \/>\n\t<meta name=\"twitter:data1\" content=\"Jorge Matheus\" \/>\n\t<meta name=\"twitter:label2\" content=\"Tiempo de lectura\" \/>\n\t<meta name=\"twitter:data2\" content=\"2 minutos\" \/>\n<script type=\"application\/ld+json\" class=\"yoast-schema-graph\">{\"@context\":\"https:\/\/schema.org\",\"@graph\":[{\"@type\":\"Article\",\"@id\":\"https:\/\/infoecos.com.ar\/index.php\/se-pondra-en-escena-fragmentos-de-un-pianista-violento-en-catrilo-este-sabado\/#article\",\"isPartOf\":{\"@id\":\"https:\/\/infoecos.com.ar\/index.php\/se-pondra-en-escena-fragmentos-de-un-pianista-violento-en-catrilo-este-sabado\/\"},\"author\":{\"name\":\"Jorge Matheus\",\"@id\":\"https:\/\/infoecos.com.ar\/#\/schema\/person\/8f5ace5ce73b4b4aac4b7245aee6f191\"},\"headline\":\"Se pondr\u00e1 en escena \u00abFragmentos de un pianista violento\u00bb en Catril\u00f3, este s\u00e1bado\",\"datePublished\":\"2022-08-06T04:40:07+00:00\",\"dateModified\":\"2022-08-06T04:40:16+00:00\",\"mainEntityOfPage\":{\"@id\":\"https:\/\/infoecos.com.ar\/index.php\/se-pondra-en-escena-fragmentos-de-un-pianista-violento-en-catrilo-este-sabado\/\"},\"wordCount\":314,\"publisher\":{\"@id\":\"https:\/\/infoecos.com.ar\/#organization\"},\"image\":{\"@id\":\"https:\/\/infoecos.com.ar\/index.php\/se-pondra-en-escena-fragmentos-de-un-pianista-violento-en-catrilo-este-sabado\/#primaryimage\"},\"thumbnailUrl\":\"https:\/\/infoecos.com.ar\/wp-content\/uploads\/2022\/08\/FRAGMENTOS-DE-UN-PIANISTA-VIOLENTO.jpeg\",\"keywords\":[\"CONTRA LA VIOLENCIA DE G\u00c9NERO\"],\"articleSection\":[\"C2 nota 1\"],\"inLanguage\":\"es\"},{\"@type\":\"WebPage\",\"@id\":\"https:\/\/infoecos.com.ar\/index.php\/se-pondra-en-escena-fragmentos-de-un-pianista-violento-en-catrilo-este-sabado\/\",\"url\":\"https:\/\/infoecos.com.ar\/index.php\/se-pondra-en-escena-fragmentos-de-un-pianista-violento-en-catrilo-este-sabado\/\",\"name\":\"Se pondr\u00e1 en escena \\\"Fragmentos de un pianista violento\\\" en Catril\u00f3, este s\u00e1bado - Infoecos\",\"isPartOf\":{\"@id\":\"https:\/\/infoecos.com.ar\/#website\"},\"primaryImageOfPage\":{\"@id\":\"https:\/\/infoecos.com.ar\/index.php\/se-pondra-en-escena-fragmentos-de-un-pianista-violento-en-catrilo-este-sabado\/#primaryimage\"},\"image\":{\"@id\":\"https:\/\/infoecos.com.ar\/index.php\/se-pondra-en-escena-fragmentos-de-un-pianista-violento-en-catrilo-este-sabado\/#primaryimage\"},\"thumbnailUrl\":\"https:\/\/infoecos.com.ar\/wp-content\/uploads\/2022\/08\/FRAGMENTOS-DE-UN-PIANISTA-VIOLENTO.jpeg\",\"datePublished\":\"2022-08-06T04:40:07+00:00\",\"dateModified\":\"2022-08-06T04:40:16+00:00\",\"breadcrumb\":{\"@id\":\"https:\/\/infoecos.com.ar\/index.php\/se-pondra-en-escena-fragmentos-de-un-pianista-violento-en-catrilo-este-sabado\/#breadcrumb\"},\"inLanguage\":\"es\",\"potentialAction\":[{\"@type\":\"ReadAction\",\"target\":[\"https:\/\/infoecos.com.ar\/index.php\/se-pondra-en-escena-fragmentos-de-un-pianista-violento-en-catrilo-este-sabado\/\"]}]},{\"@type\":\"ImageObject\",\"inLanguage\":\"es\",\"@id\":\"https:\/\/infoecos.com.ar\/index.php\/se-pondra-en-escena-fragmentos-de-un-pianista-violento-en-catrilo-este-sabado\/#primaryimage\",\"url\":\"https:\/\/infoecos.com.ar\/wp-content\/uploads\/2022\/08\/FRAGMENTOS-DE-UN-PIANISTA-VIOLENTO.jpeg\",\"contentUrl\":\"https:\/\/infoecos.com.ar\/wp-content\/uploads\/2022\/08\/FRAGMENTOS-DE-UN-PIANISTA-VIOLENTO.jpeg\",\"width\":1080,\"height\":1076},{\"@type\":\"BreadcrumbList\",\"@id\":\"https:\/\/infoecos.com.ar\/index.php\/se-pondra-en-escena-fragmentos-de-un-pianista-violento-en-catrilo-este-sabado\/#breadcrumb\",\"itemListElement\":[{\"@type\":\"ListItem\",\"position\":1,\"name\":\"Portada\",\"item\":\"https:\/\/infoecos.com.ar\/\"},{\"@type\":\"ListItem\",\"position\":2,\"name\":\"Se pondr\u00e1 en escena \u00abFragmentos de un pianista violento\u00bb en Catril\u00f3, este s\u00e1bado\"}]},{\"@type\":\"WebSite\",\"@id\":\"https:\/\/infoecos.com.ar\/#website\",\"url\":\"https:\/\/infoecos.com.ar\/\",\"name\":\"Infoecos\",\"description\":\"Noticias de trenque lauquen y la zona\",\"publisher\":{\"@id\":\"https:\/\/infoecos.com.ar\/#organization\"},\"alternateName\":\"Noticias\",\"potentialAction\":[{\"@type\":\"SearchAction\",\"target\":{\"@type\":\"EntryPoint\",\"urlTemplate\":\"https:\/\/infoecos.com.ar\/?s={search_term_string}\"},\"query-input\":{\"@type\":\"PropertyValueSpecification\",\"valueRequired\":true,\"valueName\":\"search_term_string\"}}],\"inLanguage\":\"es\"},{\"@type\":\"Organization\",\"@id\":\"https:\/\/infoecos.com.ar\/#organization\",\"name\":\"Infoecos\",\"alternateName\":\"Noticias\",\"url\":\"https:\/\/infoecos.com.ar\/\",\"logo\":{\"@type\":\"ImageObject\",\"inLanguage\":\"es\",\"@id\":\"https:\/\/infoecos.com.ar\/#\/schema\/logo\/image\/\",\"url\":\"https:\/\/infoecos.com.ar\/wp-content\/uploads\/2024\/03\/cropped-logo.png\",\"contentUrl\":\"https:\/\/infoecos.com.ar\/wp-content\/uploads\/2024\/03\/cropped-logo.png\",\"width\":374,\"height\":90,\"caption\":\"Infoecos\"},\"image\":{\"@id\":\"https:\/\/infoecos.com.ar\/#\/schema\/logo\/image\/\"},\"sameAs\":[\"https:\/\/www.facebook.com\/profile.php?id=100063200290284\",\"https:\/\/x.com\/infoecos\"]},{\"@type\":\"Person\",\"@id\":\"https:\/\/infoecos.com.ar\/#\/schema\/person\/8f5ace5ce73b4b4aac4b7245aee6f191\",\"name\":\"Jorge Matheus\",\"url\":\"https:\/\/infoecos.com.ar\/index.php\/author\/jomatheus\/\"}]}<\/script>\n<!-- \/ Yoast SEO plugin. -->","yoast_head_json":{"title":"Se pondr\u00e1 en escena \"Fragmentos de un pianista violento\" en Catril\u00f3, este s\u00e1bado - Infoecos","robots":{"index":"index","follow":"follow","max-snippet":"max-snippet:-1","max-image-preview":"max-image-preview:large","max-video-preview":"max-video-preview:-1"},"canonical":"https:\/\/infoecos.com.ar\/index.php\/se-pondra-en-escena-fragmentos-de-un-pianista-violento-en-catrilo-este-sabado\/","og_locale":"es_ES","og_type":"article","og_title":"Se pondr\u00e1 en escena \"Fragmentos de un pianista violento\" en Catril\u00f3, este s\u00e1bado - Infoecos","og_description":"\u201cFragmentos de un pianista violento\u201d ha sido nominada a los Premios ACE 2012\/ 2013 como \u201cMejor espect\u00e1culo de teatro alternativo\u201d","og_url":"https:\/\/infoecos.com.ar\/index.php\/se-pondra-en-escena-fragmentos-de-un-pianista-violento-en-catrilo-este-sabado\/","og_site_name":"Infoecos","article_publisher":"https:\/\/www.facebook.com\/profile.php?id=100063200290284","article_published_time":"2022-08-06T04:40:07+00:00","article_modified_time":"2022-08-06T04:40:16+00:00","og_image":[{"width":1080,"height":1076,"url":"https:\/\/infoecos.com.ar\/wp-content\/uploads\/2022\/08\/FRAGMENTOS-DE-UN-PIANISTA-VIOLENTO.jpeg","type":"image\/jpeg"}],"author":"Jorge Matheus","twitter_card":"summary_large_image","twitter_creator":"@infoecos","twitter_site":"@infoecos","twitter_misc":{"Escrito por":"Jorge Matheus","Tiempo de lectura":"2 minutos"},"schema":{"@context":"https:\/\/schema.org","@graph":[{"@type":"Article","@id":"https:\/\/infoecos.com.ar\/index.php\/se-pondra-en-escena-fragmentos-de-un-pianista-violento-en-catrilo-este-sabado\/#article","isPartOf":{"@id":"https:\/\/infoecos.com.ar\/index.php\/se-pondra-en-escena-fragmentos-de-un-pianista-violento-en-catrilo-este-sabado\/"},"author":{"name":"Jorge Matheus","@id":"https:\/\/infoecos.com.ar\/#\/schema\/person\/8f5ace5ce73b4b4aac4b7245aee6f191"},"headline":"Se pondr\u00e1 en escena \u00abFragmentos de un pianista violento\u00bb en Catril\u00f3, este s\u00e1bado","datePublished":"2022-08-06T04:40:07+00:00","dateModified":"2022-08-06T04:40:16+00:00","mainEntityOfPage":{"@id":"https:\/\/infoecos.com.ar\/index.php\/se-pondra-en-escena-fragmentos-de-un-pianista-violento-en-catrilo-este-sabado\/"},"wordCount":314,"publisher":{"@id":"https:\/\/infoecos.com.ar\/#organization"},"image":{"@id":"https:\/\/infoecos.com.ar\/index.php\/se-pondra-en-escena-fragmentos-de-un-pianista-violento-en-catrilo-este-sabado\/#primaryimage"},"thumbnailUrl":"https:\/\/infoecos.com.ar\/wp-content\/uploads\/2022\/08\/FRAGMENTOS-DE-UN-PIANISTA-VIOLENTO.jpeg","keywords":["CONTRA LA VIOLENCIA DE G\u00c9NERO"],"articleSection":["C2 nota 1"],"inLanguage":"es"},{"@type":"WebPage","@id":"https:\/\/infoecos.com.ar\/index.php\/se-pondra-en-escena-fragmentos-de-un-pianista-violento-en-catrilo-este-sabado\/","url":"https:\/\/infoecos.com.ar\/index.php\/se-pondra-en-escena-fragmentos-de-un-pianista-violento-en-catrilo-este-sabado\/","name":"Se pondr\u00e1 en escena \"Fragmentos de un pianista violento\" en Catril\u00f3, este s\u00e1bado - Infoecos","isPartOf":{"@id":"https:\/\/infoecos.com.ar\/#website"},"primaryImageOfPage":{"@id":"https:\/\/infoecos.com.ar\/index.php\/se-pondra-en-escena-fragmentos-de-un-pianista-violento-en-catrilo-este-sabado\/#primaryimage"},"image":{"@id":"https:\/\/infoecos.com.ar\/index.php\/se-pondra-en-escena-fragmentos-de-un-pianista-violento-en-catrilo-este-sabado\/#primaryimage"},"thumbnailUrl":"https:\/\/infoecos.com.ar\/wp-content\/uploads\/2022\/08\/FRAGMENTOS-DE-UN-PIANISTA-VIOLENTO.jpeg","datePublished":"2022-08-06T04:40:07+00:00","dateModified":"2022-08-06T04:40:16+00:00","breadcrumb":{"@id":"https:\/\/infoecos.com.ar\/index.php\/se-pondra-en-escena-fragmentos-de-un-pianista-violento-en-catrilo-este-sabado\/#breadcrumb"},"inLanguage":"es","potentialAction":[{"@type":"ReadAction","target":["https:\/\/infoecos.com.ar\/index.php\/se-pondra-en-escena-fragmentos-de-un-pianista-violento-en-catrilo-este-sabado\/"]}]},{"@type":"ImageObject","inLanguage":"es","@id":"https:\/\/infoecos.com.ar\/index.php\/se-pondra-en-escena-fragmentos-de-un-pianista-violento-en-catrilo-este-sabado\/#primaryimage","url":"https:\/\/infoecos.com.ar\/wp-content\/uploads\/2022\/08\/FRAGMENTOS-DE-UN-PIANISTA-VIOLENTO.jpeg","contentUrl":"https:\/\/infoecos.com.ar\/wp-content\/uploads\/2022\/08\/FRAGMENTOS-DE-UN-PIANISTA-VIOLENTO.jpeg","width":1080,"height":1076},{"@type":"BreadcrumbList","@id":"https:\/\/infoecos.com.ar\/index.php\/se-pondra-en-escena-fragmentos-de-un-pianista-violento-en-catrilo-este-sabado\/#breadcrumb","itemListElement":[{"@type":"ListItem","position":1,"name":"Portada","item":"https:\/\/infoecos.com.ar\/"},{"@type":"ListItem","position":2,"name":"Se pondr\u00e1 en escena \u00abFragmentos de un pianista violento\u00bb en Catril\u00f3, este s\u00e1bado"}]},{"@type":"WebSite","@id":"https:\/\/infoecos.com.ar\/#website","url":"https:\/\/infoecos.com.ar\/","name":"Infoecos","description":"Noticias de trenque lauquen y la zona","publisher":{"@id":"https:\/\/infoecos.com.ar\/#organization"},"alternateName":"Noticias","potentialAction":[{"@type":"SearchAction","target":{"@type":"EntryPoint","urlTemplate":"https:\/\/infoecos.com.ar\/?s={search_term_string}"},"query-input":{"@type":"PropertyValueSpecification","valueRequired":true,"valueName":"search_term_string"}}],"inLanguage":"es"},{"@type":"Organization","@id":"https:\/\/infoecos.com.ar\/#organization","name":"Infoecos","alternateName":"Noticias","url":"https:\/\/infoecos.com.ar\/","logo":{"@type":"ImageObject","inLanguage":"es","@id":"https:\/\/infoecos.com.ar\/#\/schema\/logo\/image\/","url":"https:\/\/infoecos.com.ar\/wp-content\/uploads\/2024\/03\/cropped-logo.png","contentUrl":"https:\/\/infoecos.com.ar\/wp-content\/uploads\/2024\/03\/cropped-logo.png","width":374,"height":90,"caption":"Infoecos"},"image":{"@id":"https:\/\/infoecos.com.ar\/#\/schema\/logo\/image\/"},"sameAs":["https:\/\/www.facebook.com\/profile.php?id=100063200290284","https:\/\/x.com\/infoecos"]},{"@type":"Person","@id":"https:\/\/infoecos.com.ar\/#\/schema\/person\/8f5ace5ce73b4b4aac4b7245aee6f191","name":"Jorge Matheus","url":"https:\/\/infoecos.com.ar\/index.php\/author\/jomatheus\/"}]}},"featured_image_urls":{"full":["https:\/\/infoecos.com.ar\/wp-content\/uploads\/2022\/08\/FRAGMENTOS-DE-UN-PIANISTA-VIOLENTO.jpeg",1080,1076,false],"thumbnail":["https:\/\/infoecos.com.ar\/wp-content\/uploads\/2022\/08\/FRAGMENTOS-DE-UN-PIANISTA-VIOLENTO-150x150.jpeg",150,150,true],"medium":["https:\/\/infoecos.com.ar\/wp-content\/uploads\/2022\/08\/FRAGMENTOS-DE-UN-PIANISTA-VIOLENTO-460x458.jpeg",460,458,true],"medium_large":["https:\/\/infoecos.com.ar\/wp-content\/uploads\/2022\/08\/FRAGMENTOS-DE-UN-PIANISTA-VIOLENTO-768x765.jpeg",640,638,true],"large":["https:\/\/infoecos.com.ar\/wp-content\/uploads\/2022\/08\/FRAGMENTOS-DE-UN-PIANISTA-VIOLENTO-920x917.jpeg",640,638,true],"1536x1536":["https:\/\/infoecos.com.ar\/wp-content\/uploads\/2022\/08\/FRAGMENTOS-DE-UN-PIANISTA-VIOLENTO.jpeg",1080,1076,false],"2048x2048":["https:\/\/infoecos.com.ar\/wp-content\/uploads\/2022\/08\/FRAGMENTOS-DE-UN-PIANISTA-VIOLENTO.jpeg",1080,1076,false],"covernews-slider-full":["https:\/\/infoecos.com.ar\/wp-content\/uploads\/2022\/08\/FRAGMENTOS-DE-UN-PIANISTA-VIOLENTO-1080x1020.jpeg",757,715,true],"covernews-slider-center":["https:\/\/infoecos.com.ar\/wp-content\/uploads\/2022\/08\/FRAGMENTOS-DE-UN-PIANISTA-VIOLENTO-936x897.jpeg",522,500,true],"covernews-featured":["https:\/\/infoecos.com.ar\/wp-content\/uploads\/2022\/08\/FRAGMENTOS-DE-UN-PIANISTA-VIOLENTO-1024x1020.jpeg",1024,1020,true],"covernews-medium":["https:\/\/infoecos.com.ar\/wp-content\/uploads\/2022\/08\/FRAGMENTOS-DE-UN-PIANISTA-VIOLENTO-720x380.jpeg",540,285,true],"covernews-medium-square":["https:\/\/infoecos.com.ar\/wp-content\/uploads\/2022\/08\/FRAGMENTOS-DE-UN-PIANISTA-VIOLENTO-675x450.jpeg",375,250,true]},"author_info":{"info":["Jorge Matheus"]},"category_info":"<a href=\"https:\/\/infoecos.com.ar\/index.php\/category\/c2nota1\/\" rel=\"category tag\">C2 nota 1<\/a>","tag_info":"C2 nota 1","comment_count":"0","_links":{"self":[{"href":"https:\/\/infoecos.com.ar\/index.php\/wp-json\/wp\/v2\/posts\/95766"}],"collection":[{"href":"https:\/\/infoecos.com.ar\/index.php\/wp-json\/wp\/v2\/posts"}],"about":[{"href":"https:\/\/infoecos.com.ar\/index.php\/wp-json\/wp\/v2\/types\/post"}],"author":[{"embeddable":true,"href":"https:\/\/infoecos.com.ar\/index.php\/wp-json\/wp\/v2\/users\/2"}],"replies":[{"embeddable":true,"href":"https:\/\/infoecos.com.ar\/index.php\/wp-json\/wp\/v2\/comments?post=95766"}],"version-history":[{"count":1,"href":"https:\/\/infoecos.com.ar\/index.php\/wp-json\/wp\/v2\/posts\/95766\/revisions"}],"predecessor-version":[{"id":95768,"href":"https:\/\/infoecos.com.ar\/index.php\/wp-json\/wp\/v2\/posts\/95766\/revisions\/95768"}],"wp:featuredmedia":[{"embeddable":true,"href":"https:\/\/infoecos.com.ar\/index.php\/wp-json\/wp\/v2\/media\/95767"}],"wp:attachment":[{"href":"https:\/\/infoecos.com.ar\/index.php\/wp-json\/wp\/v2\/media?parent=95766"}],"wp:term":[{"taxonomy":"category","embeddable":true,"href":"https:\/\/infoecos.com.ar\/index.php\/wp-json\/wp\/v2\/categories?post=95766"},{"taxonomy":"post_tag","embeddable":true,"href":"https:\/\/infoecos.com.ar\/index.php\/wp-json\/wp\/v2\/tags?post=95766"}],"curies":[{"name":"wp","href":"https:\/\/api.w.org\/{rel}","templated":true}]}}